{"id":10305,"date":"2022-04-02T20:47:16","date_gmt":"2022-04-02T20:47:16","guid":{"rendered":"https:\/\/sunupost.com\/?p=10305"},"modified":"2022-04-02T20:47:16","modified_gmt":"2022-04-02T20:47:16","slug":"bavures-policieres-les-activistes-haussent-la-voix-et-menacent-de-repondre-par-la-violence","status":"publish","type":"post","link":"https:\/\/sunupost.com\/?p=10305","title":{"rendered":"Bavures polici\u00e8res : Les activistes haussent la voix et menacent de r\u00e9pondre par la violence"},"content":{"rendered":"<div>Ce samedi, les organisations d\u2019activistes se sont retrouv\u00e9es \u00e0 la place de la nation pour d\u00e9noncer les violences polici\u00e8res dont ils se disent \u00eatre victimes. Le mouvement Frapp France D\u00e9gage, Nittu Deug ou encore Nio Laank et d\u2019autres activistes s\u00e9n\u00e9galais, alertent en faisant allusion aux violences qui se seraient produites le 23 mars pass\u00e9s apr\u00e8s que certains activistes qui protestent contre le parrainage ont \u00e9t\u00e9 interpell\u00e9s par la police.<\/div>\n<div dir=\"ltr\">\n<div dir=\"ltr\">Guy Marius Sagna et ses camarades veulent faire entendre que ce qui s\u2019est pass\u00e9 ce jour, ne va plus se reproduire car, ils ne vont d\u00e9sormais plus jamais c\u00e9der. \u00c0 la symbolique place de la nation, l\u2019administrateur g\u00e9n\u00e9ral du front anti imp\u00e9rialiste populaire et panafricain avertit\u00a0: \u00ab\u00a0 d\u00e9sormais, nous r\u00e9pondrons par des coups car, nous en avons assez de ces bavures polici\u00e8res. Nous ne pouvons plus les cautionner. Que le pr\u00e9sident Macky Sall, de m\u00eame que le ministre Antoine Diome, sachent que nous sommes bien d\u00e9termin\u00e9s \u00e0 ne plus c\u00e9der \u00e0 ces actes inhumains. \u00bb Guy Marius Sagna de rappeler aussi que le ministre de l\u2019int\u00e9rieur est attendu pour communiquer sur ce qui s\u2019est produit la derni\u00e8re fois o\u00f9 ces actes de torture ont \u00e9t\u00e9 perp\u00e9tr\u00e9s sur ces activistes.<\/p>\n<p>Les \u00a0activistes interpellent une \u00e9ni\u00e8me fois les autorit\u00e9s pour que ces actes de violence prennent fin. D\u2019ailleurs, cet appel co\u00efncide bien avec l\u2019assurance de ces organisations \u00e0 poursuivre le combat en faisant face \u00e0 tout abus des forces de l\u2019ordre qu\u2019elles ne comptent plus laisser lever la main sur le citoyen.<\/p><\/div>\n<\/div>\n","protected":false},"excerpt":{"rendered":"<p>Ce samedi, les organisations d\u2019activistes se sont retrouv\u00e9es \u00e0 la place de la nation pour d\u00e9noncer les violences polici\u00e8res dont ils se disent \u00eatre victimes&#8230;.<\/p>\n","protected":false},"author":19,"featured_media":10306,"comment_status":"open","ping_status":"open","sticky":false,"template":"","format":"standard","meta":{"_coblocks_attr":"","_coblocks_dimensions":"","_coblocks_responsive_height":"","_coblocks_accordion_ie_support":"","_monsterinsights_skip_tracking":false,"_monsterinsights_sitenote_active":false,"_monsterinsights_sitenote_note":"","_monsterinsights_sitenote_category":0,"h5ap_radio_sources":[],"footnotes":""},"categories":[6],"tags":[],"class_list":["post-10305","post","type-post","status-publish","format-standard","has-post-thumbnail","hentry","category-politique","wpcat-6-id"],"yoast_head":"<!-- This site is optimized with the Yoast SEO plugin v27.4 - https:\/\/yoast.com\/product\/yoast-seo-wordpress\/ -->\n<title>Bavures polici\u00e8res : Les activistes haussent la voix et menacent de r\u00e9pondre par la violence - SUNUPOST<\/title>\n<meta name=\"robots\" content=\"index, follow, max-snippet:-1, max-image-preview:large, max-video-preview:-1\" \/>\n<link rel=\"canonical\" href=\"https:\/\/sunupost.com\/?p=10305\" \/>\n<meta property=\"og:locale\" content=\"fr_FR\" \/>\n<meta property=\"og:type\" content=\"article\" \/>\n<meta property=\"og:title\" content=\"Bavures polici\u00e8res : Les activistes haussent la voix et menacent de r\u00e9pondre par la violence - SUNUPOST\" \/>\n<meta property=\"og:description\" content=\"Ce samedi, les organisations d\u2019activistes se sont retrouv\u00e9es \u00e0 la place de la nation pour d\u00e9noncer les violences polici\u00e8res dont ils se disent \u00eatre victimes....\" \/>\n<meta property=\"og:url\" content=\"https:\/\/sunupost.com\/?p=10305\" \/>\n<meta property=\"og:site_name\" content=\"SUNUPOST\" \/>\n<meta property=\"article:publisher\" content=\"https:\/\/web.facebook.com\/Sunupost-101026658237468\/\" \/>\n<meta property=\"article:published_time\" content=\"2022-04-02T20:47:16+00:00\" \/>\n<meta property=\"og:image\" content=\"https:\/\/secureservercdn.net\/198.71.233.69\/17w.044.myftpupload.com\/wp-content\/uploads\/2022\/04\/CA32BC21-0C4C-4527-9678-B1A90CC0D5FC.jpeg?time=1663125540\" \/>\n\t<meta property=\"og:image:width\" content=\"686\" \/>\n\t<meta property=\"og:image:height\" content=\"362\" \/>\n\t<meta property=\"og:image:type\" content=\"image\/jpeg\" \/>\n<meta name=\"author\" content=\"Binta Ciss\u00e9\" \/>\n<meta name=\"twitter:card\" content=\"summary_large_image\" \/>\n<meta name=\"twitter:creator\" content=\"@sunupost\" \/>\n<meta name=\"twitter:site\" content=\"@sunupost\" \/>\n<meta name=\"twitter:label1\" content=\"\u00c9crit par\" \/>\n\t<meta name=\"twitter:data1\" content=\"Binta Ciss\u00e9\" \/>\n\t<meta name=\"twitter:label2\" content=\"Dur\u00e9e de lecture estim\u00e9e\" \/>\n\t<meta name=\"twitter:data2\" content=\"2 minutes\" \/>\n<script type=\"application\/ld+json\" class=\"yoast-schema-graph\">{\"@context\":\"https:\\\/\\\/schema.org\",\"@graph\":[{\"@type\":\"Article\",\"@id\":\"https:\\\/\\\/sunupost.com\\\/?p=10305#article\",\"isPartOf\":{\"@id\":\"https:\\\/\\\/sunupost.com\\\/?p=10305\"},\"author\":{\"name\":\"Binta Ciss\u00e9\",\"@id\":\"https:\\\/\\\/sunupost.com\\\/#\\\/schema\\\/person\\\/4180ce1fd5a5254dcccf3b93847e92fb\"},\"headline\":\"Bavures polici\u00e8res : Les activistes haussent la voix et menacent de r\u00e9pondre par la violence\",\"datePublished\":\"2022-04-02T20:47:16+00:00\",\"mainEntityOfPage\":{\"@id\":\"https:\\\/\\\/sunupost.com\\\/?p=10305\"},\"wordCount\":295,\"commentCount\":48,\"publisher\":{\"@id\":\"https:\\\/\\\/sunupost.com\\\/#organization\"},\"image\":{\"@id\":\"https:\\\/\\\/sunupost.com\\\/?p=10305#primaryimage\"},\"thumbnailUrl\":\"https:\\\/\\\/sunupost.com\\\/wp-content\\\/uploads\\\/2022\\\/04\\\/CA32BC21-0C4C-4527-9678-B1A90CC0D5FC.jpeg\",\"articleSection\":[\"POLITIQUE\"],\"inLanguage\":\"fr-FR\",\"potentialAction\":[{\"@type\":\"CommentAction\",\"name\":\"Comment\",\"target\":[\"https:\\\/\\\/sunupost.com\\\/?p=10305#respond\"]}]},{\"@type\":\"WebPage\",\"@id\":\"https:\\\/\\\/sunupost.com\\\/?p=10305\",\"url\":\"https:\\\/\\\/sunupost.com\\\/?p=10305\",\"name\":\"Bavures polici\u00e8res : Les activistes haussent la voix et menacent de r\u00e9pondre par la violence - SUNUPOST\",\"isPartOf\":{\"@id\":\"https:\\\/\\\/sunupost.com\\\/#website\"},\"primaryImageOfPage\":{\"@id\":\"https:\\\/\\\/sunupost.com\\\/?p=10305#primaryimage\"},\"image\":{\"@id\":\"https:\\\/\\\/sunupost.com\\\/?p=10305#primaryimage\"},\"thumbnailUrl\":\"https:\\\/\\\/sunupost.com\\\/wp-content\\\/uploads\\\/2022\\\/04\\\/CA32BC21-0C4C-4527-9678-B1A90CC0D5FC.jpeg\",\"datePublished\":\"2022-04-02T20:47:16+00:00\",\"breadcrumb\":{\"@id\":\"https:\\\/\\\/sunupost.com\\\/?p=10305#breadcrumb\"},\"inLanguage\":\"fr-FR\",\"potentialAction\":[{\"@type\":\"ReadAction\",\"target\":[\"https:\\\/\\\/sunupost.com\\\/?p=10305\"]}]},{\"@type\":\"ImageObject\",\"inLanguage\":\"fr-FR\",\"@id\":\"https:\\\/\\\/sunupost.com\\\/?p=10305#primaryimage\",\"url\":\"https:\\\/\\\/sunupost.com\\\/wp-content\\\/uploads\\\/2022\\\/04\\\/CA32BC21-0C4C-4527-9678-B1A90CC0D5FC.jpeg\",\"contentUrl\":\"https:\\\/\\\/sunupost.com\\\/wp-content\\\/uploads\\\/2022\\\/04\\\/CA32BC21-0C4C-4527-9678-B1A90CC0D5FC.jpeg\",\"width\":686,\"height\":362},{\"@type\":\"BreadcrumbList\",\"@id\":\"https:\\\/\\\/sunupost.com\\\/?p=10305#breadcrumb\",\"itemListElement\":[{\"@type\":\"ListItem\",\"position\":1,\"name\":\"Home\",\"item\":\"https:\\\/\\\/sunupost.com\\\/\"},{\"@type\":\"ListItem\",\"position\":2,\"name\":\"Bavures polici\u00e8res : Les activistes haussent la voix et menacent de r\u00e9pondre par la violence\"}]},{\"@type\":\"WebSite\",\"@id\":\"https:\\\/\\\/sunupost.com\\\/#website\",\"url\":\"https:\\\/\\\/sunupost.com\\\/\",\"name\":\"SUNUPOST\",\"description\":\"Pens\u00e9e libre\",\"publisher\":{\"@id\":\"https:\\\/\\\/sunupost.com\\\/#organization\"},\"potentialAction\":[{\"@type\":\"SearchAction\",\"target\":{\"@type\":\"EntryPoint\",\"urlTemplate\":\"https:\\\/\\\/sunupost.com\\\/?s={search_term_string}\"},\"query-input\":{\"@type\":\"PropertyValueSpecification\",\"valueRequired\":true,\"valueName\":\"search_term_string\"}}],\"inLanguage\":\"fr-FR\"},{\"@type\":\"Organization\",\"@id\":\"https:\\\/\\\/sunupost.com\\\/#organization\",\"name\":\"SUNUPOST\",\"url\":\"https:\\\/\\\/sunupost.com\\\/\",\"logo\":{\"@type\":\"ImageObject\",\"inLanguage\":\"fr-FR\",\"@id\":\"https:\\\/\\\/sunupost.com\\\/#\\\/schema\\\/logo\\\/image\\\/\",\"url\":\"https:\\\/\\\/secureservercdn.net\\\/198.71.233.206\\\/17w.044.myftpupload.com\\\/wp-content\\\/uploads\\\/2020\\\/05\\\/Lancement.jpg?time=1639052812\",\"contentUrl\":\"https:\\\/\\\/secureservercdn.net\\\/198.71.233.206\\\/17w.044.myftpupload.com\\\/wp-content\\\/uploads\\\/2020\\\/05\\\/Lancement.jpg?time=1639052812\",\"width\":300,\"height\":100,\"caption\":\"SUNUPOST\"},\"image\":{\"@id\":\"https:\\\/\\\/sunupost.com\\\/#\\\/schema\\\/logo\\\/image\\\/\"},\"sameAs\":[\"https:\\\/\\\/web.facebook.com\\\/Sunupost-101026658237468\\\/\",\"https:\\\/\\\/x.com\\\/sunupost\",\"https:\\\/\\\/www.instagram.com\\\/sunupost\\\/\",\"https:\\\/\\\/www.youtube.com\\\/channel\\\/UCd7V7bCkLDOee8yr7CW4Dpw\"]},{\"@type\":\"Person\",\"@id\":\"https:\\\/\\\/sunupost.com\\\/#\\\/schema\\\/person\\\/4180ce1fd5a5254dcccf3b93847e92fb\",\"name\":\"Binta Ciss\u00e9\",\"image\":{\"@type\":\"ImageObject\",\"inLanguage\":\"fr-FR\",\"@id\":\"https:\\\/\\\/secure.gravatar.com\\\/avatar\\\/d7ec4285e9eacdc893e9d8cea0ea6a1ff0a32ecab53f42d0bbe410001c3be0be?s=96&d=mm&r=g\",\"url\":\"https:\\\/\\\/secure.gravatar.com\\\/avatar\\\/d7ec4285e9eacdc893e9d8cea0ea6a1ff0a32ecab53f42d0bbe410001c3be0be?s=96&d=mm&r=g\",\"contentUrl\":\"https:\\\/\\\/secure.gravatar.com\\\/avatar\\\/d7ec4285e9eacdc893e9d8cea0ea6a1ff0a32ecab53f42d0bbe410001c3be0be?s=96&d=mm&r=g\",\"caption\":\"Binta Ciss\u00e9\"},\"url\":\"https:\\\/\\\/sunupost.com\\\/?author=19\"}]}<\/script>\n<!-- \/ Yoast SEO plugin. -->","yoast_head_json":{"title":"Bavures polici\u00e8res : Les activistes haussent la voix et menacent de r\u00e9pondre par la violence - SUNUPOST","robots":{"index":"index","follow":"follow","max-snippet":"max-snippet:-1","max-image-preview":"max-image-preview:large","max-video-preview":"max-video-preview:-1"},"canonical":"https:\/\/sunupost.com\/?p=10305","og_locale":"fr_FR","og_type":"article","og_title":"Bavures polici\u00e8res : Les activistes haussent la voix et menacent de r\u00e9pondre par la violence - SUNUPOST","og_description":"Ce samedi, les organisations d\u2019activistes se sont retrouv\u00e9es \u00e0 la place de la nation pour d\u00e9noncer les violences polici\u00e8res dont ils se disent \u00eatre victimes....","og_url":"https:\/\/sunupost.com\/?p=10305","og_site_name":"SUNUPOST","article_publisher":"https:\/\/web.facebook.com\/Sunupost-101026658237468\/","article_published_time":"2022-04-02T20:47:16+00:00","og_image":[{"width":686,"height":362,"url":"https:\/\/secureservercdn.net\/198.71.233.69\/17w.044.myftpupload.com\/wp-content\/uploads\/2022\/04\/CA32BC21-0C4C-4527-9678-B1A90CC0D5FC.jpeg?time=1663125540","type":"image\/jpeg"}],"author":"Binta Ciss\u00e9","twitter_card":"summary_large_image","twitter_creator":"@sunupost","twitter_site":"@sunupost","twitter_misc":{"\u00c9crit par":"Binta Ciss\u00e9","Dur\u00e9e de lecture estim\u00e9e":"2 minutes"},"schema":{"@context":"https:\/\/schema.org","@graph":[{"@type":"Article","@id":"https:\/\/sunupost.com\/?p=10305#article","isPartOf":{"@id":"https:\/\/sunupost.com\/?p=10305"},"author":{"name":"Binta Ciss\u00e9","@id":"https:\/\/sunupost.com\/#\/schema\/person\/4180ce1fd5a5254dcccf3b93847e92fb"},"headline":"Bavures polici\u00e8res : Les activistes haussent la voix et menacent de r\u00e9pondre par la violence","datePublished":"2022-04-02T20:47:16+00:00","mainEntityOfPage":{"@id":"https:\/\/sunupost.com\/?p=10305"},"wordCount":295,"commentCount":48,"publisher":{"@id":"https:\/\/sunupost.com\/#organization"},"image":{"@id":"https:\/\/sunupost.com\/?p=10305#primaryimage"},"thumbnailUrl":"https:\/\/sunupost.com\/wp-content\/uploads\/2022\/04\/CA32BC21-0C4C-4527-9678-B1A90CC0D5FC.jpeg","articleSection":["POLITIQUE"],"inLanguage":"fr-FR","potentialAction":[{"@type":"CommentAction","name":"Comment","target":["https:\/\/sunupost.com\/?p=10305#respond"]}]},{"@type":"WebPage","@id":"https:\/\/sunupost.com\/?p=10305","url":"https:\/\/sunupost.com\/?p=10305","name":"Bavures polici\u00e8res : Les activistes haussent la voix et menacent de r\u00e9pondre par la violence - SUNUPOST","isPartOf":{"@id":"https:\/\/sunupost.com\/#website"},"primaryImageOfPage":{"@id":"https:\/\/sunupost.com\/?p=10305#primaryimage"},"image":{"@id":"https:\/\/sunupost.com\/?p=10305#primaryimage"},"thumbnailUrl":"https:\/\/sunupost.com\/wp-content\/uploads\/2022\/04\/CA32BC21-0C4C-4527-9678-B1A90CC0D5FC.jpeg","datePublished":"2022-04-02T20:47:16+00:00","breadcrumb":{"@id":"https:\/\/sunupost.com\/?p=10305#breadcrumb"},"inLanguage":"fr-FR","potentialAction":[{"@type":"ReadAction","target":["https:\/\/sunupost.com\/?p=10305"]}]},{"@type":"ImageObject","inLanguage":"fr-FR","@id":"https:\/\/sunupost.com\/?p=10305#primaryimage","url":"https:\/\/sunupost.com\/wp-content\/uploads\/2022\/04\/CA32BC21-0C4C-4527-9678-B1A90CC0D5FC.jpeg","contentUrl":"https:\/\/sunupost.com\/wp-content\/uploads\/2022\/04\/CA32BC21-0C4C-4527-9678-B1A90CC0D5FC.jpeg","width":686,"height":362},{"@type":"BreadcrumbList","@id":"https:\/\/sunupost.com\/?p=10305#breadcrumb","itemListElement":[{"@type":"ListItem","position":1,"name":"Home","item":"https:\/\/sunupost.com\/"},{"@type":"ListItem","position":2,"name":"Bavures polici\u00e8res : Les activistes haussent la voix et menacent de r\u00e9pondre par la violence"}]},{"@type":"WebSite","@id":"https:\/\/sunupost.com\/#website","url":"https:\/\/sunupost.com\/","name":"SUNUPOST","description":"Pens\u00e9e libre","publisher":{"@id":"https:\/\/sunupost.com\/#organization"},"potentialAction":[{"@type":"SearchAction","target":{"@type":"EntryPoint","urlTemplate":"https:\/\/sunupost.com\/?s={search_term_string}"},"query-input":{"@type":"PropertyValueSpecification","valueRequired":true,"valueName":"search_term_string"}}],"inLanguage":"fr-FR"},{"@type":"Organization","@id":"https:\/\/sunupost.com\/#organization","name":"SUNUPOST","url":"https:\/\/sunupost.com\/","logo":{"@type":"ImageObject","inLanguage":"fr-FR","@id":"https:\/\/sunupost.com\/#\/schema\/logo\/image\/","url":"https:\/\/secureservercdn.net\/198.71.233.206\/17w.044.myftpupload.com\/wp-content\/uploads\/2020\/05\/Lancement.jpg?time=1639052812","contentUrl":"https:\/\/secureservercdn.net\/198.71.233.206\/17w.044.myftpupload.com\/wp-content\/uploads\/2020\/05\/Lancement.jpg?time=1639052812","width":300,"height":100,"caption":"SUNUPOST"},"image":{"@id":"https:\/\/sunupost.com\/#\/schema\/logo\/image\/"},"sameAs":["https:\/\/web.facebook.com\/Sunupost-101026658237468\/","https:\/\/x.com\/sunupost","https:\/\/www.instagram.com\/sunupost\/","https:\/\/www.youtube.com\/channel\/UCd7V7bCkLDOee8yr7CW4Dpw"]},{"@type":"Person","@id":"https:\/\/sunupost.com\/#\/schema\/person\/4180ce1fd5a5254dcccf3b93847e92fb","name":"Binta Ciss\u00e9","image":{"@type":"ImageObject","inLanguage":"fr-FR","@id":"https:\/\/secure.gravatar.com\/avatar\/d7ec4285e9eacdc893e9d8cea0ea6a1ff0a32ecab53f42d0bbe410001c3be0be?s=96&d=mm&r=g","url":"https:\/\/secure.gravatar.com\/avatar\/d7ec4285e9eacdc893e9d8cea0ea6a1ff0a32ecab53f42d0bbe410001c3be0be?s=96&d=mm&r=g","contentUrl":"https:\/\/secure.gravatar.com\/avatar\/d7ec4285e9eacdc893e9d8cea0ea6a1ff0a32ecab53f42d0bbe410001c3be0be?s=96&d=mm&r=g","caption":"Binta Ciss\u00e9"},"url":"https:\/\/sunupost.com\/?author=19"}]}},"_links":{"self":[{"href":"https:\/\/sunupost.com\/index.php?rest_route=\/wp\/v2\/posts\/10305","targetHints":{"allow":["GET"]}}],"collection":[{"href":"https:\/\/sunupost.com\/index.php?rest_route=\/wp\/v2\/posts"}],"about":[{"href":"https:\/\/sunupost.com\/index.php?rest_route=\/wp\/v2\/types\/post"}],"author":[{"embeddable":true,"href":"https:\/\/sunupost.com\/index.php?rest_route=\/wp\/v2\/users\/19"}],"replies":[{"embeddable":true,"href":"https:\/\/sunupost.com\/index.php?rest_route=%2Fwp%2Fv2%2Fcomments&post=10305"}],"version-history":[{"count":0,"href":"https:\/\/sunupost.com\/index.php?rest_route=\/wp\/v2\/posts\/10305\/revisions"}],"wp:featuredmedia":[{"embeddable":true,"href":"https:\/\/sunupost.com\/index.php?rest_route=\/wp\/v2\/media\/10306"}],"wp:attachment":[{"href":"https:\/\/sunupost.com\/index.php?rest_route=%2Fwp%2Fv2%2Fmedia&parent=10305"}],"wp:term":[{"taxonomy":"category","embeddable":true,"href":"https:\/\/sunupost.com\/index.php?rest_route=%2Fwp%2Fv2%2Fcategories&post=10305"},{"taxonomy":"post_tag","embeddable":true,"href":"https:\/\/sunupost.com\/index.php?rest_route=%2Fwp%2Fv2%2Ftags&post=10305"}],"curies":[{"name":"wp","href":"https:\/\/api.w.org\/{rel}","templated":true}]}}