{"id":10340,"date":"2022-04-05T14:15:51","date_gmt":"2022-04-05T14:15:51","guid":{"rendered":"https:\/\/sunupost.com\/?p=10340"},"modified":"2022-04-05T14:15:51","modified_gmt":"2022-04-05T14:15:51","slug":"4-avril-des-autorites-de-la-republique-decorees","status":"publish","type":"post","link":"https:\/\/sunupost.com\/?p=10340","title":{"rendered":"4 AVRIL: Des Autorit\u00e9s De La R\u00e9publique, D\u00e9cor\u00e9es"},"content":{"rendered":"<p style=\"text-align: justify;\">Le chef de l\u2019Etat, Macky Sall, a d\u00e9co-<br \/>\nr\u00e9 d\u2019anciens dignitaires et dignitaires<br \/>\nen fonction dans les diff\u00e9rents ordres<br \/>\nnationaux, lundi, peu apr\u00e8s la prise<br \/>\nd\u2019armes marquant la c\u00e9l\u00e9bration du<br \/>\n62e anniversaire de l\u2019ind\u00e9pendance<br \/>\ndu S\u00e9n\u00e9gal.Le pr\u00e9sident Sall a \u00e9lev\u00e9<br \/>\nle pr\u00e9sident de l\u2019Assembl\u00e9e nationale,<br \/>\nMoustapha Niasse, \u00e0 la \u2018\u2019Dignit\u00e9 de<br \/>\nGrand-officier\u2019\u2019 dans l\u2019Ordre national.<br \/>\nComme le pr\u00e9sident de l\u2019h\u00e9micycle,<br \/>\nPape Diop, ancien pr\u00e9sident de l\u2019As-<br \/>\nsembl\u00e9e, ancien pr\u00e9sident du S\u00e9nat et<br \/>\nancien maire de Dakar, a lui aussi \u00e9t\u00e9<br \/>\n\u00e9lev\u00e9 \u00e0 la Dignit\u00e9 de Grand-officier de<br \/>\nl\u2019Ordre national du Lion.La pr\u00e9sidente<br \/>\ndu Haut Conseil des collectivit\u00e9s<br \/>\nterritoriales (HCCT) a, quant \u00e0 elle,<br \/>\n\u00e9t\u00e9 faite \u2018\u2019 Commandeur \u2018\u2019 de l\u2019Ordre<br \/>\nnational du Lion.Le pr\u00e9sident du<br \/>\nConseil \u00e9conomique, social et envi-<br \/>\nronnemental (CESE), l\u2019ancien Premier<br \/>\nIdrissa Seck et son pr\u00e9d\u00e9cesseur \u00e0 la<br \/>\nt\u00eate de cette institution, l\u2019ancienne<br \/>\nPremi\u00e8re ministre Aminata Tour\u00e9 ont<br \/>\n\u00e9galement re\u00e7u la m\u00eame distinction.<br \/>\nDe son c\u00f4t\u00e9, le pr\u00e9sident de la R\u00e9pu-<br \/>\nblique Macky Sall a re\u00e7u du Grand<br \/>\nChancelier, le g\u00e9n\u00e9ral Meissa Niang,<br \/>\nun cadeau consistant en un statut<br \/>\nde Lion en or et d\u2019un insigne avec<br \/>\nles drapeaux des pays d\u2019Afrique.S\u2019ex-<br \/>\nprimant \u00e0 la fin de la c\u00e9r\u00e9monie, le<br \/>\npr\u00e9sident Sall a expliqu\u00e9 avoir choisi<br \/>\nla date du 4 avril 2022, pour remettre<br \/>\n\u00e0 d\u2019anciens dignitaires et dignitaires<br \/>\nen fonction les d\u00e9corations apr\u00e8s la<br \/>\nr\u00e9forme du Conseil de l\u2019ordre national<br \/>\ndu Lion. Macky Sall souligne que c\u2019est<br \/>\nune occasion pour lui de les \u2018\u2019f\u00e9liciter,<br \/>\nles remercier pour services rendus \u00e0 la<br \/>\nNation\u2019\u2019 et les donner en exemple aux<br \/>\ng\u00e9n\u00e9rations actuelles et futures. (Source APS)<\/p>\n","protected":false},"excerpt":{"rendered":"<p>Le chef de l\u2019Etat, Macky Sall, a d\u00e9co- r\u00e9 d\u2019anciens dignitaires et dignitaires en fonction dans les diff\u00e9rents ordres nationaux, lundi, peu apr\u00e8s la prise&#8230;<\/p>\n","protected":false},"author":18,"featured_media":10345,"comment_status":"open","ping_status":"open","sticky":false,"template":"","format":"standard","meta":{"_coblocks_attr":"","_coblocks_dimensions":"","_coblocks_responsive_height":"","_coblocks_accordion_ie_support":"","_monsterinsights_skip_tracking":false,"_monsterinsights_sitenote_active":false,"_monsterinsights_sitenote_note":"","_monsterinsights_sitenote_category":0,"h5ap_radio_sources":[],"footnotes":""},"categories":[15,6],"tags":[],"class_list":["post-10340","post","type-post","status-publish","format-standard","has-post-thumbnail","hentry","category-a-la-une","category-politique","wpcat-15-id","wpcat-6-id"],"yoast_head":"<!-- This site is optimized with the Yoast SEO plugin v27.5 - https:\/\/yoast.com\/product\/yoast-seo-wordpress\/ -->\n<title>4 AVRIL: Des Autorit\u00e9s De La R\u00e9publique, D\u00e9cor\u00e9es - SUNUPOST<\/title>\n<meta name=\"robots\" content=\"index, follow, max-snippet:-1, max-image-preview:large, max-video-preview:-1\" \/>\n<link rel=\"canonical\" href=\"https:\/\/sunupost.com\/?p=10340\" \/>\n<meta property=\"og:locale\" content=\"fr_FR\" \/>\n<meta property=\"og:type\" content=\"article\" \/>\n<meta property=\"og:title\" content=\"4 AVRIL: Des Autorit\u00e9s De La R\u00e9publique, D\u00e9cor\u00e9es - SUNUPOST\" \/>\n<meta property=\"og:description\" content=\"Le chef de l\u2019Etat, Macky Sall, a d\u00e9co- r\u00e9 d\u2019anciens dignitaires et dignitaires en fonction dans les diff\u00e9rents ordres nationaux, lundi, peu apr\u00e8s la prise...\" \/>\n<meta property=\"og:url\" content=\"https:\/\/sunupost.com\/?p=10340\" \/>\n<meta property=\"og:site_name\" content=\"SUNUPOST\" \/>\n<meta property=\"article:publisher\" content=\"https:\/\/web.facebook.com\/Sunupost-101026658237468\/\" \/>\n<meta property=\"article:published_time\" content=\"2022-04-05T14:15:51+00:00\" \/>\n<meta property=\"og:image\" content=\"https:\/\/secureservercdn.net\/198.71.233.69\/17w.044.myftpupload.com\/wp-content\/uploads\/2022\/04\/img-20200223-wa0111.jpg?time=1663109902\" \/>\n\t<meta property=\"og:image:width\" content=\"563\" \/>\n\t<meta property=\"og:image:height\" content=\"381\" \/>\n\t<meta property=\"og:image:type\" content=\"image\/jpeg\" \/>\n<meta name=\"author\" content=\"bayecisse\" \/>\n<meta name=\"twitter:card\" content=\"summary_large_image\" \/>\n<meta name=\"twitter:creator\" content=\"@sunupost\" \/>\n<meta name=\"twitter:site\" content=\"@sunupost\" \/>\n<meta name=\"twitter:label1\" content=\"\u00c9crit par\" \/>\n\t<meta name=\"twitter:data1\" content=\"bayecisse\" \/>\n\t<meta name=\"twitter:label2\" content=\"Dur\u00e9e de lecture estim\u00e9e\" \/>\n\t<meta name=\"twitter:data2\" content=\"2 minutes\" \/>\n<script type=\"application\/ld+json\" class=\"yoast-schema-graph\">{\"@context\":\"https:\\\/\\\/schema.org\",\"@graph\":[{\"@type\":\"Article\",\"@id\":\"https:\\\/\\\/sunupost.com\\\/?p=10340#article\",\"isPartOf\":{\"@id\":\"https:\\\/\\\/sunupost.com\\\/?p=10340\"},\"author\":{\"name\":\"bayecisse\",\"@id\":\"https:\\\/\\\/sunupost.com\\\/#\\\/schema\\\/person\\\/2f9eede4a93c41a0a103e580a47c75a3\"},\"headline\":\"4 AVRIL: Des Autorit\u00e9s De La R\u00e9publique, D\u00e9cor\u00e9es\",\"datePublished\":\"2022-04-05T14:15:51+00:00\",\"mainEntityOfPage\":{\"@id\":\"https:\\\/\\\/sunupost.com\\\/?p=10340\"},\"wordCount\":321,\"commentCount\":464,\"publisher\":{\"@id\":\"https:\\\/\\\/sunupost.com\\\/#organization\"},\"image\":{\"@id\":\"https:\\\/\\\/sunupost.com\\\/?p=10340#primaryimage\"},\"thumbnailUrl\":\"https:\\\/\\\/sunupost.com\\\/wp-content\\\/uploads\\\/2022\\\/04\\\/img-20200223-wa0111.jpg\",\"articleSection\":[\"A LA UNE\",\"POLITIQUE\"],\"inLanguage\":\"fr-FR\",\"potentialAction\":[{\"@type\":\"CommentAction\",\"name\":\"Comment\",\"target\":[\"https:\\\/\\\/sunupost.com\\\/?p=10340#respond\"]}]},{\"@type\":\"WebPage\",\"@id\":\"https:\\\/\\\/sunupost.com\\\/?p=10340\",\"url\":\"https:\\\/\\\/sunupost.com\\\/?p=10340\",\"name\":\"4 AVRIL: Des Autorit\u00e9s De La R\u00e9publique, D\u00e9cor\u00e9es - SUNUPOST\",\"isPartOf\":{\"@id\":\"https:\\\/\\\/sunupost.com\\\/#website\"},\"primaryImageOfPage\":{\"@id\":\"https:\\\/\\\/sunupost.com\\\/?p=10340#primaryimage\"},\"image\":{\"@id\":\"https:\\\/\\\/sunupost.com\\\/?p=10340#primaryimage\"},\"thumbnailUrl\":\"https:\\\/\\\/sunupost.com\\\/wp-content\\\/uploads\\\/2022\\\/04\\\/img-20200223-wa0111.jpg\",\"datePublished\":\"2022-04-05T14:15:51+00:00\",\"breadcrumb\":{\"@id\":\"https:\\\/\\\/sunupost.com\\\/?p=10340#breadcrumb\"},\"inLanguage\":\"fr-FR\",\"potentialAction\":[{\"@type\":\"ReadAction\",\"target\":[\"https:\\\/\\\/sunupost.com\\\/?p=10340\"]}]},{\"@type\":\"ImageObject\",\"inLanguage\":\"fr-FR\",\"@id\":\"https:\\\/\\\/sunupost.com\\\/?p=10340#primaryimage\",\"url\":\"https:\\\/\\\/sunupost.com\\\/wp-content\\\/uploads\\\/2022\\\/04\\\/img-20200223-wa0111.jpg\",\"contentUrl\":\"https:\\\/\\\/sunupost.com\\\/wp-content\\\/uploads\\\/2022\\\/04\\\/img-20200223-wa0111.jpg\",\"width\":563,\"height\":381},{\"@type\":\"BreadcrumbList\",\"@id\":\"https:\\\/\\\/sunupost.com\\\/?p=10340#breadcrumb\",\"itemListElement\":[{\"@type\":\"ListItem\",\"position\":1,\"name\":\"Home\",\"item\":\"https:\\\/\\\/sunupost.com\\\/\"},{\"@type\":\"ListItem\",\"position\":2,\"name\":\"4 AVRIL: Des Autorit\u00e9s De La R\u00e9publique, D\u00e9cor\u00e9es\"}]},{\"@type\":\"WebSite\",\"@id\":\"https:\\\/\\\/sunupost.com\\\/#website\",\"url\":\"https:\\\/\\\/sunupost.com\\\/\",\"name\":\"SUNUPOST\",\"description\":\"Pens\u00e9e libre\",\"publisher\":{\"@id\":\"https:\\\/\\\/sunupost.com\\\/#organization\"},\"potentialAction\":[{\"@type\":\"SearchAction\",\"target\":{\"@type\":\"EntryPoint\",\"urlTemplate\":\"https:\\\/\\\/sunupost.com\\\/?s={search_term_string}\"},\"query-input\":{\"@type\":\"PropertyValueSpecification\",\"valueRequired\":true,\"valueName\":\"search_term_string\"}}],\"inLanguage\":\"fr-FR\"},{\"@type\":\"Organization\",\"@id\":\"https:\\\/\\\/sunupost.com\\\/#organization\",\"name\":\"SUNUPOST\",\"url\":\"https:\\\/\\\/sunupost.com\\\/\",\"logo\":{\"@type\":\"ImageObject\",\"inLanguage\":\"fr-FR\",\"@id\":\"https:\\\/\\\/sunupost.com\\\/#\\\/schema\\\/logo\\\/image\\\/\",\"url\":\"https:\\\/\\\/secureservercdn.net\\\/198.71.233.206\\\/17w.044.myftpupload.com\\\/wp-content\\\/uploads\\\/2020\\\/05\\\/Lancement.jpg?time=1639052812\",\"contentUrl\":\"https:\\\/\\\/secureservercdn.net\\\/198.71.233.206\\\/17w.044.myftpupload.com\\\/wp-content\\\/uploads\\\/2020\\\/05\\\/Lancement.jpg?time=1639052812\",\"width\":300,\"height\":100,\"caption\":\"SUNUPOST\"},\"image\":{\"@id\":\"https:\\\/\\\/sunupost.com\\\/#\\\/schema\\\/logo\\\/image\\\/\"},\"sameAs\":[\"https:\\\/\\\/web.facebook.com\\\/Sunupost-101026658237468\\\/\",\"https:\\\/\\\/x.com\\\/sunupost\",\"https:\\\/\\\/www.instagram.com\\\/sunupost\\\/\",\"https:\\\/\\\/www.youtube.com\\\/channel\\\/UCd7V7bCkLDOee8yr7CW4Dpw\"]},{\"@type\":\"Person\",\"@id\":\"https:\\\/\\\/sunupost.com\\\/#\\\/schema\\\/person\\\/2f9eede4a93c41a0a103e580a47c75a3\",\"name\":\"bayecisse\",\"image\":{\"@type\":\"ImageObject\",\"inLanguage\":\"fr-FR\",\"@id\":\"https:\\\/\\\/secure.gravatar.com\\\/avatar\\\/4a8a04b7bcf740179c54b229af415c91fc0ee6a772369ff08b3013763897f56e?s=96&d=mm&r=g\",\"url\":\"https:\\\/\\\/secure.gravatar.com\\\/avatar\\\/4a8a04b7bcf740179c54b229af415c91fc0ee6a772369ff08b3013763897f56e?s=96&d=mm&r=g\",\"contentUrl\":\"https:\\\/\\\/secure.gravatar.com\\\/avatar\\\/4a8a04b7bcf740179c54b229af415c91fc0ee6a772369ff08b3013763897f56e?s=96&d=mm&r=g\",\"caption\":\"bayecisse\"},\"url\":\"https:\\\/\\\/sunupost.com\\\/?author=18\"}]}<\/script>\n<!-- \/ Yoast SEO plugin. -->","yoast_head_json":{"title":"4 AVRIL: Des Autorit\u00e9s De La R\u00e9publique, D\u00e9cor\u00e9es - SUNUPOST","robots":{"index":"index","follow":"follow","max-snippet":"max-snippet:-1","max-image-preview":"max-image-preview:large","max-video-preview":"max-video-preview:-1"},"canonical":"https:\/\/sunupost.com\/?p=10340","og_locale":"fr_FR","og_type":"article","og_title":"4 AVRIL: Des Autorit\u00e9s De La R\u00e9publique, D\u00e9cor\u00e9es - SUNUPOST","og_description":"Le chef de l\u2019Etat, Macky Sall, a d\u00e9co- r\u00e9 d\u2019anciens dignitaires et dignitaires en fonction dans les diff\u00e9rents ordres nationaux, lundi, peu apr\u00e8s la prise...","og_url":"https:\/\/sunupost.com\/?p=10340","og_site_name":"SUNUPOST","article_publisher":"https:\/\/web.facebook.com\/Sunupost-101026658237468\/","article_published_time":"2022-04-05T14:15:51+00:00","og_image":[{"width":563,"height":381,"url":"https:\/\/secureservercdn.net\/198.71.233.69\/17w.044.myftpupload.com\/wp-content\/uploads\/2022\/04\/img-20200223-wa0111.jpg?time=1663109902","type":"image\/jpeg"}],"author":"bayecisse","twitter_card":"summary_large_image","twitter_creator":"@sunupost","twitter_site":"@sunupost","twitter_misc":{"\u00c9crit par":"bayecisse","Dur\u00e9e de lecture estim\u00e9e":"2 minutes"},"schema":{"@context":"https:\/\/schema.org","@graph":[{"@type":"Article","@id":"https:\/\/sunupost.com\/?p=10340#article","isPartOf":{"@id":"https:\/\/sunupost.com\/?p=10340"},"author":{"name":"bayecisse","@id":"https:\/\/sunupost.com\/#\/schema\/person\/2f9eede4a93c41a0a103e580a47c75a3"},"headline":"4 AVRIL: Des Autorit\u00e9s De La R\u00e9publique, D\u00e9cor\u00e9es","datePublished":"2022-04-05T14:15:51+00:00","mainEntityOfPage":{"@id":"https:\/\/sunupost.com\/?p=10340"},"wordCount":321,"commentCount":464,"publisher":{"@id":"https:\/\/sunupost.com\/#organization"},"image":{"@id":"https:\/\/sunupost.com\/?p=10340#primaryimage"},"thumbnailUrl":"https:\/\/sunupost.com\/wp-content\/uploads\/2022\/04\/img-20200223-wa0111.jpg","articleSection":["A LA UNE","POLITIQUE"],"inLanguage":"fr-FR","potentialAction":[{"@type":"CommentAction","name":"Comment","target":["https:\/\/sunupost.com\/?p=10340#respond"]}]},{"@type":"WebPage","@id":"https:\/\/sunupost.com\/?p=10340","url":"https:\/\/sunupost.com\/?p=10340","name":"4 AVRIL: Des Autorit\u00e9s De La R\u00e9publique, D\u00e9cor\u00e9es - SUNUPOST","isPartOf":{"@id":"https:\/\/sunupost.com\/#website"},"primaryImageOfPage":{"@id":"https:\/\/sunupost.com\/?p=10340#primaryimage"},"image":{"@id":"https:\/\/sunupost.com\/?p=10340#primaryimage"},"thumbnailUrl":"https:\/\/sunupost.com\/wp-content\/uploads\/2022\/04\/img-20200223-wa0111.jpg","datePublished":"2022-04-05T14:15:51+00:00","breadcrumb":{"@id":"https:\/\/sunupost.com\/?p=10340#breadcrumb"},"inLanguage":"fr-FR","potentialAction":[{"@type":"ReadAction","target":["https:\/\/sunupost.com\/?p=10340"]}]},{"@type":"ImageObject","inLanguage":"fr-FR","@id":"https:\/\/sunupost.com\/?p=10340#primaryimage","url":"https:\/\/sunupost.com\/wp-content\/uploads\/2022\/04\/img-20200223-wa0111.jpg","contentUrl":"https:\/\/sunupost.com\/wp-content\/uploads\/2022\/04\/img-20200223-wa0111.jpg","width":563,"height":381},{"@type":"BreadcrumbList","@id":"https:\/\/sunupost.com\/?p=10340#breadcrumb","itemListElement":[{"@type":"ListItem","position":1,"name":"Home","item":"https:\/\/sunupost.com\/"},{"@type":"ListItem","position":2,"name":"4 AVRIL: Des Autorit\u00e9s De La R\u00e9publique, D\u00e9cor\u00e9es"}]},{"@type":"WebSite","@id":"https:\/\/sunupost.com\/#website","url":"https:\/\/sunupost.com\/","name":"SUNUPOST","description":"Pens\u00e9e libre","publisher":{"@id":"https:\/\/sunupost.com\/#organization"},"potentialAction":[{"@type":"SearchAction","target":{"@type":"EntryPoint","urlTemplate":"https:\/\/sunupost.com\/?s={search_term_string}"},"query-input":{"@type":"PropertyValueSpecification","valueRequired":true,"valueName":"search_term_string"}}],"inLanguage":"fr-FR"},{"@type":"Organization","@id":"https:\/\/sunupost.com\/#organization","name":"SUNUPOST","url":"https:\/\/sunupost.com\/","logo":{"@type":"ImageObject","inLanguage":"fr-FR","@id":"https:\/\/sunupost.com\/#\/schema\/logo\/image\/","url":"https:\/\/secureservercdn.net\/198.71.233.206\/17w.044.myftpupload.com\/wp-content\/uploads\/2020\/05\/Lancement.jpg?time=1639052812","contentUrl":"https:\/\/secureservercdn.net\/198.71.233.206\/17w.044.myftpupload.com\/wp-content\/uploads\/2020\/05\/Lancement.jpg?time=1639052812","width":300,"height":100,"caption":"SUNUPOST"},"image":{"@id":"https:\/\/sunupost.com\/#\/schema\/logo\/image\/"},"sameAs":["https:\/\/web.facebook.com\/Sunupost-101026658237468\/","https:\/\/x.com\/sunupost","https:\/\/www.instagram.com\/sunupost\/","https:\/\/www.youtube.com\/channel\/UCd7V7bCkLDOee8yr7CW4Dpw"]},{"@type":"Person","@id":"https:\/\/sunupost.com\/#\/schema\/person\/2f9eede4a93c41a0a103e580a47c75a3","name":"bayecisse","image":{"@type":"ImageObject","inLanguage":"fr-FR","@id":"https:\/\/secure.gravatar.com\/avatar\/4a8a04b7bcf740179c54b229af415c91fc0ee6a772369ff08b3013763897f56e?s=96&d=mm&r=g","url":"https:\/\/secure.gravatar.com\/avatar\/4a8a04b7bcf740179c54b229af415c91fc0ee6a772369ff08b3013763897f56e?s=96&d=mm&r=g","contentUrl":"https:\/\/secure.gravatar.com\/avatar\/4a8a04b7bcf740179c54b229af415c91fc0ee6a772369ff08b3013763897f56e?s=96&d=mm&r=g","caption":"bayecisse"},"url":"https:\/\/sunupost.com\/?author=18"}]}},"_links":{"self":[{"href":"https:\/\/sunupost.com\/index.php?rest_route=\/wp\/v2\/posts\/10340","targetHints":{"allow":["GET"]}}],"collection":[{"href":"https:\/\/sunupost.com\/index.php?rest_route=\/wp\/v2\/posts"}],"about":[{"href":"https:\/\/sunupost.com\/index.php?rest_route=\/wp\/v2\/types\/post"}],"author":[{"embeddable":true,"href":"https:\/\/sunupost.com\/index.php?rest_route=\/wp\/v2\/users\/18"}],"replies":[{"embeddable":true,"href":"https:\/\/sunupost.com\/index.php?rest_route=%2Fwp%2Fv2%2Fcomments&post=10340"}],"version-history":[{"count":0,"href":"https:\/\/sunupost.com\/index.php?rest_route=\/wp\/v2\/posts\/10340\/revisions"}],"wp:featuredmedia":[{"embeddable":true,"href":"https:\/\/sunupost.com\/index.php?rest_route=\/wp\/v2\/media\/10345"}],"wp:attachment":[{"href":"https:\/\/sunupost.com\/index.php?rest_route=%2Fwp%2Fv2%2Fmedia&parent=10340"}],"wp:term":[{"taxonomy":"category","embeddable":true,"href":"https:\/\/sunupost.com\/index.php?rest_route=%2Fwp%2Fv2%2Fcategories&post=10340"},{"taxonomy":"post_tag","embeddable":true,"href":"https:\/\/sunupost.com\/index.php?rest_route=%2Fwp%2Fv2%2Ftags&post=10340"}],"curies":[{"name":"wp","href":"https:\/\/api.w.org\/{rel}","templated":true}]}}