{"id":10372,"date":"2022-04-06T13:13:07","date_gmt":"2022-04-06T13:13:07","guid":{"rendered":"https:\/\/sunupost.com\/?p=10372"},"modified":"2022-04-06T13:13:07","modified_gmt":"2022-04-06T13:13:07","slug":"assassinat-de-thomas-sankara-au-burkina-faso-lex-president-blaise-compaore-condamne-a-la-perpetuite","status":"publish","type":"post","link":"https:\/\/sunupost.com\/?p=10372","title":{"rendered":"Assassinat de Thomas Sankara au Burkina Faso : L\u2019ex-pr\u00e9sident Blaise Compaor\u00e9 condamn\u00e9 \u00e0 la perp\u00e9tuit\u00e9"},"content":{"rendered":"<p><strong>L\u2019ancien pr\u00e9sident du Burkina Faso Blaise Compaor\u00e9, a \u00e9t\u00e9 condamn\u00e9 mercredi par contumace \u00e0 la prison \u00e0 perp\u00e9tuit\u00e9 pour sa participation \u00e0 l\u2019assassinat de son pr\u00e9d\u00e9cesseur Thomas Sankara, tu\u00e9 avec douze de ses compagnons lors d\u2019un coup d\u2019Etat en 1987.<\/strong><\/p>\n<p>tribunal militaire de Ouagadougou a rendu son jugement mercredi 6 avril, dans l\u2019affaire des assassins pr\u00e9sum\u00e9s de l\u2019ancien pr\u00e9sident burkinab\u00e8 Thomas Sankara. Quatorze accus\u00e9s comparaissaient dans ce proc\u00e8s, notamment l\u2019ancien chef d\u2019\u00c9tat Blaise Compaor\u00e9 et Hyacinthe Kafando, son chef de la s\u00e9curit\u00e9. Blaise Compaor\u00e9 a \u00e9t\u00e9 condamn\u00e9 \u00e0 la perp\u00e9tuit\u00e9.<\/p>\n<p>Le tribunal militaire de Ouagadougou a \u00e9galement condamn\u00e9 \u00e0 la perp\u00e9tuit\u00e9 le commandant de sa garde Hyacinthe Kafando et le g\u00e9n\u00e9ral Gilbert Diend\u00e9r\u00e9, un des chefs de l\u2019arm\u00e9e lors du putsch de 1987.<\/p>\n<p>Ce proc\u00e8s historique s\u2019\u00e9tait ouvert en octobre 2021, 34 ans apr\u00e8s la mort de Sankara. Blaise Compaor\u00e9, en exil \u00e0 Abidjan depuis sa chute en 2014, n\u2019a pas assist\u00e9 aux audiences. Ses avocats ont d\u00e9nonc\u00e9 \u00e0 plusieurs reprises \u00ab\u00a0un proc\u00e8s politique\u00a0\u00bb devant \u00ab\u00a0une juridiction d\u2019exception\u00a0\u00bb, estimant que la proc\u00e9dure \u00ab\u00a0ne vaut rien\u00a0\u00bb.<\/p>\n<p>Trente ans de prison ferme \u00e9taient requis contre lui par le parquet du tribunal militaire de Ouagadougou pour \u00ab\u00a0attentat \u00e0 la s\u00fbret\u00e9 de l\u2019\u00c9tat\u00a0\u00bb, \u00ab\u00a0recel de cadavre\u00a0\u00bb et \u00ab\u00a0complicit\u00e9 d\u2019assassinat\u00a0\u00bb.<\/p>\n<p>&nbsp;<\/p>\n","protected":false},"excerpt":{"rendered":"<p>L\u2019ancien pr\u00e9sident du Burkina Faso Blaise Compaor\u00e9, a \u00e9t\u00e9 condamn\u00e9 mercredi par contumace \u00e0 la prison \u00e0 perp\u00e9tuit\u00e9 pour sa participation \u00e0 l\u2019assassinat de son&#8230;<\/p>\n","protected":false},"author":19,"featured_media":10373,"comment_status":"open","ping_status":"open","sticky":false,"template":"","format":"standard","meta":{"_coblocks_attr":"","_coblocks_dimensions":"","_coblocks_responsive_height":"","_coblocks_accordion_ie_support":"","_monsterinsights_skip_tracking":false,"_monsterinsights_sitenote_active":false,"_monsterinsights_sitenote_note":"","_monsterinsights_sitenote_category":0,"h5ap_radio_sources":[],"footnotes":""},"categories":[2],"tags":[],"class_list":["post-10372","post","type-post","status-publish","format-standard","has-post-thumbnail","hentry","category-international","wpcat-2-id"],"yoast_head":"<!-- This site is optimized with the Yoast SEO plugin v27.4 - https:\/\/yoast.com\/product\/yoast-seo-wordpress\/ -->\n<title>Assassinat de Thomas Sankara au Burkina Faso : L\u2019ex-pr\u00e9sident Blaise Compaor\u00e9 condamn\u00e9 \u00e0 la perp\u00e9tuit\u00e9 - SUNUPOST<\/title>\n<meta name=\"robots\" content=\"index, follow, max-snippet:-1, max-image-preview:large, max-video-preview:-1\" \/>\n<link rel=\"canonical\" href=\"https:\/\/sunupost.com\/?p=10372\" \/>\n<meta property=\"og:locale\" content=\"fr_FR\" \/>\n<meta property=\"og:type\" content=\"article\" \/>\n<meta property=\"og:title\" content=\"Assassinat de Thomas Sankara au Burkina Faso : L\u2019ex-pr\u00e9sident Blaise Compaor\u00e9 condamn\u00e9 \u00e0 la perp\u00e9tuit\u00e9 - SUNUPOST\" \/>\n<meta property=\"og:description\" content=\"L\u2019ancien pr\u00e9sident du Burkina Faso Blaise Compaor\u00e9, a \u00e9t\u00e9 condamn\u00e9 mercredi par contumace \u00e0 la prison \u00e0 perp\u00e9tuit\u00e9 pour sa participation \u00e0 l\u2019assassinat de son...\" \/>\n<meta property=\"og:url\" content=\"https:\/\/sunupost.com\/?p=10372\" \/>\n<meta property=\"og:site_name\" content=\"SUNUPOST\" \/>\n<meta property=\"article:publisher\" content=\"https:\/\/web.facebook.com\/Sunupost-101026658237468\/\" \/>\n<meta property=\"article:published_time\" content=\"2022-04-06T13:13:07+00:00\" \/>\n<meta property=\"og:image\" content=\"https:\/\/secureservercdn.net\/198.71.233.69\/17w.044.myftpupload.com\/wp-content\/uploads\/2022\/04\/FEDAD130-E169-420C-8F64-9E42D23ADEE3.jpeg?time=1663108228\" \/>\n\t<meta property=\"og:image:width\" content=\"717\" \/>\n\t<meta property=\"og:image:height\" content=\"514\" \/>\n\t<meta property=\"og:image:type\" content=\"image\/jpeg\" \/>\n<meta name=\"author\" content=\"Binta Ciss\u00e9\" \/>\n<meta name=\"twitter:card\" content=\"summary_large_image\" \/>\n<meta name=\"twitter:creator\" content=\"@sunupost\" \/>\n<meta name=\"twitter:site\" content=\"@sunupost\" \/>\n<meta name=\"twitter:label1\" content=\"\u00c9crit par\" \/>\n\t<meta name=\"twitter:data1\" content=\"Binta Ciss\u00e9\" \/>\n\t<meta name=\"twitter:label2\" content=\"Dur\u00e9e de lecture estim\u00e9e\" \/>\n\t<meta name=\"twitter:data2\" content=\"1 minute\" \/>\n<script type=\"application\/ld+json\" class=\"yoast-schema-graph\">{\"@context\":\"https:\\\/\\\/schema.org\",\"@graph\":[{\"@type\":\"Article\",\"@id\":\"https:\\\/\\\/sunupost.com\\\/?p=10372#article\",\"isPartOf\":{\"@id\":\"https:\\\/\\\/sunupost.com\\\/?p=10372\"},\"author\":{\"name\":\"Binta Ciss\u00e9\",\"@id\":\"https:\\\/\\\/sunupost.com\\\/#\\\/schema\\\/person\\\/4180ce1fd5a5254dcccf3b93847e92fb\"},\"headline\":\"Assassinat de Thomas Sankara au Burkina Faso : L\u2019ex-pr\u00e9sident Blaise Compaor\u00e9 condamn\u00e9 \u00e0 la perp\u00e9tuit\u00e9\",\"datePublished\":\"2022-04-06T13:13:07+00:00\",\"mainEntityOfPage\":{\"@id\":\"https:\\\/\\\/sunupost.com\\\/?p=10372\"},\"wordCount\":244,\"commentCount\":36,\"publisher\":{\"@id\":\"https:\\\/\\\/sunupost.com\\\/#organization\"},\"image\":{\"@id\":\"https:\\\/\\\/sunupost.com\\\/?p=10372#primaryimage\"},\"thumbnailUrl\":\"https:\\\/\\\/sunupost.com\\\/wp-content\\\/uploads\\\/2022\\\/04\\\/FEDAD130-E169-420C-8F64-9E42D23ADEE3.jpeg\",\"articleSection\":[\"INTERNATIONAL\"],\"inLanguage\":\"fr-FR\",\"potentialAction\":[{\"@type\":\"CommentAction\",\"name\":\"Comment\",\"target\":[\"https:\\\/\\\/sunupost.com\\\/?p=10372#respond\"]}]},{\"@type\":\"WebPage\",\"@id\":\"https:\\\/\\\/sunupost.com\\\/?p=10372\",\"url\":\"https:\\\/\\\/sunupost.com\\\/?p=10372\",\"name\":\"Assassinat de Thomas Sankara au Burkina Faso : L\u2019ex-pr\u00e9sident Blaise Compaor\u00e9 condamn\u00e9 \u00e0 la perp\u00e9tuit\u00e9 - SUNUPOST\",\"isPartOf\":{\"@id\":\"https:\\\/\\\/sunupost.com\\\/#website\"},\"primaryImageOfPage\":{\"@id\":\"https:\\\/\\\/sunupost.com\\\/?p=10372#primaryimage\"},\"image\":{\"@id\":\"https:\\\/\\\/sunupost.com\\\/?p=10372#primaryimage\"},\"thumbnailUrl\":\"https:\\\/\\\/sunupost.com\\\/wp-content\\\/uploads\\\/2022\\\/04\\\/FEDAD130-E169-420C-8F64-9E42D23ADEE3.jpeg\",\"datePublished\":\"2022-04-06T13:13:07+00:00\",\"breadcrumb\":{\"@id\":\"https:\\\/\\\/sunupost.com\\\/?p=10372#breadcrumb\"},\"inLanguage\":\"fr-FR\",\"potentialAction\":[{\"@type\":\"ReadAction\",\"target\":[\"https:\\\/\\\/sunupost.com\\\/?p=10372\"]}]},{\"@type\":\"ImageObject\",\"inLanguage\":\"fr-FR\",\"@id\":\"https:\\\/\\\/sunupost.com\\\/?p=10372#primaryimage\",\"url\":\"https:\\\/\\\/sunupost.com\\\/wp-content\\\/uploads\\\/2022\\\/04\\\/FEDAD130-E169-420C-8F64-9E42D23ADEE3.jpeg\",\"contentUrl\":\"https:\\\/\\\/sunupost.com\\\/wp-content\\\/uploads\\\/2022\\\/04\\\/FEDAD130-E169-420C-8F64-9E42D23ADEE3.jpeg\",\"width\":717,\"height\":514},{\"@type\":\"BreadcrumbList\",\"@id\":\"https:\\\/\\\/sunupost.com\\\/?p=10372#breadcrumb\",\"itemListElement\":[{\"@type\":\"ListItem\",\"position\":1,\"name\":\"Home\",\"item\":\"https:\\\/\\\/sunupost.com\\\/\"},{\"@type\":\"ListItem\",\"position\":2,\"name\":\"Assassinat de Thomas Sankara au Burkina Faso : L\u2019ex-pr\u00e9sident Blaise Compaor\u00e9 condamn\u00e9 \u00e0 la perp\u00e9tuit\u00e9\"}]},{\"@type\":\"WebSite\",\"@id\":\"https:\\\/\\\/sunupost.com\\\/#website\",\"url\":\"https:\\\/\\\/sunupost.com\\\/\",\"name\":\"SUNUPOST\",\"description\":\"Pens\u00e9e libre\",\"publisher\":{\"@id\":\"https:\\\/\\\/sunupost.com\\\/#organization\"},\"potentialAction\":[{\"@type\":\"SearchAction\",\"target\":{\"@type\":\"EntryPoint\",\"urlTemplate\":\"https:\\\/\\\/sunupost.com\\\/?s={search_term_string}\"},\"query-input\":{\"@type\":\"PropertyValueSpecification\",\"valueRequired\":true,\"valueName\":\"search_term_string\"}}],\"inLanguage\":\"fr-FR\"},{\"@type\":\"Organization\",\"@id\":\"https:\\\/\\\/sunupost.com\\\/#organization\",\"name\":\"SUNUPOST\",\"url\":\"https:\\\/\\\/sunupost.com\\\/\",\"logo\":{\"@type\":\"ImageObject\",\"inLanguage\":\"fr-FR\",\"@id\":\"https:\\\/\\\/sunupost.com\\\/#\\\/schema\\\/logo\\\/image\\\/\",\"url\":\"https:\\\/\\\/secureservercdn.net\\\/198.71.233.206\\\/17w.044.myftpupload.com\\\/wp-content\\\/uploads\\\/2020\\\/05\\\/Lancement.jpg?time=1639052812\",\"contentUrl\":\"https:\\\/\\\/secureservercdn.net\\\/198.71.233.206\\\/17w.044.myftpupload.com\\\/wp-content\\\/uploads\\\/2020\\\/05\\\/Lancement.jpg?time=1639052812\",\"width\":300,\"height\":100,\"caption\":\"SUNUPOST\"},\"image\":{\"@id\":\"https:\\\/\\\/sunupost.com\\\/#\\\/schema\\\/logo\\\/image\\\/\"},\"sameAs\":[\"https:\\\/\\\/web.facebook.com\\\/Sunupost-101026658237468\\\/\",\"https:\\\/\\\/x.com\\\/sunupost\",\"https:\\\/\\\/www.instagram.com\\\/sunupost\\\/\",\"https:\\\/\\\/www.youtube.com\\\/channel\\\/UCd7V7bCkLDOee8yr7CW4Dpw\"]},{\"@type\":\"Person\",\"@id\":\"https:\\\/\\\/sunupost.com\\\/#\\\/schema\\\/person\\\/4180ce1fd5a5254dcccf3b93847e92fb\",\"name\":\"Binta Ciss\u00e9\",\"image\":{\"@type\":\"ImageObject\",\"inLanguage\":\"fr-FR\",\"@id\":\"https:\\\/\\\/secure.gravatar.com\\\/avatar\\\/d7ec4285e9eacdc893e9d8cea0ea6a1ff0a32ecab53f42d0bbe410001c3be0be?s=96&d=mm&r=g\",\"url\":\"https:\\\/\\\/secure.gravatar.com\\\/avatar\\\/d7ec4285e9eacdc893e9d8cea0ea6a1ff0a32ecab53f42d0bbe410001c3be0be?s=96&d=mm&r=g\",\"contentUrl\":\"https:\\\/\\\/secure.gravatar.com\\\/avatar\\\/d7ec4285e9eacdc893e9d8cea0ea6a1ff0a32ecab53f42d0bbe410001c3be0be?s=96&d=mm&r=g\",\"caption\":\"Binta Ciss\u00e9\"},\"url\":\"https:\\\/\\\/sunupost.com\\\/?author=19\"}]}<\/script>\n<!-- \/ Yoast SEO plugin. -->","yoast_head_json":{"title":"Assassinat de Thomas Sankara au Burkina Faso : L\u2019ex-pr\u00e9sident Blaise Compaor\u00e9 condamn\u00e9 \u00e0 la perp\u00e9tuit\u00e9 - SUNUPOST","robots":{"index":"index","follow":"follow","max-snippet":"max-snippet:-1","max-image-preview":"max-image-preview:large","max-video-preview":"max-video-preview:-1"},"canonical":"https:\/\/sunupost.com\/?p=10372","og_locale":"fr_FR","og_type":"article","og_title":"Assassinat de Thomas Sankara au Burkina Faso : L\u2019ex-pr\u00e9sident Blaise Compaor\u00e9 condamn\u00e9 \u00e0 la perp\u00e9tuit\u00e9 - SUNUPOST","og_description":"L\u2019ancien pr\u00e9sident du Burkina Faso Blaise Compaor\u00e9, a \u00e9t\u00e9 condamn\u00e9 mercredi par contumace \u00e0 la prison \u00e0 perp\u00e9tuit\u00e9 pour sa participation \u00e0 l\u2019assassinat de son...","og_url":"https:\/\/sunupost.com\/?p=10372","og_site_name":"SUNUPOST","article_publisher":"https:\/\/web.facebook.com\/Sunupost-101026658237468\/","article_published_time":"2022-04-06T13:13:07+00:00","og_image":[{"width":717,"height":514,"url":"https:\/\/secureservercdn.net\/198.71.233.69\/17w.044.myftpupload.com\/wp-content\/uploads\/2022\/04\/FEDAD130-E169-420C-8F64-9E42D23ADEE3.jpeg?time=1663108228","type":"image\/jpeg"}],"author":"Binta Ciss\u00e9","twitter_card":"summary_large_image","twitter_creator":"@sunupost","twitter_site":"@sunupost","twitter_misc":{"\u00c9crit par":"Binta Ciss\u00e9","Dur\u00e9e de lecture estim\u00e9e":"1 minute"},"schema":{"@context":"https:\/\/schema.org","@graph":[{"@type":"Article","@id":"https:\/\/sunupost.com\/?p=10372#article","isPartOf":{"@id":"https:\/\/sunupost.com\/?p=10372"},"author":{"name":"Binta Ciss\u00e9","@id":"https:\/\/sunupost.com\/#\/schema\/person\/4180ce1fd5a5254dcccf3b93847e92fb"},"headline":"Assassinat de Thomas Sankara au Burkina Faso : L\u2019ex-pr\u00e9sident Blaise Compaor\u00e9 condamn\u00e9 \u00e0 la perp\u00e9tuit\u00e9","datePublished":"2022-04-06T13:13:07+00:00","mainEntityOfPage":{"@id":"https:\/\/sunupost.com\/?p=10372"},"wordCount":244,"commentCount":36,"publisher":{"@id":"https:\/\/sunupost.com\/#organization"},"image":{"@id":"https:\/\/sunupost.com\/?p=10372#primaryimage"},"thumbnailUrl":"https:\/\/sunupost.com\/wp-content\/uploads\/2022\/04\/FEDAD130-E169-420C-8F64-9E42D23ADEE3.jpeg","articleSection":["INTERNATIONAL"],"inLanguage":"fr-FR","potentialAction":[{"@type":"CommentAction","name":"Comment","target":["https:\/\/sunupost.com\/?p=10372#respond"]}]},{"@type":"WebPage","@id":"https:\/\/sunupost.com\/?p=10372","url":"https:\/\/sunupost.com\/?p=10372","name":"Assassinat de Thomas Sankara au Burkina Faso : L\u2019ex-pr\u00e9sident Blaise Compaor\u00e9 condamn\u00e9 \u00e0 la perp\u00e9tuit\u00e9 - SUNUPOST","isPartOf":{"@id":"https:\/\/sunupost.com\/#website"},"primaryImageOfPage":{"@id":"https:\/\/sunupost.com\/?p=10372#primaryimage"},"image":{"@id":"https:\/\/sunupost.com\/?p=10372#primaryimage"},"thumbnailUrl":"https:\/\/sunupost.com\/wp-content\/uploads\/2022\/04\/FEDAD130-E169-420C-8F64-9E42D23ADEE3.jpeg","datePublished":"2022-04-06T13:13:07+00:00","breadcrumb":{"@id":"https:\/\/sunupost.com\/?p=10372#breadcrumb"},"inLanguage":"fr-FR","potentialAction":[{"@type":"ReadAction","target":["https:\/\/sunupost.com\/?p=10372"]}]},{"@type":"ImageObject","inLanguage":"fr-FR","@id":"https:\/\/sunupost.com\/?p=10372#primaryimage","url":"https:\/\/sunupost.com\/wp-content\/uploads\/2022\/04\/FEDAD130-E169-420C-8F64-9E42D23ADEE3.jpeg","contentUrl":"https:\/\/sunupost.com\/wp-content\/uploads\/2022\/04\/FEDAD130-E169-420C-8F64-9E42D23ADEE3.jpeg","width":717,"height":514},{"@type":"BreadcrumbList","@id":"https:\/\/sunupost.com\/?p=10372#breadcrumb","itemListElement":[{"@type":"ListItem","position":1,"name":"Home","item":"https:\/\/sunupost.com\/"},{"@type":"ListItem","position":2,"name":"Assassinat de Thomas Sankara au Burkina Faso : L\u2019ex-pr\u00e9sident Blaise Compaor\u00e9 condamn\u00e9 \u00e0 la perp\u00e9tuit\u00e9"}]},{"@type":"WebSite","@id":"https:\/\/sunupost.com\/#website","url":"https:\/\/sunupost.com\/","name":"SUNUPOST","description":"Pens\u00e9e libre","publisher":{"@id":"https:\/\/sunupost.com\/#organization"},"potentialAction":[{"@type":"SearchAction","target":{"@type":"EntryPoint","urlTemplate":"https:\/\/sunupost.com\/?s={search_term_string}"},"query-input":{"@type":"PropertyValueSpecification","valueRequired":true,"valueName":"search_term_string"}}],"inLanguage":"fr-FR"},{"@type":"Organization","@id":"https:\/\/sunupost.com\/#organization","name":"SUNUPOST","url":"https:\/\/sunupost.com\/","logo":{"@type":"ImageObject","inLanguage":"fr-FR","@id":"https:\/\/sunupost.com\/#\/schema\/logo\/image\/","url":"https:\/\/secureservercdn.net\/198.71.233.206\/17w.044.myftpupload.com\/wp-content\/uploads\/2020\/05\/Lancement.jpg?time=1639052812","contentUrl":"https:\/\/secureservercdn.net\/198.71.233.206\/17w.044.myftpupload.com\/wp-content\/uploads\/2020\/05\/Lancement.jpg?time=1639052812","width":300,"height":100,"caption":"SUNUPOST"},"image":{"@id":"https:\/\/sunupost.com\/#\/schema\/logo\/image\/"},"sameAs":["https:\/\/web.facebook.com\/Sunupost-101026658237468\/","https:\/\/x.com\/sunupost","https:\/\/www.instagram.com\/sunupost\/","https:\/\/www.youtube.com\/channel\/UCd7V7bCkLDOee8yr7CW4Dpw"]},{"@type":"Person","@id":"https:\/\/sunupost.com\/#\/schema\/person\/4180ce1fd5a5254dcccf3b93847e92fb","name":"Binta Ciss\u00e9","image":{"@type":"ImageObject","inLanguage":"fr-FR","@id":"https:\/\/secure.gravatar.com\/avatar\/d7ec4285e9eacdc893e9d8cea0ea6a1ff0a32ecab53f42d0bbe410001c3be0be?s=96&d=mm&r=g","url":"https:\/\/secure.gravatar.com\/avatar\/d7ec4285e9eacdc893e9d8cea0ea6a1ff0a32ecab53f42d0bbe410001c3be0be?s=96&d=mm&r=g","contentUrl":"https:\/\/secure.gravatar.com\/avatar\/d7ec4285e9eacdc893e9d8cea0ea6a1ff0a32ecab53f42d0bbe410001c3be0be?s=96&d=mm&r=g","caption":"Binta Ciss\u00e9"},"url":"https:\/\/sunupost.com\/?author=19"}]}},"_links":{"self":[{"href":"https:\/\/sunupost.com\/index.php?rest_route=\/wp\/v2\/posts\/10372","targetHints":{"allow":["GET"]}}],"collection":[{"href":"https:\/\/sunupost.com\/index.php?rest_route=\/wp\/v2\/posts"}],"about":[{"href":"https:\/\/sunupost.com\/index.php?rest_route=\/wp\/v2\/types\/post"}],"author":[{"embeddable":true,"href":"https:\/\/sunupost.com\/index.php?rest_route=\/wp\/v2\/users\/19"}],"replies":[{"embeddable":true,"href":"https:\/\/sunupost.com\/index.php?rest_route=%2Fwp%2Fv2%2Fcomments&post=10372"}],"version-history":[{"count":0,"href":"https:\/\/sunupost.com\/index.php?rest_route=\/wp\/v2\/posts\/10372\/revisions"}],"wp:featuredmedia":[{"embeddable":true,"href":"https:\/\/sunupost.com\/index.php?rest_route=\/wp\/v2\/media\/10373"}],"wp:attachment":[{"href":"https:\/\/sunupost.com\/index.php?rest_route=%2Fwp%2Fv2%2Fmedia&parent=10372"}],"wp:term":[{"taxonomy":"category","embeddable":true,"href":"https:\/\/sunupost.com\/index.php?rest_route=%2Fwp%2Fv2%2Fcategories&post=10372"},{"taxonomy":"post_tag","embeddable":true,"href":"https:\/\/sunupost.com\/index.php?rest_route=%2Fwp%2Fv2%2Ftags&post=10372"}],"curies":[{"name":"wp","href":"https:\/\/api.w.org\/{rel}","templated":true}]}}