{"id":10638,"date":"2022-04-18T22:28:41","date_gmt":"2022-04-18T22:28:41","guid":{"rendered":"https:\/\/sunupost.com\/?p=10638"},"modified":"2022-04-18T23:39:52","modified_gmt":"2022-04-18T23:39:52","slug":"legislatives-2022-guy-marius-sagna-annonce-sa-candidature","status":"publish","type":"post","link":"https:\/\/sunupost.com\/?p=10638","title":{"rendered":"Legislatives 2022: Guy Marius Sagna annonce sa candidature"},"content":{"rendered":"<p style=\"text-align: justify;\"><strong>L\u2019activiste Guy Marius Sagna a annonc\u00e9 sa candidature aux \u00e9lections l\u00e9gislatives de juillet 2022 sous la banni\u00e8re de la coalition Yewwi Askan Wi. Le leader du mouvement Frapp-France D\u00e9gage a fait l\u2019annonce dans un post sur sa page Facebook, pr\u00e9cisant qu\u2019il a d\u00e9pos\u00e9 sa candidature \u00e0 la candidature de Ziguinchor. Voici l\u2019int\u00e9gralit\u00e9 de son post.<\/strong><\/p>\n<p style=\"text-align: justify;\">\u2018\u2018JE SUIS CANDIDAT SI VOUS LE VOULEZ<\/p>\n<p style=\"text-align: justify;\">\u00c0 vous citoyen.ne.s s\u00e9n\u00e9galais.e.s, \u00e0 vous membres des Collectifs de victimes de spoliation fonci\u00e8re, de licenciement arbitraire, d&rsquo;accaparement de forage, de recrutements client\u00e8listes, d&rsquo;injustices de toutes sortes qui m&rsquo;interpellez depuis des ann\u00e9es des mois, \u00e0 vous sympathisants et membres de Yewwi Askan Wi et de PASTEF qui me demandez d&rsquo;\u00eatre candidat&#8230;je vous ai \u00e9cout\u00e9, je vous ai entendu.<\/p>\n<p style=\"text-align: justify;\">J&rsquo;ai d\u00e9cid\u00e9 aujourd&rsquo;hui d&rsquo;accepter votre invitation \u00e0 \u00eatre candidat pour les prochaines \u00e9lections l\u00e9gislatives du 31 juillet 2022.<\/p>\n<p style=\"text-align: justify;\">Oui, nos luttes qui durent depuis plus de 20 ans dans la rue avec des victoires, des d\u00e9faites, des avanc\u00e9es doivent entrer \u00e0 l&rsquo;assembl\u00e9e nationale du S\u00e9n\u00e9gal.<\/p>\n<p style=\"text-align: justify;\">Oui, nos luttes pour:<\/p>\n<p style=\"text-align: justify;\">&#8211; que la terre reste aux paysans, aux \u00e9leveurs,<\/p>\n<p style=\"text-align: justify;\">&#8211; le respect des droits des travailleurs<\/p>\n<p style=\"text-align: justify;\">&#8211; contre les d\u00e9guerpissements et les d\u00e9molitions de maison<\/p>\n<p style=\"text-align: justify;\">&#8211; un meilleur syst\u00e8me de sant\u00e9 et d&rsquo;\u00e9ducation<\/p>\n<p style=\"text-align: justify;\">&#8211; l&rsquo;orientation de tous les nouveaux bacheliers dans des universit\u00e9s publiques<\/p>\n<p style=\"text-align: justify;\">&#8211; des entreprises et un patronat, une agriculture et des paysans, un \u00e9levage et des \u00e9leveurs, et une p\u00eache et des p\u00eacheurs prot\u00e9g\u00e9s par un patriotisme \u00e9conomique, et adoss\u00e9s \u00e0 une vision de souverainet\u00e9 panafricaine<\/p>\n<p style=\"text-align: justify;\">&#8211; la souverainet\u00e9 mon\u00e9taire, budg\u00e9taire, sur nos ressources naturelles, commerciale, s\u00e9curitaire, linguistique, culturelle, d\u00e9mocratique&#8230;doivent retentir \u00e0 l&rsquo;assembl\u00e9e nationale du S\u00e9n\u00e9gal tout en continuant \u00e0 r\u00e9sonner dans nos rues, villages, quartiers, entreprises, \u00e9coles, h\u00f4pitaux&#8230;<\/p>\n<p style=\"text-align: justify;\">C&rsquo;est pourquoi j&rsquo;ai d\u00e9cid\u00e9 d&rsquo;\u00eatre candidat aux prochaines \u00e9lections l\u00e9gislatives.<\/p>\n<p style=\"text-align: justify;\">Mais avant cela, je dois \u00eatre candidat \u00e0 la candidature.<\/p>\n<p style=\"text-align: justify;\">Au vu de l&rsquo;importance des prochaines \u00e9lections l\u00e9gislatives, j&rsquo;ai d\u00e9cid\u00e9 de renforcer la coalition pour laquelle j&rsquo;avais appel\u00e9 \u00e0 voter lors des \u00e9lections locales : la coalition Yewwi Askan Wi.<\/p>\n<p style=\"text-align: justify;\">Ma candidature \u00e0 la candidature est donc soumise \u00e0 Yewwi Askan Wi \u00e0 travers une de ses composantes : PASTEF !<\/p>\n<p style=\"text-align: justify;\">Cette candidature \u00e0 la candidature est donc la v\u00f4tre.<\/p>\n<p style=\"text-align: justify;\">Elle est une candidature pour la majorit\u00e9 parlementaire.<\/p>\n<p style=\"text-align: justify;\">Elle est une candidature de rupture pour une assembl\u00e9e nationale du peuple s\u00e9n\u00e9galais c&rsquo;est \u00e0 dire une assembl\u00e9e v\u00e9ritable chambre de r\u00e9sonance des pr\u00e9occupations des S\u00e9n\u00e9galais et non celles des politiciens et de leurs ma\u00eetres imp\u00e9rialistes.<\/p>\n<p style=\"text-align: justify;\">J&rsquo;ai d\u00e9pos\u00e9 ma candidature \u00e0 la candidature \u00e0 Ziguinchor.<\/p>\n<p style=\"text-align: justify;\">\u00c0 Yewwi Askan Wi et \u00e0 PASTEF mais surtout \u00e0 vous peuple s\u00e9n\u00e9galais, \u00e0 vous militants et sympathisants de PASTEF et Yewwi Askan Wi de dire si ma candidature est n\u00e9cessaire.<\/p>\n<p style=\"text-align: justify;\">Je crois que notre pays et l&rsquo;Afrique sont \u00e0 la crois\u00e9e des chemins. Et dans ce contexte je veux m&rsquo;investir davantage dans la rue aux c\u00f4t\u00e9s de nos concitoyens opprim\u00e9s et qui luttent mais \u00e9galement dans les institutions pour faire faire \u00e0 notre pays et notre continent les sauts n\u00e9cessaires pour sortir de la domination imp\u00e9rialiste, de la pauvret\u00e9, du sous-d\u00e9veloppement et de l&rsquo;oppression des masses ouvri\u00e8res, paysannes et populaires.<\/p>\n<p style=\"text-align: justify;\">Dans les jours \u00e0 venir, nous viendrons devant vous pour mieux vous expliquez nos motivations.<\/p>\n<p style=\"text-align: justify;\">\u00c0 travers le d\u00e9p\u00f4t aujourd&rsquo;hui de ma candidature \u00e0 la candidature je vous informe donc que je suis disponible et dispos\u00e9 \u00e0 continuer \u00e0 servir le S\u00e9n\u00e9gal et l&rsquo;Afrique, \u00e0 continuer \u00e0 rendre audibles et visibles toutes nos voix b\u00e2illonn\u00e9es, \u00e9trangl\u00e9es, \u00e9touff\u00e9es, m\u00e9pris\u00e9es, ignor\u00e9es, pi\u00e9tin\u00e9es&#8230;<\/p>\n<p style=\"text-align: justify;\">Je suis \u00e0 votre disposition.<\/p>\n<p style=\"text-align: justify;\">Voulez-vous que je sois votre repr\u00e9sentant \u00e0 l&rsquo;assembl\u00e9e nationale ?<\/p>\n<p style=\"text-align: justify;\">Je suis encore \u00e0 votre \u00e9coute.<\/p>\n<p style=\"text-align: justify;\">Je suis surtout \u00e0 votre disposition.<\/p>\n<p style=\"text-align: justify;\">GMS<\/p>\n<div class=\"google-auto-placed\" style=\"text-align: justify;\"><\/div>\n","protected":false},"excerpt":{"rendered":"<p>L\u2019activiste Guy Marius Sagna a annonc\u00e9 sa candidature aux \u00e9lections l\u00e9gislatives de juillet 2022 sous la banni\u00e8re de la coalition Yewwi Askan Wi. Le leader&#8230;<\/p>\n","protected":false},"author":19,"featured_media":10639,"comment_status":"open","ping_status":"open","sticky":false,"template":"","format":"standard","meta":{"_coblocks_attr":"","_coblocks_dimensions":"","_coblocks_responsive_height":"","_coblocks_accordion_ie_support":"","_monsterinsights_skip_tracking":false,"_monsterinsights_sitenote_active":false,"_monsterinsights_sitenote_note":"","_monsterinsights_sitenote_category":0,"h5ap_radio_sources":[],"footnotes":""},"categories":[6],"tags":[],"class_list":["post-10638","post","type-post","status-publish","format-standard","has-post-thumbnail","hentry","category-politique","wpcat-6-id"],"yoast_head":"<!-- This site is optimized with the Yoast SEO plugin v27.5 - https:\/\/yoast.com\/product\/yoast-seo-wordpress\/ -->\n<title>Legislatives 2022: Guy Marius Sagna annonce sa candidature - SUNUPOST<\/title>\n<meta name=\"robots\" content=\"index, follow, max-snippet:-1, max-image-preview:large, max-video-preview:-1\" \/>\n<link rel=\"canonical\" href=\"https:\/\/sunupost.com\/?p=10638\" \/>\n<meta property=\"og:locale\" content=\"fr_FR\" \/>\n<meta property=\"og:type\" content=\"article\" \/>\n<meta property=\"og:title\" content=\"Legislatives 2022: Guy Marius Sagna annonce sa candidature - SUNUPOST\" \/>\n<meta property=\"og:description\" content=\"L\u2019activiste Guy Marius Sagna a annonc\u00e9 sa candidature aux \u00e9lections l\u00e9gislatives de juillet 2022 sous la banni\u00e8re de la coalition Yewwi Askan Wi. Le leader...\" \/>\n<meta property=\"og:url\" content=\"https:\/\/sunupost.com\/?p=10638\" \/>\n<meta property=\"og:site_name\" content=\"SUNUPOST\" \/>\n<meta property=\"article:publisher\" content=\"https:\/\/web.facebook.com\/Sunupost-101026658237468\/\" \/>\n<meta property=\"article:published_time\" content=\"2022-04-18T22:28:41+00:00\" \/>\n<meta property=\"article:modified_time\" content=\"2022-04-18T23:39:52+00:00\" \/>\n<meta property=\"og:image\" content=\"https:\/\/secureservercdn.net\/198.71.233.69\/17w.044.myftpupload.com\/wp-content\/uploads\/2022\/04\/706691CD-79BD-4294-A114-1C6F61AF3B7E.jpeg?time=1663138837\" \/>\n\t<meta property=\"og:image:width\" content=\"561\" \/>\n\t<meta property=\"og:image:height\" content=\"729\" \/>\n\t<meta property=\"og:image:type\" content=\"image\/jpeg\" \/>\n<meta name=\"author\" content=\"Binta Ciss\u00e9\" \/>\n<meta name=\"twitter:card\" content=\"summary_large_image\" \/>\n<meta name=\"twitter:creator\" content=\"@sunupost\" \/>\n<meta name=\"twitter:site\" content=\"@sunupost\" \/>\n<meta name=\"twitter:label1\" content=\"\u00c9crit par\" \/>\n\t<meta name=\"twitter:data1\" content=\"Binta Ciss\u00e9\" \/>\n\t<meta name=\"twitter:label2\" content=\"Dur\u00e9e de lecture estim\u00e9e\" \/>\n\t<meta name=\"twitter:data2\" content=\"3 minutes\" \/>\n<script type=\"application\/ld+json\" class=\"yoast-schema-graph\">{\"@context\":\"https:\\\/\\\/schema.org\",\"@graph\":[{\"@type\":\"Article\",\"@id\":\"https:\\\/\\\/sunupost.com\\\/?p=10638#article\",\"isPartOf\":{\"@id\":\"https:\\\/\\\/sunupost.com\\\/?p=10638\"},\"author\":{\"name\":\"Binta Ciss\u00e9\",\"@id\":\"https:\\\/\\\/sunupost.com\\\/#\\\/schema\\\/person\\\/4180ce1fd5a5254dcccf3b93847e92fb\"},\"headline\":\"Legislatives 2022: Guy Marius Sagna annonce sa candidature\",\"datePublished\":\"2022-04-18T22:28:41+00:00\",\"dateModified\":\"2022-04-18T23:39:52+00:00\",\"mainEntityOfPage\":{\"@id\":\"https:\\\/\\\/sunupost.com\\\/?p=10638\"},\"wordCount\":681,\"commentCount\":212,\"publisher\":{\"@id\":\"https:\\\/\\\/sunupost.com\\\/#organization\"},\"image\":{\"@id\":\"https:\\\/\\\/sunupost.com\\\/?p=10638#primaryimage\"},\"thumbnailUrl\":\"https:\\\/\\\/sunupost.com\\\/wp-content\\\/uploads\\\/2022\\\/04\\\/706691CD-79BD-4294-A114-1C6F61AF3B7E.jpeg\",\"articleSection\":[\"POLITIQUE\"],\"inLanguage\":\"fr-FR\",\"potentialAction\":[{\"@type\":\"CommentAction\",\"name\":\"Comment\",\"target\":[\"https:\\\/\\\/sunupost.com\\\/?p=10638#respond\"]}]},{\"@type\":\"WebPage\",\"@id\":\"https:\\\/\\\/sunupost.com\\\/?p=10638\",\"url\":\"https:\\\/\\\/sunupost.com\\\/?p=10638\",\"name\":\"Legislatives 2022: Guy Marius Sagna annonce sa candidature - SUNUPOST\",\"isPartOf\":{\"@id\":\"https:\\\/\\\/sunupost.com\\\/#website\"},\"primaryImageOfPage\":{\"@id\":\"https:\\\/\\\/sunupost.com\\\/?p=10638#primaryimage\"},\"image\":{\"@id\":\"https:\\\/\\\/sunupost.com\\\/?p=10638#primaryimage\"},\"thumbnailUrl\":\"https:\\\/\\\/sunupost.com\\\/wp-content\\\/uploads\\\/2022\\\/04\\\/706691CD-79BD-4294-A114-1C6F61AF3B7E.jpeg\",\"datePublished\":\"2022-04-18T22:28:41+00:00\",\"dateModified\":\"2022-04-18T23:39:52+00:00\",\"breadcrumb\":{\"@id\":\"https:\\\/\\\/sunupost.com\\\/?p=10638#breadcrumb\"},\"inLanguage\":\"fr-FR\",\"potentialAction\":[{\"@type\":\"ReadAction\",\"target\":[\"https:\\\/\\\/sunupost.com\\\/?p=10638\"]}]},{\"@type\":\"ImageObject\",\"inLanguage\":\"fr-FR\",\"@id\":\"https:\\\/\\\/sunupost.com\\\/?p=10638#primaryimage\",\"url\":\"https:\\\/\\\/sunupost.com\\\/wp-content\\\/uploads\\\/2022\\\/04\\\/706691CD-79BD-4294-A114-1C6F61AF3B7E.jpeg\",\"contentUrl\":\"https:\\\/\\\/sunupost.com\\\/wp-content\\\/uploads\\\/2022\\\/04\\\/706691CD-79BD-4294-A114-1C6F61AF3B7E.jpeg\",\"width\":561,\"height\":729},{\"@type\":\"BreadcrumbList\",\"@id\":\"https:\\\/\\\/sunupost.com\\\/?p=10638#breadcrumb\",\"itemListElement\":[{\"@type\":\"ListItem\",\"position\":1,\"name\":\"Home\",\"item\":\"https:\\\/\\\/sunupost.com\\\/\"},{\"@type\":\"ListItem\",\"position\":2,\"name\":\"Legislatives 2022: Guy Marius Sagna annonce sa candidature\"}]},{\"@type\":\"WebSite\",\"@id\":\"https:\\\/\\\/sunupost.com\\\/#website\",\"url\":\"https:\\\/\\\/sunupost.com\\\/\",\"name\":\"SUNUPOST\",\"description\":\"Pens\u00e9e libre\",\"publisher\":{\"@id\":\"https:\\\/\\\/sunupost.com\\\/#organization\"},\"potentialAction\":[{\"@type\":\"SearchAction\",\"target\":{\"@type\":\"EntryPoint\",\"urlTemplate\":\"https:\\\/\\\/sunupost.com\\\/?s={search_term_string}\"},\"query-input\":{\"@type\":\"PropertyValueSpecification\",\"valueRequired\":true,\"valueName\":\"search_term_string\"}}],\"inLanguage\":\"fr-FR\"},{\"@type\":\"Organization\",\"@id\":\"https:\\\/\\\/sunupost.com\\\/#organization\",\"name\":\"SUNUPOST\",\"url\":\"https:\\\/\\\/sunupost.com\\\/\",\"logo\":{\"@type\":\"ImageObject\",\"inLanguage\":\"fr-FR\",\"@id\":\"https:\\\/\\\/sunupost.com\\\/#\\\/schema\\\/logo\\\/image\\\/\",\"url\":\"https:\\\/\\\/secureservercdn.net\\\/198.71.233.206\\\/17w.044.myftpupload.com\\\/wp-content\\\/uploads\\\/2020\\\/05\\\/Lancement.jpg?time=1639052812\",\"contentUrl\":\"https:\\\/\\\/secureservercdn.net\\\/198.71.233.206\\\/17w.044.myftpupload.com\\\/wp-content\\\/uploads\\\/2020\\\/05\\\/Lancement.jpg?time=1639052812\",\"width\":300,\"height\":100,\"caption\":\"SUNUPOST\"},\"image\":{\"@id\":\"https:\\\/\\\/sunupost.com\\\/#\\\/schema\\\/logo\\\/image\\\/\"},\"sameAs\":[\"https:\\\/\\\/web.facebook.com\\\/Sunupost-101026658237468\\\/\",\"https:\\\/\\\/x.com\\\/sunupost\",\"https:\\\/\\\/www.instagram.com\\\/sunupost\\\/\",\"https:\\\/\\\/www.youtube.com\\\/channel\\\/UCd7V7bCkLDOee8yr7CW4Dpw\"]},{\"@type\":\"Person\",\"@id\":\"https:\\\/\\\/sunupost.com\\\/#\\\/schema\\\/person\\\/4180ce1fd5a5254dcccf3b93847e92fb\",\"name\":\"Binta Ciss\u00e9\",\"image\":{\"@type\":\"ImageObject\",\"inLanguage\":\"fr-FR\",\"@id\":\"https:\\\/\\\/secure.gravatar.com\\\/avatar\\\/d7ec4285e9eacdc893e9d8cea0ea6a1ff0a32ecab53f42d0bbe410001c3be0be?s=96&d=mm&r=g\",\"url\":\"https:\\\/\\\/secure.gravatar.com\\\/avatar\\\/d7ec4285e9eacdc893e9d8cea0ea6a1ff0a32ecab53f42d0bbe410001c3be0be?s=96&d=mm&r=g\",\"contentUrl\":\"https:\\\/\\\/secure.gravatar.com\\\/avatar\\\/d7ec4285e9eacdc893e9d8cea0ea6a1ff0a32ecab53f42d0bbe410001c3be0be?s=96&d=mm&r=g\",\"caption\":\"Binta Ciss\u00e9\"},\"url\":\"https:\\\/\\\/sunupost.com\\\/?author=19\"}]}<\/script>\n<!-- \/ Yoast SEO plugin. -->","yoast_head_json":{"title":"Legislatives 2022: Guy Marius Sagna annonce sa candidature - SUNUPOST","robots":{"index":"index","follow":"follow","max-snippet":"max-snippet:-1","max-image-preview":"max-image-preview:large","max-video-preview":"max-video-preview:-1"},"canonical":"https:\/\/sunupost.com\/?p=10638","og_locale":"fr_FR","og_type":"article","og_title":"Legislatives 2022: Guy Marius Sagna annonce sa candidature - SUNUPOST","og_description":"L\u2019activiste Guy Marius Sagna a annonc\u00e9 sa candidature aux \u00e9lections l\u00e9gislatives de juillet 2022 sous la banni\u00e8re de la coalition Yewwi Askan Wi. Le leader...","og_url":"https:\/\/sunupost.com\/?p=10638","og_site_name":"SUNUPOST","article_publisher":"https:\/\/web.facebook.com\/Sunupost-101026658237468\/","article_published_time":"2022-04-18T22:28:41+00:00","article_modified_time":"2022-04-18T23:39:52+00:00","og_image":[{"width":561,"height":729,"url":"https:\/\/secureservercdn.net\/198.71.233.69\/17w.044.myftpupload.com\/wp-content\/uploads\/2022\/04\/706691CD-79BD-4294-A114-1C6F61AF3B7E.jpeg?time=1663138837","type":"image\/jpeg"}],"author":"Binta Ciss\u00e9","twitter_card":"summary_large_image","twitter_creator":"@sunupost","twitter_site":"@sunupost","twitter_misc":{"\u00c9crit par":"Binta Ciss\u00e9","Dur\u00e9e de lecture estim\u00e9e":"3 minutes"},"schema":{"@context":"https:\/\/schema.org","@graph":[{"@type":"Article","@id":"https:\/\/sunupost.com\/?p=10638#article","isPartOf":{"@id":"https:\/\/sunupost.com\/?p=10638"},"author":{"name":"Binta Ciss\u00e9","@id":"https:\/\/sunupost.com\/#\/schema\/person\/4180ce1fd5a5254dcccf3b93847e92fb"},"headline":"Legislatives 2022: Guy Marius Sagna annonce sa candidature","datePublished":"2022-04-18T22:28:41+00:00","dateModified":"2022-04-18T23:39:52+00:00","mainEntityOfPage":{"@id":"https:\/\/sunupost.com\/?p=10638"},"wordCount":681,"commentCount":212,"publisher":{"@id":"https:\/\/sunupost.com\/#organization"},"image":{"@id":"https:\/\/sunupost.com\/?p=10638#primaryimage"},"thumbnailUrl":"https:\/\/sunupost.com\/wp-content\/uploads\/2022\/04\/706691CD-79BD-4294-A114-1C6F61AF3B7E.jpeg","articleSection":["POLITIQUE"],"inLanguage":"fr-FR","potentialAction":[{"@type":"CommentAction","name":"Comment","target":["https:\/\/sunupost.com\/?p=10638#respond"]}]},{"@type":"WebPage","@id":"https:\/\/sunupost.com\/?p=10638","url":"https:\/\/sunupost.com\/?p=10638","name":"Legislatives 2022: Guy Marius Sagna annonce sa candidature - SUNUPOST","isPartOf":{"@id":"https:\/\/sunupost.com\/#website"},"primaryImageOfPage":{"@id":"https:\/\/sunupost.com\/?p=10638#primaryimage"},"image":{"@id":"https:\/\/sunupost.com\/?p=10638#primaryimage"},"thumbnailUrl":"https:\/\/sunupost.com\/wp-content\/uploads\/2022\/04\/706691CD-79BD-4294-A114-1C6F61AF3B7E.jpeg","datePublished":"2022-04-18T22:28:41+00:00","dateModified":"2022-04-18T23:39:52+00:00","breadcrumb":{"@id":"https:\/\/sunupost.com\/?p=10638#breadcrumb"},"inLanguage":"fr-FR","potentialAction":[{"@type":"ReadAction","target":["https:\/\/sunupost.com\/?p=10638"]}]},{"@type":"ImageObject","inLanguage":"fr-FR","@id":"https:\/\/sunupost.com\/?p=10638#primaryimage","url":"https:\/\/sunupost.com\/wp-content\/uploads\/2022\/04\/706691CD-79BD-4294-A114-1C6F61AF3B7E.jpeg","contentUrl":"https:\/\/sunupost.com\/wp-content\/uploads\/2022\/04\/706691CD-79BD-4294-A114-1C6F61AF3B7E.jpeg","width":561,"height":729},{"@type":"BreadcrumbList","@id":"https:\/\/sunupost.com\/?p=10638#breadcrumb","itemListElement":[{"@type":"ListItem","position":1,"name":"Home","item":"https:\/\/sunupost.com\/"},{"@type":"ListItem","position":2,"name":"Legislatives 2022: Guy Marius Sagna annonce sa candidature"}]},{"@type":"WebSite","@id":"https:\/\/sunupost.com\/#website","url":"https:\/\/sunupost.com\/","name":"SUNUPOST","description":"Pens\u00e9e libre","publisher":{"@id":"https:\/\/sunupost.com\/#organization"},"potentialAction":[{"@type":"SearchAction","target":{"@type":"EntryPoint","urlTemplate":"https:\/\/sunupost.com\/?s={search_term_string}"},"query-input":{"@type":"PropertyValueSpecification","valueRequired":true,"valueName":"search_term_string"}}],"inLanguage":"fr-FR"},{"@type":"Organization","@id":"https:\/\/sunupost.com\/#organization","name":"SUNUPOST","url":"https:\/\/sunupost.com\/","logo":{"@type":"ImageObject","inLanguage":"fr-FR","@id":"https:\/\/sunupost.com\/#\/schema\/logo\/image\/","url":"https:\/\/secureservercdn.net\/198.71.233.206\/17w.044.myftpupload.com\/wp-content\/uploads\/2020\/05\/Lancement.jpg?time=1639052812","contentUrl":"https:\/\/secureservercdn.net\/198.71.233.206\/17w.044.myftpupload.com\/wp-content\/uploads\/2020\/05\/Lancement.jpg?time=1639052812","width":300,"height":100,"caption":"SUNUPOST"},"image":{"@id":"https:\/\/sunupost.com\/#\/schema\/logo\/image\/"},"sameAs":["https:\/\/web.facebook.com\/Sunupost-101026658237468\/","https:\/\/x.com\/sunupost","https:\/\/www.instagram.com\/sunupost\/","https:\/\/www.youtube.com\/channel\/UCd7V7bCkLDOee8yr7CW4Dpw"]},{"@type":"Person","@id":"https:\/\/sunupost.com\/#\/schema\/person\/4180ce1fd5a5254dcccf3b93847e92fb","name":"Binta Ciss\u00e9","image":{"@type":"ImageObject","inLanguage":"fr-FR","@id":"https:\/\/secure.gravatar.com\/avatar\/d7ec4285e9eacdc893e9d8cea0ea6a1ff0a32ecab53f42d0bbe410001c3be0be?s=96&d=mm&r=g","url":"https:\/\/secure.gravatar.com\/avatar\/d7ec4285e9eacdc893e9d8cea0ea6a1ff0a32ecab53f42d0bbe410001c3be0be?s=96&d=mm&r=g","contentUrl":"https:\/\/secure.gravatar.com\/avatar\/d7ec4285e9eacdc893e9d8cea0ea6a1ff0a32ecab53f42d0bbe410001c3be0be?s=96&d=mm&r=g","caption":"Binta Ciss\u00e9"},"url":"https:\/\/sunupost.com\/?author=19"}]}},"_links":{"self":[{"href":"https:\/\/sunupost.com\/index.php?rest_route=\/wp\/v2\/posts\/10638","targetHints":{"allow":["GET"]}}],"collection":[{"href":"https:\/\/sunupost.com\/index.php?rest_route=\/wp\/v2\/posts"}],"about":[{"href":"https:\/\/sunupost.com\/index.php?rest_route=\/wp\/v2\/types\/post"}],"author":[{"embeddable":true,"href":"https:\/\/sunupost.com\/index.php?rest_route=\/wp\/v2\/users\/19"}],"replies":[{"embeddable":true,"href":"https:\/\/sunupost.com\/index.php?rest_route=%2Fwp%2Fv2%2Fcomments&post=10638"}],"version-history":[{"count":0,"href":"https:\/\/sunupost.com\/index.php?rest_route=\/wp\/v2\/posts\/10638\/revisions"}],"wp:featuredmedia":[{"embeddable":true,"href":"https:\/\/sunupost.com\/index.php?rest_route=\/wp\/v2\/media\/10639"}],"wp:attachment":[{"href":"https:\/\/sunupost.com\/index.php?rest_route=%2Fwp%2Fv2%2Fmedia&parent=10638"}],"wp:term":[{"taxonomy":"category","embeddable":true,"href":"https:\/\/sunupost.com\/index.php?rest_route=%2Fwp%2Fv2%2Fcategories&post=10638"},{"taxonomy":"post_tag","embeddable":true,"href":"https:\/\/sunupost.com\/index.php?rest_route=%2Fwp%2Fv2%2Ftags&post=10638"}],"curies":[{"name":"wp","href":"https:\/\/api.w.org\/{rel}","templated":true}]}}