{"id":11262,"date":"2025-09-26T13:24:19","date_gmt":"2025-09-26T13:24:19","guid":{"rendered":"https:\/\/sunupost.com\/?p=11262"},"modified":"2025-09-26T13:24:19","modified_gmt":"2025-09-26T13:24:19","slug":"noyade-a-gadaye-deux-ados-fauches-par-la-mer","status":"publish","type":"post","link":"https:\/\/sunupost.com\/?p=11262","title":{"rendered":"Noyade \u00e0 Gadaye : Deux ados fauch\u00e9s par la mer"},"content":{"rendered":"<p>La plage de Gadaye, \u00e0 Gu\u00e9diawaye, est de nouveau au c\u0153ur d\u2019un drame gla\u00e7ant. Selon L\u2019Observateur, la qui\u00e9tude des habitants de la commune de Wakhinane Nimzatt a \u00e9t\u00e9 bris\u00e9e dans la soir\u00e9e du jeudi 25 septembre par une double d\u00e9couverte macabre qui secoue tout un quartier. Vers 19 heures, des baigneurs ont aper\u00e7u deux corps sans vie, rejet\u00e9s par les vagues \u00e0 quelques minutes d\u2019intervalle, provoquant un v\u00e9ritable choc au sein des riverains.<\/p>\n<p><strong>Deux adolescents fauch\u00e9s par la mer<\/strong><\/p>\n<p>Les victimes, identifi\u00e9es comme Cheikh S., 16 ans, et A. B\u00e2, 15 ans, \u00e9taient toutes deux domicili\u00e9es \u00e0 Yeumbeul, plus pr\u00e9cis\u00e9ment dans le quartier Warouwaye. D\u2019apr\u00e8s les informations rapport\u00e9es par\u00a0<strong>L\u2019Observateur<\/strong>, les deux adolescents ont \u00e9t\u00e9 retrouv\u00e9s allong\u00e9s sur le dos, v\u00eatus de simples culottes \u2013 l\u2019une grise, l\u2019autre bleue \u2013 d\u00e9j\u00e0 marqu\u00e9s par une rigidit\u00e9 cadav\u00e9rique qui laissait peu de doute sur leur d\u00e9c\u00e8s. Les t\u00e9moins pr\u00e9sents sur les lieux parlent de corps charri\u00e9s par la mer avant d\u2019\u00eatre d\u00e9couverts par des baigneurs en \u00e9tat de sid\u00e9ration.<\/p>\n<p><strong>Enqu\u00eate ouverte, autopsie ordonn\u00e9e<\/strong><\/p>\n<p>Alert\u00e9, le poste de police de Wakhinane Nimzatt a imm\u00e9diatement d\u00e9p\u00each\u00e9 une \u00e9quipe sur place, rapidement rejointe par les sapeurs-pompiers. Apr\u00e8s les constatations d\u2019usage, les d\u00e9pouilles ont \u00e9t\u00e9 envelopp\u00e9es dans des linceuls et achemin\u00e9es \u00e0 la morgue de l\u2019H\u00f4pital g\u00e9n\u00e9ral Idrissa Pouye de Grand-Yoff. Le parquet a ordonn\u00e9 une autopsie afin de d\u00e9terminer les circonstances exactes de la mort, tandis qu\u2019une enqu\u00eate judiciaire a \u00e9t\u00e9 ouverte pour \u00e9claircir les zones d\u2019ombre entourant ce drame.<\/p>\n<p><strong>Une plage d\u00e9j\u00e0 point\u00e9e du doigt<\/strong><\/p>\n<p>Ce nouveau drame vient raviver les inqui\u00e9tudes des habitants et des acteurs de la s\u00e9curit\u00e9 baln\u00e9aire. L\u2019Observateur rappelle qu\u2019en ao\u00fbt dernier, l\u2019Association nationale des ma\u00eetres-nageurs du S\u00e9n\u00e9gal avait d\u00e9j\u00e0 tir\u00e9 la sonnette d\u2019alarme en plaidant pour un dispositif de s\u00e9curit\u00e9 renforc\u00e9, particuli\u00e8rement sur la plage de Gadaye, tristement r\u00e9put\u00e9e pour ses courants tra\u00eetres. \u00c0 ce jour, 56 victimes y avaient d\u00e9j\u00e0 \u00e9t\u00e9 recens\u00e9es, faisant de ce lieu l\u2019un des plus dangereux du littoral s\u00e9n\u00e9galais.<\/p>\n","protected":false},"excerpt":{"rendered":"<p>La plage de Gadaye, \u00e0 Gu\u00e9diawaye, est de nouveau au c\u0153ur d\u2019un drame gla\u00e7ant. Selon L\u2019Observateur, la qui\u00e9tude des habitants de la commune de Wakhinane&#8230;<\/p>\n","protected":false},"author":19,"featured_media":11264,"comment_status":"open","ping_status":"open","sticky":false,"template":"","format":"standard","meta":{"_coblocks_attr":"","_coblocks_dimensions":"","_coblocks_responsive_height":"","_coblocks_accordion_ie_support":"","_monsterinsights_skip_tracking":false,"_monsterinsights_sitenote_active":false,"_monsterinsights_sitenote_note":"","_monsterinsights_sitenote_category":0,"h5ap_radio_sources":[],"footnotes":""},"categories":[36],"tags":[],"class_list":["post-11262","post","type-post","status-publish","format-standard","has-post-thumbnail","hentry","category-necrologie","wpcat-36-id"],"yoast_head":"<!-- This site is optimized with the Yoast SEO plugin v27.4 - https:\/\/yoast.com\/product\/yoast-seo-wordpress\/ -->\n<title>Noyade \u00e0 Gadaye : Deux ados fauch\u00e9s par la mer - SUNUPOST<\/title>\n<meta name=\"robots\" content=\"index, follow, max-snippet:-1, max-image-preview:large, max-video-preview:-1\" \/>\n<link rel=\"canonical\" href=\"https:\/\/sunupost.com\/?p=11262\" \/>\n<meta property=\"og:locale\" content=\"fr_FR\" \/>\n<meta property=\"og:type\" content=\"article\" \/>\n<meta property=\"og:title\" content=\"Noyade \u00e0 Gadaye : Deux ados fauch\u00e9s par la mer - SUNUPOST\" \/>\n<meta property=\"og:description\" content=\"La plage de Gadaye, \u00e0 Gu\u00e9diawaye, est de nouveau au c\u0153ur d\u2019un drame gla\u00e7ant. Selon L\u2019Observateur, la qui\u00e9tude des habitants de la commune de Wakhinane...\" \/>\n<meta property=\"og:url\" content=\"https:\/\/sunupost.com\/?p=11262\" \/>\n<meta property=\"og:site_name\" content=\"SUNUPOST\" \/>\n<meta property=\"article:publisher\" content=\"https:\/\/web.facebook.com\/Sunupost-101026658237468\/\" \/>\n<meta property=\"article:published_time\" content=\"2025-09-26T13:24:19+00:00\" \/>\n<meta property=\"og:image\" content=\"https:\/\/sunupost.com\/wp-content\/uploads\/2025\/09\/thumb_1260x800_68d6774e536a5_yw9FC1s2Ev.jpg\" \/>\n\t<meta property=\"og:image:width\" content=\"1260\" \/>\n\t<meta property=\"og:image:height\" content=\"800\" \/>\n\t<meta property=\"og:image:type\" content=\"image\/jpeg\" \/>\n<meta name=\"author\" content=\"Binta Ciss\u00e9\" \/>\n<meta name=\"twitter:card\" content=\"summary_large_image\" \/>\n<meta name=\"twitter:creator\" content=\"@sunupost\" \/>\n<meta name=\"twitter:site\" content=\"@sunupost\" \/>\n<meta name=\"twitter:label1\" content=\"\u00c9crit par\" \/>\n\t<meta name=\"twitter:data1\" content=\"Binta Ciss\u00e9\" \/>\n\t<meta name=\"twitter:label2\" content=\"Dur\u00e9e de lecture estim\u00e9e\" \/>\n\t<meta name=\"twitter:data2\" content=\"2 minutes\" \/>\n<script type=\"application\/ld+json\" class=\"yoast-schema-graph\">{\"@context\":\"https:\\\/\\\/schema.org\",\"@graph\":[{\"@type\":\"Article\",\"@id\":\"https:\\\/\\\/sunupost.com\\\/?p=11262#article\",\"isPartOf\":{\"@id\":\"https:\\\/\\\/sunupost.com\\\/?p=11262\"},\"author\":{\"name\":\"Binta Ciss\u00e9\",\"@id\":\"https:\\\/\\\/sunupost.com\\\/#\\\/schema\\\/person\\\/4180ce1fd5a5254dcccf3b93847e92fb\"},\"headline\":\"Noyade \u00e0 Gadaye : Deux ados fauch\u00e9s par la mer\",\"datePublished\":\"2025-09-26T13:24:19+00:00\",\"mainEntityOfPage\":{\"@id\":\"https:\\\/\\\/sunupost.com\\\/?p=11262\"},\"wordCount\":402,\"commentCount\":3,\"publisher\":{\"@id\":\"https:\\\/\\\/sunupost.com\\\/#organization\"},\"image\":{\"@id\":\"https:\\\/\\\/sunupost.com\\\/?p=11262#primaryimage\"},\"thumbnailUrl\":\"https:\\\/\\\/sunupost.com\\\/wp-content\\\/uploads\\\/2025\\\/09\\\/thumb_1260x800_68d6774e536a5_yw9FC1s2Ev.jpg\",\"articleSection\":[\"N\u00c9CROLOGIE\"],\"inLanguage\":\"fr-FR\",\"potentialAction\":[{\"@type\":\"CommentAction\",\"name\":\"Comment\",\"target\":[\"https:\\\/\\\/sunupost.com\\\/?p=11262#respond\"]}]},{\"@type\":\"WebPage\",\"@id\":\"https:\\\/\\\/sunupost.com\\\/?p=11262\",\"url\":\"https:\\\/\\\/sunupost.com\\\/?p=11262\",\"name\":\"Noyade \u00e0 Gadaye : Deux ados fauch\u00e9s par la mer - SUNUPOST\",\"isPartOf\":{\"@id\":\"https:\\\/\\\/sunupost.com\\\/#website\"},\"primaryImageOfPage\":{\"@id\":\"https:\\\/\\\/sunupost.com\\\/?p=11262#primaryimage\"},\"image\":{\"@id\":\"https:\\\/\\\/sunupost.com\\\/?p=11262#primaryimage\"},\"thumbnailUrl\":\"https:\\\/\\\/sunupost.com\\\/wp-content\\\/uploads\\\/2025\\\/09\\\/thumb_1260x800_68d6774e536a5_yw9FC1s2Ev.jpg\",\"datePublished\":\"2025-09-26T13:24:19+00:00\",\"breadcrumb\":{\"@id\":\"https:\\\/\\\/sunupost.com\\\/?p=11262#breadcrumb\"},\"inLanguage\":\"fr-FR\",\"potentialAction\":[{\"@type\":\"ReadAction\",\"target\":[\"https:\\\/\\\/sunupost.com\\\/?p=11262\"]}]},{\"@type\":\"ImageObject\",\"inLanguage\":\"fr-FR\",\"@id\":\"https:\\\/\\\/sunupost.com\\\/?p=11262#primaryimage\",\"url\":\"https:\\\/\\\/sunupost.com\\\/wp-content\\\/uploads\\\/2025\\\/09\\\/thumb_1260x800_68d6774e536a5_yw9FC1s2Ev.jpg\",\"contentUrl\":\"https:\\\/\\\/sunupost.com\\\/wp-content\\\/uploads\\\/2025\\\/09\\\/thumb_1260x800_68d6774e536a5_yw9FC1s2Ev.jpg\",\"width\":1260,\"height\":800},{\"@type\":\"BreadcrumbList\",\"@id\":\"https:\\\/\\\/sunupost.com\\\/?p=11262#breadcrumb\",\"itemListElement\":[{\"@type\":\"ListItem\",\"position\":1,\"name\":\"Home\",\"item\":\"https:\\\/\\\/sunupost.com\\\/\"},{\"@type\":\"ListItem\",\"position\":2,\"name\":\"Noyade \u00e0 Gadaye : Deux ados fauch\u00e9s par la mer\"}]},{\"@type\":\"WebSite\",\"@id\":\"https:\\\/\\\/sunupost.com\\\/#website\",\"url\":\"https:\\\/\\\/sunupost.com\\\/\",\"name\":\"SUNUPOST\",\"description\":\"Pens\u00e9e libre\",\"publisher\":{\"@id\":\"https:\\\/\\\/sunupost.com\\\/#organization\"},\"potentialAction\":[{\"@type\":\"SearchAction\",\"target\":{\"@type\":\"EntryPoint\",\"urlTemplate\":\"https:\\\/\\\/sunupost.com\\\/?s={search_term_string}\"},\"query-input\":{\"@type\":\"PropertyValueSpecification\",\"valueRequired\":true,\"valueName\":\"search_term_string\"}}],\"inLanguage\":\"fr-FR\"},{\"@type\":\"Organization\",\"@id\":\"https:\\\/\\\/sunupost.com\\\/#organization\",\"name\":\"SUNUPOST\",\"url\":\"https:\\\/\\\/sunupost.com\\\/\",\"logo\":{\"@type\":\"ImageObject\",\"inLanguage\":\"fr-FR\",\"@id\":\"https:\\\/\\\/sunupost.com\\\/#\\\/schema\\\/logo\\\/image\\\/\",\"url\":\"https:\\\/\\\/secureservercdn.net\\\/198.71.233.206\\\/17w.044.myftpupload.com\\\/wp-content\\\/uploads\\\/2020\\\/05\\\/Lancement.jpg?time=1639052812\",\"contentUrl\":\"https:\\\/\\\/secureservercdn.net\\\/198.71.233.206\\\/17w.044.myftpupload.com\\\/wp-content\\\/uploads\\\/2020\\\/05\\\/Lancement.jpg?time=1639052812\",\"width\":300,\"height\":100,\"caption\":\"SUNUPOST\"},\"image\":{\"@id\":\"https:\\\/\\\/sunupost.com\\\/#\\\/schema\\\/logo\\\/image\\\/\"},\"sameAs\":[\"https:\\\/\\\/web.facebook.com\\\/Sunupost-101026658237468\\\/\",\"https:\\\/\\\/x.com\\\/sunupost\",\"https:\\\/\\\/www.instagram.com\\\/sunupost\\\/\",\"https:\\\/\\\/www.youtube.com\\\/channel\\\/UCd7V7bCkLDOee8yr7CW4Dpw\"]},{\"@type\":\"Person\",\"@id\":\"https:\\\/\\\/sunupost.com\\\/#\\\/schema\\\/person\\\/4180ce1fd5a5254dcccf3b93847e92fb\",\"name\":\"Binta Ciss\u00e9\",\"image\":{\"@type\":\"ImageObject\",\"inLanguage\":\"fr-FR\",\"@id\":\"https:\\\/\\\/secure.gravatar.com\\\/avatar\\\/d7ec4285e9eacdc893e9d8cea0ea6a1ff0a32ecab53f42d0bbe410001c3be0be?s=96&d=mm&r=g\",\"url\":\"https:\\\/\\\/secure.gravatar.com\\\/avatar\\\/d7ec4285e9eacdc893e9d8cea0ea6a1ff0a32ecab53f42d0bbe410001c3be0be?s=96&d=mm&r=g\",\"contentUrl\":\"https:\\\/\\\/secure.gravatar.com\\\/avatar\\\/d7ec4285e9eacdc893e9d8cea0ea6a1ff0a32ecab53f42d0bbe410001c3be0be?s=96&d=mm&r=g\",\"caption\":\"Binta Ciss\u00e9\"},\"url\":\"https:\\\/\\\/sunupost.com\\\/?author=19\"}]}<\/script>\n<!-- \/ Yoast SEO plugin. -->","yoast_head_json":{"title":"Noyade \u00e0 Gadaye : Deux ados fauch\u00e9s par la mer - SUNUPOST","robots":{"index":"index","follow":"follow","max-snippet":"max-snippet:-1","max-image-preview":"max-image-preview:large","max-video-preview":"max-video-preview:-1"},"canonical":"https:\/\/sunupost.com\/?p=11262","og_locale":"fr_FR","og_type":"article","og_title":"Noyade \u00e0 Gadaye : Deux ados fauch\u00e9s par la mer - SUNUPOST","og_description":"La plage de Gadaye, \u00e0 Gu\u00e9diawaye, est de nouveau au c\u0153ur d\u2019un drame gla\u00e7ant. Selon L\u2019Observateur, la qui\u00e9tude des habitants de la commune de Wakhinane...","og_url":"https:\/\/sunupost.com\/?p=11262","og_site_name":"SUNUPOST","article_publisher":"https:\/\/web.facebook.com\/Sunupost-101026658237468\/","article_published_time":"2025-09-26T13:24:19+00:00","og_image":[{"width":1260,"height":800,"url":"https:\/\/sunupost.com\/wp-content\/uploads\/2025\/09\/thumb_1260x800_68d6774e536a5_yw9FC1s2Ev.jpg","type":"image\/jpeg"}],"author":"Binta Ciss\u00e9","twitter_card":"summary_large_image","twitter_creator":"@sunupost","twitter_site":"@sunupost","twitter_misc":{"\u00c9crit par":"Binta Ciss\u00e9","Dur\u00e9e de lecture estim\u00e9e":"2 minutes"},"schema":{"@context":"https:\/\/schema.org","@graph":[{"@type":"Article","@id":"https:\/\/sunupost.com\/?p=11262#article","isPartOf":{"@id":"https:\/\/sunupost.com\/?p=11262"},"author":{"name":"Binta Ciss\u00e9","@id":"https:\/\/sunupost.com\/#\/schema\/person\/4180ce1fd5a5254dcccf3b93847e92fb"},"headline":"Noyade \u00e0 Gadaye : Deux ados fauch\u00e9s par la mer","datePublished":"2025-09-26T13:24:19+00:00","mainEntityOfPage":{"@id":"https:\/\/sunupost.com\/?p=11262"},"wordCount":402,"commentCount":3,"publisher":{"@id":"https:\/\/sunupost.com\/#organization"},"image":{"@id":"https:\/\/sunupost.com\/?p=11262#primaryimage"},"thumbnailUrl":"https:\/\/sunupost.com\/wp-content\/uploads\/2025\/09\/thumb_1260x800_68d6774e536a5_yw9FC1s2Ev.jpg","articleSection":["N\u00c9CROLOGIE"],"inLanguage":"fr-FR","potentialAction":[{"@type":"CommentAction","name":"Comment","target":["https:\/\/sunupost.com\/?p=11262#respond"]}]},{"@type":"WebPage","@id":"https:\/\/sunupost.com\/?p=11262","url":"https:\/\/sunupost.com\/?p=11262","name":"Noyade \u00e0 Gadaye : Deux ados fauch\u00e9s par la mer - SUNUPOST","isPartOf":{"@id":"https:\/\/sunupost.com\/#website"},"primaryImageOfPage":{"@id":"https:\/\/sunupost.com\/?p=11262#primaryimage"},"image":{"@id":"https:\/\/sunupost.com\/?p=11262#primaryimage"},"thumbnailUrl":"https:\/\/sunupost.com\/wp-content\/uploads\/2025\/09\/thumb_1260x800_68d6774e536a5_yw9FC1s2Ev.jpg","datePublished":"2025-09-26T13:24:19+00:00","breadcrumb":{"@id":"https:\/\/sunupost.com\/?p=11262#breadcrumb"},"inLanguage":"fr-FR","potentialAction":[{"@type":"ReadAction","target":["https:\/\/sunupost.com\/?p=11262"]}]},{"@type":"ImageObject","inLanguage":"fr-FR","@id":"https:\/\/sunupost.com\/?p=11262#primaryimage","url":"https:\/\/sunupost.com\/wp-content\/uploads\/2025\/09\/thumb_1260x800_68d6774e536a5_yw9FC1s2Ev.jpg","contentUrl":"https:\/\/sunupost.com\/wp-content\/uploads\/2025\/09\/thumb_1260x800_68d6774e536a5_yw9FC1s2Ev.jpg","width":1260,"height":800},{"@type":"BreadcrumbList","@id":"https:\/\/sunupost.com\/?p=11262#breadcrumb","itemListElement":[{"@type":"ListItem","position":1,"name":"Home","item":"https:\/\/sunupost.com\/"},{"@type":"ListItem","position":2,"name":"Noyade \u00e0 Gadaye : Deux ados fauch\u00e9s par la mer"}]},{"@type":"WebSite","@id":"https:\/\/sunupost.com\/#website","url":"https:\/\/sunupost.com\/","name":"SUNUPOST","description":"Pens\u00e9e libre","publisher":{"@id":"https:\/\/sunupost.com\/#organization"},"potentialAction":[{"@type":"SearchAction","target":{"@type":"EntryPoint","urlTemplate":"https:\/\/sunupost.com\/?s={search_term_string}"},"query-input":{"@type":"PropertyValueSpecification","valueRequired":true,"valueName":"search_term_string"}}],"inLanguage":"fr-FR"},{"@type":"Organization","@id":"https:\/\/sunupost.com\/#organization","name":"SUNUPOST","url":"https:\/\/sunupost.com\/","logo":{"@type":"ImageObject","inLanguage":"fr-FR","@id":"https:\/\/sunupost.com\/#\/schema\/logo\/image\/","url":"https:\/\/secureservercdn.net\/198.71.233.206\/17w.044.myftpupload.com\/wp-content\/uploads\/2020\/05\/Lancement.jpg?time=1639052812","contentUrl":"https:\/\/secureservercdn.net\/198.71.233.206\/17w.044.myftpupload.com\/wp-content\/uploads\/2020\/05\/Lancement.jpg?time=1639052812","width":300,"height":100,"caption":"SUNUPOST"},"image":{"@id":"https:\/\/sunupost.com\/#\/schema\/logo\/image\/"},"sameAs":["https:\/\/web.facebook.com\/Sunupost-101026658237468\/","https:\/\/x.com\/sunupost","https:\/\/www.instagram.com\/sunupost\/","https:\/\/www.youtube.com\/channel\/UCd7V7bCkLDOee8yr7CW4Dpw"]},{"@type":"Person","@id":"https:\/\/sunupost.com\/#\/schema\/person\/4180ce1fd5a5254dcccf3b93847e92fb","name":"Binta Ciss\u00e9","image":{"@type":"ImageObject","inLanguage":"fr-FR","@id":"https:\/\/secure.gravatar.com\/avatar\/d7ec4285e9eacdc893e9d8cea0ea6a1ff0a32ecab53f42d0bbe410001c3be0be?s=96&d=mm&r=g","url":"https:\/\/secure.gravatar.com\/avatar\/d7ec4285e9eacdc893e9d8cea0ea6a1ff0a32ecab53f42d0bbe410001c3be0be?s=96&d=mm&r=g","contentUrl":"https:\/\/secure.gravatar.com\/avatar\/d7ec4285e9eacdc893e9d8cea0ea6a1ff0a32ecab53f42d0bbe410001c3be0be?s=96&d=mm&r=g","caption":"Binta Ciss\u00e9"},"url":"https:\/\/sunupost.com\/?author=19"}]}},"_links":{"self":[{"href":"https:\/\/sunupost.com\/index.php?rest_route=\/wp\/v2\/posts\/11262","targetHints":{"allow":["GET"]}}],"collection":[{"href":"https:\/\/sunupost.com\/index.php?rest_route=\/wp\/v2\/posts"}],"about":[{"href":"https:\/\/sunupost.com\/index.php?rest_route=\/wp\/v2\/types\/post"}],"author":[{"embeddable":true,"href":"https:\/\/sunupost.com\/index.php?rest_route=\/wp\/v2\/users\/19"}],"replies":[{"embeddable":true,"href":"https:\/\/sunupost.com\/index.php?rest_route=%2Fwp%2Fv2%2Fcomments&post=11262"}],"version-history":[{"count":2,"href":"https:\/\/sunupost.com\/index.php?rest_route=\/wp\/v2\/posts\/11262\/revisions"}],"predecessor-version":[{"id":11265,"href":"https:\/\/sunupost.com\/index.php?rest_route=\/wp\/v2\/posts\/11262\/revisions\/11265"}],"wp:featuredmedia":[{"embeddable":true,"href":"https:\/\/sunupost.com\/index.php?rest_route=\/wp\/v2\/media\/11264"}],"wp:attachment":[{"href":"https:\/\/sunupost.com\/index.php?rest_route=%2Fwp%2Fv2%2Fmedia&parent=11262"}],"wp:term":[{"taxonomy":"category","embeddable":true,"href":"https:\/\/sunupost.com\/index.php?rest_route=%2Fwp%2Fv2%2Fcategories&post=11262"},{"taxonomy":"post_tag","embeddable":true,"href":"https:\/\/sunupost.com\/index.php?rest_route=%2Fwp%2Fv2%2Ftags&post=11262"}],"curies":[{"name":"wp","href":"https:\/\/api.w.org\/{rel}","templated":true}]}}