{"id":11418,"date":"2025-10-06T01:37:57","date_gmt":"2025-10-06T01:37:57","guid":{"rendered":"https:\/\/sunupost.com\/?p=11418"},"modified":"2025-10-06T08:47:53","modified_gmt":"2025-10-06T08:47:53","slug":"visite-du-ministre-de-leducation-nationale-a-foundiougne-moustapha-guirassy-annonce-la-relance-des-travaux-du-lycee-apres-une-decennie","status":"publish","type":"post","link":"https:\/\/sunupost.com\/?p=11418","title":{"rendered":"Visite du ministre de l\u2019\u00c9ducation nationale \u00e0 Foundiougne : Moustapha Guirassy annonce la relance des travaux du lyc\u00e9e apr\u00e8s une d\u00e9cennie"},"content":{"rendered":"<p><!--StartFragment--><\/p>\n<p class=\"MsoNormal\"><b>Apres plus de 10 ans d\u2019attente pour que les travaux du lyc\u00e9e de foundiougne soit termin\u00e9, le ministre de l\u2019\u00e9ducation nationale a visit\u00e9 hier le dit \u00e9tablissement. Sur place, il promet la R\u00e9habilitation du lyc\u00e9e soit enfin une r\u00e9alit\u00e9 et annonce que l\u2019\u00c9tat \u00e0 d\u00e9j\u00e0 d\u00e9bours\u00e9 les fonds n\u00e9cessaires pour la relance du chantier.\u00a0<\/b><\/p>\n<p class=\"MsoNormal\"><span style=\"mso-spacerun: yes;\">\u00a0<\/span>C\u2019est un grand soupir de soulagement pour toute la Communaut\u00e9 \u00e9ducative de Foundiougne. Apr\u00e8s 13 ans <span style=\"mso-spacerun: yes;\">\u00a0<\/span>d\u2019attente et de d\u00e9sespoir, le Ministre de l\u2019\u00c9ducation nationale, Moustapha Guirassy, a annonc\u00e9 le d\u00e9marrage Imminent des travaux de r\u00e9habilitation du lyc\u00e9e de Foundiougne, ferm\u00e9 depuis plusieurs ann\u00e9es en raison de menaces d\u2019effondrement. Cette annonce a \u00e9t\u00e9 faite en marge du lancement de la Semaine nationale de la propret\u00e9 dans la R\u00e9gion de Fatick. Ce projet a r\u00e9sonn\u00e9 comme un signal fort de la volont\u00e9 du gouvernement de redonner Espoir \u00e0 une population longtemps \u00e9prouv\u00e9e par l\u2019abandon d\u2019une infrastructure embl\u00e9matique d e la r\u00e9gion.<\/p>\n<p class=\"MsoNormal\">En effet, ma r\u00e9habilitation du lyc\u00e9e de Foundiougne est une vieille dol\u00e9ance. \u00ab\u00a0Les travaux avait d\u00e9marr\u00e9 en 2013 et, en 2025, rien n\u2019\u00e9tait encore fonctionnel. Ce cauchemar prend fin \u00bb, a inform\u00e9 <span style=\"mso-spacerun: yes;\">\u00a0<\/span>le ministre devant les autorit\u00e9s acad\u00e9miques, administratives et les acteurs<\/p>\n<p class=\"MsoNormal\">Communautaires, visiblement \u00e9mus.<\/p>\n<p class=\"MsoNormal\">Moustapha Guirassy a soulign\u00e9 que l\u2019\u00c9tat a d\u00e9j\u00e0 \u00ab\u00a0mobilis\u00e9 les ressources n\u00e9cessaires pour la relance du chantier\u00a0\u00bb. Le processus de passation de march\u00e9 a \u00e9t\u00e9 enti\u00e8rement boucl\u00e9, et l\u2019entreprise charg\u00e9e des travaux identifi\u00e9e, informe-t-il. \u00ab Dix ans qu\u2019on n\u2019arrivait pas \u00e0 stabiliser ce projet. Le d\u00e9marrage des travaux sera une grande nouvelle pour une population r\u00e9siliente \u00bb, a-t-il<\/p>\n<p class=\"MsoNormal\">ajout\u00e9, sous les applaudissements nourris de l\u2019assistance.<\/p>\n<p class=\"MsoNormal\">Le ministre a \u00e9galement tenu \u00e0 rappeler que cette d\u00e9cision s\u2019inscrit dans une dynamique Nationale de transformation profonde du syst\u00e8me \u00e9ducatif, o\u00f9 la dignit\u00e9 des apprenants et la S\u00e9curit\u00e9 des infrastructures deviennent une priorit\u00e9 absolue.<\/p>\n<p class=\"MsoNormal\">Toutefois, les enseignants ont salu\u00e9 cette initiative. Selon leur porte parole, Issa Faye, l\u2019engagement du ministre est \u00e0 magnifi\u00e9. Il a remarqu\u00e9 <span style=\"mso-spacerun: yes;\">\u00a0<\/span>l\u2019impact du d\u00e9labrement du lyc\u00e9e sur les performances scolaires. \u00ab Nous travaillons dans des conditions tr\u00e8s difficiles. Nos r\u00e9sultats sont pass\u00e9s de 89 % \u00e0 67 % en six ans. Ce projet de r\u00e9habilitation redonne espoir \u00e0 toute la Communaut\u00e9 \u00e9ducative. <span style=\"mso-spacerun: yes;\">\u00a0<\/span>En redonnant vie \u00e0 ce symbole d\u2019apprentissage, Moustapha Guirassy a surtout redonn\u00e9<\/p>\n<p class=\"MsoNormal\">Confiance \u00e0 toute une g\u00e9n\u00e9ration \u00bb, a-t-il soulign\u00e9.<\/p>\n<p class=\"MsoNormal\"><span style=\"mso-spacerun: yes;\">\u00a0\u00a0 <\/span>la r\u00e9habilitation du lyc\u00e9e est pour les habitants de Foundiougne , un acte de justice et un geste de reconnaissance.<\/p>\n<p><!--EndFragment--><\/p>\n","protected":false},"excerpt":{"rendered":"<p>Apres plus de 10 ans d\u2019attente pour que les travaux du lyc\u00e9e de foundiougne soit termin\u00e9, le ministre de l\u2019\u00e9ducation nationale a visit\u00e9 hier le&#8230;<\/p>\n","protected":false},"author":19,"featured_media":11434,"comment_status":"open","ping_status":"open","sticky":false,"template":"","format":"standard","meta":{"_coblocks_attr":"","_coblocks_dimensions":"","_coblocks_responsive_height":"","_coblocks_accordion_ie_support":"","_monsterinsights_skip_tracking":false,"_monsterinsights_sitenote_active":false,"_monsterinsights_sitenote_note":"","_monsterinsights_sitenote_category":0,"h5ap_radio_sources":[],"footnotes":""},"categories":[15],"tags":[],"class_list":["post-11418","post","type-post","status-publish","format-standard","has-post-thumbnail","hentry","category-a-la-une","wpcat-15-id"],"yoast_head":"<!-- This site is optimized with the Yoast SEO plugin v27.4 - https:\/\/yoast.com\/product\/yoast-seo-wordpress\/ -->\n<title>Visite du ministre de l\u2019\u00c9ducation nationale \u00e0 Foundiougne : Moustapha Guirassy annonce la relance des travaux du lyc\u00e9e apr\u00e8s une d\u00e9cennie - SUNUPOST<\/title>\n<meta name=\"robots\" content=\"index, follow, max-snippet:-1, max-image-preview:large, max-video-preview:-1\" \/>\n<link rel=\"canonical\" href=\"https:\/\/sunupost.com\/?p=11418\" \/>\n<meta property=\"og:locale\" content=\"fr_FR\" \/>\n<meta property=\"og:type\" content=\"article\" \/>\n<meta property=\"og:title\" content=\"Visite du ministre de l\u2019\u00c9ducation nationale \u00e0 Foundiougne : Moustapha Guirassy annonce la relance des travaux du lyc\u00e9e apr\u00e8s une d\u00e9cennie - SUNUPOST\" \/>\n<meta property=\"og:description\" content=\"Apres plus de 10 ans d\u2019attente pour que les travaux du lyc\u00e9e de foundiougne soit termin\u00e9, le ministre de l\u2019\u00e9ducation nationale a visit\u00e9 hier le...\" \/>\n<meta property=\"og:url\" content=\"https:\/\/sunupost.com\/?p=11418\" \/>\n<meta property=\"og:site_name\" content=\"SUNUPOST\" \/>\n<meta property=\"article:publisher\" content=\"https:\/\/web.facebook.com\/Sunupost-101026658237468\/\" \/>\n<meta property=\"article:published_time\" content=\"2025-10-06T01:37:57+00:00\" \/>\n<meta property=\"article:modified_time\" content=\"2025-10-06T08:47:53+00:00\" \/>\n<meta property=\"og:image\" content=\"https:\/\/sunupost.com\/wp-content\/uploads\/2025\/10\/guirassy.jpg\" \/>\n\t<meta property=\"og:image:width\" content=\"709\" \/>\n\t<meta property=\"og:image:height\" content=\"600\" \/>\n\t<meta property=\"og:image:type\" content=\"image\/jpeg\" \/>\n<meta name=\"author\" content=\"Binta Ciss\u00e9\" \/>\n<meta name=\"twitter:card\" content=\"summary_large_image\" \/>\n<meta name=\"twitter:creator\" content=\"@sunupost\" \/>\n<meta name=\"twitter:site\" content=\"@sunupost\" \/>\n<meta name=\"twitter:label1\" content=\"\u00c9crit par\" \/>\n\t<meta name=\"twitter:data1\" content=\"Binta Ciss\u00e9\" \/>\n\t<meta name=\"twitter:label2\" content=\"Dur\u00e9e de lecture estim\u00e9e\" \/>\n\t<meta name=\"twitter:data2\" content=\"2 minutes\" \/>\n<script type=\"application\/ld+json\" class=\"yoast-schema-graph\">{\"@context\":\"https:\\\/\\\/schema.org\",\"@graph\":[{\"@type\":\"Article\",\"@id\":\"https:\\\/\\\/sunupost.com\\\/?p=11418#article\",\"isPartOf\":{\"@id\":\"https:\\\/\\\/sunupost.com\\\/?p=11418\"},\"author\":{\"name\":\"Binta Ciss\u00e9\",\"@id\":\"https:\\\/\\\/sunupost.com\\\/#\\\/schema\\\/person\\\/4180ce1fd5a5254dcccf3b93847e92fb\"},\"headline\":\"Visite du ministre de l\u2019\u00c9ducation nationale \u00e0 Foundiougne : Moustapha Guirassy annonce la relance des travaux du lyc\u00e9e apr\u00e8s une d\u00e9cennie\",\"datePublished\":\"2025-10-06T01:37:57+00:00\",\"dateModified\":\"2025-10-06T08:47:53+00:00\",\"mainEntityOfPage\":{\"@id\":\"https:\\\/\\\/sunupost.com\\\/?p=11418\"},\"wordCount\":465,\"commentCount\":11,\"publisher\":{\"@id\":\"https:\\\/\\\/sunupost.com\\\/#organization\"},\"image\":{\"@id\":\"https:\\\/\\\/sunupost.com\\\/?p=11418#primaryimage\"},\"thumbnailUrl\":\"https:\\\/\\\/sunupost.com\\\/wp-content\\\/uploads\\\/2025\\\/10\\\/guirassy.jpg\",\"articleSection\":[\"A LA UNE\"],\"inLanguage\":\"fr-FR\",\"potentialAction\":[{\"@type\":\"CommentAction\",\"name\":\"Comment\",\"target\":[\"https:\\\/\\\/sunupost.com\\\/?p=11418#respond\"]}]},{\"@type\":\"WebPage\",\"@id\":\"https:\\\/\\\/sunupost.com\\\/?p=11418\",\"url\":\"https:\\\/\\\/sunupost.com\\\/?p=11418\",\"name\":\"Visite du ministre de l\u2019\u00c9ducation nationale \u00e0 Foundiougne : Moustapha Guirassy annonce la relance des travaux du lyc\u00e9e apr\u00e8s une d\u00e9cennie - SUNUPOST\",\"isPartOf\":{\"@id\":\"https:\\\/\\\/sunupost.com\\\/#website\"},\"primaryImageOfPage\":{\"@id\":\"https:\\\/\\\/sunupost.com\\\/?p=11418#primaryimage\"},\"image\":{\"@id\":\"https:\\\/\\\/sunupost.com\\\/?p=11418#primaryimage\"},\"thumbnailUrl\":\"https:\\\/\\\/sunupost.com\\\/wp-content\\\/uploads\\\/2025\\\/10\\\/guirassy.jpg\",\"datePublished\":\"2025-10-06T01:37:57+00:00\",\"dateModified\":\"2025-10-06T08:47:53+00:00\",\"breadcrumb\":{\"@id\":\"https:\\\/\\\/sunupost.com\\\/?p=11418#breadcrumb\"},\"inLanguage\":\"fr-FR\",\"potentialAction\":[{\"@type\":\"ReadAction\",\"target\":[\"https:\\\/\\\/sunupost.com\\\/?p=11418\"]}]},{\"@type\":\"ImageObject\",\"inLanguage\":\"fr-FR\",\"@id\":\"https:\\\/\\\/sunupost.com\\\/?p=11418#primaryimage\",\"url\":\"https:\\\/\\\/sunupost.com\\\/wp-content\\\/uploads\\\/2025\\\/10\\\/guirassy.jpg\",\"contentUrl\":\"https:\\\/\\\/sunupost.com\\\/wp-content\\\/uploads\\\/2025\\\/10\\\/guirassy.jpg\",\"width\":709,\"height\":600},{\"@type\":\"BreadcrumbList\",\"@id\":\"https:\\\/\\\/sunupost.com\\\/?p=11418#breadcrumb\",\"itemListElement\":[{\"@type\":\"ListItem\",\"position\":1,\"name\":\"Home\",\"item\":\"https:\\\/\\\/sunupost.com\\\/\"},{\"@type\":\"ListItem\",\"position\":2,\"name\":\"Visite du ministre de l\u2019\u00c9ducation nationale \u00e0 Foundiougne : Moustapha Guirassy annonce la relance des travaux du lyc\u00e9e apr\u00e8s une d\u00e9cennie\"}]},{\"@type\":\"WebSite\",\"@id\":\"https:\\\/\\\/sunupost.com\\\/#website\",\"url\":\"https:\\\/\\\/sunupost.com\\\/\",\"name\":\"SUNUPOST\",\"description\":\"Pens\u00e9e libre\",\"publisher\":{\"@id\":\"https:\\\/\\\/sunupost.com\\\/#organization\"},\"potentialAction\":[{\"@type\":\"SearchAction\",\"target\":{\"@type\":\"EntryPoint\",\"urlTemplate\":\"https:\\\/\\\/sunupost.com\\\/?s={search_term_string}\"},\"query-input\":{\"@type\":\"PropertyValueSpecification\",\"valueRequired\":true,\"valueName\":\"search_term_string\"}}],\"inLanguage\":\"fr-FR\"},{\"@type\":\"Organization\",\"@id\":\"https:\\\/\\\/sunupost.com\\\/#organization\",\"name\":\"SUNUPOST\",\"url\":\"https:\\\/\\\/sunupost.com\\\/\",\"logo\":{\"@type\":\"ImageObject\",\"inLanguage\":\"fr-FR\",\"@id\":\"https:\\\/\\\/sunupost.com\\\/#\\\/schema\\\/logo\\\/image\\\/\",\"url\":\"https:\\\/\\\/secureservercdn.net\\\/198.71.233.206\\\/17w.044.myftpupload.com\\\/wp-content\\\/uploads\\\/2020\\\/05\\\/Lancement.jpg?time=1639052812\",\"contentUrl\":\"https:\\\/\\\/secureservercdn.net\\\/198.71.233.206\\\/17w.044.myftpupload.com\\\/wp-content\\\/uploads\\\/2020\\\/05\\\/Lancement.jpg?time=1639052812\",\"width\":300,\"height\":100,\"caption\":\"SUNUPOST\"},\"image\":{\"@id\":\"https:\\\/\\\/sunupost.com\\\/#\\\/schema\\\/logo\\\/image\\\/\"},\"sameAs\":[\"https:\\\/\\\/web.facebook.com\\\/Sunupost-101026658237468\\\/\",\"https:\\\/\\\/x.com\\\/sunupost\",\"https:\\\/\\\/www.instagram.com\\\/sunupost\\\/\",\"https:\\\/\\\/www.youtube.com\\\/channel\\\/UCd7V7bCkLDOee8yr7CW4Dpw\"]},{\"@type\":\"Person\",\"@id\":\"https:\\\/\\\/sunupost.com\\\/#\\\/schema\\\/person\\\/4180ce1fd5a5254dcccf3b93847e92fb\",\"name\":\"Binta Ciss\u00e9\",\"image\":{\"@type\":\"ImageObject\",\"inLanguage\":\"fr-FR\",\"@id\":\"https:\\\/\\\/secure.gravatar.com\\\/avatar\\\/d7ec4285e9eacdc893e9d8cea0ea6a1ff0a32ecab53f42d0bbe410001c3be0be?s=96&d=mm&r=g\",\"url\":\"https:\\\/\\\/secure.gravatar.com\\\/avatar\\\/d7ec4285e9eacdc893e9d8cea0ea6a1ff0a32ecab53f42d0bbe410001c3be0be?s=96&d=mm&r=g\",\"contentUrl\":\"https:\\\/\\\/secure.gravatar.com\\\/avatar\\\/d7ec4285e9eacdc893e9d8cea0ea6a1ff0a32ecab53f42d0bbe410001c3be0be?s=96&d=mm&r=g\",\"caption\":\"Binta Ciss\u00e9\"},\"url\":\"https:\\\/\\\/sunupost.com\\\/?author=19\"}]}<\/script>\n<!-- \/ Yoast SEO plugin. -->","yoast_head_json":{"title":"Visite du ministre de l\u2019\u00c9ducation nationale \u00e0 Foundiougne : Moustapha Guirassy annonce la relance des travaux du lyc\u00e9e apr\u00e8s une d\u00e9cennie - SUNUPOST","robots":{"index":"index","follow":"follow","max-snippet":"max-snippet:-1","max-image-preview":"max-image-preview:large","max-video-preview":"max-video-preview:-1"},"canonical":"https:\/\/sunupost.com\/?p=11418","og_locale":"fr_FR","og_type":"article","og_title":"Visite du ministre de l\u2019\u00c9ducation nationale \u00e0 Foundiougne : Moustapha Guirassy annonce la relance des travaux du lyc\u00e9e apr\u00e8s une d\u00e9cennie - SUNUPOST","og_description":"Apres plus de 10 ans d\u2019attente pour que les travaux du lyc\u00e9e de foundiougne soit termin\u00e9, le ministre de l\u2019\u00e9ducation nationale a visit\u00e9 hier le...","og_url":"https:\/\/sunupost.com\/?p=11418","og_site_name":"SUNUPOST","article_publisher":"https:\/\/web.facebook.com\/Sunupost-101026658237468\/","article_published_time":"2025-10-06T01:37:57+00:00","article_modified_time":"2025-10-06T08:47:53+00:00","og_image":[{"width":709,"height":600,"url":"https:\/\/sunupost.com\/wp-content\/uploads\/2025\/10\/guirassy.jpg","type":"image\/jpeg"}],"author":"Binta Ciss\u00e9","twitter_card":"summary_large_image","twitter_creator":"@sunupost","twitter_site":"@sunupost","twitter_misc":{"\u00c9crit par":"Binta Ciss\u00e9","Dur\u00e9e de lecture estim\u00e9e":"2 minutes"},"schema":{"@context":"https:\/\/schema.org","@graph":[{"@type":"Article","@id":"https:\/\/sunupost.com\/?p=11418#article","isPartOf":{"@id":"https:\/\/sunupost.com\/?p=11418"},"author":{"name":"Binta Ciss\u00e9","@id":"https:\/\/sunupost.com\/#\/schema\/person\/4180ce1fd5a5254dcccf3b93847e92fb"},"headline":"Visite du ministre de l\u2019\u00c9ducation nationale \u00e0 Foundiougne : Moustapha Guirassy annonce la relance des travaux du lyc\u00e9e apr\u00e8s une d\u00e9cennie","datePublished":"2025-10-06T01:37:57+00:00","dateModified":"2025-10-06T08:47:53+00:00","mainEntityOfPage":{"@id":"https:\/\/sunupost.com\/?p=11418"},"wordCount":465,"commentCount":11,"publisher":{"@id":"https:\/\/sunupost.com\/#organization"},"image":{"@id":"https:\/\/sunupost.com\/?p=11418#primaryimage"},"thumbnailUrl":"https:\/\/sunupost.com\/wp-content\/uploads\/2025\/10\/guirassy.jpg","articleSection":["A LA UNE"],"inLanguage":"fr-FR","potentialAction":[{"@type":"CommentAction","name":"Comment","target":["https:\/\/sunupost.com\/?p=11418#respond"]}]},{"@type":"WebPage","@id":"https:\/\/sunupost.com\/?p=11418","url":"https:\/\/sunupost.com\/?p=11418","name":"Visite du ministre de l\u2019\u00c9ducation nationale \u00e0 Foundiougne : Moustapha Guirassy annonce la relance des travaux du lyc\u00e9e apr\u00e8s une d\u00e9cennie - SUNUPOST","isPartOf":{"@id":"https:\/\/sunupost.com\/#website"},"primaryImageOfPage":{"@id":"https:\/\/sunupost.com\/?p=11418#primaryimage"},"image":{"@id":"https:\/\/sunupost.com\/?p=11418#primaryimage"},"thumbnailUrl":"https:\/\/sunupost.com\/wp-content\/uploads\/2025\/10\/guirassy.jpg","datePublished":"2025-10-06T01:37:57+00:00","dateModified":"2025-10-06T08:47:53+00:00","breadcrumb":{"@id":"https:\/\/sunupost.com\/?p=11418#breadcrumb"},"inLanguage":"fr-FR","potentialAction":[{"@type":"ReadAction","target":["https:\/\/sunupost.com\/?p=11418"]}]},{"@type":"ImageObject","inLanguage":"fr-FR","@id":"https:\/\/sunupost.com\/?p=11418#primaryimage","url":"https:\/\/sunupost.com\/wp-content\/uploads\/2025\/10\/guirassy.jpg","contentUrl":"https:\/\/sunupost.com\/wp-content\/uploads\/2025\/10\/guirassy.jpg","width":709,"height":600},{"@type":"BreadcrumbList","@id":"https:\/\/sunupost.com\/?p=11418#breadcrumb","itemListElement":[{"@type":"ListItem","position":1,"name":"Home","item":"https:\/\/sunupost.com\/"},{"@type":"ListItem","position":2,"name":"Visite du ministre de l\u2019\u00c9ducation nationale \u00e0 Foundiougne : Moustapha Guirassy annonce la relance des travaux du lyc\u00e9e apr\u00e8s une d\u00e9cennie"}]},{"@type":"WebSite","@id":"https:\/\/sunupost.com\/#website","url":"https:\/\/sunupost.com\/","name":"SUNUPOST","description":"Pens\u00e9e libre","publisher":{"@id":"https:\/\/sunupost.com\/#organization"},"potentialAction":[{"@type":"SearchAction","target":{"@type":"EntryPoint","urlTemplate":"https:\/\/sunupost.com\/?s={search_term_string}"},"query-input":{"@type":"PropertyValueSpecification","valueRequired":true,"valueName":"search_term_string"}}],"inLanguage":"fr-FR"},{"@type":"Organization","@id":"https:\/\/sunupost.com\/#organization","name":"SUNUPOST","url":"https:\/\/sunupost.com\/","logo":{"@type":"ImageObject","inLanguage":"fr-FR","@id":"https:\/\/sunupost.com\/#\/schema\/logo\/image\/","url":"https:\/\/secureservercdn.net\/198.71.233.206\/17w.044.myftpupload.com\/wp-content\/uploads\/2020\/05\/Lancement.jpg?time=1639052812","contentUrl":"https:\/\/secureservercdn.net\/198.71.233.206\/17w.044.myftpupload.com\/wp-content\/uploads\/2020\/05\/Lancement.jpg?time=1639052812","width":300,"height":100,"caption":"SUNUPOST"},"image":{"@id":"https:\/\/sunupost.com\/#\/schema\/logo\/image\/"},"sameAs":["https:\/\/web.facebook.com\/Sunupost-101026658237468\/","https:\/\/x.com\/sunupost","https:\/\/www.instagram.com\/sunupost\/","https:\/\/www.youtube.com\/channel\/UCd7V7bCkLDOee8yr7CW4Dpw"]},{"@type":"Person","@id":"https:\/\/sunupost.com\/#\/schema\/person\/4180ce1fd5a5254dcccf3b93847e92fb","name":"Binta Ciss\u00e9","image":{"@type":"ImageObject","inLanguage":"fr-FR","@id":"https:\/\/secure.gravatar.com\/avatar\/d7ec4285e9eacdc893e9d8cea0ea6a1ff0a32ecab53f42d0bbe410001c3be0be?s=96&d=mm&r=g","url":"https:\/\/secure.gravatar.com\/avatar\/d7ec4285e9eacdc893e9d8cea0ea6a1ff0a32ecab53f42d0bbe410001c3be0be?s=96&d=mm&r=g","contentUrl":"https:\/\/secure.gravatar.com\/avatar\/d7ec4285e9eacdc893e9d8cea0ea6a1ff0a32ecab53f42d0bbe410001c3be0be?s=96&d=mm&r=g","caption":"Binta Ciss\u00e9"},"url":"https:\/\/sunupost.com\/?author=19"}]}},"_links":{"self":[{"href":"https:\/\/sunupost.com\/index.php?rest_route=\/wp\/v2\/posts\/11418","targetHints":{"allow":["GET"]}}],"collection":[{"href":"https:\/\/sunupost.com\/index.php?rest_route=\/wp\/v2\/posts"}],"about":[{"href":"https:\/\/sunupost.com\/index.php?rest_route=\/wp\/v2\/types\/post"}],"author":[{"embeddable":true,"href":"https:\/\/sunupost.com\/index.php?rest_route=\/wp\/v2\/users\/19"}],"replies":[{"embeddable":true,"href":"https:\/\/sunupost.com\/index.php?rest_route=%2Fwp%2Fv2%2Fcomments&post=11418"}],"version-history":[{"count":2,"href":"https:\/\/sunupost.com\/index.php?rest_route=\/wp\/v2\/posts\/11418\/revisions"}],"predecessor-version":[{"id":11435,"href":"https:\/\/sunupost.com\/index.php?rest_route=\/wp\/v2\/posts\/11418\/revisions\/11435"}],"wp:featuredmedia":[{"embeddable":true,"href":"https:\/\/sunupost.com\/index.php?rest_route=\/wp\/v2\/media\/11434"}],"wp:attachment":[{"href":"https:\/\/sunupost.com\/index.php?rest_route=%2Fwp%2Fv2%2Fmedia&parent=11418"}],"wp:term":[{"taxonomy":"category","embeddable":true,"href":"https:\/\/sunupost.com\/index.php?rest_route=%2Fwp%2Fv2%2Fcategories&post=11418"},{"taxonomy":"post_tag","embeddable":true,"href":"https:\/\/sunupost.com\/index.php?rest_route=%2Fwp%2Fv2%2Ftags&post=11418"}],"curies":[{"name":"wp","href":"https:\/\/api.w.org\/{rel}","templated":true}]}}