{"id":11472,"date":"2025-10-07T23:40:55","date_gmt":"2025-10-07T23:40:55","guid":{"rendered":"https:\/\/sunupost.com\/?p=11472"},"modified":"2025-10-07T23:41:32","modified_gmt":"2025-10-07T23:41:32","slug":"meeting-de-bergame-tas-recoit-les-honneurs-de-la-communaute-foulbe-et-rallie-la-diaspora-a-lideal-de-la-republique-des-valeurs-reewum-ngo","status":"publish","type":"post","link":"https:\/\/sunupost.com\/?p=11472","title":{"rendered":"MEETING DE BERGAME : TAS re\u00e7oit les honneurs de la communaut\u00e9 Foulb\u00e9 et rallie la diaspora \u00e0 l\u2019id\u00e9al de la R\u00e9publique des Valeurs\/R\u00e9ewum Ngo"},"content":{"rendered":"<p>Dans le cadre de sa tourn\u00e9e europ\u00e9enne, l\u2019honorable d\u00e9put\u00e9 Thierno Alassane Sall, pr\u00e9sident du parti La R\u00e9publique des Valeurs\/R\u00e9ewum Ngor, a \u00e9t\u00e9 l\u2019invit\u00e9 d\u2019honneur de la communaut\u00e9 Foulb\u00e9 de Bergame, qui lui a rendu un vibrant hommage empreint de respect et de reconnaissance.<\/p>\n<p>&nbsp;<\/p>\n<p>\u00c0 un moment o\u00f9 le S\u00e9n\u00e9gal traverse une p\u00e9riode d\u2019extr\u00eame fragilit\u00e9, marqu\u00e9e par la prolif\u00e9ration de discours haineux, la mont\u00e9e des d\u00e9rives ethnicistes et la banalisation des arrestations arbitraires, la voix de Thierno Alassane Sall s\u2019\u00e9l\u00e8ve avec force et dignit\u00e9. Dans ce climat d\u2019intimidation et de confusion morale, il incarne cette rare esp\u00e8ce d\u2019hommes d\u2019\u00c9tat qui savent allier la fermet\u00e9 des convictions \u00e0 la retenue du verbe, et la rigueur de la pens\u00e9e \u00e0 l\u2019humilit\u00e9 du service.<\/p>\n<p>&nbsp;<\/p>\n<p>\u00ab Il n\u2019a ni l\u2019insulte \u00e0 la bouche, ni l\u2019arrogance dans le geste. C\u2019est un homme politique constant, fid\u00e8le \u00e0 ses principes, profond\u00e9ment attach\u00e9 \u00e0 la v\u00e9rit\u00e9 et au bien-\u00eatre de son peuple \u00bb, t\u00e9moigne un membre \u00e9mu de la communaut\u00e9.<\/p>\n<p>&nbsp;<\/p>\n<p>Depuis son arriv\u00e9e en Italie, le leader de La R\u00e9publique des Valeurs\/R\u00e9ewum Ngor a multipli\u00e9 les rencontres avec les associations culturelles, religieuses et citoyennes, dans un dialogue direct et fraternel avec les S\u00e9n\u00e9galais de la diaspora. Ces \u00e9changes, riches et sinc\u00e8res, ont r\u00e9v\u00e9l\u00e9 une r\u00e9alit\u00e9 \u00e9clatante : les S\u00e9n\u00e9galais de l\u2019ext\u00e9rieur adh\u00e8rent en masse au discours lucide et int\u00e8gre de Thierno Alassane Sall. De Milan \u00e0 Bergame, de Paris \u00e0 Bruxelles, nombreux sont ceux qui frappent \u00e0 la porte de son parti, d\u00e9sireux de prendre part activement \u00e0 la refondation morale et politique de la Nation.<\/p>\n<p>&nbsp;<\/p>\n<p>Lors du meeting de Bergame, ce 4 octobre, Thierno Alassane Sall a dress\u00e9 un diagnostic sans complaisance de la situation nationale : l\u2019\u00e9conomie \u00e0 l\u2019agonie, la d\u00e9tresse des sinistr\u00e9s des inondations, la pr\u00e9carit\u00e9 des familles, le d\u00e9sespoir des jeunes livr\u00e9s au ch\u00f4mage et \u00e0 l\u2019exil forc\u00e9.<\/p>\n<p>&nbsp;<\/p>\n<p>\u00ab Ce qui m\u2019inqui\u00e8te le plus, a-t-il d\u00e9clar\u00e9, c\u2019est l\u2019incapacit\u00e9 manifeste de ce r\u00e9gime \u00e0 \u00e9couter les souffrances de son peuple. Ce qui s\u2019est produit \u00e0 Diamel rel\u00e8ve d\u2019une non-assistance \u00e0 population en danger. Il est temps que la responsabilit\u00e9 publique retrouve son sens premier : servir et prot\u00e9ger. \u00bb<\/p>\n<p>&nbsp;<\/p>\n<p>En recevant une distinction de haute consid\u00e9ration, Thierno Alassane Sall a exprim\u00e9 toute sa gratitude \u00e0 la communaut\u00e9 Foulb\u00e9 de Bergame, et au-del\u00e0, \u00e0 l\u2019ensemble des S\u00e9n\u00e9galais de la diaspora qui, par leur lucidit\u00e9 et leur patriotisme, refusent de se r\u00e9signer.<\/p>\n<p>Il les a appel\u00e9s \u00e0 s\u2019unir autour du combat noble et pacifique pour un S\u00e9n\u00e9gal r\u00e9concili\u00e9 avec ses valeurs, sa justice et son avenir.<\/p>\n<p>&nbsp;<\/p>\n<p>Sa tourn\u00e9e europ\u00e9enne se poursuit avec les \u00e9tapes de Mantes-la-Jolie, Les Mureaux et Le Havre ce week-end.<\/p>\n<p>D\u00e8s demain, il \u00e9changera avec de nombreux jeunes S\u00e9n\u00e9galais au restaurant Le Thiapathioly, dans le 18\u1d49 arrondissement de Paris, pour continuer de b\u00e2tir, avec eux, l\u2019espoir et l\u2019action.<\/p>\n","protected":false},"excerpt":{"rendered":"<p>Dans le cadre de sa tourn\u00e9e europ\u00e9enne, l\u2019honorable d\u00e9put\u00e9 Thierno Alassane Sall, pr\u00e9sident du parti La R\u00e9publique des Valeurs\/R\u00e9ewum Ngor, a \u00e9t\u00e9 l\u2019invit\u00e9 d\u2019honneur de&#8230;<\/p>\n","protected":false},"author":19,"featured_media":11473,"comment_status":"open","ping_status":"open","sticky":false,"template":"","format":"standard","meta":{"_coblocks_attr":"","_coblocks_dimensions":"","_coblocks_responsive_height":"","_coblocks_accordion_ie_support":"","_monsterinsights_skip_tracking":false,"_monsterinsights_sitenote_active":false,"_monsterinsights_sitenote_note":"","_monsterinsights_sitenote_category":0,"h5ap_radio_sources":[],"footnotes":""},"categories":[15],"tags":[],"class_list":["post-11472","post","type-post","status-publish","format-standard","has-post-thumbnail","hentry","category-a-la-une","wpcat-15-id"],"yoast_head":"<!-- This site is optimized with the Yoast SEO plugin v27.4 - https:\/\/yoast.com\/product\/yoast-seo-wordpress\/ -->\n<title>MEETING DE BERGAME : TAS re\u00e7oit les honneurs de la communaut\u00e9 Foulb\u00e9 et rallie la diaspora \u00e0 l\u2019id\u00e9al de la R\u00e9publique des Valeurs\/R\u00e9ewum Ngo - SUNUPOST<\/title>\n<meta name=\"robots\" content=\"index, follow, max-snippet:-1, max-image-preview:large, max-video-preview:-1\" \/>\n<link rel=\"canonical\" href=\"https:\/\/sunupost.com\/?p=11472\" \/>\n<meta property=\"og:locale\" content=\"fr_FR\" \/>\n<meta property=\"og:type\" content=\"article\" \/>\n<meta property=\"og:title\" content=\"MEETING DE BERGAME : TAS re\u00e7oit les honneurs de la communaut\u00e9 Foulb\u00e9 et rallie la diaspora \u00e0 l\u2019id\u00e9al de la R\u00e9publique des Valeurs\/R\u00e9ewum Ngo - SUNUPOST\" \/>\n<meta property=\"og:description\" content=\"Dans le cadre de sa tourn\u00e9e europ\u00e9enne, l\u2019honorable d\u00e9put\u00e9 Thierno Alassane Sall, pr\u00e9sident du parti La R\u00e9publique des Valeurs\/R\u00e9ewum Ngor, a \u00e9t\u00e9 l\u2019invit\u00e9 d\u2019honneur de...\" \/>\n<meta property=\"og:url\" content=\"https:\/\/sunupost.com\/?p=11472\" \/>\n<meta property=\"og:site_name\" content=\"SUNUPOST\" \/>\n<meta property=\"article:publisher\" content=\"https:\/\/web.facebook.com\/Sunupost-101026658237468\/\" \/>\n<meta property=\"article:published_time\" content=\"2025-10-07T23:40:55+00:00\" \/>\n<meta property=\"article:modified_time\" content=\"2025-10-07T23:41:32+00:00\" \/>\n<meta property=\"og:image\" content=\"https:\/\/sunupost.com\/wp-content\/uploads\/2025\/10\/IMG-20251007-WA0073.jpg\" \/>\n\t<meta property=\"og:image:width\" content=\"1080\" \/>\n\t<meta property=\"og:image:height\" content=\"1080\" \/>\n\t<meta property=\"og:image:type\" content=\"image\/jpeg\" \/>\n<meta name=\"author\" content=\"Binta Ciss\u00e9\" \/>\n<meta name=\"twitter:card\" content=\"summary_large_image\" \/>\n<meta name=\"twitter:creator\" content=\"@sunupost\" \/>\n<meta name=\"twitter:site\" content=\"@sunupost\" \/>\n<meta name=\"twitter:label1\" content=\"\u00c9crit par\" \/>\n\t<meta name=\"twitter:data1\" content=\"Binta Ciss\u00e9\" \/>\n\t<meta name=\"twitter:label2\" content=\"Dur\u00e9e de lecture estim\u00e9e\" \/>\n\t<meta name=\"twitter:data2\" content=\"3 minutes\" \/>\n<script type=\"application\/ld+json\" class=\"yoast-schema-graph\">{\"@context\":\"https:\\\/\\\/schema.org\",\"@graph\":[{\"@type\":\"Article\",\"@id\":\"https:\\\/\\\/sunupost.com\\\/?p=11472#article\",\"isPartOf\":{\"@id\":\"https:\\\/\\\/sunupost.com\\\/?p=11472\"},\"author\":{\"name\":\"Binta Ciss\u00e9\",\"@id\":\"https:\\\/\\\/sunupost.com\\\/#\\\/schema\\\/person\\\/4180ce1fd5a5254dcccf3b93847e92fb\"},\"headline\":\"MEETING DE BERGAME : TAS re\u00e7oit les honneurs de la communaut\u00e9 Foulb\u00e9 et rallie la diaspora \u00e0 l\u2019id\u00e9al de la R\u00e9publique des Valeurs\\\/R\u00e9ewum Ngo\",\"datePublished\":\"2025-10-07T23:40:55+00:00\",\"dateModified\":\"2025-10-07T23:41:32+00:00\",\"mainEntityOfPage\":{\"@id\":\"https:\\\/\\\/sunupost.com\\\/?p=11472\"},\"wordCount\":561,\"commentCount\":4,\"publisher\":{\"@id\":\"https:\\\/\\\/sunupost.com\\\/#organization\"},\"image\":{\"@id\":\"https:\\\/\\\/sunupost.com\\\/?p=11472#primaryimage\"},\"thumbnailUrl\":\"https:\\\/\\\/sunupost.com\\\/wp-content\\\/uploads\\\/2025\\\/10\\\/IMG-20251007-WA0073.jpg\",\"articleSection\":[\"A LA UNE\"],\"inLanguage\":\"fr-FR\",\"potentialAction\":[{\"@type\":\"CommentAction\",\"name\":\"Comment\",\"target\":[\"https:\\\/\\\/sunupost.com\\\/?p=11472#respond\"]}]},{\"@type\":\"WebPage\",\"@id\":\"https:\\\/\\\/sunupost.com\\\/?p=11472\",\"url\":\"https:\\\/\\\/sunupost.com\\\/?p=11472\",\"name\":\"MEETING DE BERGAME : TAS re\u00e7oit les honneurs de la communaut\u00e9 Foulb\u00e9 et rallie la diaspora \u00e0 l\u2019id\u00e9al de la R\u00e9publique des Valeurs\\\/R\u00e9ewum Ngo - SUNUPOST\",\"isPartOf\":{\"@id\":\"https:\\\/\\\/sunupost.com\\\/#website\"},\"primaryImageOfPage\":{\"@id\":\"https:\\\/\\\/sunupost.com\\\/?p=11472#primaryimage\"},\"image\":{\"@id\":\"https:\\\/\\\/sunupost.com\\\/?p=11472#primaryimage\"},\"thumbnailUrl\":\"https:\\\/\\\/sunupost.com\\\/wp-content\\\/uploads\\\/2025\\\/10\\\/IMG-20251007-WA0073.jpg\",\"datePublished\":\"2025-10-07T23:40:55+00:00\",\"dateModified\":\"2025-10-07T23:41:32+00:00\",\"breadcrumb\":{\"@id\":\"https:\\\/\\\/sunupost.com\\\/?p=11472#breadcrumb\"},\"inLanguage\":\"fr-FR\",\"potentialAction\":[{\"@type\":\"ReadAction\",\"target\":[\"https:\\\/\\\/sunupost.com\\\/?p=11472\"]}]},{\"@type\":\"ImageObject\",\"inLanguage\":\"fr-FR\",\"@id\":\"https:\\\/\\\/sunupost.com\\\/?p=11472#primaryimage\",\"url\":\"https:\\\/\\\/sunupost.com\\\/wp-content\\\/uploads\\\/2025\\\/10\\\/IMG-20251007-WA0073.jpg\",\"contentUrl\":\"https:\\\/\\\/sunupost.com\\\/wp-content\\\/uploads\\\/2025\\\/10\\\/IMG-20251007-WA0073.jpg\",\"width\":1080,\"height\":1080},{\"@type\":\"BreadcrumbList\",\"@id\":\"https:\\\/\\\/sunupost.com\\\/?p=11472#breadcrumb\",\"itemListElement\":[{\"@type\":\"ListItem\",\"position\":1,\"name\":\"Home\",\"item\":\"https:\\\/\\\/sunupost.com\\\/\"},{\"@type\":\"ListItem\",\"position\":2,\"name\":\"MEETING DE BERGAME : TAS re\u00e7oit les honneurs de la communaut\u00e9 Foulb\u00e9 et rallie la diaspora \u00e0 l\u2019id\u00e9al de la R\u00e9publique des Valeurs\\\/R\u00e9ewum Ngo\"}]},{\"@type\":\"WebSite\",\"@id\":\"https:\\\/\\\/sunupost.com\\\/#website\",\"url\":\"https:\\\/\\\/sunupost.com\\\/\",\"name\":\"SUNUPOST\",\"description\":\"Pens\u00e9e libre\",\"publisher\":{\"@id\":\"https:\\\/\\\/sunupost.com\\\/#organization\"},\"potentialAction\":[{\"@type\":\"SearchAction\",\"target\":{\"@type\":\"EntryPoint\",\"urlTemplate\":\"https:\\\/\\\/sunupost.com\\\/?s={search_term_string}\"},\"query-input\":{\"@type\":\"PropertyValueSpecification\",\"valueRequired\":true,\"valueName\":\"search_term_string\"}}],\"inLanguage\":\"fr-FR\"},{\"@type\":\"Organization\",\"@id\":\"https:\\\/\\\/sunupost.com\\\/#organization\",\"name\":\"SUNUPOST\",\"url\":\"https:\\\/\\\/sunupost.com\\\/\",\"logo\":{\"@type\":\"ImageObject\",\"inLanguage\":\"fr-FR\",\"@id\":\"https:\\\/\\\/sunupost.com\\\/#\\\/schema\\\/logo\\\/image\\\/\",\"url\":\"https:\\\/\\\/secureservercdn.net\\\/198.71.233.206\\\/17w.044.myftpupload.com\\\/wp-content\\\/uploads\\\/2020\\\/05\\\/Lancement.jpg?time=1639052812\",\"contentUrl\":\"https:\\\/\\\/secureservercdn.net\\\/198.71.233.206\\\/17w.044.myftpupload.com\\\/wp-content\\\/uploads\\\/2020\\\/05\\\/Lancement.jpg?time=1639052812\",\"width\":300,\"height\":100,\"caption\":\"SUNUPOST\"},\"image\":{\"@id\":\"https:\\\/\\\/sunupost.com\\\/#\\\/schema\\\/logo\\\/image\\\/\"},\"sameAs\":[\"https:\\\/\\\/web.facebook.com\\\/Sunupost-101026658237468\\\/\",\"https:\\\/\\\/x.com\\\/sunupost\",\"https:\\\/\\\/www.instagram.com\\\/sunupost\\\/\",\"https:\\\/\\\/www.youtube.com\\\/channel\\\/UCd7V7bCkLDOee8yr7CW4Dpw\"]},{\"@type\":\"Person\",\"@id\":\"https:\\\/\\\/sunupost.com\\\/#\\\/schema\\\/person\\\/4180ce1fd5a5254dcccf3b93847e92fb\",\"name\":\"Binta Ciss\u00e9\",\"image\":{\"@type\":\"ImageObject\",\"inLanguage\":\"fr-FR\",\"@id\":\"https:\\\/\\\/secure.gravatar.com\\\/avatar\\\/d7ec4285e9eacdc893e9d8cea0ea6a1ff0a32ecab53f42d0bbe410001c3be0be?s=96&d=mm&r=g\",\"url\":\"https:\\\/\\\/secure.gravatar.com\\\/avatar\\\/d7ec4285e9eacdc893e9d8cea0ea6a1ff0a32ecab53f42d0bbe410001c3be0be?s=96&d=mm&r=g\",\"contentUrl\":\"https:\\\/\\\/secure.gravatar.com\\\/avatar\\\/d7ec4285e9eacdc893e9d8cea0ea6a1ff0a32ecab53f42d0bbe410001c3be0be?s=96&d=mm&r=g\",\"caption\":\"Binta Ciss\u00e9\"},\"url\":\"https:\\\/\\\/sunupost.com\\\/?author=19\"}]}<\/script>\n<!-- \/ Yoast SEO plugin. -->","yoast_head_json":{"title":"MEETING DE BERGAME : TAS re\u00e7oit les honneurs de la communaut\u00e9 Foulb\u00e9 et rallie la diaspora \u00e0 l\u2019id\u00e9al de la R\u00e9publique des Valeurs\/R\u00e9ewum Ngo - SUNUPOST","robots":{"index":"index","follow":"follow","max-snippet":"max-snippet:-1","max-image-preview":"max-image-preview:large","max-video-preview":"max-video-preview:-1"},"canonical":"https:\/\/sunupost.com\/?p=11472","og_locale":"fr_FR","og_type":"article","og_title":"MEETING DE BERGAME : TAS re\u00e7oit les honneurs de la communaut\u00e9 Foulb\u00e9 et rallie la diaspora \u00e0 l\u2019id\u00e9al de la R\u00e9publique des Valeurs\/R\u00e9ewum Ngo - SUNUPOST","og_description":"Dans le cadre de sa tourn\u00e9e europ\u00e9enne, l\u2019honorable d\u00e9put\u00e9 Thierno Alassane Sall, pr\u00e9sident du parti La R\u00e9publique des Valeurs\/R\u00e9ewum Ngor, a \u00e9t\u00e9 l\u2019invit\u00e9 d\u2019honneur de...","og_url":"https:\/\/sunupost.com\/?p=11472","og_site_name":"SUNUPOST","article_publisher":"https:\/\/web.facebook.com\/Sunupost-101026658237468\/","article_published_time":"2025-10-07T23:40:55+00:00","article_modified_time":"2025-10-07T23:41:32+00:00","og_image":[{"width":1080,"height":1080,"url":"https:\/\/sunupost.com\/wp-content\/uploads\/2025\/10\/IMG-20251007-WA0073.jpg","type":"image\/jpeg"}],"author":"Binta Ciss\u00e9","twitter_card":"summary_large_image","twitter_creator":"@sunupost","twitter_site":"@sunupost","twitter_misc":{"\u00c9crit par":"Binta Ciss\u00e9","Dur\u00e9e de lecture estim\u00e9e":"3 minutes"},"schema":{"@context":"https:\/\/schema.org","@graph":[{"@type":"Article","@id":"https:\/\/sunupost.com\/?p=11472#article","isPartOf":{"@id":"https:\/\/sunupost.com\/?p=11472"},"author":{"name":"Binta Ciss\u00e9","@id":"https:\/\/sunupost.com\/#\/schema\/person\/4180ce1fd5a5254dcccf3b93847e92fb"},"headline":"MEETING DE BERGAME : TAS re\u00e7oit les honneurs de la communaut\u00e9 Foulb\u00e9 et rallie la diaspora \u00e0 l\u2019id\u00e9al de la R\u00e9publique des Valeurs\/R\u00e9ewum Ngo","datePublished":"2025-10-07T23:40:55+00:00","dateModified":"2025-10-07T23:41:32+00:00","mainEntityOfPage":{"@id":"https:\/\/sunupost.com\/?p=11472"},"wordCount":561,"commentCount":4,"publisher":{"@id":"https:\/\/sunupost.com\/#organization"},"image":{"@id":"https:\/\/sunupost.com\/?p=11472#primaryimage"},"thumbnailUrl":"https:\/\/sunupost.com\/wp-content\/uploads\/2025\/10\/IMG-20251007-WA0073.jpg","articleSection":["A LA UNE"],"inLanguage":"fr-FR","potentialAction":[{"@type":"CommentAction","name":"Comment","target":["https:\/\/sunupost.com\/?p=11472#respond"]}]},{"@type":"WebPage","@id":"https:\/\/sunupost.com\/?p=11472","url":"https:\/\/sunupost.com\/?p=11472","name":"MEETING DE BERGAME : TAS re\u00e7oit les honneurs de la communaut\u00e9 Foulb\u00e9 et rallie la diaspora \u00e0 l\u2019id\u00e9al de la R\u00e9publique des Valeurs\/R\u00e9ewum Ngo - SUNUPOST","isPartOf":{"@id":"https:\/\/sunupost.com\/#website"},"primaryImageOfPage":{"@id":"https:\/\/sunupost.com\/?p=11472#primaryimage"},"image":{"@id":"https:\/\/sunupost.com\/?p=11472#primaryimage"},"thumbnailUrl":"https:\/\/sunupost.com\/wp-content\/uploads\/2025\/10\/IMG-20251007-WA0073.jpg","datePublished":"2025-10-07T23:40:55+00:00","dateModified":"2025-10-07T23:41:32+00:00","breadcrumb":{"@id":"https:\/\/sunupost.com\/?p=11472#breadcrumb"},"inLanguage":"fr-FR","potentialAction":[{"@type":"ReadAction","target":["https:\/\/sunupost.com\/?p=11472"]}]},{"@type":"ImageObject","inLanguage":"fr-FR","@id":"https:\/\/sunupost.com\/?p=11472#primaryimage","url":"https:\/\/sunupost.com\/wp-content\/uploads\/2025\/10\/IMG-20251007-WA0073.jpg","contentUrl":"https:\/\/sunupost.com\/wp-content\/uploads\/2025\/10\/IMG-20251007-WA0073.jpg","width":1080,"height":1080},{"@type":"BreadcrumbList","@id":"https:\/\/sunupost.com\/?p=11472#breadcrumb","itemListElement":[{"@type":"ListItem","position":1,"name":"Home","item":"https:\/\/sunupost.com\/"},{"@type":"ListItem","position":2,"name":"MEETING DE BERGAME : TAS re\u00e7oit les honneurs de la communaut\u00e9 Foulb\u00e9 et rallie la diaspora \u00e0 l\u2019id\u00e9al de la R\u00e9publique des Valeurs\/R\u00e9ewum Ngo"}]},{"@type":"WebSite","@id":"https:\/\/sunupost.com\/#website","url":"https:\/\/sunupost.com\/","name":"SUNUPOST","description":"Pens\u00e9e libre","publisher":{"@id":"https:\/\/sunupost.com\/#organization"},"potentialAction":[{"@type":"SearchAction","target":{"@type":"EntryPoint","urlTemplate":"https:\/\/sunupost.com\/?s={search_term_string}"},"query-input":{"@type":"PropertyValueSpecification","valueRequired":true,"valueName":"search_term_string"}}],"inLanguage":"fr-FR"},{"@type":"Organization","@id":"https:\/\/sunupost.com\/#organization","name":"SUNUPOST","url":"https:\/\/sunupost.com\/","logo":{"@type":"ImageObject","inLanguage":"fr-FR","@id":"https:\/\/sunupost.com\/#\/schema\/logo\/image\/","url":"https:\/\/secureservercdn.net\/198.71.233.206\/17w.044.myftpupload.com\/wp-content\/uploads\/2020\/05\/Lancement.jpg?time=1639052812","contentUrl":"https:\/\/secureservercdn.net\/198.71.233.206\/17w.044.myftpupload.com\/wp-content\/uploads\/2020\/05\/Lancement.jpg?time=1639052812","width":300,"height":100,"caption":"SUNUPOST"},"image":{"@id":"https:\/\/sunupost.com\/#\/schema\/logo\/image\/"},"sameAs":["https:\/\/web.facebook.com\/Sunupost-101026658237468\/","https:\/\/x.com\/sunupost","https:\/\/www.instagram.com\/sunupost\/","https:\/\/www.youtube.com\/channel\/UCd7V7bCkLDOee8yr7CW4Dpw"]},{"@type":"Person","@id":"https:\/\/sunupost.com\/#\/schema\/person\/4180ce1fd5a5254dcccf3b93847e92fb","name":"Binta Ciss\u00e9","image":{"@type":"ImageObject","inLanguage":"fr-FR","@id":"https:\/\/secure.gravatar.com\/avatar\/d7ec4285e9eacdc893e9d8cea0ea6a1ff0a32ecab53f42d0bbe410001c3be0be?s=96&d=mm&r=g","url":"https:\/\/secure.gravatar.com\/avatar\/d7ec4285e9eacdc893e9d8cea0ea6a1ff0a32ecab53f42d0bbe410001c3be0be?s=96&d=mm&r=g","contentUrl":"https:\/\/secure.gravatar.com\/avatar\/d7ec4285e9eacdc893e9d8cea0ea6a1ff0a32ecab53f42d0bbe410001c3be0be?s=96&d=mm&r=g","caption":"Binta Ciss\u00e9"},"url":"https:\/\/sunupost.com\/?author=19"}]}},"_links":{"self":[{"href":"https:\/\/sunupost.com\/index.php?rest_route=\/wp\/v2\/posts\/11472","targetHints":{"allow":["GET"]}}],"collection":[{"href":"https:\/\/sunupost.com\/index.php?rest_route=\/wp\/v2\/posts"}],"about":[{"href":"https:\/\/sunupost.com\/index.php?rest_route=\/wp\/v2\/types\/post"}],"author":[{"embeddable":true,"href":"https:\/\/sunupost.com\/index.php?rest_route=\/wp\/v2\/users\/19"}],"replies":[{"embeddable":true,"href":"https:\/\/sunupost.com\/index.php?rest_route=%2Fwp%2Fv2%2Fcomments&post=11472"}],"version-history":[{"count":2,"href":"https:\/\/sunupost.com\/index.php?rest_route=\/wp\/v2\/posts\/11472\/revisions"}],"predecessor-version":[{"id":11475,"href":"https:\/\/sunupost.com\/index.php?rest_route=\/wp\/v2\/posts\/11472\/revisions\/11475"}],"wp:featuredmedia":[{"embeddable":true,"href":"https:\/\/sunupost.com\/index.php?rest_route=\/wp\/v2\/media\/11473"}],"wp:attachment":[{"href":"https:\/\/sunupost.com\/index.php?rest_route=%2Fwp%2Fv2%2Fmedia&parent=11472"}],"wp:term":[{"taxonomy":"category","embeddable":true,"href":"https:\/\/sunupost.com\/index.php?rest_route=%2Fwp%2Fv2%2Fcategories&post=11472"},{"taxonomy":"post_tag","embeddable":true,"href":"https:\/\/sunupost.com\/index.php?rest_route=%2Fwp%2Fv2%2Ftags&post=11472"}],"curies":[{"name":"wp","href":"https:\/\/api.w.org\/{rel}","templated":true}]}}