{"id":11588,"date":"2025-10-15T14:28:59","date_gmt":"2025-10-15T14:28:59","guid":{"rendered":"https:\/\/sunupost.com\/?p=11588"},"modified":"2025-10-15T14:28:59","modified_gmt":"2025-10-15T14:28:59","slug":"comparaissant-a-la-barre-avec-des-bequilles-gainde-macky-risque-6-mois-ferme","status":"publish","type":"post","link":"https:\/\/sunupost.com\/?p=11588","title":{"rendered":"Comparaissant \u00e0 la Barre avec Des Bequilles: Gaind\u00e9 Macky Risque 6 mois ferme"},"content":{"rendered":"<p style=\"box-sizing: border-box; margin: 0px; padding: 0px; font-variant-numeric: inherit; font-variant-east-asian: inherit; font-variant-alternates: inherit; font-variant-position: inherit; font-stretch: inherit; font-size: 18px; line-height: inherit; font-family: ProximaNova; font-optical-sizing: inherit; font-size-adjust: inherit; font-kerning: inherit; font-feature-settings: inherit; font-variation-settings: inherit; max-width: 100%; color: #0f1435; letter-spacing: -0.1px;\">Daba Mbodji, alias Ga\u00efd\u00e9 Macky, 46 ans, commer\u00e7ante domicili\u00e9e \u00e0 la cit\u00e9 Fadia, a comparu ce mercredi devant le tribunal des flagrants d\u00e9lits de Dakar. Elle est poursuivie pour les infractions d\u2019offense \u00e0 une personne exer\u00e7ant une fonction partie des pr\u00e9rogatives du pr\u00e9sident de la R\u00e9publique, en l\u2019occurrence Ousmane Sonko, de discours contraires aux bonnes m\u0153urs et d&rsquo;insultes \u00e0 l&rsquo;\u00e9gard d&rsquo;un groupe (militants Pastef) par le biais informatique.<\/p>\n<p style=\"box-sizing: border-box; margin: 0px; padding: 0px; font-variant-numeric: inherit; font-variant-east-asian: inherit; font-variant-alternates: inherit; font-variant-position: inherit; font-stretch: inherit; font-size: 18px; line-height: inherit; font-family: ProximaNova; font-optical-sizing: inherit; font-size-adjust: inherit; font-kerning: inherit; font-feature-settings: inherit; font-variation-settings: inherit; max-width: 100%; color: #0f1435; letter-spacing: -0.1px;\">\u200bDans un direct sur TikTok, la dame Daba Mbodji avait tenu des propos offensants \u00e0 l\u2019encontre du leader du parti Pastef, Ousmane Sonko.<\/p>\n<p style=\"box-sizing: border-box; margin: 0px; padding: 0px; font-variant-numeric: inherit; font-variant-east-asian: inherit; font-variant-alternates: inherit; font-variant-position: inherit; font-stretch: inherit; font-size: 18px; line-height: inherit; font-family: ProximaNova; font-optical-sizing: inherit; font-size-adjust: inherit; font-kerning: inherit; font-feature-settings: inherit; font-variation-settings: inherit; max-width: 100%; color: #0f1435; letter-spacing: -0.1px;\">\u200bLa pr\u00e9venue s\u2019est pr\u00e9sent\u00e9e \u00e0 la barre avec des b\u00e9quilles, la jambe droite fractur\u00e9e. Pourtant, lors de sa premi\u00e8re comparution, elle \u00e9tait en bonne sant\u00e9.<\/p>\n<p style=\"box-sizing: border-box; margin: 0px; padding: 0px; font-variant-numeric: inherit; font-variant-east-asian: inherit; font-variant-alternates: inherit; font-variant-position: inherit; font-stretch: inherit; font-size: 18px; line-height: inherit; font-family: ProximaNova; font-optical-sizing: inherit; font-size-adjust: inherit; font-kerning: inherit; font-feature-settings: inherit; font-variation-settings: inherit; max-width: 100%; color: #0f1435; letter-spacing: -0.1px;\">\u200bCependant, \u00e0 la suite d\u2019une projection des audios incrimin\u00e9s, la pr\u00e9venue a assum\u00e9 ses propos. Elle s\u2019est expliqu\u00e9e, disant que des militants du Pastef avaient d\u00e9voil\u00e9 sur l\u2019internet ses audios et ses images intimes qu\u2019elle avait envoy\u00e9s \u00e0 son petit ami. \u00ab Avec qui j\u2019ai v\u00e9cu 3 ans. C\u2019est vrai que c\u2019est moi qui danse dans la vid\u00e9o. Mais il l\u2019a vendue aux militants du Pastef. Pire, certains ont fait un montage avec des nudit\u00e9s, disant qu\u2019il s\u2019agit de sa personne. \u00bb<\/p>\n<p style=\"box-sizing: border-box; margin: 0px; padding: 0px; font-variant-numeric: inherit; font-variant-east-asian: inherit; font-variant-alternates: inherit; font-variant-position: inherit; font-stretch: inherit; font-size: 18px; line-height: inherit; font-family: ProximaNova; font-optical-sizing: inherit; font-size-adjust: inherit; font-kerning: inherit; font-feature-settings: inherit; font-variation-settings: inherit; max-width: 100%; color: #0f1435; letter-spacing: -0.1px;\">\u200bElle a ajout\u00e9 qu&rsquo;un ami l\u2019avait invit\u00e9e dans un direct sur TikTok pour qu\u2019elle s\u2019explique sur les faits, mais un militant du Pastef l\u2019a insult\u00e9e ainsi que son leader, Macky Sall. C\u2019est en r\u00e9action \u00e0 cette insulte qu\u2019elle a ripost\u00e9 en insultant leur leader.<\/p>\n<p style=\"box-sizing: border-box; margin: 0px; padding: 0px; font-variant-numeric: inherit; font-variant-east-asian: inherit; font-variant-alternates: inherit; font-variant-position: inherit; font-stretch: inherit; font-size: 18px; line-height: inherit; font-family: ProximaNova; font-optical-sizing: inherit; font-size-adjust: inherit; font-kerning: inherit; font-feature-settings: inherit; font-variation-settings: inherit; max-width: 100%; color: #0f1435; letter-spacing: -0.1px;\">\u200bLe procureur lui a demand\u00e9 qui est le leader du parti Pastef, ce \u00e0 quoi Daba Mbodji a r\u00e9pondu :<\/p>\n<p style=\"box-sizing: border-box; margin: 0px; padding: 0px; font-variant-numeric: inherit; font-variant-east-asian: inherit; font-variant-alternates: inherit; font-variant-position: inherit; font-stretch: inherit; font-size: 18px; line-height: inherit; font-family: ProximaNova; font-optical-sizing: inherit; font-size-adjust: inherit; font-kerning: inherit; font-feature-settings: inherit; font-variation-settings: inherit; max-width: 100%; color: #0f1435; letter-spacing: -0.1px;\"><strong style=\"box-sizing: border-box; max-width: 100%; color: #313131;\">\u00ab Je n\u2019ai pas cit\u00e9 de nom. \u00bb<\/strong><\/p>\n<p style=\"box-sizing: border-box; margin: 0px; padding: 0px; font-variant-numeric: inherit; font-variant-east-asian: inherit; font-variant-alternates: inherit; font-variant-position: inherit; font-stretch: inherit; font-size: 18px; line-height: inherit; font-family: ProximaNova; font-optical-sizing: inherit; font-size-adjust: inherit; font-kerning: inherit; font-feature-settings: inherit; font-variation-settings: inherit; max-width: 100%; color: #0f1435; letter-spacing: -0.1px;\">\u200bDans ses observations, le procureur de la R\u00e9publique a requis la relaxe pour le d\u00e9lit d\u2019insultes \u00e0 l&rsquo;\u00e9gard d&rsquo;un groupe par le biais informatique. Par contre, le ma\u00eetre des poursuites a demand\u00e9 qu\u2019elle soit d\u00e9clar\u00e9e coupable pour les deux autres infractions. Le parquet a requis 6 mois de prison ferme.<\/p>\n<p style=\"box-sizing: border-box; margin: 0px; padding: 0px; font-variant-numeric: inherit; font-variant-east-asian: inherit; font-variant-alternates: inherit; font-variant-position: inherit; font-stretch: inherit; font-size: 18px; line-height: inherit; font-family: ProximaNova; font-optical-sizing: inherit; font-size-adjust: inherit; font-kerning: inherit; font-feature-settings: inherit; font-variation-settings: inherit; max-width: 100%; color: #0f1435; letter-spacing: -0.1px;\">\u200bLa D\u00e9fense a plaid\u00e9\u00a0 une application bienveillante de la loi. D\u00e9lib\u00e9r\u00e9 au 20 octobre prochain.<\/p>\n","protected":false},"excerpt":{"rendered":"<p>Daba Mbodji, alias Ga\u00efd\u00e9 Macky, 46 ans, commer\u00e7ante domicili\u00e9e \u00e0 la cit\u00e9 Fadia, a comparu ce mercredi devant le tribunal des flagrants d\u00e9lits de Dakar&#8230;.<\/p>\n","protected":false},"author":19,"featured_media":11592,"comment_status":"open","ping_status":"open","sticky":false,"template":"","format":"standard","meta":{"_coblocks_attr":"","_coblocks_dimensions":"","_coblocks_responsive_height":"","_coblocks_accordion_ie_support":"","_monsterinsights_skip_tracking":false,"_monsterinsights_sitenote_active":false,"_monsterinsights_sitenote_note":"","_monsterinsights_sitenote_category":0,"h5ap_radio_sources":[],"footnotes":""},"categories":[15,1],"tags":[],"class_list":["post-11588","post","type-post","status-publish","format-standard","has-post-thumbnail","hentry","category-a-la-une","category-societe-2","wpcat-15-id","wpcat-1-id"],"yoast_head":"<!-- This site is optimized with the Yoast SEO plugin v27.4 - https:\/\/yoast.com\/product\/yoast-seo-wordpress\/ -->\n<title>Comparaissant \u00e0 la Barre avec Des Bequilles: Gaind\u00e9 Macky Risque 6 mois ferme - SUNUPOST<\/title>\n<meta name=\"robots\" content=\"index, follow, max-snippet:-1, max-image-preview:large, max-video-preview:-1\" \/>\n<link rel=\"canonical\" href=\"https:\/\/sunupost.com\/?p=11588\" \/>\n<meta property=\"og:locale\" content=\"fr_FR\" \/>\n<meta property=\"og:type\" content=\"article\" \/>\n<meta property=\"og:title\" content=\"Comparaissant \u00e0 la Barre avec Des Bequilles: Gaind\u00e9 Macky Risque 6 mois ferme - SUNUPOST\" \/>\n<meta property=\"og:description\" content=\"Daba Mbodji, alias Ga\u00efd\u00e9 Macky, 46 ans, commer\u00e7ante domicili\u00e9e \u00e0 la cit\u00e9 Fadia, a comparu ce mercredi devant le tribunal des flagrants d\u00e9lits de Dakar....\" \/>\n<meta property=\"og:url\" content=\"https:\/\/sunupost.com\/?p=11588\" \/>\n<meta property=\"og:site_name\" content=\"SUNUPOST\" \/>\n<meta property=\"article:publisher\" content=\"https:\/\/web.facebook.com\/Sunupost-101026658237468\/\" \/>\n<meta property=\"article:published_time\" content=\"2025-10-15T14:28:59+00:00\" \/>\n<meta property=\"og:image\" content=\"https:\/\/sunupost.com\/wp-content\/uploads\/2025\/10\/thumb_1260x800_68ef7ff189711_sxW6xm0O1T.jpeg\" \/>\n\t<meta property=\"og:image:width\" content=\"1260\" \/>\n\t<meta property=\"og:image:height\" content=\"800\" \/>\n\t<meta property=\"og:image:type\" content=\"image\/jpeg\" \/>\n<meta name=\"author\" content=\"Binta Ciss\u00e9\" \/>\n<meta name=\"twitter:card\" content=\"summary_large_image\" \/>\n<meta name=\"twitter:creator\" content=\"@sunupost\" \/>\n<meta name=\"twitter:site\" content=\"@sunupost\" \/>\n<meta name=\"twitter:label1\" content=\"\u00c9crit par\" \/>\n\t<meta name=\"twitter:data1\" content=\"Binta Ciss\u00e9\" \/>\n\t<meta name=\"twitter:label2\" content=\"Dur\u00e9e de lecture estim\u00e9e\" \/>\n\t<meta name=\"twitter:data2\" content=\"2 minutes\" \/>\n<script type=\"application\/ld+json\" class=\"yoast-schema-graph\">{\"@context\":\"https:\\\/\\\/schema.org\",\"@graph\":[{\"@type\":\"Article\",\"@id\":\"https:\\\/\\\/sunupost.com\\\/?p=11588#article\",\"isPartOf\":{\"@id\":\"https:\\\/\\\/sunupost.com\\\/?p=11588\"},\"author\":{\"name\":\"Binta Ciss\u00e9\",\"@id\":\"https:\\\/\\\/sunupost.com\\\/#\\\/schema\\\/person\\\/4180ce1fd5a5254dcccf3b93847e92fb\"},\"headline\":\"Comparaissant \u00e0 la Barre avec Des Bequilles: Gaind\u00e9 Macky Risque 6 mois ferme\",\"datePublished\":\"2025-10-15T14:28:59+00:00\",\"mainEntityOfPage\":{\"@id\":\"https:\\\/\\\/sunupost.com\\\/?p=11588\"},\"wordCount\":391,\"commentCount\":5,\"publisher\":{\"@id\":\"https:\\\/\\\/sunupost.com\\\/#organization\"},\"image\":{\"@id\":\"https:\\\/\\\/sunupost.com\\\/?p=11588#primaryimage\"},\"thumbnailUrl\":\"https:\\\/\\\/sunupost.com\\\/wp-content\\\/uploads\\\/2025\\\/10\\\/thumb_1260x800_68ef7ff189711_sxW6xm0O1T.jpeg\",\"articleSection\":[\"A LA UNE\",\"RESERVEE\"],\"inLanguage\":\"fr-FR\",\"potentialAction\":[{\"@type\":\"CommentAction\",\"name\":\"Comment\",\"target\":[\"https:\\\/\\\/sunupost.com\\\/?p=11588#respond\"]}]},{\"@type\":\"WebPage\",\"@id\":\"https:\\\/\\\/sunupost.com\\\/?p=11588\",\"url\":\"https:\\\/\\\/sunupost.com\\\/?p=11588\",\"name\":\"Comparaissant \u00e0 la Barre avec Des Bequilles: Gaind\u00e9 Macky Risque 6 mois ferme - SUNUPOST\",\"isPartOf\":{\"@id\":\"https:\\\/\\\/sunupost.com\\\/#website\"},\"primaryImageOfPage\":{\"@id\":\"https:\\\/\\\/sunupost.com\\\/?p=11588#primaryimage\"},\"image\":{\"@id\":\"https:\\\/\\\/sunupost.com\\\/?p=11588#primaryimage\"},\"thumbnailUrl\":\"https:\\\/\\\/sunupost.com\\\/wp-content\\\/uploads\\\/2025\\\/10\\\/thumb_1260x800_68ef7ff189711_sxW6xm0O1T.jpeg\",\"datePublished\":\"2025-10-15T14:28:59+00:00\",\"breadcrumb\":{\"@id\":\"https:\\\/\\\/sunupost.com\\\/?p=11588#breadcrumb\"},\"inLanguage\":\"fr-FR\",\"potentialAction\":[{\"@type\":\"ReadAction\",\"target\":[\"https:\\\/\\\/sunupost.com\\\/?p=11588\"]}]},{\"@type\":\"ImageObject\",\"inLanguage\":\"fr-FR\",\"@id\":\"https:\\\/\\\/sunupost.com\\\/?p=11588#primaryimage\",\"url\":\"https:\\\/\\\/sunupost.com\\\/wp-content\\\/uploads\\\/2025\\\/10\\\/thumb_1260x800_68ef7ff189711_sxW6xm0O1T.jpeg\",\"contentUrl\":\"https:\\\/\\\/sunupost.com\\\/wp-content\\\/uploads\\\/2025\\\/10\\\/thumb_1260x800_68ef7ff189711_sxW6xm0O1T.jpeg\",\"width\":1260,\"height\":800},{\"@type\":\"BreadcrumbList\",\"@id\":\"https:\\\/\\\/sunupost.com\\\/?p=11588#breadcrumb\",\"itemListElement\":[{\"@type\":\"ListItem\",\"position\":1,\"name\":\"Home\",\"item\":\"https:\\\/\\\/sunupost.com\\\/\"},{\"@type\":\"ListItem\",\"position\":2,\"name\":\"Comparaissant \u00e0 la Barre avec Des Bequilles: Gaind\u00e9 Macky Risque 6 mois ferme\"}]},{\"@type\":\"WebSite\",\"@id\":\"https:\\\/\\\/sunupost.com\\\/#website\",\"url\":\"https:\\\/\\\/sunupost.com\\\/\",\"name\":\"SUNUPOST\",\"description\":\"Pens\u00e9e libre\",\"publisher\":{\"@id\":\"https:\\\/\\\/sunupost.com\\\/#organization\"},\"potentialAction\":[{\"@type\":\"SearchAction\",\"target\":{\"@type\":\"EntryPoint\",\"urlTemplate\":\"https:\\\/\\\/sunupost.com\\\/?s={search_term_string}\"},\"query-input\":{\"@type\":\"PropertyValueSpecification\",\"valueRequired\":true,\"valueName\":\"search_term_string\"}}],\"inLanguage\":\"fr-FR\"},{\"@type\":\"Organization\",\"@id\":\"https:\\\/\\\/sunupost.com\\\/#organization\",\"name\":\"SUNUPOST\",\"url\":\"https:\\\/\\\/sunupost.com\\\/\",\"logo\":{\"@type\":\"ImageObject\",\"inLanguage\":\"fr-FR\",\"@id\":\"https:\\\/\\\/sunupost.com\\\/#\\\/schema\\\/logo\\\/image\\\/\",\"url\":\"https:\\\/\\\/secureservercdn.net\\\/198.71.233.206\\\/17w.044.myftpupload.com\\\/wp-content\\\/uploads\\\/2020\\\/05\\\/Lancement.jpg?time=1639052812\",\"contentUrl\":\"https:\\\/\\\/secureservercdn.net\\\/198.71.233.206\\\/17w.044.myftpupload.com\\\/wp-content\\\/uploads\\\/2020\\\/05\\\/Lancement.jpg?time=1639052812\",\"width\":300,\"height\":100,\"caption\":\"SUNUPOST\"},\"image\":{\"@id\":\"https:\\\/\\\/sunupost.com\\\/#\\\/schema\\\/logo\\\/image\\\/\"},\"sameAs\":[\"https:\\\/\\\/web.facebook.com\\\/Sunupost-101026658237468\\\/\",\"https:\\\/\\\/x.com\\\/sunupost\",\"https:\\\/\\\/www.instagram.com\\\/sunupost\\\/\",\"https:\\\/\\\/www.youtube.com\\\/channel\\\/UCd7V7bCkLDOee8yr7CW4Dpw\"]},{\"@type\":\"Person\",\"@id\":\"https:\\\/\\\/sunupost.com\\\/#\\\/schema\\\/person\\\/4180ce1fd5a5254dcccf3b93847e92fb\",\"name\":\"Binta Ciss\u00e9\",\"image\":{\"@type\":\"ImageObject\",\"inLanguage\":\"fr-FR\",\"@id\":\"https:\\\/\\\/secure.gravatar.com\\\/avatar\\\/d7ec4285e9eacdc893e9d8cea0ea6a1ff0a32ecab53f42d0bbe410001c3be0be?s=96&d=mm&r=g\",\"url\":\"https:\\\/\\\/secure.gravatar.com\\\/avatar\\\/d7ec4285e9eacdc893e9d8cea0ea6a1ff0a32ecab53f42d0bbe410001c3be0be?s=96&d=mm&r=g\",\"contentUrl\":\"https:\\\/\\\/secure.gravatar.com\\\/avatar\\\/d7ec4285e9eacdc893e9d8cea0ea6a1ff0a32ecab53f42d0bbe410001c3be0be?s=96&d=mm&r=g\",\"caption\":\"Binta Ciss\u00e9\"},\"url\":\"https:\\\/\\\/sunupost.com\\\/?author=19\"}]}<\/script>\n<!-- \/ Yoast SEO plugin. -->","yoast_head_json":{"title":"Comparaissant \u00e0 la Barre avec Des Bequilles: Gaind\u00e9 Macky Risque 6 mois ferme - SUNUPOST","robots":{"index":"index","follow":"follow","max-snippet":"max-snippet:-1","max-image-preview":"max-image-preview:large","max-video-preview":"max-video-preview:-1"},"canonical":"https:\/\/sunupost.com\/?p=11588","og_locale":"fr_FR","og_type":"article","og_title":"Comparaissant \u00e0 la Barre avec Des Bequilles: Gaind\u00e9 Macky Risque 6 mois ferme - SUNUPOST","og_description":"Daba Mbodji, alias Ga\u00efd\u00e9 Macky, 46 ans, commer\u00e7ante domicili\u00e9e \u00e0 la cit\u00e9 Fadia, a comparu ce mercredi devant le tribunal des flagrants d\u00e9lits de Dakar....","og_url":"https:\/\/sunupost.com\/?p=11588","og_site_name":"SUNUPOST","article_publisher":"https:\/\/web.facebook.com\/Sunupost-101026658237468\/","article_published_time":"2025-10-15T14:28:59+00:00","og_image":[{"width":1260,"height":800,"url":"https:\/\/sunupost.com\/wp-content\/uploads\/2025\/10\/thumb_1260x800_68ef7ff189711_sxW6xm0O1T.jpeg","type":"image\/jpeg"}],"author":"Binta Ciss\u00e9","twitter_card":"summary_large_image","twitter_creator":"@sunupost","twitter_site":"@sunupost","twitter_misc":{"\u00c9crit par":"Binta Ciss\u00e9","Dur\u00e9e de lecture estim\u00e9e":"2 minutes"},"schema":{"@context":"https:\/\/schema.org","@graph":[{"@type":"Article","@id":"https:\/\/sunupost.com\/?p=11588#article","isPartOf":{"@id":"https:\/\/sunupost.com\/?p=11588"},"author":{"name":"Binta Ciss\u00e9","@id":"https:\/\/sunupost.com\/#\/schema\/person\/4180ce1fd5a5254dcccf3b93847e92fb"},"headline":"Comparaissant \u00e0 la Barre avec Des Bequilles: Gaind\u00e9 Macky Risque 6 mois ferme","datePublished":"2025-10-15T14:28:59+00:00","mainEntityOfPage":{"@id":"https:\/\/sunupost.com\/?p=11588"},"wordCount":391,"commentCount":5,"publisher":{"@id":"https:\/\/sunupost.com\/#organization"},"image":{"@id":"https:\/\/sunupost.com\/?p=11588#primaryimage"},"thumbnailUrl":"https:\/\/sunupost.com\/wp-content\/uploads\/2025\/10\/thumb_1260x800_68ef7ff189711_sxW6xm0O1T.jpeg","articleSection":["A LA UNE","RESERVEE"],"inLanguage":"fr-FR","potentialAction":[{"@type":"CommentAction","name":"Comment","target":["https:\/\/sunupost.com\/?p=11588#respond"]}]},{"@type":"WebPage","@id":"https:\/\/sunupost.com\/?p=11588","url":"https:\/\/sunupost.com\/?p=11588","name":"Comparaissant \u00e0 la Barre avec Des Bequilles: Gaind\u00e9 Macky Risque 6 mois ferme - SUNUPOST","isPartOf":{"@id":"https:\/\/sunupost.com\/#website"},"primaryImageOfPage":{"@id":"https:\/\/sunupost.com\/?p=11588#primaryimage"},"image":{"@id":"https:\/\/sunupost.com\/?p=11588#primaryimage"},"thumbnailUrl":"https:\/\/sunupost.com\/wp-content\/uploads\/2025\/10\/thumb_1260x800_68ef7ff189711_sxW6xm0O1T.jpeg","datePublished":"2025-10-15T14:28:59+00:00","breadcrumb":{"@id":"https:\/\/sunupost.com\/?p=11588#breadcrumb"},"inLanguage":"fr-FR","potentialAction":[{"@type":"ReadAction","target":["https:\/\/sunupost.com\/?p=11588"]}]},{"@type":"ImageObject","inLanguage":"fr-FR","@id":"https:\/\/sunupost.com\/?p=11588#primaryimage","url":"https:\/\/sunupost.com\/wp-content\/uploads\/2025\/10\/thumb_1260x800_68ef7ff189711_sxW6xm0O1T.jpeg","contentUrl":"https:\/\/sunupost.com\/wp-content\/uploads\/2025\/10\/thumb_1260x800_68ef7ff189711_sxW6xm0O1T.jpeg","width":1260,"height":800},{"@type":"BreadcrumbList","@id":"https:\/\/sunupost.com\/?p=11588#breadcrumb","itemListElement":[{"@type":"ListItem","position":1,"name":"Home","item":"https:\/\/sunupost.com\/"},{"@type":"ListItem","position":2,"name":"Comparaissant \u00e0 la Barre avec Des Bequilles: Gaind\u00e9 Macky Risque 6 mois ferme"}]},{"@type":"WebSite","@id":"https:\/\/sunupost.com\/#website","url":"https:\/\/sunupost.com\/","name":"SUNUPOST","description":"Pens\u00e9e libre","publisher":{"@id":"https:\/\/sunupost.com\/#organization"},"potentialAction":[{"@type":"SearchAction","target":{"@type":"EntryPoint","urlTemplate":"https:\/\/sunupost.com\/?s={search_term_string}"},"query-input":{"@type":"PropertyValueSpecification","valueRequired":true,"valueName":"search_term_string"}}],"inLanguage":"fr-FR"},{"@type":"Organization","@id":"https:\/\/sunupost.com\/#organization","name":"SUNUPOST","url":"https:\/\/sunupost.com\/","logo":{"@type":"ImageObject","inLanguage":"fr-FR","@id":"https:\/\/sunupost.com\/#\/schema\/logo\/image\/","url":"https:\/\/secureservercdn.net\/198.71.233.206\/17w.044.myftpupload.com\/wp-content\/uploads\/2020\/05\/Lancement.jpg?time=1639052812","contentUrl":"https:\/\/secureservercdn.net\/198.71.233.206\/17w.044.myftpupload.com\/wp-content\/uploads\/2020\/05\/Lancement.jpg?time=1639052812","width":300,"height":100,"caption":"SUNUPOST"},"image":{"@id":"https:\/\/sunupost.com\/#\/schema\/logo\/image\/"},"sameAs":["https:\/\/web.facebook.com\/Sunupost-101026658237468\/","https:\/\/x.com\/sunupost","https:\/\/www.instagram.com\/sunupost\/","https:\/\/www.youtube.com\/channel\/UCd7V7bCkLDOee8yr7CW4Dpw"]},{"@type":"Person","@id":"https:\/\/sunupost.com\/#\/schema\/person\/4180ce1fd5a5254dcccf3b93847e92fb","name":"Binta Ciss\u00e9","image":{"@type":"ImageObject","inLanguage":"fr-FR","@id":"https:\/\/secure.gravatar.com\/avatar\/d7ec4285e9eacdc893e9d8cea0ea6a1ff0a32ecab53f42d0bbe410001c3be0be?s=96&d=mm&r=g","url":"https:\/\/secure.gravatar.com\/avatar\/d7ec4285e9eacdc893e9d8cea0ea6a1ff0a32ecab53f42d0bbe410001c3be0be?s=96&d=mm&r=g","contentUrl":"https:\/\/secure.gravatar.com\/avatar\/d7ec4285e9eacdc893e9d8cea0ea6a1ff0a32ecab53f42d0bbe410001c3be0be?s=96&d=mm&r=g","caption":"Binta Ciss\u00e9"},"url":"https:\/\/sunupost.com\/?author=19"}]}},"_links":{"self":[{"href":"https:\/\/sunupost.com\/index.php?rest_route=\/wp\/v2\/posts\/11588","targetHints":{"allow":["GET"]}}],"collection":[{"href":"https:\/\/sunupost.com\/index.php?rest_route=\/wp\/v2\/posts"}],"about":[{"href":"https:\/\/sunupost.com\/index.php?rest_route=\/wp\/v2\/types\/post"}],"author":[{"embeddable":true,"href":"https:\/\/sunupost.com\/index.php?rest_route=\/wp\/v2\/users\/19"}],"replies":[{"embeddable":true,"href":"https:\/\/sunupost.com\/index.php?rest_route=%2Fwp%2Fv2%2Fcomments&post=11588"}],"version-history":[{"count":4,"href":"https:\/\/sunupost.com\/index.php?rest_route=\/wp\/v2\/posts\/11588\/revisions"}],"predecessor-version":[{"id":11593,"href":"https:\/\/sunupost.com\/index.php?rest_route=\/wp\/v2\/posts\/11588\/revisions\/11593"}],"wp:featuredmedia":[{"embeddable":true,"href":"https:\/\/sunupost.com\/index.php?rest_route=\/wp\/v2\/media\/11592"}],"wp:attachment":[{"href":"https:\/\/sunupost.com\/index.php?rest_route=%2Fwp%2Fv2%2Fmedia&parent=11588"}],"wp:term":[{"taxonomy":"category","embeddable":true,"href":"https:\/\/sunupost.com\/index.php?rest_route=%2Fwp%2Fv2%2Fcategories&post=11588"},{"taxonomy":"post_tag","embeddable":true,"href":"https:\/\/sunupost.com\/index.php?rest_route=%2Fwp%2Fv2%2Ftags&post=11588"}],"curies":[{"name":"wp","href":"https:\/\/api.w.org\/{rel}","templated":true}]}}