{"id":11676,"date":"2025-10-22T22:05:54","date_gmt":"2025-10-22T22:05:54","guid":{"rendered":"https:\/\/sunupost.com\/?p=11676"},"modified":"2025-10-22T22:05:54","modified_gmt":"2025-10-22T22:05:54","slug":"le-general-mbaye-cisse-prepare-ses-adieux","status":"publish","type":"post","link":"https:\/\/sunupost.com\/?p=11676","title":{"rendered":"Le g\u00e9n\u00e9ral Mbaye Ciss\u00e9 Pr\u00e9pare Ses Adieux"},"content":{"rendered":"<p style=\"text-align: justify;\">Par d\u00e9cret pr\u00e9sidentiel sign\u00e9 par le chef de l\u2019\u00c9tat, Bassirou Diomaye Faye, en date du 15 octobre 2025, \u00ab les rang et appellation de g\u00e9n\u00e9ral d\u2019arm\u00e9e sont conf\u00e9r\u00e9s, \u00e0 compter du 30 octobre 2025, au g\u00e9n\u00e9ral de corps d\u2019arm\u00e9e Mbaye Ciss\u00e9, dans la premi\u00e8re section (active) des cadres de l\u2019\u00c9tat-major g\u00e9n\u00e9ral \u00bb, selon nos confr\u00e8res de FDS TV.<\/p>\n<p style=\"text-align: justify;\">\n<p style=\"text-align: justify;\">Nomm\u00e9 chef d\u2019\u00c9tat-major g\u00e9n\u00e9ral des arm\u00e9es le 6 avril 2023, le g\u00e9n\u00e9ral Mbaye Ciss\u00e9 atteindra la limite d\u2019\u00e2ge du service actif en f\u00e9vrier 2026, date \u00e0 laquelle il fera ses adieux aux arm\u00e9es pour rejoindre la deuxi\u00e8me section des officiers d\u2019\u00c9tat-major.<\/p>\n","protected":false},"excerpt":{"rendered":"<p>Par d\u00e9cret pr\u00e9sidentiel sign\u00e9 par le chef de l\u2019\u00c9tat, Bassirou Diomaye Faye, en date du 15 octobre 2025, \u00ab les rang et appellation de g\u00e9n\u00e9ral&#8230;<\/p>\n","protected":false},"author":2,"featured_media":11677,"comment_status":"open","ping_status":"open","sticky":false,"template":"","format":"standard","meta":{"_coblocks_attr":"","_coblocks_dimensions":"","_coblocks_responsive_height":"","_coblocks_accordion_ie_support":"","_monsterinsights_skip_tracking":false,"_monsterinsights_sitenote_active":false,"_monsterinsights_sitenote_note":"","_monsterinsights_sitenote_category":0,"h5ap_radio_sources":[],"footnotes":""},"categories":[15,1],"tags":[],"class_list":["post-11676","post","type-post","status-publish","format-standard","has-post-thumbnail","hentry","category-a-la-une","category-societe-2","wpcat-15-id","wpcat-1-id"],"yoast_head":"<!-- This site is optimized with the Yoast SEO plugin v27.5 - https:\/\/yoast.com\/product\/yoast-seo-wordpress\/ -->\n<title>Le g\u00e9n\u00e9ral Mbaye Ciss\u00e9 Pr\u00e9pare Ses Adieux - SUNUPOST<\/title>\n<meta name=\"robots\" content=\"index, follow, max-snippet:-1, max-image-preview:large, max-video-preview:-1\" \/>\n<link rel=\"canonical\" href=\"https:\/\/sunupost.com\/?p=11676\" \/>\n<meta property=\"og:locale\" content=\"fr_FR\" \/>\n<meta property=\"og:type\" content=\"article\" \/>\n<meta property=\"og:title\" content=\"Le g\u00e9n\u00e9ral Mbaye Ciss\u00e9 Pr\u00e9pare Ses Adieux - SUNUPOST\" \/>\n<meta property=\"og:description\" content=\"Par d\u00e9cret pr\u00e9sidentiel sign\u00e9 par le chef de l\u2019\u00c9tat, Bassirou Diomaye Faye, en date du 15 octobre 2025, \u00ab les rang et appellation de g\u00e9n\u00e9ral...\" \/>\n<meta property=\"og:url\" content=\"https:\/\/sunupost.com\/?p=11676\" \/>\n<meta property=\"og:site_name\" content=\"SUNUPOST\" \/>\n<meta property=\"article:publisher\" content=\"https:\/\/web.facebook.com\/Sunupost-101026658237468\/\" \/>\n<meta property=\"article:published_time\" content=\"2025-10-22T22:05:54+00:00\" \/>\n<meta property=\"og:image\" content=\"https:\/\/sunupost.com\/wp-content\/uploads\/2025\/10\/FB_IMG_1761170371690.jpg\" \/>\n\t<meta property=\"og:image:width\" content=\"452\" \/>\n\t<meta property=\"og:image:height\" content=\"377\" \/>\n\t<meta property=\"og:image:type\" content=\"image\/jpeg\" \/>\n<meta name=\"author\" content=\"SunuPost\" \/>\n<meta name=\"twitter:card\" content=\"summary_large_image\" \/>\n<meta name=\"twitter:creator\" content=\"@sunupost\" \/>\n<meta name=\"twitter:site\" content=\"@sunupost\" \/>\n<meta name=\"twitter:label1\" content=\"\u00c9crit par\" \/>\n\t<meta name=\"twitter:data1\" content=\"SunuPost\" \/>\n\t<meta name=\"twitter:label2\" content=\"Dur\u00e9e de lecture estim\u00e9e\" \/>\n\t<meta name=\"twitter:data2\" content=\"1 minute\" \/>\n<script type=\"application\/ld+json\" class=\"yoast-schema-graph\">{\"@context\":\"https:\\\/\\\/schema.org\",\"@graph\":[{\"@type\":\"Article\",\"@id\":\"https:\\\/\\\/sunupost.com\\\/?p=11676#article\",\"isPartOf\":{\"@id\":\"https:\\\/\\\/sunupost.com\\\/?p=11676\"},\"author\":{\"name\":\"SunuPost\",\"@id\":\"https:\\\/\\\/sunupost.com\\\/#\\\/schema\\\/person\\\/4e12076578c038ef05505f168dbe2957\"},\"headline\":\"Le g\u00e9n\u00e9ral Mbaye Ciss\u00e9 Pr\u00e9pare Ses Adieux\",\"datePublished\":\"2025-10-22T22:05:54+00:00\",\"mainEntityOfPage\":{\"@id\":\"https:\\\/\\\/sunupost.com\\\/?p=11676\"},\"wordCount\":127,\"commentCount\":29,\"publisher\":{\"@id\":\"https:\\\/\\\/sunupost.com\\\/#organization\"},\"image\":{\"@id\":\"https:\\\/\\\/sunupost.com\\\/?p=11676#primaryimage\"},\"thumbnailUrl\":\"https:\\\/\\\/sunupost.com\\\/wp-content\\\/uploads\\\/2025\\\/10\\\/FB_IMG_1761170371690.jpg\",\"articleSection\":[\"A LA UNE\",\"RESERVEE\"],\"inLanguage\":\"fr-FR\",\"potentialAction\":[{\"@type\":\"CommentAction\",\"name\":\"Comment\",\"target\":[\"https:\\\/\\\/sunupost.com\\\/?p=11676#respond\"]}]},{\"@type\":\"WebPage\",\"@id\":\"https:\\\/\\\/sunupost.com\\\/?p=11676\",\"url\":\"https:\\\/\\\/sunupost.com\\\/?p=11676\",\"name\":\"Le g\u00e9n\u00e9ral Mbaye Ciss\u00e9 Pr\u00e9pare Ses Adieux - SUNUPOST\",\"isPartOf\":{\"@id\":\"https:\\\/\\\/sunupost.com\\\/#website\"},\"primaryImageOfPage\":{\"@id\":\"https:\\\/\\\/sunupost.com\\\/?p=11676#primaryimage\"},\"image\":{\"@id\":\"https:\\\/\\\/sunupost.com\\\/?p=11676#primaryimage\"},\"thumbnailUrl\":\"https:\\\/\\\/sunupost.com\\\/wp-content\\\/uploads\\\/2025\\\/10\\\/FB_IMG_1761170371690.jpg\",\"datePublished\":\"2025-10-22T22:05:54+00:00\",\"breadcrumb\":{\"@id\":\"https:\\\/\\\/sunupost.com\\\/?p=11676#breadcrumb\"},\"inLanguage\":\"fr-FR\",\"potentialAction\":[{\"@type\":\"ReadAction\",\"target\":[\"https:\\\/\\\/sunupost.com\\\/?p=11676\"]}]},{\"@type\":\"ImageObject\",\"inLanguage\":\"fr-FR\",\"@id\":\"https:\\\/\\\/sunupost.com\\\/?p=11676#primaryimage\",\"url\":\"https:\\\/\\\/sunupost.com\\\/wp-content\\\/uploads\\\/2025\\\/10\\\/FB_IMG_1761170371690.jpg\",\"contentUrl\":\"https:\\\/\\\/sunupost.com\\\/wp-content\\\/uploads\\\/2025\\\/10\\\/FB_IMG_1761170371690.jpg\",\"width\":452,\"height\":377},{\"@type\":\"BreadcrumbList\",\"@id\":\"https:\\\/\\\/sunupost.com\\\/?p=11676#breadcrumb\",\"itemListElement\":[{\"@type\":\"ListItem\",\"position\":1,\"name\":\"Home\",\"item\":\"https:\\\/\\\/sunupost.com\\\/\"},{\"@type\":\"ListItem\",\"position\":2,\"name\":\"Le g\u00e9n\u00e9ral Mbaye Ciss\u00e9 Pr\u00e9pare Ses Adieux\"}]},{\"@type\":\"WebSite\",\"@id\":\"https:\\\/\\\/sunupost.com\\\/#website\",\"url\":\"https:\\\/\\\/sunupost.com\\\/\",\"name\":\"SUNUPOST\",\"description\":\"Pens\u00e9e libre\",\"publisher\":{\"@id\":\"https:\\\/\\\/sunupost.com\\\/#organization\"},\"potentialAction\":[{\"@type\":\"SearchAction\",\"target\":{\"@type\":\"EntryPoint\",\"urlTemplate\":\"https:\\\/\\\/sunupost.com\\\/?s={search_term_string}\"},\"query-input\":{\"@type\":\"PropertyValueSpecification\",\"valueRequired\":true,\"valueName\":\"search_term_string\"}}],\"inLanguage\":\"fr-FR\"},{\"@type\":\"Organization\",\"@id\":\"https:\\\/\\\/sunupost.com\\\/#organization\",\"name\":\"SUNUPOST\",\"url\":\"https:\\\/\\\/sunupost.com\\\/\",\"logo\":{\"@type\":\"ImageObject\",\"inLanguage\":\"fr-FR\",\"@id\":\"https:\\\/\\\/sunupost.com\\\/#\\\/schema\\\/logo\\\/image\\\/\",\"url\":\"https:\\\/\\\/secureservercdn.net\\\/198.71.233.206\\\/17w.044.myftpupload.com\\\/wp-content\\\/uploads\\\/2020\\\/05\\\/Lancement.jpg?time=1639052812\",\"contentUrl\":\"https:\\\/\\\/secureservercdn.net\\\/198.71.233.206\\\/17w.044.myftpupload.com\\\/wp-content\\\/uploads\\\/2020\\\/05\\\/Lancement.jpg?time=1639052812\",\"width\":300,\"height\":100,\"caption\":\"SUNUPOST\"},\"image\":{\"@id\":\"https:\\\/\\\/sunupost.com\\\/#\\\/schema\\\/logo\\\/image\\\/\"},\"sameAs\":[\"https:\\\/\\\/web.facebook.com\\\/Sunupost-101026658237468\\\/\",\"https:\\\/\\\/x.com\\\/sunupost\",\"https:\\\/\\\/www.instagram.com\\\/sunupost\\\/\",\"https:\\\/\\\/www.youtube.com\\\/channel\\\/UCd7V7bCkLDOee8yr7CW4Dpw\"]},{\"@type\":\"Person\",\"@id\":\"https:\\\/\\\/sunupost.com\\\/#\\\/schema\\\/person\\\/4e12076578c038ef05505f168dbe2957\",\"name\":\"SunuPost\",\"image\":{\"@type\":\"ImageObject\",\"inLanguage\":\"fr-FR\",\"@id\":\"https:\\\/\\\/secure.gravatar.com\\\/avatar\\\/8f6f689479872167ad3986f6aeaab8bfbf2403fb73b91e16d334b19ffadb7456?s=96&d=mm&r=g\",\"url\":\"https:\\\/\\\/secure.gravatar.com\\\/avatar\\\/8f6f689479872167ad3986f6aeaab8bfbf2403fb73b91e16d334b19ffadb7456?s=96&d=mm&r=g\",\"contentUrl\":\"https:\\\/\\\/secure.gravatar.com\\\/avatar\\\/8f6f689479872167ad3986f6aeaab8bfbf2403fb73b91e16d334b19ffadb7456?s=96&d=mm&r=g\",\"caption\":\"SunuPost\"},\"url\":\"https:\\\/\\\/sunupost.com\\\/?author=2\"}]}<\/script>\n<!-- \/ Yoast SEO plugin. -->","yoast_head_json":{"title":"Le g\u00e9n\u00e9ral Mbaye Ciss\u00e9 Pr\u00e9pare Ses Adieux - SUNUPOST","robots":{"index":"index","follow":"follow","max-snippet":"max-snippet:-1","max-image-preview":"max-image-preview:large","max-video-preview":"max-video-preview:-1"},"canonical":"https:\/\/sunupost.com\/?p=11676","og_locale":"fr_FR","og_type":"article","og_title":"Le g\u00e9n\u00e9ral Mbaye Ciss\u00e9 Pr\u00e9pare Ses Adieux - SUNUPOST","og_description":"Par d\u00e9cret pr\u00e9sidentiel sign\u00e9 par le chef de l\u2019\u00c9tat, Bassirou Diomaye Faye, en date du 15 octobre 2025, \u00ab les rang et appellation de g\u00e9n\u00e9ral...","og_url":"https:\/\/sunupost.com\/?p=11676","og_site_name":"SUNUPOST","article_publisher":"https:\/\/web.facebook.com\/Sunupost-101026658237468\/","article_published_time":"2025-10-22T22:05:54+00:00","og_image":[{"width":452,"height":377,"url":"https:\/\/sunupost.com\/wp-content\/uploads\/2025\/10\/FB_IMG_1761170371690.jpg","type":"image\/jpeg"}],"author":"SunuPost","twitter_card":"summary_large_image","twitter_creator":"@sunupost","twitter_site":"@sunupost","twitter_misc":{"\u00c9crit par":"SunuPost","Dur\u00e9e de lecture estim\u00e9e":"1 minute"},"schema":{"@context":"https:\/\/schema.org","@graph":[{"@type":"Article","@id":"https:\/\/sunupost.com\/?p=11676#article","isPartOf":{"@id":"https:\/\/sunupost.com\/?p=11676"},"author":{"name":"SunuPost","@id":"https:\/\/sunupost.com\/#\/schema\/person\/4e12076578c038ef05505f168dbe2957"},"headline":"Le g\u00e9n\u00e9ral Mbaye Ciss\u00e9 Pr\u00e9pare Ses Adieux","datePublished":"2025-10-22T22:05:54+00:00","mainEntityOfPage":{"@id":"https:\/\/sunupost.com\/?p=11676"},"wordCount":127,"commentCount":29,"publisher":{"@id":"https:\/\/sunupost.com\/#organization"},"image":{"@id":"https:\/\/sunupost.com\/?p=11676#primaryimage"},"thumbnailUrl":"https:\/\/sunupost.com\/wp-content\/uploads\/2025\/10\/FB_IMG_1761170371690.jpg","articleSection":["A LA UNE","RESERVEE"],"inLanguage":"fr-FR","potentialAction":[{"@type":"CommentAction","name":"Comment","target":["https:\/\/sunupost.com\/?p=11676#respond"]}]},{"@type":"WebPage","@id":"https:\/\/sunupost.com\/?p=11676","url":"https:\/\/sunupost.com\/?p=11676","name":"Le g\u00e9n\u00e9ral Mbaye Ciss\u00e9 Pr\u00e9pare Ses Adieux - SUNUPOST","isPartOf":{"@id":"https:\/\/sunupost.com\/#website"},"primaryImageOfPage":{"@id":"https:\/\/sunupost.com\/?p=11676#primaryimage"},"image":{"@id":"https:\/\/sunupost.com\/?p=11676#primaryimage"},"thumbnailUrl":"https:\/\/sunupost.com\/wp-content\/uploads\/2025\/10\/FB_IMG_1761170371690.jpg","datePublished":"2025-10-22T22:05:54+00:00","breadcrumb":{"@id":"https:\/\/sunupost.com\/?p=11676#breadcrumb"},"inLanguage":"fr-FR","potentialAction":[{"@type":"ReadAction","target":["https:\/\/sunupost.com\/?p=11676"]}]},{"@type":"ImageObject","inLanguage":"fr-FR","@id":"https:\/\/sunupost.com\/?p=11676#primaryimage","url":"https:\/\/sunupost.com\/wp-content\/uploads\/2025\/10\/FB_IMG_1761170371690.jpg","contentUrl":"https:\/\/sunupost.com\/wp-content\/uploads\/2025\/10\/FB_IMG_1761170371690.jpg","width":452,"height":377},{"@type":"BreadcrumbList","@id":"https:\/\/sunupost.com\/?p=11676#breadcrumb","itemListElement":[{"@type":"ListItem","position":1,"name":"Home","item":"https:\/\/sunupost.com\/"},{"@type":"ListItem","position":2,"name":"Le g\u00e9n\u00e9ral Mbaye Ciss\u00e9 Pr\u00e9pare Ses Adieux"}]},{"@type":"WebSite","@id":"https:\/\/sunupost.com\/#website","url":"https:\/\/sunupost.com\/","name":"SUNUPOST","description":"Pens\u00e9e libre","publisher":{"@id":"https:\/\/sunupost.com\/#organization"},"potentialAction":[{"@type":"SearchAction","target":{"@type":"EntryPoint","urlTemplate":"https:\/\/sunupost.com\/?s={search_term_string}"},"query-input":{"@type":"PropertyValueSpecification","valueRequired":true,"valueName":"search_term_string"}}],"inLanguage":"fr-FR"},{"@type":"Organization","@id":"https:\/\/sunupost.com\/#organization","name":"SUNUPOST","url":"https:\/\/sunupost.com\/","logo":{"@type":"ImageObject","inLanguage":"fr-FR","@id":"https:\/\/sunupost.com\/#\/schema\/logo\/image\/","url":"https:\/\/secureservercdn.net\/198.71.233.206\/17w.044.myftpupload.com\/wp-content\/uploads\/2020\/05\/Lancement.jpg?time=1639052812","contentUrl":"https:\/\/secureservercdn.net\/198.71.233.206\/17w.044.myftpupload.com\/wp-content\/uploads\/2020\/05\/Lancement.jpg?time=1639052812","width":300,"height":100,"caption":"SUNUPOST"},"image":{"@id":"https:\/\/sunupost.com\/#\/schema\/logo\/image\/"},"sameAs":["https:\/\/web.facebook.com\/Sunupost-101026658237468\/","https:\/\/x.com\/sunupost","https:\/\/www.instagram.com\/sunupost\/","https:\/\/www.youtube.com\/channel\/UCd7V7bCkLDOee8yr7CW4Dpw"]},{"@type":"Person","@id":"https:\/\/sunupost.com\/#\/schema\/person\/4e12076578c038ef05505f168dbe2957","name":"SunuPost","image":{"@type":"ImageObject","inLanguage":"fr-FR","@id":"https:\/\/secure.gravatar.com\/avatar\/8f6f689479872167ad3986f6aeaab8bfbf2403fb73b91e16d334b19ffadb7456?s=96&d=mm&r=g","url":"https:\/\/secure.gravatar.com\/avatar\/8f6f689479872167ad3986f6aeaab8bfbf2403fb73b91e16d334b19ffadb7456?s=96&d=mm&r=g","contentUrl":"https:\/\/secure.gravatar.com\/avatar\/8f6f689479872167ad3986f6aeaab8bfbf2403fb73b91e16d334b19ffadb7456?s=96&d=mm&r=g","caption":"SunuPost"},"url":"https:\/\/sunupost.com\/?author=2"}]}},"_links":{"self":[{"href":"https:\/\/sunupost.com\/index.php?rest_route=\/wp\/v2\/posts\/11676","targetHints":{"allow":["GET"]}}],"collection":[{"href":"https:\/\/sunupost.com\/index.php?rest_route=\/wp\/v2\/posts"}],"about":[{"href":"https:\/\/sunupost.com\/index.php?rest_route=\/wp\/v2\/types\/post"}],"author":[{"embeddable":true,"href":"https:\/\/sunupost.com\/index.php?rest_route=\/wp\/v2\/users\/2"}],"replies":[{"embeddable":true,"href":"https:\/\/sunupost.com\/index.php?rest_route=%2Fwp%2Fv2%2Fcomments&post=11676"}],"version-history":[{"count":1,"href":"https:\/\/sunupost.com\/index.php?rest_route=\/wp\/v2\/posts\/11676\/revisions"}],"predecessor-version":[{"id":11678,"href":"https:\/\/sunupost.com\/index.php?rest_route=\/wp\/v2\/posts\/11676\/revisions\/11678"}],"wp:featuredmedia":[{"embeddable":true,"href":"https:\/\/sunupost.com\/index.php?rest_route=\/wp\/v2\/media\/11677"}],"wp:attachment":[{"href":"https:\/\/sunupost.com\/index.php?rest_route=%2Fwp%2Fv2%2Fmedia&parent=11676"}],"wp:term":[{"taxonomy":"category","embeddable":true,"href":"https:\/\/sunupost.com\/index.php?rest_route=%2Fwp%2Fv2%2Fcategories&post=11676"},{"taxonomy":"post_tag","embeddable":true,"href":"https:\/\/sunupost.com\/index.php?rest_route=%2Fwp%2Fv2%2Ftags&post=11676"}],"curies":[{"name":"wp","href":"https:\/\/api.w.org\/{rel}","templated":true}]}}