{"id":11886,"date":"2025-11-13T00:18:33","date_gmt":"2025-11-13T00:18:33","guid":{"rendered":"https:\/\/sunupost.com\/?p=11886"},"modified":"2025-11-13T00:18:33","modified_gmt":"2025-11-13T00:18:33","slug":"la-plateforme-aartu-c2d-charge-le-regime-de-diomaye-et-sonko","status":"publish","type":"post","link":"https:\/\/sunupost.com\/?p=11886","title":{"rendered":"La plateforme AARTU\/ C2D charge le r\u00e9gime de Diomaye et Sonko"},"content":{"rendered":"<p style=\"text-align: justify;\"><strong>La plateforme AARTU\/ C2D a tenu une rencontre ce mardi 11 novembre pour \u00e9changer sur la situation politico-\u00e9conomique qui pr\u00e9vaut au S\u00e9n\u00e9gal. Elle regroupe plusieurs partis politiques de l&rsquo;opposition et des organisations de la soci\u00e9t\u00e9 civile, tous \u00e9tablis en France.\u00a0<\/strong><\/p>\n<p style=\"text-align: justify;\">Ci-dessous le communiqu\u00e9 de la plateforme AARTU\/ C2D envoy\u00e9 \u00e0 SUNUPOST.<\/p>\n<p style=\"text-align: justify;\"><strong><em>COMMUNIQU\u00c9 DE PRESSE<\/em><\/strong><\/p>\n<p style=\"text-align: justify;\">Discours liminaire \u2013 Paris, le 11 novembre 2025<\/p>\n<p style=\"text-align: justify;\">\u00ab Quand la R\u00e9publique vacille, les consciences doivent se lever. \u00bb<br \/>\nChers compatriotes,<br \/>\nChers amis de la R\u00e9publique,<br \/>\nFr\u00e8res et s\u0153urs engag\u00e9s,<\/p>\n<p style=\"text-align: justify;\">Nous sommes r\u00e9unis aujourd\u2019hui, non pour une simple rencontre, mais pour un acte de r\u00e9sistance d\u00e9mocratique. Car oui, le S\u00e9n\u00e9gal que nous aimons \u2014 ce S\u00e9n\u00e9gal de l\u2019\u00e9quilibre, du dialogue et du respect mutuel \u2014 est aujourd\u2019hui en danger.<br \/>\nAARTU \/ C2D : une exigence historique<br \/>\nAARTU \/ C2D est n\u00e9 d\u2019une exigence de v\u00e9rit\u00e9 et de sursaut. Ce n\u2019est pas une initiative de plus, ni un slogan de circonstance: c\u2019est une clameur citoyenne, une volont\u00e9 collective de redresser la R\u00e9publique, face au naufrage moral, politique et institutionnel qui menace notre pays.<br \/>\nD\u00e8s le mois de mai 2025, plusieurs partis politiques, mouvements citoyens et personnalit\u00e9s ind\u00e9pendantes se sont rassembl\u00e9s autour d\u2019un objectif commun: d\u00e9fendre l\u2019\u00c9tat de droit et les libert\u00e9s d\u00e9mocratiques.<br \/>\nCes \u00e9changes ont conduit \u00e0 une premi\u00e8re r\u00e9union en ligne, le 13 juillet 2025, consacr\u00e9e \u00e0 l\u2019\u00e9laboration des Termes de R\u00e9f\u00e9rence et du r\u00e8glement int\u00e9rieur \u2014 les fondements d\u2019une action concert\u00e9e, organis\u00e9e et responsable. Puis, le 6 septembre 2025, la r\u00e9union physique du Comit\u00e9 de coordination, tenue \u00e0 Paris, a ent\u00e9rin\u00e9 ces textes fondateurs, scellant la naissance officielle de la plateforme AARTU \/ C2D.<br \/>\nDepuis, trois communiqu\u00e9s majeurs ont marqu\u00e9 la parole publique d\u2019AARTU : L\u2019annonce du lancement de la plateforme, appelant \u00e0 l\u2019unit\u00e9 des forces d\u00e9mocratiques ; L\u2019appel \u00e0 la mobilisation lors de la manifestation de Milan, en solidarit\u00e9 avec la diaspora ; Et la d\u00e9nonciation de la r\u00e9pression visant la presse libre, symbolis\u00e9e par les arrestations arbitraires de journalistes.<br \/>\nEnfin, le Niakhtou national lanc\u00e9 r\u00e9cemment incarne la d\u00e9termination d\u2019AARTU \u00e0 f\u00e9d\u00e9rer toutes les consciences patriotiques autour d\u2019un objectif clair : sauver la R\u00e9publique.<br \/>\nUn pouvoir sans boussole, un pays sans rep\u00e8res<br \/>\nPendant que le pays souffre, que les familles ploient sous la chert\u00e9 de la vie et que nos jeunes s\u2019exilent faute d\u2019avenir, le pouvoir, lui, se livre \u00e0 des shows politiques ind\u00e9cents. On promet la rupture, mais on installe la confusion. On parle au nom du peuple, mais on gouverne par clan. On pr\u00e9tend d\u00e9fendre la justice, mais on pi\u00e9tine les institutions.<br \/>\nLe Premier ministre Ousmane Sonko et ses affid\u00e9s ont fait du mensonge une m\u00e9thode, et de la haine un instrument politique. Par leurs discours, ils dressent les S\u00e9n\u00e9galais les uns contre les autres, semant la suspicion et fragmentant la Nation.<br \/>\nCe qui se joue aujourd\u2019hui n\u2019est pas une simple rivalit\u00e9 partisane : c\u2019est la survie m\u00eame de notre vivre-ensemble.<br \/>\nLa diplomatie humili\u00e9e, la Nation fragilis\u00e9e<br \/>\nLe S\u00e9n\u00e9gal, jadis respect\u00e9 et \u00e9cout\u00e9 dans les chancelleries du monde, est devenu la ris\u00e9e diplomatique d\u2019une r\u00e9gion en crise. Notre voix, autrefois porteuse d\u2019\u00e9quilibre et de sagesse, s\u2019est \u00e9teinte dans le vacarme du populisme et des invectives.<br \/>\nDans une sous-r\u00e9gion d\u00e9stabilis\u00e9e par les coups d\u2019\u00c9tat et les menaces s\u00e9curitaires, notre pays aurait d\u00fb demeurer un p\u00f4le de stabilit\u00e9. Mais le r\u00e9gime actuel, enferm\u00e9 dans sa logique d\u2019affrontement, m\u00e9prise la raison d\u2019\u00c9tat et ignore les \u00e9quilibres diplomatiques qui ont toujours fait la force du S\u00e9n\u00e9gal.<br \/>\nUn naufrage \u00e9conomique et fiscal<br \/>\nSur le plan \u00e9conomique, le constat est tout aussi alarmant. La dette explose, la croissance ralentit, et m\u00eame le FMI a reconnu l\u2019\u00e9chec de la politique \u00e9conomique du gouvernement.<br \/>\nAu lieu d\u2019un plan de relance fond\u00e9 sur la production, la cr\u00e9ation de valeur et le soutien \u00e0 l\u2019emploi, le pouvoir a choisi de ponctionner les plus pauvres, d\u2019asphyxier les petites entreprises et de taxer les transferts familiaux qui font vivre des millions de foyers s\u00e9n\u00e9galais.<br \/>\nCe n\u2019est pas une politique \u00e9conomique : c\u2019est une agression sociale contre le peuple.<br \/>\nLes institutions attaqu\u00e9es, la R\u00e9publique menac\u00e9e<br \/>\nAu meeting de T\u00e9ra, le Premier ministre Ousmane Sonko s\u2019est publiquement attaqu\u00e9 au pouvoir judiciaire, mena\u00e7ant ainsi un pilier essentiel de notre d\u00e9mocratie. Des responsables de son camp osent d\u00e9sormais parler de \u00ab pr\u00e9sident l\u00e9gitime \u00bb et de \u00ab pr\u00e9sident l\u00e9gal \u00bb \u2014 comme si la R\u00e9publique pouvait avoir deux t\u00eates.<br \/>\nEt si, comme certains le laissent entendre, un accord secret liait le pr\u00e9sident Diomaye Faye \u00e0 son Premier ministre avant l\u2019\u00e9lection, cela constituerait une trahison du suffrage universel, un coup d\u2019\u00c9tat constitutionnel d\u00e9guis\u00e9.<br \/>\nLe devoir des r\u00e9publicains<br \/>\nFace \u00e0 cette d\u00e9rive, notre silence serait une faute et notre indiff\u00e9rence, une complicit\u00e9. AARTU \/ C2D appelle toutes les forces r\u00e9publicaines \u2014 politiques, intellectuelles, syndicales, citoyennes \u2014 \u00e0 se lever pour d\u00e9fendre les institutions, la justice, la libert\u00e9 et l\u2019unit\u00e9 nationale.<br \/>\nNous devons dire non \u00e0 la haine, non \u00e0 la manipulation, non \u00e0 la division. Car la R\u00e9publique n\u2019appartient \u00e0 aucun camp : elle est une conscience collective.<br \/>\nAARTU \/ C2D : le bouclier r\u00e9publicain<br \/>\nAARTU \/ C2D n\u2019est ni un parti, ni un clan. C\u2019est une convergence de citoyens libres, de partis responsables et de mouvements engag\u00e9s, unis par une conviction commune : le S\u00e9n\u00e9gal appartient \u00e0 tous, et nul ne doit le confisquer.<br \/>\nNous refusons la peur. Nous refusons la soumission. Nous refusons la confiscation du pouvoir par la propagande et la haine.<br \/>\nLe S\u00e9n\u00e9gal nous appartient<br \/>\nLe S\u00e9n\u00e9gal n\u2019est pas \u00e0 vendre, ni \u00e0 livrer aux apprentis dictateurs. Il appartient \u00e0 ses enfants, \u00e0 celles et ceux qui croient encore en la R\u00e9publique, au d\u00e9bat, \u00e0 la solidarit\u00e9 et \u00e0 la justice.<br \/>\nQuand la R\u00e9publique vacille, les consciences doivent se lever. Et c\u2019est ce que nous faisons ici, aujourd\u2019hui.<br \/>\nConclusion<br \/>\nLe r\u00e9gime a choisi la d\u00e9rive \u2014 nous choisissons la r\u00e9sistance. Le r\u00e9gime a choisi le mensonge \u2014 nous choisissons la v\u00e9rit\u00e9. Le r\u00e9gime a choisi la division \u2014 nous choisissons l\u2019unit\u00e9 nationale.<br \/>\nVive la R\u00e9publique !<br \/>\nVive le S\u00e9n\u00e9gal uni et debout !<br \/>\nVive AARTU \/ C2D !<br \/>\nLe Bureau de coordination Europe<br \/>\nSignataires :<br \/>\nReew Mi \u2013 Idrissa Seck<br \/>\nOsez l\u2019Avenir \u2013 A\u00efssata Tall Sall<br \/>\nR\u00e9publique des Valeurs \/ R\u00e9ewum Ngor \u2013 Thierno Alassane Sall<br \/>\nAGIR \u2013 Thierno Bocoum<br \/>\nETIC \u2013 Juge Ibrahima D\u00e8me<br \/>\nACT \u2013 Ibrahima Thiam<br \/>\nNouvelle Responsabilit\u00e9 \u2013 Amadou Ba<br \/>\nAPR \u2013 Macky Sall<br \/>\nGeum Sa Bopp \/ Jambars \u2013 Bougane Gu\u00e8ye Dany<br \/>\nParti Socialiste \u2013 Aminata Mbengue Ndiaye<br \/>\nAFP \u2013 Mbaye Dione<br \/>\nS\u00e9n\u00e9gal bi nu Bokk \u2013 Barth\u00e9l\u00e9my Dias<br \/>\nPIT \u2013 Samba Sy<br \/>\nJ\u00ebf-J\u00ebl \/ J\u00e0mm ak Naatang\u00e9 \u2013 Talla Sylla<br \/>\nPDS \u2013 Karim Wade<\/p>\n","protected":false},"excerpt":{"rendered":"<p>La plateforme AARTU\/ C2D a tenu une rencontre ce mardi 11 novembre pour \u00e9changer sur la situation politico-\u00e9conomique qui pr\u00e9vaut au S\u00e9n\u00e9gal. Elle regroupe plusieurs&#8230;<\/p>\n","protected":false},"author":18,"featured_media":11887,"comment_status":"open","ping_status":"open","sticky":false,"template":"","format":"standard","meta":{"_coblocks_attr":"","_coblocks_dimensions":"","_coblocks_responsive_height":"","_coblocks_accordion_ie_support":"","_monsterinsights_skip_tracking":false,"_monsterinsights_sitenote_active":false,"_monsterinsights_sitenote_note":"","_monsterinsights_sitenote_category":0,"h5ap_radio_sources":[],"footnotes":""},"categories":[15,6],"tags":[],"class_list":["post-11886","post","type-post","status-publish","format-standard","has-post-thumbnail","hentry","category-a-la-une","category-politique","wpcat-15-id","wpcat-6-id"],"yoast_head":"<!-- This site is optimized with the Yoast SEO plugin v27.5 - https:\/\/yoast.com\/product\/yoast-seo-wordpress\/ -->\n<title>La plateforme AARTU\/ C2D charge le r\u00e9gime de Diomaye et Sonko - SUNUPOST<\/title>\n<meta name=\"robots\" content=\"index, follow, max-snippet:-1, max-image-preview:large, max-video-preview:-1\" \/>\n<link rel=\"canonical\" href=\"https:\/\/sunupost.com\/?p=11886\" \/>\n<meta property=\"og:locale\" content=\"fr_FR\" \/>\n<meta property=\"og:type\" content=\"article\" \/>\n<meta property=\"og:title\" content=\"La plateforme AARTU\/ C2D charge le r\u00e9gime de Diomaye et Sonko - SUNUPOST\" \/>\n<meta property=\"og:description\" content=\"La plateforme AARTU\/ C2D a tenu une rencontre ce mardi 11 novembre pour \u00e9changer sur la situation politico-\u00e9conomique qui pr\u00e9vaut au S\u00e9n\u00e9gal. Elle regroupe plusieurs...\" \/>\n<meta property=\"og:url\" content=\"https:\/\/sunupost.com\/?p=11886\" \/>\n<meta property=\"og:site_name\" content=\"SUNUPOST\" \/>\n<meta property=\"article:publisher\" content=\"https:\/\/web.facebook.com\/Sunupost-101026658237468\/\" \/>\n<meta property=\"article:published_time\" content=\"2025-11-13T00:18:33+00:00\" \/>\n<meta property=\"og:image\" content=\"https:\/\/sunupost.com\/wp-content\/uploads\/2025\/11\/IMG-20251112-WA0149.jpg\" \/>\n\t<meta property=\"og:image:width\" content=\"1599\" \/>\n\t<meta property=\"og:image:height\" content=\"899\" \/>\n\t<meta property=\"og:image:type\" content=\"image\/jpeg\" \/>\n<meta name=\"author\" content=\"bayecisse\" \/>\n<meta name=\"twitter:card\" content=\"summary_large_image\" \/>\n<meta name=\"twitter:creator\" content=\"@sunupost\" \/>\n<meta name=\"twitter:site\" content=\"@sunupost\" \/>\n<meta name=\"twitter:label1\" content=\"\u00c9crit par\" \/>\n\t<meta name=\"twitter:data1\" content=\"bayecisse\" \/>\n\t<meta name=\"twitter:label2\" content=\"Dur\u00e9e de lecture estim\u00e9e\" \/>\n\t<meta name=\"twitter:data2\" content=\"6 minutes\" \/>\n<script type=\"application\/ld+json\" class=\"yoast-schema-graph\">{\"@context\":\"https:\\\/\\\/schema.org\",\"@graph\":[{\"@type\":\"Article\",\"@id\":\"https:\\\/\\\/sunupost.com\\\/?p=11886#article\",\"isPartOf\":{\"@id\":\"https:\\\/\\\/sunupost.com\\\/?p=11886\"},\"author\":{\"name\":\"bayecisse\",\"@id\":\"https:\\\/\\\/sunupost.com\\\/#\\\/schema\\\/person\\\/2f9eede4a93c41a0a103e580a47c75a3\"},\"headline\":\"La plateforme AARTU\\\/ C2D charge le r\u00e9gime de Diomaye et Sonko\",\"datePublished\":\"2025-11-13T00:18:33+00:00\",\"mainEntityOfPage\":{\"@id\":\"https:\\\/\\\/sunupost.com\\\/?p=11886\"},\"wordCount\":1205,\"commentCount\":2,\"publisher\":{\"@id\":\"https:\\\/\\\/sunupost.com\\\/#organization\"},\"image\":{\"@id\":\"https:\\\/\\\/sunupost.com\\\/?p=11886#primaryimage\"},\"thumbnailUrl\":\"https:\\\/\\\/sunupost.com\\\/wp-content\\\/uploads\\\/2025\\\/11\\\/IMG-20251112-WA0149.jpg\",\"articleSection\":[\"A LA UNE\",\"POLITIQUE\"],\"inLanguage\":\"fr-FR\",\"potentialAction\":[{\"@type\":\"CommentAction\",\"name\":\"Comment\",\"target\":[\"https:\\\/\\\/sunupost.com\\\/?p=11886#respond\"]}]},{\"@type\":\"WebPage\",\"@id\":\"https:\\\/\\\/sunupost.com\\\/?p=11886\",\"url\":\"https:\\\/\\\/sunupost.com\\\/?p=11886\",\"name\":\"La plateforme AARTU\\\/ C2D charge le r\u00e9gime de Diomaye et Sonko - SUNUPOST\",\"isPartOf\":{\"@id\":\"https:\\\/\\\/sunupost.com\\\/#website\"},\"primaryImageOfPage\":{\"@id\":\"https:\\\/\\\/sunupost.com\\\/?p=11886#primaryimage\"},\"image\":{\"@id\":\"https:\\\/\\\/sunupost.com\\\/?p=11886#primaryimage\"},\"thumbnailUrl\":\"https:\\\/\\\/sunupost.com\\\/wp-content\\\/uploads\\\/2025\\\/11\\\/IMG-20251112-WA0149.jpg\",\"datePublished\":\"2025-11-13T00:18:33+00:00\",\"breadcrumb\":{\"@id\":\"https:\\\/\\\/sunupost.com\\\/?p=11886#breadcrumb\"},\"inLanguage\":\"fr-FR\",\"potentialAction\":[{\"@type\":\"ReadAction\",\"target\":[\"https:\\\/\\\/sunupost.com\\\/?p=11886\"]}]},{\"@type\":\"ImageObject\",\"inLanguage\":\"fr-FR\",\"@id\":\"https:\\\/\\\/sunupost.com\\\/?p=11886#primaryimage\",\"url\":\"https:\\\/\\\/sunupost.com\\\/wp-content\\\/uploads\\\/2025\\\/11\\\/IMG-20251112-WA0149.jpg\",\"contentUrl\":\"https:\\\/\\\/sunupost.com\\\/wp-content\\\/uploads\\\/2025\\\/11\\\/IMG-20251112-WA0149.jpg\",\"width\":1599,\"height\":899},{\"@type\":\"BreadcrumbList\",\"@id\":\"https:\\\/\\\/sunupost.com\\\/?p=11886#breadcrumb\",\"itemListElement\":[{\"@type\":\"ListItem\",\"position\":1,\"name\":\"Home\",\"item\":\"https:\\\/\\\/sunupost.com\\\/\"},{\"@type\":\"ListItem\",\"position\":2,\"name\":\"La plateforme AARTU\\\/ C2D charge le r\u00e9gime de Diomaye et Sonko\"}]},{\"@type\":\"WebSite\",\"@id\":\"https:\\\/\\\/sunupost.com\\\/#website\",\"url\":\"https:\\\/\\\/sunupost.com\\\/\",\"name\":\"SUNUPOST\",\"description\":\"Pens\u00e9e libre\",\"publisher\":{\"@id\":\"https:\\\/\\\/sunupost.com\\\/#organization\"},\"potentialAction\":[{\"@type\":\"SearchAction\",\"target\":{\"@type\":\"EntryPoint\",\"urlTemplate\":\"https:\\\/\\\/sunupost.com\\\/?s={search_term_string}\"},\"query-input\":{\"@type\":\"PropertyValueSpecification\",\"valueRequired\":true,\"valueName\":\"search_term_string\"}}],\"inLanguage\":\"fr-FR\"},{\"@type\":\"Organization\",\"@id\":\"https:\\\/\\\/sunupost.com\\\/#organization\",\"name\":\"SUNUPOST\",\"url\":\"https:\\\/\\\/sunupost.com\\\/\",\"logo\":{\"@type\":\"ImageObject\",\"inLanguage\":\"fr-FR\",\"@id\":\"https:\\\/\\\/sunupost.com\\\/#\\\/schema\\\/logo\\\/image\\\/\",\"url\":\"https:\\\/\\\/secureservercdn.net\\\/198.71.233.206\\\/17w.044.myftpupload.com\\\/wp-content\\\/uploads\\\/2020\\\/05\\\/Lancement.jpg?time=1639052812\",\"contentUrl\":\"https:\\\/\\\/secureservercdn.net\\\/198.71.233.206\\\/17w.044.myftpupload.com\\\/wp-content\\\/uploads\\\/2020\\\/05\\\/Lancement.jpg?time=1639052812\",\"width\":300,\"height\":100,\"caption\":\"SUNUPOST\"},\"image\":{\"@id\":\"https:\\\/\\\/sunupost.com\\\/#\\\/schema\\\/logo\\\/image\\\/\"},\"sameAs\":[\"https:\\\/\\\/web.facebook.com\\\/Sunupost-101026658237468\\\/\",\"https:\\\/\\\/x.com\\\/sunupost\",\"https:\\\/\\\/www.instagram.com\\\/sunupost\\\/\",\"https:\\\/\\\/www.youtube.com\\\/channel\\\/UCd7V7bCkLDOee8yr7CW4Dpw\"]},{\"@type\":\"Person\",\"@id\":\"https:\\\/\\\/sunupost.com\\\/#\\\/schema\\\/person\\\/2f9eede4a93c41a0a103e580a47c75a3\",\"name\":\"bayecisse\",\"image\":{\"@type\":\"ImageObject\",\"inLanguage\":\"fr-FR\",\"@id\":\"https:\\\/\\\/secure.gravatar.com\\\/avatar\\\/4a8a04b7bcf740179c54b229af415c91fc0ee6a772369ff08b3013763897f56e?s=96&d=mm&r=g\",\"url\":\"https:\\\/\\\/secure.gravatar.com\\\/avatar\\\/4a8a04b7bcf740179c54b229af415c91fc0ee6a772369ff08b3013763897f56e?s=96&d=mm&r=g\",\"contentUrl\":\"https:\\\/\\\/secure.gravatar.com\\\/avatar\\\/4a8a04b7bcf740179c54b229af415c91fc0ee6a772369ff08b3013763897f56e?s=96&d=mm&r=g\",\"caption\":\"bayecisse\"},\"url\":\"https:\\\/\\\/sunupost.com\\\/?author=18\"}]}<\/script>\n<!-- \/ Yoast SEO plugin. -->","yoast_head_json":{"title":"La plateforme AARTU\/ C2D charge le r\u00e9gime de Diomaye et Sonko - SUNUPOST","robots":{"index":"index","follow":"follow","max-snippet":"max-snippet:-1","max-image-preview":"max-image-preview:large","max-video-preview":"max-video-preview:-1"},"canonical":"https:\/\/sunupost.com\/?p=11886","og_locale":"fr_FR","og_type":"article","og_title":"La plateforme AARTU\/ C2D charge le r\u00e9gime de Diomaye et Sonko - SUNUPOST","og_description":"La plateforme AARTU\/ C2D a tenu une rencontre ce mardi 11 novembre pour \u00e9changer sur la situation politico-\u00e9conomique qui pr\u00e9vaut au S\u00e9n\u00e9gal. Elle regroupe plusieurs...","og_url":"https:\/\/sunupost.com\/?p=11886","og_site_name":"SUNUPOST","article_publisher":"https:\/\/web.facebook.com\/Sunupost-101026658237468\/","article_published_time":"2025-11-13T00:18:33+00:00","og_image":[{"width":1599,"height":899,"url":"https:\/\/sunupost.com\/wp-content\/uploads\/2025\/11\/IMG-20251112-WA0149.jpg","type":"image\/jpeg"}],"author":"bayecisse","twitter_card":"summary_large_image","twitter_creator":"@sunupost","twitter_site":"@sunupost","twitter_misc":{"\u00c9crit par":"bayecisse","Dur\u00e9e de lecture estim\u00e9e":"6 minutes"},"schema":{"@context":"https:\/\/schema.org","@graph":[{"@type":"Article","@id":"https:\/\/sunupost.com\/?p=11886#article","isPartOf":{"@id":"https:\/\/sunupost.com\/?p=11886"},"author":{"name":"bayecisse","@id":"https:\/\/sunupost.com\/#\/schema\/person\/2f9eede4a93c41a0a103e580a47c75a3"},"headline":"La plateforme AARTU\/ C2D charge le r\u00e9gime de Diomaye et Sonko","datePublished":"2025-11-13T00:18:33+00:00","mainEntityOfPage":{"@id":"https:\/\/sunupost.com\/?p=11886"},"wordCount":1205,"commentCount":2,"publisher":{"@id":"https:\/\/sunupost.com\/#organization"},"image":{"@id":"https:\/\/sunupost.com\/?p=11886#primaryimage"},"thumbnailUrl":"https:\/\/sunupost.com\/wp-content\/uploads\/2025\/11\/IMG-20251112-WA0149.jpg","articleSection":["A LA UNE","POLITIQUE"],"inLanguage":"fr-FR","potentialAction":[{"@type":"CommentAction","name":"Comment","target":["https:\/\/sunupost.com\/?p=11886#respond"]}]},{"@type":"WebPage","@id":"https:\/\/sunupost.com\/?p=11886","url":"https:\/\/sunupost.com\/?p=11886","name":"La plateforme AARTU\/ C2D charge le r\u00e9gime de Diomaye et Sonko - SUNUPOST","isPartOf":{"@id":"https:\/\/sunupost.com\/#website"},"primaryImageOfPage":{"@id":"https:\/\/sunupost.com\/?p=11886#primaryimage"},"image":{"@id":"https:\/\/sunupost.com\/?p=11886#primaryimage"},"thumbnailUrl":"https:\/\/sunupost.com\/wp-content\/uploads\/2025\/11\/IMG-20251112-WA0149.jpg","datePublished":"2025-11-13T00:18:33+00:00","breadcrumb":{"@id":"https:\/\/sunupost.com\/?p=11886#breadcrumb"},"inLanguage":"fr-FR","potentialAction":[{"@type":"ReadAction","target":["https:\/\/sunupost.com\/?p=11886"]}]},{"@type":"ImageObject","inLanguage":"fr-FR","@id":"https:\/\/sunupost.com\/?p=11886#primaryimage","url":"https:\/\/sunupost.com\/wp-content\/uploads\/2025\/11\/IMG-20251112-WA0149.jpg","contentUrl":"https:\/\/sunupost.com\/wp-content\/uploads\/2025\/11\/IMG-20251112-WA0149.jpg","width":1599,"height":899},{"@type":"BreadcrumbList","@id":"https:\/\/sunupost.com\/?p=11886#breadcrumb","itemListElement":[{"@type":"ListItem","position":1,"name":"Home","item":"https:\/\/sunupost.com\/"},{"@type":"ListItem","position":2,"name":"La plateforme AARTU\/ C2D charge le r\u00e9gime de Diomaye et Sonko"}]},{"@type":"WebSite","@id":"https:\/\/sunupost.com\/#website","url":"https:\/\/sunupost.com\/","name":"SUNUPOST","description":"Pens\u00e9e libre","publisher":{"@id":"https:\/\/sunupost.com\/#organization"},"potentialAction":[{"@type":"SearchAction","target":{"@type":"EntryPoint","urlTemplate":"https:\/\/sunupost.com\/?s={search_term_string}"},"query-input":{"@type":"PropertyValueSpecification","valueRequired":true,"valueName":"search_term_string"}}],"inLanguage":"fr-FR"},{"@type":"Organization","@id":"https:\/\/sunupost.com\/#organization","name":"SUNUPOST","url":"https:\/\/sunupost.com\/","logo":{"@type":"ImageObject","inLanguage":"fr-FR","@id":"https:\/\/sunupost.com\/#\/schema\/logo\/image\/","url":"https:\/\/secureservercdn.net\/198.71.233.206\/17w.044.myftpupload.com\/wp-content\/uploads\/2020\/05\/Lancement.jpg?time=1639052812","contentUrl":"https:\/\/secureservercdn.net\/198.71.233.206\/17w.044.myftpupload.com\/wp-content\/uploads\/2020\/05\/Lancement.jpg?time=1639052812","width":300,"height":100,"caption":"SUNUPOST"},"image":{"@id":"https:\/\/sunupost.com\/#\/schema\/logo\/image\/"},"sameAs":["https:\/\/web.facebook.com\/Sunupost-101026658237468\/","https:\/\/x.com\/sunupost","https:\/\/www.instagram.com\/sunupost\/","https:\/\/www.youtube.com\/channel\/UCd7V7bCkLDOee8yr7CW4Dpw"]},{"@type":"Person","@id":"https:\/\/sunupost.com\/#\/schema\/person\/2f9eede4a93c41a0a103e580a47c75a3","name":"bayecisse","image":{"@type":"ImageObject","inLanguage":"fr-FR","@id":"https:\/\/secure.gravatar.com\/avatar\/4a8a04b7bcf740179c54b229af415c91fc0ee6a772369ff08b3013763897f56e?s=96&d=mm&r=g","url":"https:\/\/secure.gravatar.com\/avatar\/4a8a04b7bcf740179c54b229af415c91fc0ee6a772369ff08b3013763897f56e?s=96&d=mm&r=g","contentUrl":"https:\/\/secure.gravatar.com\/avatar\/4a8a04b7bcf740179c54b229af415c91fc0ee6a772369ff08b3013763897f56e?s=96&d=mm&r=g","caption":"bayecisse"},"url":"https:\/\/sunupost.com\/?author=18"}]}},"_links":{"self":[{"href":"https:\/\/sunupost.com\/index.php?rest_route=\/wp\/v2\/posts\/11886","targetHints":{"allow":["GET"]}}],"collection":[{"href":"https:\/\/sunupost.com\/index.php?rest_route=\/wp\/v2\/posts"}],"about":[{"href":"https:\/\/sunupost.com\/index.php?rest_route=\/wp\/v2\/types\/post"}],"author":[{"embeddable":true,"href":"https:\/\/sunupost.com\/index.php?rest_route=\/wp\/v2\/users\/18"}],"replies":[{"embeddable":true,"href":"https:\/\/sunupost.com\/index.php?rest_route=%2Fwp%2Fv2%2Fcomments&post=11886"}],"version-history":[{"count":1,"href":"https:\/\/sunupost.com\/index.php?rest_route=\/wp\/v2\/posts\/11886\/revisions"}],"predecessor-version":[{"id":11888,"href":"https:\/\/sunupost.com\/index.php?rest_route=\/wp\/v2\/posts\/11886\/revisions\/11888"}],"wp:featuredmedia":[{"embeddable":true,"href":"https:\/\/sunupost.com\/index.php?rest_route=\/wp\/v2\/media\/11887"}],"wp:attachment":[{"href":"https:\/\/sunupost.com\/index.php?rest_route=%2Fwp%2Fv2%2Fmedia&parent=11886"}],"wp:term":[{"taxonomy":"category","embeddable":true,"href":"https:\/\/sunupost.com\/index.php?rest_route=%2Fwp%2Fv2%2Fcategories&post=11886"},{"taxonomy":"post_tag","embeddable":true,"href":"https:\/\/sunupost.com\/index.php?rest_route=%2Fwp%2Fv2%2Ftags&post=11886"}],"curies":[{"name":"wp","href":"https:\/\/api.w.org\/{rel}","templated":true}]}}