{"id":11890,"date":"2025-11-13T10:05:01","date_gmt":"2025-11-13T10:05:01","guid":{"rendered":"https:\/\/sunupost.com\/?p=11890"},"modified":"2025-11-13T10:05:01","modified_gmt":"2025-11-13T10:05:01","slug":"crise-au-sein-de-letat-pourquoi-cela-na-pas-eu-lieu-avec-senghor-dia-ou-wade-idy","status":"publish","type":"post","link":"https:\/\/sunupost.com\/?p=11890","title":{"rendered":"Crise Au Sein De L\u2019Etat : Pourquoi Cela  n\u2019a pas eu lieu avec Senghor-Dia ou Wade-Idy !"},"content":{"rendered":"<p>Les tensions actuelles entre le Pr\u00e9sident Bassirou Diomaye Faye et le Premier ministre Ousmane Sonko rappellent in\u00e9vitablement certains duos historiques de la politique s\u00e9n\u00e9galaise : Senghor-Dia (1962) et Wade-Idy (2004). Toutefois, les experts interrog\u00e9s par L\u2019Observateur soulignent d\u2019importantes diff\u00e9rences.<\/p>\n<p><strong>Le cas Wade-Idy (2004)<\/strong>\u00a0: selon Dr Demba Gu\u00e8ye, analyste politique et ma\u00eetre de conf\u00e9rences en analyse du discours, cette comparaison n\u2019est pas pertinente, car Idrissa Seck n\u2019\u00e9tait pas chef de la majorit\u00e9 parlementaire comme l\u2019est aujourd\u2019hui Ousmane Sonko.<\/p>\n<p><strong>Le cas Senghor-Dia (1962)\u00a0<\/strong>: Dr Gu\u00e8ye y voit une proximit\u00e9 plus grande, mais rappelle qu\u2019\u00e0 l\u2019\u00e9poque Mamadou Dia exer\u00e7ait ses fonctions sous un r\u00e9gime semi-pr\u00e9sidentiel et disposait de pouvoirs presque \u00e9quivalents \u00e0 ceux du Pr\u00e9sident L\u00e9opold S\u00e9dar Senghor. Aujourd\u2019hui, le r\u00e9gime hyper-pr\u00e9sidentiel affaiblit consid\u00e9rablement la position de Sonko par rapport \u00e0 celle de Dia. Pour lui, Diomaye Faye d\u00e9tient clairement l\u2019avantage institutionnel.<\/p>\n<p><strong>La nature de la crise actuelle<\/strong>\u00a0: pour le journaliste et analyste politique Assane Samb, le conflit se d\u00e9finit comme une \u00ab\u202frivalit\u00e9 d\u2019\u00e9go et de l\u00e9gitimit\u00e9\u202f\u00bb, n\u00e9e de l\u2019id\u00e9e que Ousmane Sonko se consid\u00e8re comme l\u2019artisan principal de l\u2019\u00e9lection de Diomaye Faye. Les crises pass\u00e9es, elles, \u00e9taient souvent bas\u00e9es sur des rivalit\u00e9s id\u00e9ologiques, conclut l&rsquo;interlocuteur du quotidien du Groupe futurs m\u00e9dias.<\/p>\n","protected":false},"excerpt":{"rendered":"<p>Les tensions actuelles entre le Pr\u00e9sident Bassirou Diomaye Faye et le Premier ministre Ousmane Sonko rappellent in\u00e9vitablement certains duos historiques de la politique s\u00e9n\u00e9galaise :&#8230;<\/p>\n","protected":false},"author":19,"featured_media":11891,"comment_status":"open","ping_status":"open","sticky":false,"template":"","format":"standard","meta":{"_coblocks_attr":"","_coblocks_dimensions":"","_coblocks_responsive_height":"","_coblocks_accordion_ie_support":"","_monsterinsights_skip_tracking":false,"_monsterinsights_sitenote_active":false,"_monsterinsights_sitenote_note":"","_monsterinsights_sitenote_category":0,"h5ap_radio_sources":[],"footnotes":""},"categories":[15],"tags":[],"class_list":["post-11890","post","type-post","status-publish","format-standard","has-post-thumbnail","hentry","category-a-la-une","wpcat-15-id"],"yoast_head":"<!-- This site is optimized with the Yoast SEO plugin v27.5 - https:\/\/yoast.com\/product\/yoast-seo-wordpress\/ -->\n<title>Crise Au Sein De L\u2019Etat : Pourquoi Cela n\u2019a pas eu lieu avec Senghor-Dia ou Wade-Idy ! - SUNUPOST<\/title>\n<meta name=\"robots\" content=\"index, follow, max-snippet:-1, max-image-preview:large, max-video-preview:-1\" \/>\n<link rel=\"canonical\" href=\"https:\/\/sunupost.com\/?p=11890\" \/>\n<meta property=\"og:locale\" content=\"fr_FR\" \/>\n<meta property=\"og:type\" content=\"article\" \/>\n<meta property=\"og:title\" content=\"Crise Au Sein De L\u2019Etat : Pourquoi Cela n\u2019a pas eu lieu avec Senghor-Dia ou Wade-Idy ! - SUNUPOST\" \/>\n<meta property=\"og:description\" content=\"Les tensions actuelles entre le Pr\u00e9sident Bassirou Diomaye Faye et le Premier ministre Ousmane Sonko rappellent in\u00e9vitablement certains duos historiques de la politique s\u00e9n\u00e9galaise :...\" \/>\n<meta property=\"og:url\" content=\"https:\/\/sunupost.com\/?p=11890\" \/>\n<meta property=\"og:site_name\" content=\"SUNUPOST\" \/>\n<meta property=\"article:publisher\" content=\"https:\/\/web.facebook.com\/Sunupost-101026658237468\/\" \/>\n<meta property=\"article:published_time\" content=\"2025-11-13T10:05:01+00:00\" \/>\n<meta property=\"og:image\" content=\"https:\/\/sunupost.com\/wp-content\/uploads\/2025\/11\/thumb_1260x800_6915765a70fb4_z9hdDHLXP3.webp\" \/>\n\t<meta property=\"og:image:width\" content=\"1260\" \/>\n\t<meta property=\"og:image:height\" content=\"800\" \/>\n\t<meta property=\"og:image:type\" content=\"image\/webp\" \/>\n<meta name=\"author\" content=\"Binta Ciss\u00e9\" \/>\n<meta name=\"twitter:card\" content=\"summary_large_image\" \/>\n<meta name=\"twitter:creator\" content=\"@sunupost\" \/>\n<meta name=\"twitter:site\" content=\"@sunupost\" \/>\n<meta name=\"twitter:label1\" content=\"\u00c9crit par\" \/>\n\t<meta name=\"twitter:data1\" content=\"Binta Ciss\u00e9\" \/>\n\t<meta name=\"twitter:label2\" content=\"Dur\u00e9e de lecture estim\u00e9e\" \/>\n\t<meta name=\"twitter:data2\" content=\"1 minute\" \/>\n<script type=\"application\/ld+json\" class=\"yoast-schema-graph\">{\"@context\":\"https:\\\/\\\/schema.org\",\"@graph\":[{\"@type\":\"Article\",\"@id\":\"https:\\\/\\\/sunupost.com\\\/?p=11890#article\",\"isPartOf\":{\"@id\":\"https:\\\/\\\/sunupost.com\\\/?p=11890\"},\"author\":{\"name\":\"Binta Ciss\u00e9\",\"@id\":\"https:\\\/\\\/sunupost.com\\\/#\\\/schema\\\/person\\\/4180ce1fd5a5254dcccf3b93847e92fb\"},\"headline\":\"Crise Au Sein De L\u2019Etat : Pourquoi Cela n\u2019a pas eu lieu avec Senghor-Dia ou Wade-Idy !\",\"datePublished\":\"2025-11-13T10:05:01+00:00\",\"mainEntityOfPage\":{\"@id\":\"https:\\\/\\\/sunupost.com\\\/?p=11890\"},\"wordCount\":253,\"commentCount\":9,\"publisher\":{\"@id\":\"https:\\\/\\\/sunupost.com\\\/#organization\"},\"image\":{\"@id\":\"https:\\\/\\\/sunupost.com\\\/?p=11890#primaryimage\"},\"thumbnailUrl\":\"https:\\\/\\\/sunupost.com\\\/wp-content\\\/uploads\\\/2025\\\/11\\\/thumb_1260x800_6915765a70fb4_z9hdDHLXP3.webp\",\"articleSection\":[\"A LA UNE\"],\"inLanguage\":\"fr-FR\",\"potentialAction\":[{\"@type\":\"CommentAction\",\"name\":\"Comment\",\"target\":[\"https:\\\/\\\/sunupost.com\\\/?p=11890#respond\"]}]},{\"@type\":\"WebPage\",\"@id\":\"https:\\\/\\\/sunupost.com\\\/?p=11890\",\"url\":\"https:\\\/\\\/sunupost.com\\\/?p=11890\",\"name\":\"Crise Au Sein De L\u2019Etat : Pourquoi Cela n\u2019a pas eu lieu avec Senghor-Dia ou Wade-Idy ! - SUNUPOST\",\"isPartOf\":{\"@id\":\"https:\\\/\\\/sunupost.com\\\/#website\"},\"primaryImageOfPage\":{\"@id\":\"https:\\\/\\\/sunupost.com\\\/?p=11890#primaryimage\"},\"image\":{\"@id\":\"https:\\\/\\\/sunupost.com\\\/?p=11890#primaryimage\"},\"thumbnailUrl\":\"https:\\\/\\\/sunupost.com\\\/wp-content\\\/uploads\\\/2025\\\/11\\\/thumb_1260x800_6915765a70fb4_z9hdDHLXP3.webp\",\"datePublished\":\"2025-11-13T10:05:01+00:00\",\"breadcrumb\":{\"@id\":\"https:\\\/\\\/sunupost.com\\\/?p=11890#breadcrumb\"},\"inLanguage\":\"fr-FR\",\"potentialAction\":[{\"@type\":\"ReadAction\",\"target\":[\"https:\\\/\\\/sunupost.com\\\/?p=11890\"]}]},{\"@type\":\"ImageObject\",\"inLanguage\":\"fr-FR\",\"@id\":\"https:\\\/\\\/sunupost.com\\\/?p=11890#primaryimage\",\"url\":\"https:\\\/\\\/sunupost.com\\\/wp-content\\\/uploads\\\/2025\\\/11\\\/thumb_1260x800_6915765a70fb4_z9hdDHLXP3.webp\",\"contentUrl\":\"https:\\\/\\\/sunupost.com\\\/wp-content\\\/uploads\\\/2025\\\/11\\\/thumb_1260x800_6915765a70fb4_z9hdDHLXP3.webp\",\"width\":1260,\"height\":800},{\"@type\":\"BreadcrumbList\",\"@id\":\"https:\\\/\\\/sunupost.com\\\/?p=11890#breadcrumb\",\"itemListElement\":[{\"@type\":\"ListItem\",\"position\":1,\"name\":\"Home\",\"item\":\"https:\\\/\\\/sunupost.com\\\/\"},{\"@type\":\"ListItem\",\"position\":2,\"name\":\"Crise Au Sein De L\u2019Etat : Pourquoi Cela n\u2019a pas eu lieu avec Senghor-Dia ou Wade-Idy !\"}]},{\"@type\":\"WebSite\",\"@id\":\"https:\\\/\\\/sunupost.com\\\/#website\",\"url\":\"https:\\\/\\\/sunupost.com\\\/\",\"name\":\"SUNUPOST\",\"description\":\"Pens\u00e9e libre\",\"publisher\":{\"@id\":\"https:\\\/\\\/sunupost.com\\\/#organization\"},\"potentialAction\":[{\"@type\":\"SearchAction\",\"target\":{\"@type\":\"EntryPoint\",\"urlTemplate\":\"https:\\\/\\\/sunupost.com\\\/?s={search_term_string}\"},\"query-input\":{\"@type\":\"PropertyValueSpecification\",\"valueRequired\":true,\"valueName\":\"search_term_string\"}}],\"inLanguage\":\"fr-FR\"},{\"@type\":\"Organization\",\"@id\":\"https:\\\/\\\/sunupost.com\\\/#organization\",\"name\":\"SUNUPOST\",\"url\":\"https:\\\/\\\/sunupost.com\\\/\",\"logo\":{\"@type\":\"ImageObject\",\"inLanguage\":\"fr-FR\",\"@id\":\"https:\\\/\\\/sunupost.com\\\/#\\\/schema\\\/logo\\\/image\\\/\",\"url\":\"https:\\\/\\\/secureservercdn.net\\\/198.71.233.206\\\/17w.044.myftpupload.com\\\/wp-content\\\/uploads\\\/2020\\\/05\\\/Lancement.jpg?time=1639052812\",\"contentUrl\":\"https:\\\/\\\/secureservercdn.net\\\/198.71.233.206\\\/17w.044.myftpupload.com\\\/wp-content\\\/uploads\\\/2020\\\/05\\\/Lancement.jpg?time=1639052812\",\"width\":300,\"height\":100,\"caption\":\"SUNUPOST\"},\"image\":{\"@id\":\"https:\\\/\\\/sunupost.com\\\/#\\\/schema\\\/logo\\\/image\\\/\"},\"sameAs\":[\"https:\\\/\\\/web.facebook.com\\\/Sunupost-101026658237468\\\/\",\"https:\\\/\\\/x.com\\\/sunupost\",\"https:\\\/\\\/www.instagram.com\\\/sunupost\\\/\",\"https:\\\/\\\/www.youtube.com\\\/channel\\\/UCd7V7bCkLDOee8yr7CW4Dpw\"]},{\"@type\":\"Person\",\"@id\":\"https:\\\/\\\/sunupost.com\\\/#\\\/schema\\\/person\\\/4180ce1fd5a5254dcccf3b93847e92fb\",\"name\":\"Binta Ciss\u00e9\",\"image\":{\"@type\":\"ImageObject\",\"inLanguage\":\"fr-FR\",\"@id\":\"https:\\\/\\\/secure.gravatar.com\\\/avatar\\\/d7ec4285e9eacdc893e9d8cea0ea6a1ff0a32ecab53f42d0bbe410001c3be0be?s=96&d=mm&r=g\",\"url\":\"https:\\\/\\\/secure.gravatar.com\\\/avatar\\\/d7ec4285e9eacdc893e9d8cea0ea6a1ff0a32ecab53f42d0bbe410001c3be0be?s=96&d=mm&r=g\",\"contentUrl\":\"https:\\\/\\\/secure.gravatar.com\\\/avatar\\\/d7ec4285e9eacdc893e9d8cea0ea6a1ff0a32ecab53f42d0bbe410001c3be0be?s=96&d=mm&r=g\",\"caption\":\"Binta Ciss\u00e9\"},\"url\":\"https:\\\/\\\/sunupost.com\\\/?author=19\"}]}<\/script>\n<!-- \/ Yoast SEO plugin. -->","yoast_head_json":{"title":"Crise Au Sein De L\u2019Etat : Pourquoi Cela n\u2019a pas eu lieu avec Senghor-Dia ou Wade-Idy ! - SUNUPOST","robots":{"index":"index","follow":"follow","max-snippet":"max-snippet:-1","max-image-preview":"max-image-preview:large","max-video-preview":"max-video-preview:-1"},"canonical":"https:\/\/sunupost.com\/?p=11890","og_locale":"fr_FR","og_type":"article","og_title":"Crise Au Sein De L\u2019Etat : Pourquoi Cela n\u2019a pas eu lieu avec Senghor-Dia ou Wade-Idy ! - SUNUPOST","og_description":"Les tensions actuelles entre le Pr\u00e9sident Bassirou Diomaye Faye et le Premier ministre Ousmane Sonko rappellent in\u00e9vitablement certains duos historiques de la politique s\u00e9n\u00e9galaise :...","og_url":"https:\/\/sunupost.com\/?p=11890","og_site_name":"SUNUPOST","article_publisher":"https:\/\/web.facebook.com\/Sunupost-101026658237468\/","article_published_time":"2025-11-13T10:05:01+00:00","og_image":[{"width":1260,"height":800,"url":"https:\/\/sunupost.com\/wp-content\/uploads\/2025\/11\/thumb_1260x800_6915765a70fb4_z9hdDHLXP3.webp","type":"image\/webp"}],"author":"Binta Ciss\u00e9","twitter_card":"summary_large_image","twitter_creator":"@sunupost","twitter_site":"@sunupost","twitter_misc":{"\u00c9crit par":"Binta Ciss\u00e9","Dur\u00e9e de lecture estim\u00e9e":"1 minute"},"schema":{"@context":"https:\/\/schema.org","@graph":[{"@type":"Article","@id":"https:\/\/sunupost.com\/?p=11890#article","isPartOf":{"@id":"https:\/\/sunupost.com\/?p=11890"},"author":{"name":"Binta Ciss\u00e9","@id":"https:\/\/sunupost.com\/#\/schema\/person\/4180ce1fd5a5254dcccf3b93847e92fb"},"headline":"Crise Au Sein De L\u2019Etat : Pourquoi Cela n\u2019a pas eu lieu avec Senghor-Dia ou Wade-Idy !","datePublished":"2025-11-13T10:05:01+00:00","mainEntityOfPage":{"@id":"https:\/\/sunupost.com\/?p=11890"},"wordCount":253,"commentCount":9,"publisher":{"@id":"https:\/\/sunupost.com\/#organization"},"image":{"@id":"https:\/\/sunupost.com\/?p=11890#primaryimage"},"thumbnailUrl":"https:\/\/sunupost.com\/wp-content\/uploads\/2025\/11\/thumb_1260x800_6915765a70fb4_z9hdDHLXP3.webp","articleSection":["A LA UNE"],"inLanguage":"fr-FR","potentialAction":[{"@type":"CommentAction","name":"Comment","target":["https:\/\/sunupost.com\/?p=11890#respond"]}]},{"@type":"WebPage","@id":"https:\/\/sunupost.com\/?p=11890","url":"https:\/\/sunupost.com\/?p=11890","name":"Crise Au Sein De L\u2019Etat : Pourquoi Cela n\u2019a pas eu lieu avec Senghor-Dia ou Wade-Idy ! - SUNUPOST","isPartOf":{"@id":"https:\/\/sunupost.com\/#website"},"primaryImageOfPage":{"@id":"https:\/\/sunupost.com\/?p=11890#primaryimage"},"image":{"@id":"https:\/\/sunupost.com\/?p=11890#primaryimage"},"thumbnailUrl":"https:\/\/sunupost.com\/wp-content\/uploads\/2025\/11\/thumb_1260x800_6915765a70fb4_z9hdDHLXP3.webp","datePublished":"2025-11-13T10:05:01+00:00","breadcrumb":{"@id":"https:\/\/sunupost.com\/?p=11890#breadcrumb"},"inLanguage":"fr-FR","potentialAction":[{"@type":"ReadAction","target":["https:\/\/sunupost.com\/?p=11890"]}]},{"@type":"ImageObject","inLanguage":"fr-FR","@id":"https:\/\/sunupost.com\/?p=11890#primaryimage","url":"https:\/\/sunupost.com\/wp-content\/uploads\/2025\/11\/thumb_1260x800_6915765a70fb4_z9hdDHLXP3.webp","contentUrl":"https:\/\/sunupost.com\/wp-content\/uploads\/2025\/11\/thumb_1260x800_6915765a70fb4_z9hdDHLXP3.webp","width":1260,"height":800},{"@type":"BreadcrumbList","@id":"https:\/\/sunupost.com\/?p=11890#breadcrumb","itemListElement":[{"@type":"ListItem","position":1,"name":"Home","item":"https:\/\/sunupost.com\/"},{"@type":"ListItem","position":2,"name":"Crise Au Sein De L\u2019Etat : Pourquoi Cela n\u2019a pas eu lieu avec Senghor-Dia ou Wade-Idy !"}]},{"@type":"WebSite","@id":"https:\/\/sunupost.com\/#website","url":"https:\/\/sunupost.com\/","name":"SUNUPOST","description":"Pens\u00e9e libre","publisher":{"@id":"https:\/\/sunupost.com\/#organization"},"potentialAction":[{"@type":"SearchAction","target":{"@type":"EntryPoint","urlTemplate":"https:\/\/sunupost.com\/?s={search_term_string}"},"query-input":{"@type":"PropertyValueSpecification","valueRequired":true,"valueName":"search_term_string"}}],"inLanguage":"fr-FR"},{"@type":"Organization","@id":"https:\/\/sunupost.com\/#organization","name":"SUNUPOST","url":"https:\/\/sunupost.com\/","logo":{"@type":"ImageObject","inLanguage":"fr-FR","@id":"https:\/\/sunupost.com\/#\/schema\/logo\/image\/","url":"https:\/\/secureservercdn.net\/198.71.233.206\/17w.044.myftpupload.com\/wp-content\/uploads\/2020\/05\/Lancement.jpg?time=1639052812","contentUrl":"https:\/\/secureservercdn.net\/198.71.233.206\/17w.044.myftpupload.com\/wp-content\/uploads\/2020\/05\/Lancement.jpg?time=1639052812","width":300,"height":100,"caption":"SUNUPOST"},"image":{"@id":"https:\/\/sunupost.com\/#\/schema\/logo\/image\/"},"sameAs":["https:\/\/web.facebook.com\/Sunupost-101026658237468\/","https:\/\/x.com\/sunupost","https:\/\/www.instagram.com\/sunupost\/","https:\/\/www.youtube.com\/channel\/UCd7V7bCkLDOee8yr7CW4Dpw"]},{"@type":"Person","@id":"https:\/\/sunupost.com\/#\/schema\/person\/4180ce1fd5a5254dcccf3b93847e92fb","name":"Binta Ciss\u00e9","image":{"@type":"ImageObject","inLanguage":"fr-FR","@id":"https:\/\/secure.gravatar.com\/avatar\/d7ec4285e9eacdc893e9d8cea0ea6a1ff0a32ecab53f42d0bbe410001c3be0be?s=96&d=mm&r=g","url":"https:\/\/secure.gravatar.com\/avatar\/d7ec4285e9eacdc893e9d8cea0ea6a1ff0a32ecab53f42d0bbe410001c3be0be?s=96&d=mm&r=g","contentUrl":"https:\/\/secure.gravatar.com\/avatar\/d7ec4285e9eacdc893e9d8cea0ea6a1ff0a32ecab53f42d0bbe410001c3be0be?s=96&d=mm&r=g","caption":"Binta Ciss\u00e9"},"url":"https:\/\/sunupost.com\/?author=19"}]}},"_links":{"self":[{"href":"https:\/\/sunupost.com\/index.php?rest_route=\/wp\/v2\/posts\/11890","targetHints":{"allow":["GET"]}}],"collection":[{"href":"https:\/\/sunupost.com\/index.php?rest_route=\/wp\/v2\/posts"}],"about":[{"href":"https:\/\/sunupost.com\/index.php?rest_route=\/wp\/v2\/types\/post"}],"author":[{"embeddable":true,"href":"https:\/\/sunupost.com\/index.php?rest_route=\/wp\/v2\/users\/19"}],"replies":[{"embeddable":true,"href":"https:\/\/sunupost.com\/index.php?rest_route=%2Fwp%2Fv2%2Fcomments&post=11890"}],"version-history":[{"count":1,"href":"https:\/\/sunupost.com\/index.php?rest_route=\/wp\/v2\/posts\/11890\/revisions"}],"predecessor-version":[{"id":11892,"href":"https:\/\/sunupost.com\/index.php?rest_route=\/wp\/v2\/posts\/11890\/revisions\/11892"}],"wp:featuredmedia":[{"embeddable":true,"href":"https:\/\/sunupost.com\/index.php?rest_route=\/wp\/v2\/media\/11891"}],"wp:attachment":[{"href":"https:\/\/sunupost.com\/index.php?rest_route=%2Fwp%2Fv2%2Fmedia&parent=11890"}],"wp:term":[{"taxonomy":"category","embeddable":true,"href":"https:\/\/sunupost.com\/index.php?rest_route=%2Fwp%2Fv2%2Fcategories&post=11890"},{"taxonomy":"post_tag","embeddable":true,"href":"https:\/\/sunupost.com\/index.php?rest_route=%2Fwp%2Fv2%2Ftags&post=11890"}],"curies":[{"name":"wp","href":"https:\/\/api.w.org\/{rel}","templated":true}]}}