{"id":11963,"date":"2025-11-24T16:04:20","date_gmt":"2025-11-24T16:04:20","guid":{"rendered":"https:\/\/sunupost.com\/?p=11963"},"modified":"2025-11-24T16:04:20","modified_gmt":"2025-11-24T16:04:20","slug":"pour-des-questions-dactualites-le-premier-ministre-ousmane-sonko-devant-lassemblee-nationale-le-vendredi-prochain","status":"publish","type":"post","link":"https:\/\/sunupost.com\/?p=11963","title":{"rendered":"Pour Des Questions D&rsquo;actualit\u00e9s : Le Premier ministre, Ousmane Sonko Devant l\u2019Assembl\u00e9e Nationale Le Vendredi Prochain"},"content":{"rendered":"<p><span style=\"color: #0f1435; font-family: ProximaNova; font-size: 18px; letter-spacing: -0.1px;\">Ousmane Sonko retourne \u00e0 l\u2019Assembl\u00e9e nationale. En effet, dans le cadre du contr\u00f4le de l\u2019action gouvernementale et conform\u00e9ment aux dispositions de l\u2019article 104 du R\u00e8glement int\u00e9rieur, \u00ab\u00a0une s\u00e9ance de questions d\u2019actualit\u00e9 a \u00e9t\u00e9 convoqu\u00e9e avec le Premier ministre Ousmane Sonko ainsi que l\u2019ensemble des membres du Gouvernement\u00a0\u00bb. C\u2019est ce qu\u2019a rendu public, ce lundi, l\u2019Assembl\u00e9e nationale, dans un communiqu\u00e9 de presse. Cette s\u00e9ance se tiendra le vendredi 28 novembre 2025, \u00e0 partir de 09 heures, informe la m\u00eame source. Une prise de parole qui se tiendra durant une p\u00e9riode de tension entre le premier ministre et le chef de l&rsquo;Etat.<\/span><\/p>\n","protected":false},"excerpt":{"rendered":"<p>Ousmane Sonko retourne \u00e0 l\u2019Assembl\u00e9e nationale. En effet, dans le cadre du contr\u00f4le de l\u2019action gouvernementale et conform\u00e9ment aux dispositions de l\u2019article 104 du R\u00e8glement&#8230;<\/p>\n","protected":false},"author":19,"featured_media":11854,"comment_status":"open","ping_status":"open","sticky":false,"template":"","format":"standard","meta":{"_coblocks_attr":"","_coblocks_dimensions":"","_coblocks_responsive_height":"","_coblocks_accordion_ie_support":"","_monsterinsights_skip_tracking":false,"_monsterinsights_sitenote_active":false,"_monsterinsights_sitenote_note":"","_monsterinsights_sitenote_category":0,"h5ap_radio_sources":[],"footnotes":""},"categories":[15],"tags":[],"class_list":["post-11963","post","type-post","status-publish","format-standard","has-post-thumbnail","hentry","category-a-la-une","wpcat-15-id"],"yoast_head":"<!-- This site is optimized with the Yoast SEO plugin v27.4 - https:\/\/yoast.com\/product\/yoast-seo-wordpress\/ -->\n<title>Pour Des Questions D&#039;actualit\u00e9s : Le Premier ministre, Ousmane Sonko Devant l\u2019Assembl\u00e9e Nationale Le Vendredi Prochain - SUNUPOST<\/title>\n<meta name=\"robots\" content=\"index, follow, max-snippet:-1, max-image-preview:large, max-video-preview:-1\" \/>\n<link rel=\"canonical\" href=\"https:\/\/sunupost.com\/?p=11963\" \/>\n<meta property=\"og:locale\" content=\"fr_FR\" \/>\n<meta property=\"og:type\" content=\"article\" \/>\n<meta property=\"og:title\" content=\"Pour Des Questions D&#039;actualit\u00e9s : Le Premier ministre, Ousmane Sonko Devant l\u2019Assembl\u00e9e Nationale Le Vendredi Prochain - SUNUPOST\" \/>\n<meta property=\"og:description\" content=\"Ousmane Sonko retourne \u00e0 l\u2019Assembl\u00e9e nationale. En effet, dans le cadre du contr\u00f4le de l\u2019action gouvernementale et conform\u00e9ment aux dispositions de l\u2019article 104 du R\u00e8glement...\" \/>\n<meta property=\"og:url\" content=\"https:\/\/sunupost.com\/?p=11963\" \/>\n<meta property=\"og:site_name\" content=\"SUNUPOST\" \/>\n<meta property=\"article:publisher\" content=\"https:\/\/web.facebook.com\/Sunupost-101026658237468\/\" \/>\n<meta property=\"article:published_time\" content=\"2025-11-24T16:04:20+00:00\" \/>\n<meta property=\"og:image\" content=\"https:\/\/sunupost.com\/wp-content\/uploads\/2025\/11\/thumb_1260x800_690e2a06544f7_w3VhACQHRL.jpg\" \/>\n\t<meta property=\"og:image:width\" content=\"1260\" \/>\n\t<meta property=\"og:image:height\" content=\"800\" \/>\n\t<meta property=\"og:image:type\" content=\"image\/jpeg\" \/>\n<meta name=\"author\" content=\"Binta Ciss\u00e9\" \/>\n<meta name=\"twitter:card\" content=\"summary_large_image\" \/>\n<meta name=\"twitter:creator\" content=\"@sunupost\" \/>\n<meta name=\"twitter:site\" content=\"@sunupost\" \/>\n<meta name=\"twitter:label1\" content=\"\u00c9crit par\" \/>\n\t<meta name=\"twitter:data1\" content=\"Binta Ciss\u00e9\" \/>\n\t<meta name=\"twitter:label2\" content=\"Dur\u00e9e de lecture estim\u00e9e\" \/>\n\t<meta name=\"twitter:data2\" content=\"1 minute\" \/>\n<script type=\"application\/ld+json\" class=\"yoast-schema-graph\">{\"@context\":\"https:\\\/\\\/schema.org\",\"@graph\":[{\"@type\":\"Article\",\"@id\":\"https:\\\/\\\/sunupost.com\\\/?p=11963#article\",\"isPartOf\":{\"@id\":\"https:\\\/\\\/sunupost.com\\\/?p=11963\"},\"author\":{\"name\":\"Binta Ciss\u00e9\",\"@id\":\"https:\\\/\\\/sunupost.com\\\/#\\\/schema\\\/person\\\/4180ce1fd5a5254dcccf3b93847e92fb\"},\"headline\":\"Pour Des Questions D&rsquo;actualit\u00e9s : Le Premier ministre, Ousmane Sonko Devant l\u2019Assembl\u00e9e Nationale Le Vendredi Prochain\",\"datePublished\":\"2025-11-24T16:04:20+00:00\",\"mainEntityOfPage\":{\"@id\":\"https:\\\/\\\/sunupost.com\\\/?p=11963\"},\"wordCount\":133,\"commentCount\":3,\"publisher\":{\"@id\":\"https:\\\/\\\/sunupost.com\\\/#organization\"},\"image\":{\"@id\":\"https:\\\/\\\/sunupost.com\\\/?p=11963#primaryimage\"},\"thumbnailUrl\":\"https:\\\/\\\/sunupost.com\\\/wp-content\\\/uploads\\\/2025\\\/11\\\/thumb_1260x800_690e2a06544f7_w3VhACQHRL.jpg\",\"articleSection\":[\"A LA UNE\"],\"inLanguage\":\"fr-FR\",\"potentialAction\":[{\"@type\":\"CommentAction\",\"name\":\"Comment\",\"target\":[\"https:\\\/\\\/sunupost.com\\\/?p=11963#respond\"]}]},{\"@type\":\"WebPage\",\"@id\":\"https:\\\/\\\/sunupost.com\\\/?p=11963\",\"url\":\"https:\\\/\\\/sunupost.com\\\/?p=11963\",\"name\":\"Pour Des Questions D'actualit\u00e9s : Le Premier ministre, Ousmane Sonko Devant l\u2019Assembl\u00e9e Nationale Le Vendredi Prochain - SUNUPOST\",\"isPartOf\":{\"@id\":\"https:\\\/\\\/sunupost.com\\\/#website\"},\"primaryImageOfPage\":{\"@id\":\"https:\\\/\\\/sunupost.com\\\/?p=11963#primaryimage\"},\"image\":{\"@id\":\"https:\\\/\\\/sunupost.com\\\/?p=11963#primaryimage\"},\"thumbnailUrl\":\"https:\\\/\\\/sunupost.com\\\/wp-content\\\/uploads\\\/2025\\\/11\\\/thumb_1260x800_690e2a06544f7_w3VhACQHRL.jpg\",\"datePublished\":\"2025-11-24T16:04:20+00:00\",\"breadcrumb\":{\"@id\":\"https:\\\/\\\/sunupost.com\\\/?p=11963#breadcrumb\"},\"inLanguage\":\"fr-FR\",\"potentialAction\":[{\"@type\":\"ReadAction\",\"target\":[\"https:\\\/\\\/sunupost.com\\\/?p=11963\"]}]},{\"@type\":\"ImageObject\",\"inLanguage\":\"fr-FR\",\"@id\":\"https:\\\/\\\/sunupost.com\\\/?p=11963#primaryimage\",\"url\":\"https:\\\/\\\/sunupost.com\\\/wp-content\\\/uploads\\\/2025\\\/11\\\/thumb_1260x800_690e2a06544f7_w3VhACQHRL.jpg\",\"contentUrl\":\"https:\\\/\\\/sunupost.com\\\/wp-content\\\/uploads\\\/2025\\\/11\\\/thumb_1260x800_690e2a06544f7_w3VhACQHRL.jpg\",\"width\":1260,\"height\":800},{\"@type\":\"BreadcrumbList\",\"@id\":\"https:\\\/\\\/sunupost.com\\\/?p=11963#breadcrumb\",\"itemListElement\":[{\"@type\":\"ListItem\",\"position\":1,\"name\":\"Home\",\"item\":\"https:\\\/\\\/sunupost.com\\\/\"},{\"@type\":\"ListItem\",\"position\":2,\"name\":\"Pour Des Questions D&rsquo;actualit\u00e9s : Le Premier ministre, Ousmane Sonko Devant l\u2019Assembl\u00e9e Nationale Le Vendredi Prochain\"}]},{\"@type\":\"WebSite\",\"@id\":\"https:\\\/\\\/sunupost.com\\\/#website\",\"url\":\"https:\\\/\\\/sunupost.com\\\/\",\"name\":\"SUNUPOST\",\"description\":\"Pens\u00e9e libre\",\"publisher\":{\"@id\":\"https:\\\/\\\/sunupost.com\\\/#organization\"},\"potentialAction\":[{\"@type\":\"SearchAction\",\"target\":{\"@type\":\"EntryPoint\",\"urlTemplate\":\"https:\\\/\\\/sunupost.com\\\/?s={search_term_string}\"},\"query-input\":{\"@type\":\"PropertyValueSpecification\",\"valueRequired\":true,\"valueName\":\"search_term_string\"}}],\"inLanguage\":\"fr-FR\"},{\"@type\":\"Organization\",\"@id\":\"https:\\\/\\\/sunupost.com\\\/#organization\",\"name\":\"SUNUPOST\",\"url\":\"https:\\\/\\\/sunupost.com\\\/\",\"logo\":{\"@type\":\"ImageObject\",\"inLanguage\":\"fr-FR\",\"@id\":\"https:\\\/\\\/sunupost.com\\\/#\\\/schema\\\/logo\\\/image\\\/\",\"url\":\"https:\\\/\\\/secureservercdn.net\\\/198.71.233.206\\\/17w.044.myftpupload.com\\\/wp-content\\\/uploads\\\/2020\\\/05\\\/Lancement.jpg?time=1639052812\",\"contentUrl\":\"https:\\\/\\\/secureservercdn.net\\\/198.71.233.206\\\/17w.044.myftpupload.com\\\/wp-content\\\/uploads\\\/2020\\\/05\\\/Lancement.jpg?time=1639052812\",\"width\":300,\"height\":100,\"caption\":\"SUNUPOST\"},\"image\":{\"@id\":\"https:\\\/\\\/sunupost.com\\\/#\\\/schema\\\/logo\\\/image\\\/\"},\"sameAs\":[\"https:\\\/\\\/web.facebook.com\\\/Sunupost-101026658237468\\\/\",\"https:\\\/\\\/x.com\\\/sunupost\",\"https:\\\/\\\/www.instagram.com\\\/sunupost\\\/\",\"https:\\\/\\\/www.youtube.com\\\/channel\\\/UCd7V7bCkLDOee8yr7CW4Dpw\"]},{\"@type\":\"Person\",\"@id\":\"https:\\\/\\\/sunupost.com\\\/#\\\/schema\\\/person\\\/4180ce1fd5a5254dcccf3b93847e92fb\",\"name\":\"Binta Ciss\u00e9\",\"image\":{\"@type\":\"ImageObject\",\"inLanguage\":\"fr-FR\",\"@id\":\"https:\\\/\\\/secure.gravatar.com\\\/avatar\\\/d7ec4285e9eacdc893e9d8cea0ea6a1ff0a32ecab53f42d0bbe410001c3be0be?s=96&d=mm&r=g\",\"url\":\"https:\\\/\\\/secure.gravatar.com\\\/avatar\\\/d7ec4285e9eacdc893e9d8cea0ea6a1ff0a32ecab53f42d0bbe410001c3be0be?s=96&d=mm&r=g\",\"contentUrl\":\"https:\\\/\\\/secure.gravatar.com\\\/avatar\\\/d7ec4285e9eacdc893e9d8cea0ea6a1ff0a32ecab53f42d0bbe410001c3be0be?s=96&d=mm&r=g\",\"caption\":\"Binta Ciss\u00e9\"},\"url\":\"https:\\\/\\\/sunupost.com\\\/?author=19\"}]}<\/script>\n<!-- \/ Yoast SEO plugin. -->","yoast_head_json":{"title":"Pour Des Questions D'actualit\u00e9s : Le Premier ministre, Ousmane Sonko Devant l\u2019Assembl\u00e9e Nationale Le Vendredi Prochain - SUNUPOST","robots":{"index":"index","follow":"follow","max-snippet":"max-snippet:-1","max-image-preview":"max-image-preview:large","max-video-preview":"max-video-preview:-1"},"canonical":"https:\/\/sunupost.com\/?p=11963","og_locale":"fr_FR","og_type":"article","og_title":"Pour Des Questions D'actualit\u00e9s : Le Premier ministre, Ousmane Sonko Devant l\u2019Assembl\u00e9e Nationale Le Vendredi Prochain - SUNUPOST","og_description":"Ousmane Sonko retourne \u00e0 l\u2019Assembl\u00e9e nationale. En effet, dans le cadre du contr\u00f4le de l\u2019action gouvernementale et conform\u00e9ment aux dispositions de l\u2019article 104 du R\u00e8glement...","og_url":"https:\/\/sunupost.com\/?p=11963","og_site_name":"SUNUPOST","article_publisher":"https:\/\/web.facebook.com\/Sunupost-101026658237468\/","article_published_time":"2025-11-24T16:04:20+00:00","og_image":[{"width":1260,"height":800,"url":"https:\/\/sunupost.com\/wp-content\/uploads\/2025\/11\/thumb_1260x800_690e2a06544f7_w3VhACQHRL.jpg","type":"image\/jpeg"}],"author":"Binta Ciss\u00e9","twitter_card":"summary_large_image","twitter_creator":"@sunupost","twitter_site":"@sunupost","twitter_misc":{"\u00c9crit par":"Binta Ciss\u00e9","Dur\u00e9e de lecture estim\u00e9e":"1 minute"},"schema":{"@context":"https:\/\/schema.org","@graph":[{"@type":"Article","@id":"https:\/\/sunupost.com\/?p=11963#article","isPartOf":{"@id":"https:\/\/sunupost.com\/?p=11963"},"author":{"name":"Binta Ciss\u00e9","@id":"https:\/\/sunupost.com\/#\/schema\/person\/4180ce1fd5a5254dcccf3b93847e92fb"},"headline":"Pour Des Questions D&rsquo;actualit\u00e9s : Le Premier ministre, Ousmane Sonko Devant l\u2019Assembl\u00e9e Nationale Le Vendredi Prochain","datePublished":"2025-11-24T16:04:20+00:00","mainEntityOfPage":{"@id":"https:\/\/sunupost.com\/?p=11963"},"wordCount":133,"commentCount":3,"publisher":{"@id":"https:\/\/sunupost.com\/#organization"},"image":{"@id":"https:\/\/sunupost.com\/?p=11963#primaryimage"},"thumbnailUrl":"https:\/\/sunupost.com\/wp-content\/uploads\/2025\/11\/thumb_1260x800_690e2a06544f7_w3VhACQHRL.jpg","articleSection":["A LA UNE"],"inLanguage":"fr-FR","potentialAction":[{"@type":"CommentAction","name":"Comment","target":["https:\/\/sunupost.com\/?p=11963#respond"]}]},{"@type":"WebPage","@id":"https:\/\/sunupost.com\/?p=11963","url":"https:\/\/sunupost.com\/?p=11963","name":"Pour Des Questions D'actualit\u00e9s : Le Premier ministre, Ousmane Sonko Devant l\u2019Assembl\u00e9e Nationale Le Vendredi Prochain - SUNUPOST","isPartOf":{"@id":"https:\/\/sunupost.com\/#website"},"primaryImageOfPage":{"@id":"https:\/\/sunupost.com\/?p=11963#primaryimage"},"image":{"@id":"https:\/\/sunupost.com\/?p=11963#primaryimage"},"thumbnailUrl":"https:\/\/sunupost.com\/wp-content\/uploads\/2025\/11\/thumb_1260x800_690e2a06544f7_w3VhACQHRL.jpg","datePublished":"2025-11-24T16:04:20+00:00","breadcrumb":{"@id":"https:\/\/sunupost.com\/?p=11963#breadcrumb"},"inLanguage":"fr-FR","potentialAction":[{"@type":"ReadAction","target":["https:\/\/sunupost.com\/?p=11963"]}]},{"@type":"ImageObject","inLanguage":"fr-FR","@id":"https:\/\/sunupost.com\/?p=11963#primaryimage","url":"https:\/\/sunupost.com\/wp-content\/uploads\/2025\/11\/thumb_1260x800_690e2a06544f7_w3VhACQHRL.jpg","contentUrl":"https:\/\/sunupost.com\/wp-content\/uploads\/2025\/11\/thumb_1260x800_690e2a06544f7_w3VhACQHRL.jpg","width":1260,"height":800},{"@type":"BreadcrumbList","@id":"https:\/\/sunupost.com\/?p=11963#breadcrumb","itemListElement":[{"@type":"ListItem","position":1,"name":"Home","item":"https:\/\/sunupost.com\/"},{"@type":"ListItem","position":2,"name":"Pour Des Questions D&rsquo;actualit\u00e9s : Le Premier ministre, Ousmane Sonko Devant l\u2019Assembl\u00e9e Nationale Le Vendredi Prochain"}]},{"@type":"WebSite","@id":"https:\/\/sunupost.com\/#website","url":"https:\/\/sunupost.com\/","name":"SUNUPOST","description":"Pens\u00e9e libre","publisher":{"@id":"https:\/\/sunupost.com\/#organization"},"potentialAction":[{"@type":"SearchAction","target":{"@type":"EntryPoint","urlTemplate":"https:\/\/sunupost.com\/?s={search_term_string}"},"query-input":{"@type":"PropertyValueSpecification","valueRequired":true,"valueName":"search_term_string"}}],"inLanguage":"fr-FR"},{"@type":"Organization","@id":"https:\/\/sunupost.com\/#organization","name":"SUNUPOST","url":"https:\/\/sunupost.com\/","logo":{"@type":"ImageObject","inLanguage":"fr-FR","@id":"https:\/\/sunupost.com\/#\/schema\/logo\/image\/","url":"https:\/\/secureservercdn.net\/198.71.233.206\/17w.044.myftpupload.com\/wp-content\/uploads\/2020\/05\/Lancement.jpg?time=1639052812","contentUrl":"https:\/\/secureservercdn.net\/198.71.233.206\/17w.044.myftpupload.com\/wp-content\/uploads\/2020\/05\/Lancement.jpg?time=1639052812","width":300,"height":100,"caption":"SUNUPOST"},"image":{"@id":"https:\/\/sunupost.com\/#\/schema\/logo\/image\/"},"sameAs":["https:\/\/web.facebook.com\/Sunupost-101026658237468\/","https:\/\/x.com\/sunupost","https:\/\/www.instagram.com\/sunupost\/","https:\/\/www.youtube.com\/channel\/UCd7V7bCkLDOee8yr7CW4Dpw"]},{"@type":"Person","@id":"https:\/\/sunupost.com\/#\/schema\/person\/4180ce1fd5a5254dcccf3b93847e92fb","name":"Binta Ciss\u00e9","image":{"@type":"ImageObject","inLanguage":"fr-FR","@id":"https:\/\/secure.gravatar.com\/avatar\/d7ec4285e9eacdc893e9d8cea0ea6a1ff0a32ecab53f42d0bbe410001c3be0be?s=96&d=mm&r=g","url":"https:\/\/secure.gravatar.com\/avatar\/d7ec4285e9eacdc893e9d8cea0ea6a1ff0a32ecab53f42d0bbe410001c3be0be?s=96&d=mm&r=g","contentUrl":"https:\/\/secure.gravatar.com\/avatar\/d7ec4285e9eacdc893e9d8cea0ea6a1ff0a32ecab53f42d0bbe410001c3be0be?s=96&d=mm&r=g","caption":"Binta Ciss\u00e9"},"url":"https:\/\/sunupost.com\/?author=19"}]}},"_links":{"self":[{"href":"https:\/\/sunupost.com\/index.php?rest_route=\/wp\/v2\/posts\/11963","targetHints":{"allow":["GET"]}}],"collection":[{"href":"https:\/\/sunupost.com\/index.php?rest_route=\/wp\/v2\/posts"}],"about":[{"href":"https:\/\/sunupost.com\/index.php?rest_route=\/wp\/v2\/types\/post"}],"author":[{"embeddable":true,"href":"https:\/\/sunupost.com\/index.php?rest_route=\/wp\/v2\/users\/19"}],"replies":[{"embeddable":true,"href":"https:\/\/sunupost.com\/index.php?rest_route=%2Fwp%2Fv2%2Fcomments&post=11963"}],"version-history":[{"count":1,"href":"https:\/\/sunupost.com\/index.php?rest_route=\/wp\/v2\/posts\/11963\/revisions"}],"predecessor-version":[{"id":11964,"href":"https:\/\/sunupost.com\/index.php?rest_route=\/wp\/v2\/posts\/11963\/revisions\/11964"}],"wp:featuredmedia":[{"embeddable":true,"href":"https:\/\/sunupost.com\/index.php?rest_route=\/wp\/v2\/media\/11854"}],"wp:attachment":[{"href":"https:\/\/sunupost.com\/index.php?rest_route=%2Fwp%2Fv2%2Fmedia&parent=11963"}],"wp:term":[{"taxonomy":"category","embeddable":true,"href":"https:\/\/sunupost.com\/index.php?rest_route=%2Fwp%2Fv2%2Fcategories&post=11963"},{"taxonomy":"post_tag","embeddable":true,"href":"https:\/\/sunupost.com\/index.php?rest_route=%2Fwp%2Fv2%2Ftags&post=11963"}],"curies":[{"name":"wp","href":"https:\/\/api.w.org\/{rel}","templated":true}]}}