{"id":12071,"date":"2026-02-15T22:05:15","date_gmt":"2026-02-15T22:05:15","guid":{"rendered":"https:\/\/sunupost.com\/?p=12071"},"modified":"2026-02-15T22:05:15","modified_gmt":"2026-02-15T22:05:15","slug":"mort-dabdoulaye-ba-thierno-alassane-sall-charge-le-regime","status":"publish","type":"post","link":"https:\/\/sunupost.com\/?p=12071","title":{"rendered":"MORT D\u2019ABDOULAYE BA : Thierno Alassane Sall charge le r\u00e9gime"},"content":{"rendered":"<p style=\"text-align: justify;\">L&rsquo;honorable d\u00e9put\u00e9 Thierno Alassane Sall \u00e9tait en conf\u00e9rence de presse, aujourd&rsquo;hui dimanche au si\u00e8ge de son parti.<\/p>\n<p style=\"text-align: justify;\"><strong>Le leader de RV est largement revenu sur les situations de crises ayant marqu\u00e9 ces derni\u00e8res semaines. Entre autres sujets relat\u00e9s, \u201cla mort tragique de l&rsquo;\u00e9tudiant Abdoulaye Ba \u00bb est revenu plusieurs fois dans les \u00e9changes avec la presse. <\/strong><\/p>\n<p style=\"text-align: justify;\">\u00ab La mort tragique du jeune \u00e9tudiant Abdoulaye Ba bouleverse la Nation tout enti\u00e8re. Selon ses camarades, il n\u2019aurait m\u00eame pas pris part aux affrontements avec les Forces de D\u00e9fense et de S\u00e9curit\u00e9. Il aurait \u00e9t\u00e9 violemment battu dans sa propre chambre. Si ces faits sont \u00e9tablis, ils r\u00e9v\u00e8lent une faillite morale, s\u00e9curitaire et politique d\u2019une gravit\u00e9 extr\u00eame. Un \u00c9tat responsable apaise les tensions ; il n\u2019exporte pas la violence dans les campus.<\/p>\n<p style=\"text-align: justify;\">Le 9 d\u00e9cembre dernier, apr\u00e8s avoir re\u00e7u des \u00e9tudiants inquiets, j\u2019alertais publiquement sur les risques de d\u00e9bordements. J\u2019appelais \u00e0 la retenue et au dialogue. Le pouvoir est rest\u00e9 sourd. Aujourd\u2019hui, nous pleurons un jeune S\u00e9n\u00e9galais. Cette mort n\u2019est pas un accident ; elle est la cons\u00e9quence d\u2019un climat irresponsablement entretenu&#8230;\u00bb<\/p>\n","protected":false},"excerpt":{"rendered":"<p>L&rsquo;honorable d\u00e9put\u00e9 Thierno Alassane Sall \u00e9tait en conf\u00e9rence de presse, aujourd&rsquo;hui dimanche au si\u00e8ge de son parti. Le leader de RV est largement revenu sur&#8230;<\/p>\n","protected":false},"author":2,"featured_media":12074,"comment_status":"open","ping_status":"open","sticky":false,"template":"","format":"standard","meta":{"_coblocks_attr":"","_coblocks_dimensions":"","_coblocks_responsive_height":"","_coblocks_accordion_ie_support":"","_monsterinsights_skip_tracking":false,"_monsterinsights_sitenote_active":false,"_monsterinsights_sitenote_note":"","_monsterinsights_sitenote_category":0,"h5ap_radio_sources":[],"footnotes":""},"categories":[15,6],"tags":[],"class_list":["post-12071","post","type-post","status-publish","format-standard","has-post-thumbnail","hentry","category-a-la-une","category-politique","wpcat-15-id","wpcat-6-id"],"yoast_head":"<!-- This site is optimized with the Yoast SEO plugin v27.5 - https:\/\/yoast.com\/product\/yoast-seo-wordpress\/ -->\n<title>MORT D\u2019ABDOULAYE BA : Thierno Alassane Sall charge le r\u00e9gime - SUNUPOST<\/title>\n<meta name=\"robots\" content=\"index, follow, max-snippet:-1, max-image-preview:large, max-video-preview:-1\" \/>\n<link rel=\"canonical\" href=\"https:\/\/sunupost.com\/?p=12071\" \/>\n<meta property=\"og:locale\" content=\"fr_FR\" \/>\n<meta property=\"og:type\" content=\"article\" \/>\n<meta property=\"og:title\" content=\"MORT D\u2019ABDOULAYE BA : Thierno Alassane Sall charge le r\u00e9gime - SUNUPOST\" \/>\n<meta property=\"og:description\" content=\"L&rsquo;honorable d\u00e9put\u00e9 Thierno Alassane Sall \u00e9tait en conf\u00e9rence de presse, aujourd&rsquo;hui dimanche au si\u00e8ge de son parti. Le leader de RV est largement revenu sur...\" \/>\n<meta property=\"og:url\" content=\"https:\/\/sunupost.com\/?p=12071\" \/>\n<meta property=\"og:site_name\" content=\"SUNUPOST\" \/>\n<meta property=\"article:publisher\" content=\"https:\/\/web.facebook.com\/Sunupost-101026658237468\/\" \/>\n<meta property=\"article:published_time\" content=\"2026-02-15T22:05:15+00:00\" \/>\n<meta property=\"og:image\" content=\"https:\/\/sunupost.com\/wp-content\/uploads\/2026\/02\/Screenshot_20260215_195821_WhatsAppBusiness-1-scaled.jpg\" \/>\n\t<meta property=\"og:image:width\" content=\"2560\" \/>\n\t<meta property=\"og:image:height\" content=\"1862\" \/>\n\t<meta property=\"og:image:type\" content=\"image\/jpeg\" \/>\n<meta name=\"author\" content=\"SunuPost\" \/>\n<meta name=\"twitter:card\" content=\"summary_large_image\" \/>\n<meta name=\"twitter:creator\" content=\"@sunupost\" \/>\n<meta name=\"twitter:site\" content=\"@sunupost\" \/>\n<meta name=\"twitter:label1\" content=\"\u00c9crit par\" \/>\n\t<meta name=\"twitter:data1\" content=\"SunuPost\" \/>\n\t<meta name=\"twitter:label2\" content=\"Dur\u00e9e de lecture estim\u00e9e\" \/>\n\t<meta name=\"twitter:data2\" content=\"1 minute\" \/>\n<script type=\"application\/ld+json\" class=\"yoast-schema-graph\">{\"@context\":\"https:\\\/\\\/schema.org\",\"@graph\":[{\"@type\":\"Article\",\"@id\":\"https:\\\/\\\/sunupost.com\\\/?p=12071#article\",\"isPartOf\":{\"@id\":\"https:\\\/\\\/sunupost.com\\\/?p=12071\"},\"author\":{\"name\":\"SunuPost\",\"@id\":\"https:\\\/\\\/sunupost.com\\\/#\\\/schema\\\/person\\\/4e12076578c038ef05505f168dbe2957\"},\"headline\":\"MORT D\u2019ABDOULAYE BA : Thierno Alassane Sall charge le r\u00e9gime\",\"datePublished\":\"2026-02-15T22:05:15+00:00\",\"mainEntityOfPage\":{\"@id\":\"https:\\\/\\\/sunupost.com\\\/?p=12071\"},\"wordCount\":215,\"commentCount\":109,\"publisher\":{\"@id\":\"https:\\\/\\\/sunupost.com\\\/#organization\"},\"image\":{\"@id\":\"https:\\\/\\\/sunupost.com\\\/?p=12071#primaryimage\"},\"thumbnailUrl\":\"https:\\\/\\\/sunupost.com\\\/wp-content\\\/uploads\\\/2026\\\/02\\\/Screenshot_20260215_195821_WhatsAppBusiness-1-scaled.jpg\",\"articleSection\":[\"A LA UNE\",\"POLITIQUE\"],\"inLanguage\":\"fr-FR\",\"potentialAction\":[{\"@type\":\"CommentAction\",\"name\":\"Comment\",\"target\":[\"https:\\\/\\\/sunupost.com\\\/?p=12071#respond\"]}]},{\"@type\":\"WebPage\",\"@id\":\"https:\\\/\\\/sunupost.com\\\/?p=12071\",\"url\":\"https:\\\/\\\/sunupost.com\\\/?p=12071\",\"name\":\"MORT D\u2019ABDOULAYE BA : Thierno Alassane Sall charge le r\u00e9gime - SUNUPOST\",\"isPartOf\":{\"@id\":\"https:\\\/\\\/sunupost.com\\\/#website\"},\"primaryImageOfPage\":{\"@id\":\"https:\\\/\\\/sunupost.com\\\/?p=12071#primaryimage\"},\"image\":{\"@id\":\"https:\\\/\\\/sunupost.com\\\/?p=12071#primaryimage\"},\"thumbnailUrl\":\"https:\\\/\\\/sunupost.com\\\/wp-content\\\/uploads\\\/2026\\\/02\\\/Screenshot_20260215_195821_WhatsAppBusiness-1-scaled.jpg\",\"datePublished\":\"2026-02-15T22:05:15+00:00\",\"breadcrumb\":{\"@id\":\"https:\\\/\\\/sunupost.com\\\/?p=12071#breadcrumb\"},\"inLanguage\":\"fr-FR\",\"potentialAction\":[{\"@type\":\"ReadAction\",\"target\":[\"https:\\\/\\\/sunupost.com\\\/?p=12071\"]}]},{\"@type\":\"ImageObject\",\"inLanguage\":\"fr-FR\",\"@id\":\"https:\\\/\\\/sunupost.com\\\/?p=12071#primaryimage\",\"url\":\"https:\\\/\\\/sunupost.com\\\/wp-content\\\/uploads\\\/2026\\\/02\\\/Screenshot_20260215_195821_WhatsAppBusiness-1-scaled.jpg\",\"contentUrl\":\"https:\\\/\\\/sunupost.com\\\/wp-content\\\/uploads\\\/2026\\\/02\\\/Screenshot_20260215_195821_WhatsAppBusiness-1-scaled.jpg\",\"width\":2560,\"height\":1862},{\"@type\":\"BreadcrumbList\",\"@id\":\"https:\\\/\\\/sunupost.com\\\/?p=12071#breadcrumb\",\"itemListElement\":[{\"@type\":\"ListItem\",\"position\":1,\"name\":\"Home\",\"item\":\"https:\\\/\\\/sunupost.com\\\/\"},{\"@type\":\"ListItem\",\"position\":2,\"name\":\"MORT D\u2019ABDOULAYE BA : Thierno Alassane Sall charge le r\u00e9gime\"}]},{\"@type\":\"WebSite\",\"@id\":\"https:\\\/\\\/sunupost.com\\\/#website\",\"url\":\"https:\\\/\\\/sunupost.com\\\/\",\"name\":\"SUNUPOST\",\"description\":\"Pens\u00e9e libre\",\"publisher\":{\"@id\":\"https:\\\/\\\/sunupost.com\\\/#organization\"},\"potentialAction\":[{\"@type\":\"SearchAction\",\"target\":{\"@type\":\"EntryPoint\",\"urlTemplate\":\"https:\\\/\\\/sunupost.com\\\/?s={search_term_string}\"},\"query-input\":{\"@type\":\"PropertyValueSpecification\",\"valueRequired\":true,\"valueName\":\"search_term_string\"}}],\"inLanguage\":\"fr-FR\"},{\"@type\":\"Organization\",\"@id\":\"https:\\\/\\\/sunupost.com\\\/#organization\",\"name\":\"SUNUPOST\",\"url\":\"https:\\\/\\\/sunupost.com\\\/\",\"logo\":{\"@type\":\"ImageObject\",\"inLanguage\":\"fr-FR\",\"@id\":\"https:\\\/\\\/sunupost.com\\\/#\\\/schema\\\/logo\\\/image\\\/\",\"url\":\"https:\\\/\\\/secureservercdn.net\\\/198.71.233.206\\\/17w.044.myftpupload.com\\\/wp-content\\\/uploads\\\/2020\\\/05\\\/Lancement.jpg?time=1639052812\",\"contentUrl\":\"https:\\\/\\\/secureservercdn.net\\\/198.71.233.206\\\/17w.044.myftpupload.com\\\/wp-content\\\/uploads\\\/2020\\\/05\\\/Lancement.jpg?time=1639052812\",\"width\":300,\"height\":100,\"caption\":\"SUNUPOST\"},\"image\":{\"@id\":\"https:\\\/\\\/sunupost.com\\\/#\\\/schema\\\/logo\\\/image\\\/\"},\"sameAs\":[\"https:\\\/\\\/web.facebook.com\\\/Sunupost-101026658237468\\\/\",\"https:\\\/\\\/x.com\\\/sunupost\",\"https:\\\/\\\/www.instagram.com\\\/sunupost\\\/\",\"https:\\\/\\\/www.youtube.com\\\/channel\\\/UCd7V7bCkLDOee8yr7CW4Dpw\"]},{\"@type\":\"Person\",\"@id\":\"https:\\\/\\\/sunupost.com\\\/#\\\/schema\\\/person\\\/4e12076578c038ef05505f168dbe2957\",\"name\":\"SunuPost\",\"image\":{\"@type\":\"ImageObject\",\"inLanguage\":\"fr-FR\",\"@id\":\"https:\\\/\\\/secure.gravatar.com\\\/avatar\\\/8f6f689479872167ad3986f6aeaab8bfbf2403fb73b91e16d334b19ffadb7456?s=96&d=mm&r=g\",\"url\":\"https:\\\/\\\/secure.gravatar.com\\\/avatar\\\/8f6f689479872167ad3986f6aeaab8bfbf2403fb73b91e16d334b19ffadb7456?s=96&d=mm&r=g\",\"contentUrl\":\"https:\\\/\\\/secure.gravatar.com\\\/avatar\\\/8f6f689479872167ad3986f6aeaab8bfbf2403fb73b91e16d334b19ffadb7456?s=96&d=mm&r=g\",\"caption\":\"SunuPost\"},\"url\":\"https:\\\/\\\/sunupost.com\\\/?author=2\"}]}<\/script>\n<!-- \/ Yoast SEO plugin. -->","yoast_head_json":{"title":"MORT D\u2019ABDOULAYE BA : Thierno Alassane Sall charge le r\u00e9gime - SUNUPOST","robots":{"index":"index","follow":"follow","max-snippet":"max-snippet:-1","max-image-preview":"max-image-preview:large","max-video-preview":"max-video-preview:-1"},"canonical":"https:\/\/sunupost.com\/?p=12071","og_locale":"fr_FR","og_type":"article","og_title":"MORT D\u2019ABDOULAYE BA : Thierno Alassane Sall charge le r\u00e9gime - SUNUPOST","og_description":"L&rsquo;honorable d\u00e9put\u00e9 Thierno Alassane Sall \u00e9tait en conf\u00e9rence de presse, aujourd&rsquo;hui dimanche au si\u00e8ge de son parti. Le leader de RV est largement revenu sur...","og_url":"https:\/\/sunupost.com\/?p=12071","og_site_name":"SUNUPOST","article_publisher":"https:\/\/web.facebook.com\/Sunupost-101026658237468\/","article_published_time":"2026-02-15T22:05:15+00:00","og_image":[{"width":2560,"height":1862,"url":"https:\/\/sunupost.com\/wp-content\/uploads\/2026\/02\/Screenshot_20260215_195821_WhatsAppBusiness-1-scaled.jpg","type":"image\/jpeg"}],"author":"SunuPost","twitter_card":"summary_large_image","twitter_creator":"@sunupost","twitter_site":"@sunupost","twitter_misc":{"\u00c9crit par":"SunuPost","Dur\u00e9e de lecture estim\u00e9e":"1 minute"},"schema":{"@context":"https:\/\/schema.org","@graph":[{"@type":"Article","@id":"https:\/\/sunupost.com\/?p=12071#article","isPartOf":{"@id":"https:\/\/sunupost.com\/?p=12071"},"author":{"name":"SunuPost","@id":"https:\/\/sunupost.com\/#\/schema\/person\/4e12076578c038ef05505f168dbe2957"},"headline":"MORT D\u2019ABDOULAYE BA : Thierno Alassane Sall charge le r\u00e9gime","datePublished":"2026-02-15T22:05:15+00:00","mainEntityOfPage":{"@id":"https:\/\/sunupost.com\/?p=12071"},"wordCount":215,"commentCount":109,"publisher":{"@id":"https:\/\/sunupost.com\/#organization"},"image":{"@id":"https:\/\/sunupost.com\/?p=12071#primaryimage"},"thumbnailUrl":"https:\/\/sunupost.com\/wp-content\/uploads\/2026\/02\/Screenshot_20260215_195821_WhatsAppBusiness-1-scaled.jpg","articleSection":["A LA UNE","POLITIQUE"],"inLanguage":"fr-FR","potentialAction":[{"@type":"CommentAction","name":"Comment","target":["https:\/\/sunupost.com\/?p=12071#respond"]}]},{"@type":"WebPage","@id":"https:\/\/sunupost.com\/?p=12071","url":"https:\/\/sunupost.com\/?p=12071","name":"MORT D\u2019ABDOULAYE BA : Thierno Alassane Sall charge le r\u00e9gime - SUNUPOST","isPartOf":{"@id":"https:\/\/sunupost.com\/#website"},"primaryImageOfPage":{"@id":"https:\/\/sunupost.com\/?p=12071#primaryimage"},"image":{"@id":"https:\/\/sunupost.com\/?p=12071#primaryimage"},"thumbnailUrl":"https:\/\/sunupost.com\/wp-content\/uploads\/2026\/02\/Screenshot_20260215_195821_WhatsAppBusiness-1-scaled.jpg","datePublished":"2026-02-15T22:05:15+00:00","breadcrumb":{"@id":"https:\/\/sunupost.com\/?p=12071#breadcrumb"},"inLanguage":"fr-FR","potentialAction":[{"@type":"ReadAction","target":["https:\/\/sunupost.com\/?p=12071"]}]},{"@type":"ImageObject","inLanguage":"fr-FR","@id":"https:\/\/sunupost.com\/?p=12071#primaryimage","url":"https:\/\/sunupost.com\/wp-content\/uploads\/2026\/02\/Screenshot_20260215_195821_WhatsAppBusiness-1-scaled.jpg","contentUrl":"https:\/\/sunupost.com\/wp-content\/uploads\/2026\/02\/Screenshot_20260215_195821_WhatsAppBusiness-1-scaled.jpg","width":2560,"height":1862},{"@type":"BreadcrumbList","@id":"https:\/\/sunupost.com\/?p=12071#breadcrumb","itemListElement":[{"@type":"ListItem","position":1,"name":"Home","item":"https:\/\/sunupost.com\/"},{"@type":"ListItem","position":2,"name":"MORT D\u2019ABDOULAYE BA : Thierno Alassane Sall charge le r\u00e9gime"}]},{"@type":"WebSite","@id":"https:\/\/sunupost.com\/#website","url":"https:\/\/sunupost.com\/","name":"SUNUPOST","description":"Pens\u00e9e libre","publisher":{"@id":"https:\/\/sunupost.com\/#organization"},"potentialAction":[{"@type":"SearchAction","target":{"@type":"EntryPoint","urlTemplate":"https:\/\/sunupost.com\/?s={search_term_string}"},"query-input":{"@type":"PropertyValueSpecification","valueRequired":true,"valueName":"search_term_string"}}],"inLanguage":"fr-FR"},{"@type":"Organization","@id":"https:\/\/sunupost.com\/#organization","name":"SUNUPOST","url":"https:\/\/sunupost.com\/","logo":{"@type":"ImageObject","inLanguage":"fr-FR","@id":"https:\/\/sunupost.com\/#\/schema\/logo\/image\/","url":"https:\/\/secureservercdn.net\/198.71.233.206\/17w.044.myftpupload.com\/wp-content\/uploads\/2020\/05\/Lancement.jpg?time=1639052812","contentUrl":"https:\/\/secureservercdn.net\/198.71.233.206\/17w.044.myftpupload.com\/wp-content\/uploads\/2020\/05\/Lancement.jpg?time=1639052812","width":300,"height":100,"caption":"SUNUPOST"},"image":{"@id":"https:\/\/sunupost.com\/#\/schema\/logo\/image\/"},"sameAs":["https:\/\/web.facebook.com\/Sunupost-101026658237468\/","https:\/\/x.com\/sunupost","https:\/\/www.instagram.com\/sunupost\/","https:\/\/www.youtube.com\/channel\/UCd7V7bCkLDOee8yr7CW4Dpw"]},{"@type":"Person","@id":"https:\/\/sunupost.com\/#\/schema\/person\/4e12076578c038ef05505f168dbe2957","name":"SunuPost","image":{"@type":"ImageObject","inLanguage":"fr-FR","@id":"https:\/\/secure.gravatar.com\/avatar\/8f6f689479872167ad3986f6aeaab8bfbf2403fb73b91e16d334b19ffadb7456?s=96&d=mm&r=g","url":"https:\/\/secure.gravatar.com\/avatar\/8f6f689479872167ad3986f6aeaab8bfbf2403fb73b91e16d334b19ffadb7456?s=96&d=mm&r=g","contentUrl":"https:\/\/secure.gravatar.com\/avatar\/8f6f689479872167ad3986f6aeaab8bfbf2403fb73b91e16d334b19ffadb7456?s=96&d=mm&r=g","caption":"SunuPost"},"url":"https:\/\/sunupost.com\/?author=2"}]}},"_links":{"self":[{"href":"https:\/\/sunupost.com\/index.php?rest_route=\/wp\/v2\/posts\/12071","targetHints":{"allow":["GET"]}}],"collection":[{"href":"https:\/\/sunupost.com\/index.php?rest_route=\/wp\/v2\/posts"}],"about":[{"href":"https:\/\/sunupost.com\/index.php?rest_route=\/wp\/v2\/types\/post"}],"author":[{"embeddable":true,"href":"https:\/\/sunupost.com\/index.php?rest_route=\/wp\/v2\/users\/2"}],"replies":[{"embeddable":true,"href":"https:\/\/sunupost.com\/index.php?rest_route=%2Fwp%2Fv2%2Fcomments&post=12071"}],"version-history":[{"count":1,"href":"https:\/\/sunupost.com\/index.php?rest_route=\/wp\/v2\/posts\/12071\/revisions"}],"predecessor-version":[{"id":12075,"href":"https:\/\/sunupost.com\/index.php?rest_route=\/wp\/v2\/posts\/12071\/revisions\/12075"}],"wp:featuredmedia":[{"embeddable":true,"href":"https:\/\/sunupost.com\/index.php?rest_route=\/wp\/v2\/media\/12074"}],"wp:attachment":[{"href":"https:\/\/sunupost.com\/index.php?rest_route=%2Fwp%2Fv2%2Fmedia&parent=12071"}],"wp:term":[{"taxonomy":"category","embeddable":true,"href":"https:\/\/sunupost.com\/index.php?rest_route=%2Fwp%2Fv2%2Fcategories&post=12071"},{"taxonomy":"post_tag","embeddable":true,"href":"https:\/\/sunupost.com\/index.php?rest_route=%2Fwp%2Fv2%2Ftags&post=12071"}],"curies":[{"name":"wp","href":"https:\/\/api.w.org\/{rel}","templated":true}]}}