{"id":12090,"date":"2026-03-15T21:05:25","date_gmt":"2026-03-15T21:05:25","guid":{"rendered":"https:\/\/sunupost.com\/?p=12090"},"modified":"2026-03-15T21:07:49","modified_gmt":"2026-03-15T21:07:49","slug":"conference-de-presse-de-thierno-alassane-sall-le-depute-relate-les-zones-dombres-du-regime-actuel","status":"publish","type":"post","link":"https:\/\/sunupost.com\/?p=12090","title":{"rendered":"Conf\u00e9rence de presse De Thierno Alassane Sall : Le d\u00e9put\u00e9 dresse les Zones sombres Du r\u00e9gime Actuel"},"content":{"rendered":"<p>Le d\u00e9put\u00e9 et leader politique Thierno Alassane Sall a dress\u00e9 un tableau particuli\u00e8rement sombre de la situation \u00e9conomique et sociale du S\u00e9n\u00e9gal, estimant que le pays traverse une p\u00e9riode difficile qui affecte durement les travailleurs et plus encore les personnes sans emploi.<\/p>\n<p>Selon lui, plusieurs secteurs cl\u00e9s sont aujourd\u2019hui en crise. \u00ab Enseignants et \u00e9tudiants multiplient les mouvements de gr\u00e8ve, r\u00e9v\u00e9lant un malaise profond dans notre syst\u00e8me \u00e9ducatif. Le monde rural conna\u00eet des difficult\u00e9s tout aussi pr\u00e9occupantes. Malgr\u00e9 une bonne saison hivernale, des producteurs d\u2019arachides peinent \u00e0 \u00e9couler leurs r\u00e9coltes, tandis que des mara\u00eechers, faute de d\u00e9bouch\u00e9s, se voient contraints de d\u00e9verser leurs productions. Le secteur du BTP traverse \u00e9galement une crise majeure qui menace des milliers d\u2019emplois \u00bb, a d\u00e9clar\u00e9 le leader de la R\u00e9publique des valeurs (RDV).<\/p>\n<p>Il a \u00e9galement \u00e9voqu\u00e9 des inqui\u00e9tudes concernant l\u2019approvisionnement \u00e9nerg\u00e9tique du pays. D\u2019apr\u00e8s lui, le stock strat\u00e9gique d\u2019hydrocarbures aurait diminu\u00e9, alors m\u00eame que les risques pesant sur l\u2019approvisionnement sont connus depuis plusieurs mois, notamment avec les tensions autour du Venezuela et l\u2019instabilit\u00e9 croissante au Moyen-Orient.<\/p>\n<p>Dans le m\u00eame temps, le d\u00e9put\u00e9 affirme que le S\u00e9n\u00e9gal aurait honor\u00e9 l\u2019\u00e9ch\u00e9ance de sa dette de mars 2026 sans qu\u2019aucune communication officielle cr\u00e9dible n\u2019ait \u00e9t\u00e9 faite par les autorit\u00e9s. \u00ab L\u2019opacit\u00e9 qui entoure cette op\u00e9ration est d\u2019autant plus pr\u00e9occupante que les seules informations disponibles proviennent du Togo \u00bb, s\u2019est-il indign\u00e9.<\/p>\n<p>Face \u00e0 cette situation, M. Sall estime que les S\u00e9n\u00e9galais doivent faire face \u00e0 la chert\u00e9 de la vie, au ch\u00f4mage et \u00e0 un contexte \u00e9conomique et social de plus en plus inqui\u00e9tant. \u00ab Dans un moment aussi grave, ils sont en droit d\u2019attendre de leurs dirigeants qu\u2019ils se consacrent pleinement aux urgences \u00e9conomiques et sociales. Mais les institutions qui devraient \u00e9clairer ces enjeux semblent aujourd\u2019hui paralys\u00e9es \u00bb, a-t-il confi\u00e9.<\/p>\n<p>Selon lui, l\u2019Assembl\u00e9e nationale aurait pu se saisir de ces questions essentielles. Pourtant, elle serait plus occup\u00e9e par des querelles politiciennes et des d\u00e9monstrations d\u2019all\u00e9geance aux deux t\u00eates de l\u2019ex\u00e9cutif engag\u00e9es dans une bataille de positionnement en vue des prochaines \u00e9ch\u00e9ances \u00e9lectorales.<\/p>\n<p>Le d\u00e9put\u00e9 s\u2019est \u00e9galement prononc\u00e9 sur les prises de parole du Premier ministre marqu\u00e9es, selon lui, par des consid\u00e9rations personnelles que par de v\u00e9ritables orientations strat\u00e9giques. Il cite notamment le dossier du projet offshore profond de Kayar, dont l\u2019avenir reste incertain apr\u00e8s le retrait successif de BP et de Kosmos Energy.<\/p>\n<p>La m\u00eame absence de clart\u00e9, selon lui, entoure le dossier des Industries chimiques du S\u00e9n\u00e9gal (ICS), dont la concession est arriv\u00e9e \u00e0 expiration sans qu\u2019un plan pr\u00e9cis de reprise ou de production soit pr\u00e9sent\u00e9.<\/p>\n<p>L\u2019\u00e9lu \u00e9voque \u00e9galement l\u2019affaire du projet d\u2019\u00e9lectrification rurale port\u00e9 par l&rsquo;ASER (Agence s\u00e9n\u00e9galaise d&rsquo;\u00e9lectrification rurale) et confi\u00e9 \u00e0 l\u2019entreprise AEE Power EPC. D\u2019apr\u00e8s lui, 37 milliards de francs CFA ont d\u00e9j\u00e0 \u00e9t\u00e9 d\u00e9caiss\u00e9s sans qu\u2019aucune r\u00e9alisation significative ne soit visible sur le terrain, alors que le projet global est estim\u00e9 \u00e0 plus de 91 milliards de francs CFA.<\/p>\n<p>Face au risque de perte de ces ressources publiques, Thierno Alassane Sall indique avoir d\u00e9pos\u00e9 une plainte le 16 octobre 2025 aupr\u00e8s du Pool judiciaire financier et saisi la justice espagnole ; une proc\u00e9dure ayant \u00e9t\u00e9 ouverte le 24 f\u00e9vrier 2026 \u00e0 Madrid afin d\u2019obtenir des explications de l\u2019entreprise AEE Power EPC et de Banco Santander SA sur l\u2019utilisation des fonds.<\/p>\n<p>\u00ab Les menaces, les calomnies et les tentatives de diversion ne nous \u00e9branlent pas. Notre d\u00e9marche est simple : d\u00e9fendre les ressources du peuple s\u00e9n\u00e9galais. La v\u00e9ritable souverainet\u00e9 commence par la protection de l\u2019argent public et l\u2019exigence de transparence dans chaque partenariat international \u00bb, a-t-il d\u00e9clar\u00e9.<\/p>\n<p>Le leader de la RDV estime enfin que les S\u00e9n\u00e9galais m\u00e9ritent la v\u00e9rit\u00e9, la transparence et une gestion rigoureuse des ressources publiques, d\u00e9non\u00e7ant des dysfonctionnements dans plusieurs secteurs strat\u00e9giques, notamment au sein de Petrosen EPC, qui, dit-il, a connu trois directeurs g\u00e9n\u00e9raux en deux ans.<\/p>\n","protected":false},"excerpt":{"rendered":"<p>Le d\u00e9put\u00e9 et leader politique Thierno Alassane Sall a dress\u00e9 un tableau particuli\u00e8rement sombre de la situation \u00e9conomique et sociale du S\u00e9n\u00e9gal, estimant que le&#8230;<\/p>\n","protected":false},"author":19,"featured_media":11732,"comment_status":"open","ping_status":"open","sticky":false,"template":"","format":"standard","meta":{"_coblocks_attr":"","_coblocks_dimensions":"","_coblocks_responsive_height":"","_coblocks_accordion_ie_support":"","_monsterinsights_skip_tracking":false,"_monsterinsights_sitenote_active":false,"_monsterinsights_sitenote_note":"","_monsterinsights_sitenote_category":0,"h5ap_radio_sources":[],"footnotes":""},"categories":[15,6],"tags":[],"class_list":["post-12090","post","type-post","status-publish","format-standard","has-post-thumbnail","hentry","category-a-la-une","category-politique","wpcat-15-id","wpcat-6-id"],"yoast_head":"<!-- This site is optimized with the Yoast SEO plugin v27.5 - https:\/\/yoast.com\/product\/yoast-seo-wordpress\/ -->\n<title>Conf\u00e9rence de presse De Thierno Alassane Sall : Le d\u00e9put\u00e9 dresse les Zones sombres Du r\u00e9gime Actuel - SUNUPOST<\/title>\n<meta name=\"robots\" content=\"index, follow, max-snippet:-1, max-image-preview:large, max-video-preview:-1\" \/>\n<link rel=\"canonical\" href=\"https:\/\/sunupost.com\/?p=12090\" \/>\n<meta property=\"og:locale\" content=\"fr_FR\" \/>\n<meta property=\"og:type\" content=\"article\" \/>\n<meta property=\"og:title\" content=\"Conf\u00e9rence de presse De Thierno Alassane Sall : Le d\u00e9put\u00e9 dresse les Zones sombres Du r\u00e9gime Actuel - SUNUPOST\" \/>\n<meta property=\"og:description\" content=\"Le d\u00e9put\u00e9 et leader politique Thierno Alassane Sall a dress\u00e9 un tableau particuli\u00e8rement sombre de la situation \u00e9conomique et sociale du S\u00e9n\u00e9gal, estimant que le...\" \/>\n<meta property=\"og:url\" content=\"https:\/\/sunupost.com\/?p=12090\" \/>\n<meta property=\"og:site_name\" content=\"SUNUPOST\" \/>\n<meta property=\"article:publisher\" content=\"https:\/\/web.facebook.com\/Sunupost-101026658237468\/\" \/>\n<meta property=\"article:published_time\" content=\"2026-03-15T21:05:25+00:00\" \/>\n<meta property=\"article:modified_time\" content=\"2026-03-15T21:07:49+00:00\" \/>\n<meta property=\"og:image\" content=\"https:\/\/sunupost.com\/wp-content\/uploads\/2025\/10\/IMG-20251015-WA0074-1.jpg\" \/>\n\t<meta property=\"og:image:width\" content=\"720\" \/>\n\t<meta property=\"og:image:height\" content=\"1080\" \/>\n\t<meta property=\"og:image:type\" content=\"image\/jpeg\" \/>\n<meta name=\"author\" content=\"Binta Ciss\u00e9\" \/>\n<meta name=\"twitter:card\" content=\"summary_large_image\" \/>\n<meta name=\"twitter:creator\" content=\"@sunupost\" \/>\n<meta name=\"twitter:site\" content=\"@sunupost\" \/>\n<meta name=\"twitter:label1\" content=\"\u00c9crit par\" \/>\n\t<meta name=\"twitter:data1\" content=\"Binta Ciss\u00e9\" \/>\n\t<meta name=\"twitter:label2\" content=\"Dur\u00e9e de lecture estim\u00e9e\" \/>\n\t<meta name=\"twitter:data2\" content=\"4 minutes\" \/>\n<script type=\"application\/ld+json\" class=\"yoast-schema-graph\">{\"@context\":\"https:\\\/\\\/schema.org\",\"@graph\":[{\"@type\":\"Article\",\"@id\":\"https:\\\/\\\/sunupost.com\\\/?p=12090#article\",\"isPartOf\":{\"@id\":\"https:\\\/\\\/sunupost.com\\\/?p=12090\"},\"author\":{\"name\":\"Binta Ciss\u00e9\",\"@id\":\"https:\\\/\\\/sunupost.com\\\/#\\\/schema\\\/person\\\/4180ce1fd5a5254dcccf3b93847e92fb\"},\"headline\":\"Conf\u00e9rence de presse De Thierno Alassane Sall : Le d\u00e9put\u00e9 dresse les Zones sombres Du r\u00e9gime Actuel\",\"datePublished\":\"2026-03-15T21:05:25+00:00\",\"dateModified\":\"2026-03-15T21:07:49+00:00\",\"mainEntityOfPage\":{\"@id\":\"https:\\\/\\\/sunupost.com\\\/?p=12090\"},\"wordCount\":746,\"commentCount\":3,\"publisher\":{\"@id\":\"https:\\\/\\\/sunupost.com\\\/#organization\"},\"image\":{\"@id\":\"https:\\\/\\\/sunupost.com\\\/?p=12090#primaryimage\"},\"thumbnailUrl\":\"https:\\\/\\\/sunupost.com\\\/wp-content\\\/uploads\\\/2025\\\/10\\\/IMG-20251015-WA0074-1.jpg\",\"articleSection\":[\"A LA UNE\",\"POLITIQUE\"],\"inLanguage\":\"fr-FR\",\"potentialAction\":[{\"@type\":\"CommentAction\",\"name\":\"Comment\",\"target\":[\"https:\\\/\\\/sunupost.com\\\/?p=12090#respond\"]}]},{\"@type\":\"WebPage\",\"@id\":\"https:\\\/\\\/sunupost.com\\\/?p=12090\",\"url\":\"https:\\\/\\\/sunupost.com\\\/?p=12090\",\"name\":\"Conf\u00e9rence de presse De Thierno Alassane Sall : Le d\u00e9put\u00e9 dresse les Zones sombres Du r\u00e9gime Actuel - SUNUPOST\",\"isPartOf\":{\"@id\":\"https:\\\/\\\/sunupost.com\\\/#website\"},\"primaryImageOfPage\":{\"@id\":\"https:\\\/\\\/sunupost.com\\\/?p=12090#primaryimage\"},\"image\":{\"@id\":\"https:\\\/\\\/sunupost.com\\\/?p=12090#primaryimage\"},\"thumbnailUrl\":\"https:\\\/\\\/sunupost.com\\\/wp-content\\\/uploads\\\/2025\\\/10\\\/IMG-20251015-WA0074-1.jpg\",\"datePublished\":\"2026-03-15T21:05:25+00:00\",\"dateModified\":\"2026-03-15T21:07:49+00:00\",\"breadcrumb\":{\"@id\":\"https:\\\/\\\/sunupost.com\\\/?p=12090#breadcrumb\"},\"inLanguage\":\"fr-FR\",\"potentialAction\":[{\"@type\":\"ReadAction\",\"target\":[\"https:\\\/\\\/sunupost.com\\\/?p=12090\"]}]},{\"@type\":\"ImageObject\",\"inLanguage\":\"fr-FR\",\"@id\":\"https:\\\/\\\/sunupost.com\\\/?p=12090#primaryimage\",\"url\":\"https:\\\/\\\/sunupost.com\\\/wp-content\\\/uploads\\\/2025\\\/10\\\/IMG-20251015-WA0074-1.jpg\",\"contentUrl\":\"https:\\\/\\\/sunupost.com\\\/wp-content\\\/uploads\\\/2025\\\/10\\\/IMG-20251015-WA0074-1.jpg\",\"width\":720,\"height\":1080},{\"@type\":\"BreadcrumbList\",\"@id\":\"https:\\\/\\\/sunupost.com\\\/?p=12090#breadcrumb\",\"itemListElement\":[{\"@type\":\"ListItem\",\"position\":1,\"name\":\"Home\",\"item\":\"https:\\\/\\\/sunupost.com\\\/\"},{\"@type\":\"ListItem\",\"position\":2,\"name\":\"Conf\u00e9rence de presse De Thierno Alassane Sall : Le d\u00e9put\u00e9 dresse les Zones sombres Du r\u00e9gime Actuel\"}]},{\"@type\":\"WebSite\",\"@id\":\"https:\\\/\\\/sunupost.com\\\/#website\",\"url\":\"https:\\\/\\\/sunupost.com\\\/\",\"name\":\"SUNUPOST\",\"description\":\"Pens\u00e9e libre\",\"publisher\":{\"@id\":\"https:\\\/\\\/sunupost.com\\\/#organization\"},\"potentialAction\":[{\"@type\":\"SearchAction\",\"target\":{\"@type\":\"EntryPoint\",\"urlTemplate\":\"https:\\\/\\\/sunupost.com\\\/?s={search_term_string}\"},\"query-input\":{\"@type\":\"PropertyValueSpecification\",\"valueRequired\":true,\"valueName\":\"search_term_string\"}}],\"inLanguage\":\"fr-FR\"},{\"@type\":\"Organization\",\"@id\":\"https:\\\/\\\/sunupost.com\\\/#organization\",\"name\":\"SUNUPOST\",\"url\":\"https:\\\/\\\/sunupost.com\\\/\",\"logo\":{\"@type\":\"ImageObject\",\"inLanguage\":\"fr-FR\",\"@id\":\"https:\\\/\\\/sunupost.com\\\/#\\\/schema\\\/logo\\\/image\\\/\",\"url\":\"https:\\\/\\\/secureservercdn.net\\\/198.71.233.206\\\/17w.044.myftpupload.com\\\/wp-content\\\/uploads\\\/2020\\\/05\\\/Lancement.jpg?time=1639052812\",\"contentUrl\":\"https:\\\/\\\/secureservercdn.net\\\/198.71.233.206\\\/17w.044.myftpupload.com\\\/wp-content\\\/uploads\\\/2020\\\/05\\\/Lancement.jpg?time=1639052812\",\"width\":300,\"height\":100,\"caption\":\"SUNUPOST\"},\"image\":{\"@id\":\"https:\\\/\\\/sunupost.com\\\/#\\\/schema\\\/logo\\\/image\\\/\"},\"sameAs\":[\"https:\\\/\\\/web.facebook.com\\\/Sunupost-101026658237468\\\/\",\"https:\\\/\\\/x.com\\\/sunupost\",\"https:\\\/\\\/www.instagram.com\\\/sunupost\\\/\",\"https:\\\/\\\/www.youtube.com\\\/channel\\\/UCd7V7bCkLDOee8yr7CW4Dpw\"]},{\"@type\":\"Person\",\"@id\":\"https:\\\/\\\/sunupost.com\\\/#\\\/schema\\\/person\\\/4180ce1fd5a5254dcccf3b93847e92fb\",\"name\":\"Binta Ciss\u00e9\",\"image\":{\"@type\":\"ImageObject\",\"inLanguage\":\"fr-FR\",\"@id\":\"https:\\\/\\\/secure.gravatar.com\\\/avatar\\\/d7ec4285e9eacdc893e9d8cea0ea6a1ff0a32ecab53f42d0bbe410001c3be0be?s=96&d=mm&r=g\",\"url\":\"https:\\\/\\\/secure.gravatar.com\\\/avatar\\\/d7ec4285e9eacdc893e9d8cea0ea6a1ff0a32ecab53f42d0bbe410001c3be0be?s=96&d=mm&r=g\",\"contentUrl\":\"https:\\\/\\\/secure.gravatar.com\\\/avatar\\\/d7ec4285e9eacdc893e9d8cea0ea6a1ff0a32ecab53f42d0bbe410001c3be0be?s=96&d=mm&r=g\",\"caption\":\"Binta Ciss\u00e9\"},\"url\":\"https:\\\/\\\/sunupost.com\\\/?author=19\"}]}<\/script>\n<!-- \/ Yoast SEO plugin. -->","yoast_head_json":{"title":"Conf\u00e9rence de presse De Thierno Alassane Sall : Le d\u00e9put\u00e9 dresse les Zones sombres Du r\u00e9gime Actuel - SUNUPOST","robots":{"index":"index","follow":"follow","max-snippet":"max-snippet:-1","max-image-preview":"max-image-preview:large","max-video-preview":"max-video-preview:-1"},"canonical":"https:\/\/sunupost.com\/?p=12090","og_locale":"fr_FR","og_type":"article","og_title":"Conf\u00e9rence de presse De Thierno Alassane Sall : Le d\u00e9put\u00e9 dresse les Zones sombres Du r\u00e9gime Actuel - SUNUPOST","og_description":"Le d\u00e9put\u00e9 et leader politique Thierno Alassane Sall a dress\u00e9 un tableau particuli\u00e8rement sombre de la situation \u00e9conomique et sociale du S\u00e9n\u00e9gal, estimant que le...","og_url":"https:\/\/sunupost.com\/?p=12090","og_site_name":"SUNUPOST","article_publisher":"https:\/\/web.facebook.com\/Sunupost-101026658237468\/","article_published_time":"2026-03-15T21:05:25+00:00","article_modified_time":"2026-03-15T21:07:49+00:00","og_image":[{"width":720,"height":1080,"url":"https:\/\/sunupost.com\/wp-content\/uploads\/2025\/10\/IMG-20251015-WA0074-1.jpg","type":"image\/jpeg"}],"author":"Binta Ciss\u00e9","twitter_card":"summary_large_image","twitter_creator":"@sunupost","twitter_site":"@sunupost","twitter_misc":{"\u00c9crit par":"Binta Ciss\u00e9","Dur\u00e9e de lecture estim\u00e9e":"4 minutes"},"schema":{"@context":"https:\/\/schema.org","@graph":[{"@type":"Article","@id":"https:\/\/sunupost.com\/?p=12090#article","isPartOf":{"@id":"https:\/\/sunupost.com\/?p=12090"},"author":{"name":"Binta Ciss\u00e9","@id":"https:\/\/sunupost.com\/#\/schema\/person\/4180ce1fd5a5254dcccf3b93847e92fb"},"headline":"Conf\u00e9rence de presse De Thierno Alassane Sall : Le d\u00e9put\u00e9 dresse les Zones sombres Du r\u00e9gime Actuel","datePublished":"2026-03-15T21:05:25+00:00","dateModified":"2026-03-15T21:07:49+00:00","mainEntityOfPage":{"@id":"https:\/\/sunupost.com\/?p=12090"},"wordCount":746,"commentCount":3,"publisher":{"@id":"https:\/\/sunupost.com\/#organization"},"image":{"@id":"https:\/\/sunupost.com\/?p=12090#primaryimage"},"thumbnailUrl":"https:\/\/sunupost.com\/wp-content\/uploads\/2025\/10\/IMG-20251015-WA0074-1.jpg","articleSection":["A LA UNE","POLITIQUE"],"inLanguage":"fr-FR","potentialAction":[{"@type":"CommentAction","name":"Comment","target":["https:\/\/sunupost.com\/?p=12090#respond"]}]},{"@type":"WebPage","@id":"https:\/\/sunupost.com\/?p=12090","url":"https:\/\/sunupost.com\/?p=12090","name":"Conf\u00e9rence de presse De Thierno Alassane Sall : Le d\u00e9put\u00e9 dresse les Zones sombres Du r\u00e9gime Actuel - SUNUPOST","isPartOf":{"@id":"https:\/\/sunupost.com\/#website"},"primaryImageOfPage":{"@id":"https:\/\/sunupost.com\/?p=12090#primaryimage"},"image":{"@id":"https:\/\/sunupost.com\/?p=12090#primaryimage"},"thumbnailUrl":"https:\/\/sunupost.com\/wp-content\/uploads\/2025\/10\/IMG-20251015-WA0074-1.jpg","datePublished":"2026-03-15T21:05:25+00:00","dateModified":"2026-03-15T21:07:49+00:00","breadcrumb":{"@id":"https:\/\/sunupost.com\/?p=12090#breadcrumb"},"inLanguage":"fr-FR","potentialAction":[{"@type":"ReadAction","target":["https:\/\/sunupost.com\/?p=12090"]}]},{"@type":"ImageObject","inLanguage":"fr-FR","@id":"https:\/\/sunupost.com\/?p=12090#primaryimage","url":"https:\/\/sunupost.com\/wp-content\/uploads\/2025\/10\/IMG-20251015-WA0074-1.jpg","contentUrl":"https:\/\/sunupost.com\/wp-content\/uploads\/2025\/10\/IMG-20251015-WA0074-1.jpg","width":720,"height":1080},{"@type":"BreadcrumbList","@id":"https:\/\/sunupost.com\/?p=12090#breadcrumb","itemListElement":[{"@type":"ListItem","position":1,"name":"Home","item":"https:\/\/sunupost.com\/"},{"@type":"ListItem","position":2,"name":"Conf\u00e9rence de presse De Thierno Alassane Sall : Le d\u00e9put\u00e9 dresse les Zones sombres Du r\u00e9gime Actuel"}]},{"@type":"WebSite","@id":"https:\/\/sunupost.com\/#website","url":"https:\/\/sunupost.com\/","name":"SUNUPOST","description":"Pens\u00e9e libre","publisher":{"@id":"https:\/\/sunupost.com\/#organization"},"potentialAction":[{"@type":"SearchAction","target":{"@type":"EntryPoint","urlTemplate":"https:\/\/sunupost.com\/?s={search_term_string}"},"query-input":{"@type":"PropertyValueSpecification","valueRequired":true,"valueName":"search_term_string"}}],"inLanguage":"fr-FR"},{"@type":"Organization","@id":"https:\/\/sunupost.com\/#organization","name":"SUNUPOST","url":"https:\/\/sunupost.com\/","logo":{"@type":"ImageObject","inLanguage":"fr-FR","@id":"https:\/\/sunupost.com\/#\/schema\/logo\/image\/","url":"https:\/\/secureservercdn.net\/198.71.233.206\/17w.044.myftpupload.com\/wp-content\/uploads\/2020\/05\/Lancement.jpg?time=1639052812","contentUrl":"https:\/\/secureservercdn.net\/198.71.233.206\/17w.044.myftpupload.com\/wp-content\/uploads\/2020\/05\/Lancement.jpg?time=1639052812","width":300,"height":100,"caption":"SUNUPOST"},"image":{"@id":"https:\/\/sunupost.com\/#\/schema\/logo\/image\/"},"sameAs":["https:\/\/web.facebook.com\/Sunupost-101026658237468\/","https:\/\/x.com\/sunupost","https:\/\/www.instagram.com\/sunupost\/","https:\/\/www.youtube.com\/channel\/UCd7V7bCkLDOee8yr7CW4Dpw"]},{"@type":"Person","@id":"https:\/\/sunupost.com\/#\/schema\/person\/4180ce1fd5a5254dcccf3b93847e92fb","name":"Binta Ciss\u00e9","image":{"@type":"ImageObject","inLanguage":"fr-FR","@id":"https:\/\/secure.gravatar.com\/avatar\/d7ec4285e9eacdc893e9d8cea0ea6a1ff0a32ecab53f42d0bbe410001c3be0be?s=96&d=mm&r=g","url":"https:\/\/secure.gravatar.com\/avatar\/d7ec4285e9eacdc893e9d8cea0ea6a1ff0a32ecab53f42d0bbe410001c3be0be?s=96&d=mm&r=g","contentUrl":"https:\/\/secure.gravatar.com\/avatar\/d7ec4285e9eacdc893e9d8cea0ea6a1ff0a32ecab53f42d0bbe410001c3be0be?s=96&d=mm&r=g","caption":"Binta Ciss\u00e9"},"url":"https:\/\/sunupost.com\/?author=19"}]}},"_links":{"self":[{"href":"https:\/\/sunupost.com\/index.php?rest_route=\/wp\/v2\/posts\/12090","targetHints":{"allow":["GET"]}}],"collection":[{"href":"https:\/\/sunupost.com\/index.php?rest_route=\/wp\/v2\/posts"}],"about":[{"href":"https:\/\/sunupost.com\/index.php?rest_route=\/wp\/v2\/types\/post"}],"author":[{"embeddable":true,"href":"https:\/\/sunupost.com\/index.php?rest_route=\/wp\/v2\/users\/19"}],"replies":[{"embeddable":true,"href":"https:\/\/sunupost.com\/index.php?rest_route=%2Fwp%2Fv2%2Fcomments&post=12090"}],"version-history":[{"count":2,"href":"https:\/\/sunupost.com\/index.php?rest_route=\/wp\/v2\/posts\/12090\/revisions"}],"predecessor-version":[{"id":12094,"href":"https:\/\/sunupost.com\/index.php?rest_route=\/wp\/v2\/posts\/12090\/revisions\/12094"}],"wp:featuredmedia":[{"embeddable":true,"href":"https:\/\/sunupost.com\/index.php?rest_route=\/wp\/v2\/media\/11732"}],"wp:attachment":[{"href":"https:\/\/sunupost.com\/index.php?rest_route=%2Fwp%2Fv2%2Fmedia&parent=12090"}],"wp:term":[{"taxonomy":"category","embeddable":true,"href":"https:\/\/sunupost.com\/index.php?rest_route=%2Fwp%2Fv2%2Fcategories&post=12090"},{"taxonomy":"post_tag","embeddable":true,"href":"https:\/\/sunupost.com\/index.php?rest_route=%2Fwp%2Fv2%2Ftags&post=12090"}],"curies":[{"name":"wp","href":"https:\/\/api.w.org\/{rel}","templated":true}]}}