{"id":1525,"date":"2020-05-07T15:51:11","date_gmt":"2020-05-07T15:51:11","guid":{"rendered":"https:\/\/sunupost.com\/?p=1525"},"modified":"2020-05-07T16:00:34","modified_gmt":"2020-05-07T16:00:34","slug":"gestion-de-la-covid-19-defaillances-mises-a-nu","status":"publish","type":"post","link":"https:\/\/sunupost.com\/?p=1525","title":{"rendered":"Gestion De La Covid-19 : D\u00e9faillances Mises \u00e0 Nu"},"content":{"rendered":"<p>&nbsp;<\/p>\n<p><strong>(Par Cheikh FAYE Ph.D<\/strong><br \/>\n<strong>Professeur \/ UQAC (Canada)<\/strong><br \/>\n<strong>Membre de la Cellule de veille strat\u00e9gique sur la Covid-19<\/strong><br \/>\n<strong>R\u00e9publique des Valeurs )<\/strong><\/p>\n<p>&nbsp;<\/p>\n<p>Selon les statistiques officielles du jour, le S\u00e9n\u00e9gal a enregistr\u00e9 1433 cas d\u00e9clar\u00e9s positifs depuis le 2 mars dont 12 d\u00e9c\u00e8s et, surtout, 927 cas positifs sous traitement. Parmi ces derniers, figurent 6 cas graves admis dans les services de r\u00e9animation de l&rsquo;h\u00f4pital Fann et de l&rsquo;h\u00f4pital Principal de Dakar. Pire, on vient de d\u00e9passer, pour la premi\u00e8re fois, le nombre de 100 nouveaux cas infect\u00e9s en une seule journ\u00e9e. La fulgurance de la propagation du virus laisse envisager le pire, m\u00eame si, pour des raisons politiciennes le Gouvernement s\u2019abstient de dire la v\u00e9rit\u00e9. La d\u00e9cision d\u2019am\u00e9nager 400 lits sur trois sites (hangar des p\u00e8lerins de l\u2019a\u00e9roport LSS, base a\u00e9rienne de Thi\u00e8s et centre des arm\u00e9es de Gu\u00e9r\u00e9o) pour une prise en charge extra hospitali\u00e8re prouve que la situation est grave et qu\u2019il faudra s\u2019attendre au pire. La progression de la covid-19 a fini de jeter, par terre, le voile que Macky Sall et son Gouvernement avaient couvert certaines politiques et certains programmes pr\u00e9sent\u00e9s(es) comme des avanc\u00e9es majeures sur la voie de l\u2019\u00e9mergence en vantant leur efficacit\u00e9. Elle a permis de mettre en lumi\u00e8re les nombreuses d\u00e9faillances constat\u00e9es dans la mise en \u0153uvre de ces politiques ou programmes. Ce qui les emp\u00eache de jouer pleinement le r\u00f4le attendu de leur part en cette p\u00e9riode d\u2019urgences.<\/p>\n<p>Une politique sanitaire faite de fortes disparit\u00e9s et d\u2019in\u00e9galit\u00e9s entre les r\u00e9gions<br \/>\nLe pays fonctionne sous le r\u00e9gime de l\u2019urgence sanitaire port\u00e9e essentiellement par le personnel m\u00e9dical. On ne se lassera jamais de souligner sa comp\u00e9tence, son engagement et son d\u00e9vouement. C\u2019est le personnel m\u00e9dical, toutes cat\u00e9gories professionnelles confondues, qui porte le fardeau que repr\u00e9sente la situation actuelle. Il a fait des miracles et continue d\u2019en faire. Toutefois, on est arriv\u00e9 au moment o\u00f9 la comp\u00e9tence ne suffit pas, \u00e0 elle seule, pour apporter des r\u00e9ponses efficaces \u00e0 la propagation du virus. Dans cette lutte contre la covid-19, les moyens sont aussi importants, particuli\u00e8rement les infrastructures et les \u00e9quipements m\u00e9dicaux. Ce qui est en train de se passer met \u00e0 nu les limites de la politique de sant\u00e9 con\u00e7ue et mise en \u0153uvre par le Gouvernement de Macky Sall. On ne se rend compte, de fa\u00e7on abrupte et cruelle, qu\u2019il existe au S\u00e9n\u00e9gal des structures ou infrastructures sanitaires construites sans respect des normes et\/ou qui manquent d\u2019\u00e9quipements ad\u00e9quats.<br \/>\nLa r\u00e9alit\u00e9 \u00e0 laquelle nous faisons face nous montre, aussi, une exacerbation des disparit\u00e9s, inacceptables et injustifi\u00e9es, entre Dakar et l\u2019int\u00e9rieur du pays. Disparit\u00e9s en tout : mat\u00e9riels et \u00e9quipements m\u00e9dicaux, personnels m\u00e9dicaux notamment sp\u00e9cialis\u00e9s, budgets, etc. Ce qui va \u00e0 l\u2019encontre des discours officiels que tiennent les autorit\u00e9s sur la d\u00e9centralisation du syst\u00e8me de sant\u00e9 comme axe majeur de la politique sanitaire. Par exemple, aucune de ces r\u00e9gions, Kolda, S\u00e9dhiou, Kaffrine et Tambacounda, n\u2019abrite un h\u00f4pital de niveau 3, c\u2019est-\u00e0-dire un centre hospitalier national disposant de capacit\u00e9s d\u2019hospitalisation en m\u00e9decine et sp\u00e9cialit\u00e9s m\u00e9dicales ainsi que l\u2019accomplissement d\u2019une mission d\u2019enseignement et de recherche. Plus grave, le S\u00e9n\u00e9gal ne dispose, actuellement, que de 80 lits de r\u00e9animation dans tout le pays (par exemple, le Maroc en dispose 3 000 !) et certaines r\u00e9gions en \u00e9taient d\u00e9pourvus jusqu\u2019\u00e0 r\u00e9cemment. C\u2019est suite aux alertes lanc\u00e9es par quelques courageux membres du personnel de sant\u00e9 que le Gouvernement s\u2019est r\u00e9solu, dans la pr\u00e9cipitation, \u00e0 \u00e9quiper quelques h\u00f4pitaux r\u00e9gionaux de respirateurs. S\u2019il survenait une d\u00e9t\u00e9rioration subite de l\u2019\u00e9tat d\u2019un nombre important de patients parmi les 927 cas positifs actuellement sous traitement, le syst\u00e8me ne pourrait pas faire face. Ce sera l\u2019h\u00e9catombe ! G\u00e9rer c\u2019est pr\u00e9voir. Ce que Macky Sall et son Gouvernement ne sont pas capables de faire. Par contre, s\u2019il s\u2019agit de faire de la propagande et de la politique politicienne, en enduisant tout de vernis, ils sont champions !<br \/>\nLe d\u00e9faut d\u2019articulation de la CMU et du PNBSF \u00e0 la politique sanitaire<br \/>\nLa pand\u00e9mie de la covid-19 r\u00e9v\u00e8le de nombreuses limites dans la mise en \u0153uvre de la couverture maladie universelle (CMU) et dans celle du Programme national de Bourses de S\u00e9curit\u00e9 familiale (PNBSF). Ces deux programmes sont insuffisamment articul\u00e9s \u00e0 la politique sanitaire. Ce qui est r\u00e9v\u00e9lateur d\u2019une absence de coh\u00e9rence d\u2019ensemble dans la mise en \u0153uvre de la Strat\u00e9gie nationale de Protection sociale (SNPS) mise en place par le Gouvernement.<br \/>\nEn effet, on constate une discr\u00e9tion, voire un manque d\u2019implication de l\u2019Agence de la CMU dans la lutte contre la Covid-19 alors qu\u2019elle aurait d\u00fb \u00eatre un maillon important dans le dispositif de sensibilisation et de pr\u00e9vention. La CMU permet aux personnes les plus vuln\u00e9rables (\u00e0 faibles revenus) de la population de b\u00e9n\u00e9ficier d\u2019une couverture contre le risque maladie notamment les personnes \u00e2g\u00e9es de 60 ans et plus b\u00e9n\u00e9ficiaires du Plan S\u00e9same, qui sont les plus expos\u00e9es \u00e0 la covid-19. L\u2019Agence de la CMU fait \u00e9tat, au deuxi\u00e8me trimestre 2019, de 2 994 198 personnes b\u00e9n\u00e9ficiaires de la couverture contre le risque maladie a\u0300 travers les mutuelles de sant\u00e9\u0301. Le Syst\u00e8me d\u2019Information de Gestion Int\u00e9gr\u00e9 de la Couverture Maladie Universelle (SIGICMU) qu\u2019elle a mis en place contient un module d\u2019identification biom\u00e9trique et une base de donn\u00e9es lui permettant notamment de faire une gestion de proximit\u00e9 avec les b\u00e9n\u00e9ficiaires gr\u00e2ce \u00e0 l\u2019application mobile \u00ab SAMACMU \u00bb. S\u2019il y avait une bonne articulation entre la CMU et la politique nationale des urgences, ce puissant outil aurait \u00e9t\u00e9 utilis\u00e9 pour informer et sensibiliser une bonne partie de la population. Cela aurait \u00e9t\u00e9 plus efficace et l\u2019impact plus d\u00e9cisif que les conf\u00e9rences de presse journali\u00e8res du Minist\u00e8re de la sant\u00e9, qui n\u2019int\u00e9ressent qu\u2019une poign\u00e9e de sp\u00e9cialistes et de journalistes.<br \/>\nEnfin, l\u2019\u00e9tablissement des listes des ayants-droit de l\u2019aide alimentaire que l\u2019\u00c9tat distribue a mis \u00e0 nu le manque de fiabilit\u00e9, voire de cr\u00e9dibilit\u00e9 de la base de donn\u00e9es des b\u00e9n\u00e9ficiaires du Programme national de Bourses de S\u00e9curit\u00e9 familiale (PNBSF). Ceci, en d\u00e9pit de l\u2019instauration du Registre National Unique (RNU), une base de donn\u00e9es visant \u00e0 identifier les m\u00e9nages les plus pauvres du S\u00e9n\u00e9gal (ils sont pr\u00e9-identifi\u00e9s par des comit\u00e9s de quartier ou de village comme \u00e9tant les m\u00e9nages les plus pauvres de leur communaut\u00e9). Si le travail d\u2019implantation du RNU \u00e9tait correctement effectu\u00e9 on aurait eu des donn\u00e9es, \u00e0 jour et fiables, pour organiser, avec efficacit\u00e9, la distribution des aides, voire des produits sanitaires. De plus, cela aurait att\u00e9nu\u00e9 les suspicions sur la qualit\u00e9 de pauvre des m\u00e9nages inscrits au RNU, car les s\u00e9n\u00e9galais pensent, majoritairement, que seuls les m\u00e9nages authentifi\u00e9s comme des militants de l\u2019APR y sont inscrits.<br \/>\nToutes ces failles att\u00e9nuent la port\u00e9e et l\u2019efficacit\u00e9 des actions de lutte contre la Covid-19 en cours. Elles auraient pu \u00eatre \u00e9vit\u00e9es si Macky Sall n\u2019avait pas politis\u00e9 la mise en \u0153uvre d\u2019un instrument aussi important que la strat\u00e9gie nationale de protection sociale (SNPS). Il en a fait une chasse gard\u00e9e familiale au regard des centaines de milliards de francs CFA que draine sa mise en \u0153uvre. Il a toujours mis l\u2019int\u00e9r\u00eat national de c\u00f4t\u00e9 en s\u2019abstenant de faire appel aux v\u00e9ritables comp\u00e9tences en la mati\u00e8re et en pr\u00e9f\u00e9rant confier la mise en \u0153uvre de la SNPS \u00e0 des mains inexpertes comme celles de son \u00ab Goro \u00bb actuellement. Mais comme ce que femme veut, Dieu le veut, il n\u2019avait pas d\u2019autre choix que de tout remettre entre les mains de son beau-fr\u00e8re. Avec \u00e7a, le S\u00e9n\u00e9gal est loin de sortir de l\u2019auberge !<\/p>\n<p>(\u00c0 suivre)<\/p>\n","protected":false},"excerpt":{"rendered":"<p>&nbsp; (Par Cheikh FAYE Ph.D Professeur \/ UQAC (Canada) Membre de la Cellule de veille strat\u00e9gique sur la Covid-19 R\u00e9publique des Valeurs ) &nbsp; Selon&#8230;<\/p>\n","protected":false},"author":10,"featured_media":0,"comment_status":"open","ping_status":"open","sticky":false,"template":"","format":"standard","meta":{"_coblocks_attr":"","_coblocks_dimensions":"","_coblocks_responsive_height":"","_coblocks_accordion_ie_support":"","_monsterinsights_skip_tracking":false,"_monsterinsights_sitenote_active":false,"_monsterinsights_sitenote_note":"","_monsterinsights_sitenote_category":0,"h5ap_radio_sources":[],"footnotes":""},"categories":[10],"tags":[],"class_list":["post-1525","post","type-post","status-publish","format-standard","hentry","category-contribution","wpcat-10-id"],"yoast_head":"<!-- This site is optimized with the Yoast SEO plugin v27.4 - https:\/\/yoast.com\/product\/yoast-seo-wordpress\/ -->\n<title>Gestion De La Covid-19 : D\u00e9faillances Mises \u00e0 Nu - SUNUPOST<\/title>\n<meta name=\"robots\" content=\"index, follow, max-snippet:-1, max-image-preview:large, max-video-preview:-1\" \/>\n<link rel=\"canonical\" href=\"https:\/\/sunupost.com\/?p=1525\" \/>\n<meta property=\"og:locale\" content=\"fr_FR\" \/>\n<meta property=\"og:type\" content=\"article\" \/>\n<meta property=\"og:title\" content=\"Gestion De La Covid-19 : D\u00e9faillances Mises \u00e0 Nu - SUNUPOST\" \/>\n<meta property=\"og:description\" content=\"&nbsp; (Par Cheikh FAYE Ph.D Professeur \/ UQAC (Canada) Membre de la Cellule de veille strat\u00e9gique sur la Covid-19 R\u00e9publique des Valeurs ) &nbsp; Selon...\" \/>\n<meta property=\"og:url\" content=\"https:\/\/sunupost.com\/?p=1525\" \/>\n<meta property=\"og:site_name\" content=\"SUNUPOST\" \/>\n<meta property=\"article:publisher\" content=\"https:\/\/web.facebook.com\/Sunupost-101026658237468\/\" \/>\n<meta property=\"article:published_time\" content=\"2020-05-07T15:51:11+00:00\" \/>\n<meta property=\"article:modified_time\" content=\"2020-05-07T16:00:34+00:00\" \/>\n<meta name=\"author\" content=\"La R\u00e9daction\" \/>\n<meta name=\"twitter:card\" content=\"summary_large_image\" \/>\n<meta name=\"twitter:creator\" content=\"@sunupost\" \/>\n<meta name=\"twitter:site\" content=\"@sunupost\" \/>\n<meta name=\"twitter:label1\" content=\"\u00c9crit par\" \/>\n\t<meta name=\"twitter:data1\" content=\"La R\u00e9daction\" \/>\n\t<meta name=\"twitter:label2\" content=\"Dur\u00e9e de lecture estim\u00e9e\" \/>\n\t<meta name=\"twitter:data2\" content=\"7 minutes\" \/>\n<script type=\"application\/ld+json\" class=\"yoast-schema-graph\">{\"@context\":\"https:\\\/\\\/schema.org\",\"@graph\":[{\"@type\":\"Article\",\"@id\":\"https:\\\/\\\/sunupost.com\\\/?p=1525#article\",\"isPartOf\":{\"@id\":\"https:\\\/\\\/sunupost.com\\\/?p=1525\"},\"author\":{\"name\":\"La R\u00e9daction\",\"@id\":\"https:\\\/\\\/sunupost.com\\\/#\\\/schema\\\/person\\\/9c04c80a48c29cd2be004cf57947ebb0\"},\"headline\":\"Gestion De La Covid-19 : D\u00e9faillances Mises \u00e0 Nu\",\"datePublished\":\"2020-05-07T15:51:11+00:00\",\"dateModified\":\"2020-05-07T16:00:34+00:00\",\"mainEntityOfPage\":{\"@id\":\"https:\\\/\\\/sunupost.com\\\/?p=1525\"},\"wordCount\":1434,\"commentCount\":390,\"publisher\":{\"@id\":\"https:\\\/\\\/sunupost.com\\\/#organization\"},\"articleSection\":[\"CONTRIBUTION\"],\"inLanguage\":\"fr-FR\",\"potentialAction\":[{\"@type\":\"CommentAction\",\"name\":\"Comment\",\"target\":[\"https:\\\/\\\/sunupost.com\\\/?p=1525#respond\"]}]},{\"@type\":\"WebPage\",\"@id\":\"https:\\\/\\\/sunupost.com\\\/?p=1525\",\"url\":\"https:\\\/\\\/sunupost.com\\\/?p=1525\",\"name\":\"Gestion De La Covid-19 : D\u00e9faillances Mises \u00e0 Nu - SUNUPOST\",\"isPartOf\":{\"@id\":\"https:\\\/\\\/sunupost.com\\\/#website\"},\"datePublished\":\"2020-05-07T15:51:11+00:00\",\"dateModified\":\"2020-05-07T16:00:34+00:00\",\"breadcrumb\":{\"@id\":\"https:\\\/\\\/sunupost.com\\\/?p=1525#breadcrumb\"},\"inLanguage\":\"fr-FR\",\"potentialAction\":[{\"@type\":\"ReadAction\",\"target\":[\"https:\\\/\\\/sunupost.com\\\/?p=1525\"]}]},{\"@type\":\"BreadcrumbList\",\"@id\":\"https:\\\/\\\/sunupost.com\\\/?p=1525#breadcrumb\",\"itemListElement\":[{\"@type\":\"ListItem\",\"position\":1,\"name\":\"Home\",\"item\":\"https:\\\/\\\/sunupost.com\\\/\"},{\"@type\":\"ListItem\",\"position\":2,\"name\":\"Gestion De La Covid-19 : D\u00e9faillances Mises \u00e0 Nu\"}]},{\"@type\":\"WebSite\",\"@id\":\"https:\\\/\\\/sunupost.com\\\/#website\",\"url\":\"https:\\\/\\\/sunupost.com\\\/\",\"name\":\"SUNUPOST\",\"description\":\"Pens\u00e9e libre\",\"publisher\":{\"@id\":\"https:\\\/\\\/sunupost.com\\\/#organization\"},\"potentialAction\":[{\"@type\":\"SearchAction\",\"target\":{\"@type\":\"EntryPoint\",\"urlTemplate\":\"https:\\\/\\\/sunupost.com\\\/?s={search_term_string}\"},\"query-input\":{\"@type\":\"PropertyValueSpecification\",\"valueRequired\":true,\"valueName\":\"search_term_string\"}}],\"inLanguage\":\"fr-FR\"},{\"@type\":\"Organization\",\"@id\":\"https:\\\/\\\/sunupost.com\\\/#organization\",\"name\":\"SUNUPOST\",\"url\":\"https:\\\/\\\/sunupost.com\\\/\",\"logo\":{\"@type\":\"ImageObject\",\"inLanguage\":\"fr-FR\",\"@id\":\"https:\\\/\\\/sunupost.com\\\/#\\\/schema\\\/logo\\\/image\\\/\",\"url\":\"https:\\\/\\\/secureservercdn.net\\\/198.71.233.206\\\/17w.044.myftpupload.com\\\/wp-content\\\/uploads\\\/2020\\\/05\\\/Lancement.jpg?time=1639052812\",\"contentUrl\":\"https:\\\/\\\/secureservercdn.net\\\/198.71.233.206\\\/17w.044.myftpupload.com\\\/wp-content\\\/uploads\\\/2020\\\/05\\\/Lancement.jpg?time=1639052812\",\"width\":300,\"height\":100,\"caption\":\"SUNUPOST\"},\"image\":{\"@id\":\"https:\\\/\\\/sunupost.com\\\/#\\\/schema\\\/logo\\\/image\\\/\"},\"sameAs\":[\"https:\\\/\\\/web.facebook.com\\\/Sunupost-101026658237468\\\/\",\"https:\\\/\\\/x.com\\\/sunupost\",\"https:\\\/\\\/www.instagram.com\\\/sunupost\\\/\",\"https:\\\/\\\/www.youtube.com\\\/channel\\\/UCd7V7bCkLDOee8yr7CW4Dpw\"]},{\"@type\":\"Person\",\"@id\":\"https:\\\/\\\/sunupost.com\\\/#\\\/schema\\\/person\\\/9c04c80a48c29cd2be004cf57947ebb0\",\"name\":\"La R\u00e9daction\",\"image\":{\"@type\":\"ImageObject\",\"inLanguage\":\"fr-FR\",\"@id\":\"https:\\\/\\\/secure.gravatar.com\\\/avatar\\\/1dc7c1ffd136391c1a6d8806c3431e1a2dd9445015e3f66472e3c63e9c80807e?s=96&d=mm&r=g\",\"url\":\"https:\\\/\\\/secure.gravatar.com\\\/avatar\\\/1dc7c1ffd136391c1a6d8806c3431e1a2dd9445015e3f66472e3c63e9c80807e?s=96&d=mm&r=g\",\"contentUrl\":\"https:\\\/\\\/secure.gravatar.com\\\/avatar\\\/1dc7c1ffd136391c1a6d8806c3431e1a2dd9445015e3f66472e3c63e9c80807e?s=96&d=mm&r=g\",\"caption\":\"La R\u00e9daction\"},\"url\":\"https:\\\/\\\/sunupost.com\\\/?author=10\"}]}<\/script>\n<!-- \/ Yoast SEO plugin. -->","yoast_head_json":{"title":"Gestion De La Covid-19 : D\u00e9faillances Mises \u00e0 Nu - SUNUPOST","robots":{"index":"index","follow":"follow","max-snippet":"max-snippet:-1","max-image-preview":"max-image-preview:large","max-video-preview":"max-video-preview:-1"},"canonical":"https:\/\/sunupost.com\/?p=1525","og_locale":"fr_FR","og_type":"article","og_title":"Gestion De La Covid-19 : D\u00e9faillances Mises \u00e0 Nu - SUNUPOST","og_description":"&nbsp; (Par Cheikh FAYE Ph.D Professeur \/ UQAC (Canada) Membre de la Cellule de veille strat\u00e9gique sur la Covid-19 R\u00e9publique des Valeurs ) &nbsp; Selon...","og_url":"https:\/\/sunupost.com\/?p=1525","og_site_name":"SUNUPOST","article_publisher":"https:\/\/web.facebook.com\/Sunupost-101026658237468\/","article_published_time":"2020-05-07T15:51:11+00:00","article_modified_time":"2020-05-07T16:00:34+00:00","author":"La R\u00e9daction","twitter_card":"summary_large_image","twitter_creator":"@sunupost","twitter_site":"@sunupost","twitter_misc":{"\u00c9crit par":"La R\u00e9daction","Dur\u00e9e de lecture estim\u00e9e":"7 minutes"},"schema":{"@context":"https:\/\/schema.org","@graph":[{"@type":"Article","@id":"https:\/\/sunupost.com\/?p=1525#article","isPartOf":{"@id":"https:\/\/sunupost.com\/?p=1525"},"author":{"name":"La R\u00e9daction","@id":"https:\/\/sunupost.com\/#\/schema\/person\/9c04c80a48c29cd2be004cf57947ebb0"},"headline":"Gestion De La Covid-19 : D\u00e9faillances Mises \u00e0 Nu","datePublished":"2020-05-07T15:51:11+00:00","dateModified":"2020-05-07T16:00:34+00:00","mainEntityOfPage":{"@id":"https:\/\/sunupost.com\/?p=1525"},"wordCount":1434,"commentCount":390,"publisher":{"@id":"https:\/\/sunupost.com\/#organization"},"articleSection":["CONTRIBUTION"],"inLanguage":"fr-FR","potentialAction":[{"@type":"CommentAction","name":"Comment","target":["https:\/\/sunupost.com\/?p=1525#respond"]}]},{"@type":"WebPage","@id":"https:\/\/sunupost.com\/?p=1525","url":"https:\/\/sunupost.com\/?p=1525","name":"Gestion De La Covid-19 : D\u00e9faillances Mises \u00e0 Nu - SUNUPOST","isPartOf":{"@id":"https:\/\/sunupost.com\/#website"},"datePublished":"2020-05-07T15:51:11+00:00","dateModified":"2020-05-07T16:00:34+00:00","breadcrumb":{"@id":"https:\/\/sunupost.com\/?p=1525#breadcrumb"},"inLanguage":"fr-FR","potentialAction":[{"@type":"ReadAction","target":["https:\/\/sunupost.com\/?p=1525"]}]},{"@type":"BreadcrumbList","@id":"https:\/\/sunupost.com\/?p=1525#breadcrumb","itemListElement":[{"@type":"ListItem","position":1,"name":"Home","item":"https:\/\/sunupost.com\/"},{"@type":"ListItem","position":2,"name":"Gestion De La Covid-19 : D\u00e9faillances Mises \u00e0 Nu"}]},{"@type":"WebSite","@id":"https:\/\/sunupost.com\/#website","url":"https:\/\/sunupost.com\/","name":"SUNUPOST","description":"Pens\u00e9e libre","publisher":{"@id":"https:\/\/sunupost.com\/#organization"},"potentialAction":[{"@type":"SearchAction","target":{"@type":"EntryPoint","urlTemplate":"https:\/\/sunupost.com\/?s={search_term_string}"},"query-input":{"@type":"PropertyValueSpecification","valueRequired":true,"valueName":"search_term_string"}}],"inLanguage":"fr-FR"},{"@type":"Organization","@id":"https:\/\/sunupost.com\/#organization","name":"SUNUPOST","url":"https:\/\/sunupost.com\/","logo":{"@type":"ImageObject","inLanguage":"fr-FR","@id":"https:\/\/sunupost.com\/#\/schema\/logo\/image\/","url":"https:\/\/secureservercdn.net\/198.71.233.206\/17w.044.myftpupload.com\/wp-content\/uploads\/2020\/05\/Lancement.jpg?time=1639052812","contentUrl":"https:\/\/secureservercdn.net\/198.71.233.206\/17w.044.myftpupload.com\/wp-content\/uploads\/2020\/05\/Lancement.jpg?time=1639052812","width":300,"height":100,"caption":"SUNUPOST"},"image":{"@id":"https:\/\/sunupost.com\/#\/schema\/logo\/image\/"},"sameAs":["https:\/\/web.facebook.com\/Sunupost-101026658237468\/","https:\/\/x.com\/sunupost","https:\/\/www.instagram.com\/sunupost\/","https:\/\/www.youtube.com\/channel\/UCd7V7bCkLDOee8yr7CW4Dpw"]},{"@type":"Person","@id":"https:\/\/sunupost.com\/#\/schema\/person\/9c04c80a48c29cd2be004cf57947ebb0","name":"La R\u00e9daction","image":{"@type":"ImageObject","inLanguage":"fr-FR","@id":"https:\/\/secure.gravatar.com\/avatar\/1dc7c1ffd136391c1a6d8806c3431e1a2dd9445015e3f66472e3c63e9c80807e?s=96&d=mm&r=g","url":"https:\/\/secure.gravatar.com\/avatar\/1dc7c1ffd136391c1a6d8806c3431e1a2dd9445015e3f66472e3c63e9c80807e?s=96&d=mm&r=g","contentUrl":"https:\/\/secure.gravatar.com\/avatar\/1dc7c1ffd136391c1a6d8806c3431e1a2dd9445015e3f66472e3c63e9c80807e?s=96&d=mm&r=g","caption":"La R\u00e9daction"},"url":"https:\/\/sunupost.com\/?author=10"}]}},"_links":{"self":[{"href":"https:\/\/sunupost.com\/index.php?rest_route=\/wp\/v2\/posts\/1525","targetHints":{"allow":["GET"]}}],"collection":[{"href":"https:\/\/sunupost.com\/index.php?rest_route=\/wp\/v2\/posts"}],"about":[{"href":"https:\/\/sunupost.com\/index.php?rest_route=\/wp\/v2\/types\/post"}],"author":[{"embeddable":true,"href":"https:\/\/sunupost.com\/index.php?rest_route=\/wp\/v2\/users\/10"}],"replies":[{"embeddable":true,"href":"https:\/\/sunupost.com\/index.php?rest_route=%2Fwp%2Fv2%2Fcomments&post=1525"}],"version-history":[{"count":0,"href":"https:\/\/sunupost.com\/index.php?rest_route=\/wp\/v2\/posts\/1525\/revisions"}],"wp:attachment":[{"href":"https:\/\/sunupost.com\/index.php?rest_route=%2Fwp%2Fv2%2Fmedia&parent=1525"}],"wp:term":[{"taxonomy":"category","embeddable":true,"href":"https:\/\/sunupost.com\/index.php?rest_route=%2Fwp%2Fv2%2Fcategories&post=1525"},{"taxonomy":"post_tag","embeddable":true,"href":"https:\/\/sunupost.com\/index.php?rest_route=%2Fwp%2Fv2%2Ftags&post=1525"}],"curies":[{"name":"wp","href":"https:\/\/api.w.org\/{rel}","templated":true}]}}