{"id":1664,"date":"2020-05-13T21:59:18","date_gmt":"2020-05-13T21:59:18","guid":{"rendered":"https:\/\/sunupost.com\/?p=1664"},"modified":"2020-05-13T21:59:18","modified_gmt":"2020-05-13T21:59:18","slug":"communique-des-eveques-de-la-province-ecclesiastique-de-dakar","status":"publish","type":"post","link":"https:\/\/sunupost.com\/?p=1664","title":{"rendered":"Communiqu\u00e9 Des \u00c9v\u00eaques De La Province Eccl\u00e9siastique de Dakar."},"content":{"rendered":"<p><strong>Suite au message \u00e0 la nation du chef de l&rsquo;\u00c9tat, SE Macky Sall, les \u00c9v\u00eaques De La Province Eccl\u00e9siastique de Dakar ont fait part \u00e0 SUNUPOST, leur communiqu\u00e9 en ces termes. ( Rf documents )<\/strong><\/p>\n<p>Chers fid\u00e8les du Christ, il y a de cela une semaine, pr\u00e9cis\u00e9ment le 06 mai 2020, nous vous avons adress\u00e9, nous, vos P\u00e8res \u00c9v\u00eaques, un Communiqu\u00e9 dans le cadre de la lutte contre la pand\u00e9mie du Covid-19.<br \/>\nNous avons encore aujourd\u2019hui la lourde responsabilit\u00e9 de nous adresser \u00e0 vous, dans l\u2019urgence du moment, au sujet de la position de l\u2019\u00c9glise du S\u00e9n\u00e9gal dans la gestion de cette maladie du Coronavirus.<br \/>\nPar le pr\u00e9sent Communiqu\u00e9, nous vous r\u00e9it\u00e9rons toute notre proximit\u00e9 paternelle et pastorale en ces moments de dures \u00e9preuves et, par la m\u00eame occasion, nous vous encourageons \u00e0 tenir ferme dans les efforts d\u00e9j\u00e0 consentis, dans l\u2019esp\u00e9rance de venir \u00e0 bout du Covid-19.<br \/>\nNous avons tous accueilli, avec attention et respect, le Message du Chef de l\u2019\u00c9tat, Son Excellence Monsieur Macky SALL, dans son adresse \u00e0 la Nation, en date du 11 Mai 2020, dans laquelle nous retenons \u00ab la r\u00e9ouverture des lieux du culte \u00bb.<br \/>\nNous, vos P\u00e8res \u00c9v\u00eaques du S\u00e9n\u00e9gal, comptons rester fid\u00e8les \u00e0 notre devoir de prot\u00e9ger partout<br \/>\net en toutes circonstances la sant\u00e9 et la vie des populations. C\u2019est pourquoi, compte tenu de l\u2019\u00e9volution actuelle de la pand\u00e9mie, nous maintenons toutes les dispositions d\u00e9j\u00e0 prises dans nos communiqu\u00e9s pr\u00e9c\u00e9dents, notamment celui en date du 06 mai 2020, dans lequel nous vous disions express\u00e9ment ceci :<br \/>\n\u00ab Nous maintenons, jusqu\u2019\u00e0 une date plus favorable, toutes les dispositions ant\u00e9c\u00e9demment prises dans nos diff\u00e9rents Communiqu\u00e9s, notamment celle relative \u00e0 la suspension des Messes de caract\u00e8re public \u00bb. Cette mesure concerne aussi le grand rendez-vous du P\u00e8lerinage National \u00e0 Poponguine qui devrait se d\u00e9rouler le weekend de la Pentec\u00f4te, du 30 mai au 01 Juin 2020.<br \/>\nNous demandons \u00e0 tous de vivre en cons\u00e9quence. Comme l\u2019a rappel\u00e9 le Chef de l\u2019\u00c9tat, dans sa<br \/>\nd\u00e9claration, \u00ab plus que jamais, la responsabilit\u00e9 de chacune et de chacun de nous est engag\u00e9e \u00bb.<br \/>\nNous vous encourageons \u00e0 pers\u00e9v\u00e9rer dans l\u2019effort, sachant que le r\u00e9sultat est au bout de cet<br \/>\neffort.<br \/>\nNous implorons la gr\u00e2ce divine sur vous tous qui habitez notre cher Pays le S\u00e9n\u00e9gal : les pouvoirs publics, les forces de d\u00e9fense et de s\u00e9curit\u00e9, le personnel soignant et les malades, les acteurs de la solidarit\u00e9 multiforme, les familles, les isol\u00e9s, les hommes et les femmes de bonne volont\u00e9.<br \/>\nEnsemble, dans la prudence et la s\u00e9r\u00e9nit\u00e9, puissions-nous tenir jusqu\u2019au bout, pour le salut de tous. Rappelons-nous cette parole de J\u00e9sus \u00e0 ses disciples \u00ab Celui qui pers\u00e9v\u00e8re jusqu&rsquo;\u00e0 la fin sera sauv\u00e9 \u00bb (Mt 24, 13).<br \/>\nChers fid\u00e8les Chr\u00e9tiens, continuez donc, dans la pers\u00e9v\u00e9rance, \u00e0 entretenir votre vie de foi, \u00e0 travers les moments de pri\u00e8re en famille, dans un esprit de communion spirituelle avec l\u2019\u00c9glise Universelle. Avec vous, nous, vos Pasteurs, \u00c9v\u00eaques et Pr\u00eatres, restons en communion intime de c\u0153ur et d\u2019esprit, sp\u00e9cialement quand nous disons la Sainte Messe en priv\u00e9 \u00e0 vos intentions et \u00e0 travers nos diff\u00e9rentes c\u00e9l\u00e9brations qui vous sont accessibles par les M\u00e9dias.<br \/>\n\u00c9vitons les d\u00e9placements non n\u00e9cessaires et respectons les gestes ou mesures barri\u00e8res \u00e9dict\u00e9es par les autorit\u00e9s comp\u00e9tentes.<br \/>\nDieu, le Tout-Puissant, se souviendra de nous. Il nous d\u00e9livra du mal du Covid-19.<br \/>\nQu\u2019en ce jour du 14 mai 2020, \u00ab Journ\u00e9e de je\u00fbne et de pri\u00e8re, et d\u2019\u0153uvres de charit\u00e9 \u00bb d\u00e9cr\u00e9t\u00e9e par le Saint P\u00e8re, le Pape Fran\u00e7ois, Dieu, par l\u2019intercession de la Bienheureuse Vierge Marie, Notre Dame de Fatima, nous vienne en aide.<br \/>\nAvec vous tous, nous accueillons cette assurance de notre Seigneur J\u00e9sus-Christ : \u00ab Courage ! J\u2019ai vaincu le monde \u00bb. (Jn. 16, 33)<br \/>\nFait \u00e0 Dakar, le 13 mai 2020.<br \/>\nAu nom des \u00c9v\u00eaques de la Province Eccl\u00e9siastique de Dakar.<\/p>\n<p><img fetchpriority=\"high\" decoding=\"async\" class=\"size-medium wp-image-1665 aligncenter\" src=\"https:\/\/sunupost.com\/wp-content\/uploads\/2020\/05\/IMG_20200513_213901-1-211x300.jpg\" alt=\"\" width=\"211\" height=\"300\" \/><\/p>\n","protected":false},"excerpt":{"rendered":"<p>Suite au message \u00e0 la nation du chef de l&rsquo;\u00c9tat, SE Macky Sall, les \u00c9v\u00eaques De La Province Eccl\u00e9siastique de Dakar ont fait part \u00e0&#8230;<\/p>\n","protected":false},"author":10,"featured_media":0,"comment_status":"open","ping_status":"open","sticky":false,"template":"","format":"standard","meta":{"_coblocks_attr":"","_coblocks_dimensions":"","_coblocks_responsive_height":"","_coblocks_accordion_ie_support":"","_monsterinsights_skip_tracking":false,"_monsterinsights_sitenote_active":false,"_monsterinsights_sitenote_note":"","_monsterinsights_sitenote_category":0,"h5ap_radio_sources":[],"footnotes":""},"categories":[11],"tags":[],"class_list":["post-1664","post","type-post","status-publish","format-standard","hentry","category-societe","wpcat-11-id"],"yoast_head":"<!-- This site is optimized with the Yoast SEO plugin v27.5 - https:\/\/yoast.com\/product\/yoast-seo-wordpress\/ -->\n<title>Communiqu\u00e9 Des \u00c9v\u00eaques De La Province Eccl\u00e9siastique de Dakar. - SUNUPOST<\/title>\n<meta name=\"robots\" content=\"index, follow, max-snippet:-1, max-image-preview:large, max-video-preview:-1\" \/>\n<link rel=\"canonical\" href=\"https:\/\/sunupost.com\/?p=1664\" \/>\n<meta property=\"og:locale\" content=\"fr_FR\" \/>\n<meta property=\"og:type\" content=\"article\" \/>\n<meta property=\"og:title\" content=\"Communiqu\u00e9 Des \u00c9v\u00eaques De La Province Eccl\u00e9siastique de Dakar. - SUNUPOST\" \/>\n<meta property=\"og:description\" content=\"Suite au message \u00e0 la nation du chef de l&rsquo;\u00c9tat, SE Macky Sall, les \u00c9v\u00eaques De La Province Eccl\u00e9siastique de Dakar ont fait part \u00e0...\" \/>\n<meta property=\"og:url\" content=\"https:\/\/sunupost.com\/?p=1664\" \/>\n<meta property=\"og:site_name\" content=\"SUNUPOST\" \/>\n<meta property=\"article:publisher\" content=\"https:\/\/web.facebook.com\/Sunupost-101026658237468\/\" \/>\n<meta property=\"article:published_time\" content=\"2020-05-13T21:59:18+00:00\" \/>\n<meta property=\"og:image\" content=\"https:\/\/sunupost.com\/wp-content\/uploads\/2020\/05\/IMG_20200513_213901-1-211x300.jpg\" \/>\n<meta name=\"author\" content=\"La R\u00e9daction\" \/>\n<meta name=\"twitter:card\" content=\"summary_large_image\" \/>\n<meta name=\"twitter:creator\" content=\"@sunupost\" \/>\n<meta name=\"twitter:site\" content=\"@sunupost\" \/>\n<meta name=\"twitter:label1\" content=\"\u00c9crit par\" \/>\n\t<meta name=\"twitter:data1\" content=\"La R\u00e9daction\" \/>\n\t<meta name=\"twitter:label2\" content=\"Dur\u00e9e de lecture estim\u00e9e\" \/>\n\t<meta name=\"twitter:data2\" content=\"3 minutes\" \/>\n<script type=\"application\/ld+json\" class=\"yoast-schema-graph\">{\"@context\":\"https:\\\/\\\/schema.org\",\"@graph\":[{\"@type\":\"Article\",\"@id\":\"https:\\\/\\\/sunupost.com\\\/?p=1664#article\",\"isPartOf\":{\"@id\":\"https:\\\/\\\/sunupost.com\\\/?p=1664\"},\"author\":{\"name\":\"La R\u00e9daction\",\"@id\":\"https:\\\/\\\/sunupost.com\\\/#\\\/schema\\\/person\\\/9c04c80a48c29cd2be004cf57947ebb0\"},\"headline\":\"Communiqu\u00e9 Des \u00c9v\u00eaques De La Province Eccl\u00e9siastique de Dakar.\",\"datePublished\":\"2020-05-13T21:59:18+00:00\",\"mainEntityOfPage\":{\"@id\":\"https:\\\/\\\/sunupost.com\\\/?p=1664\"},\"wordCount\":697,\"commentCount\":410,\"publisher\":{\"@id\":\"https:\\\/\\\/sunupost.com\\\/#organization\"},\"image\":{\"@id\":\"https:\\\/\\\/sunupost.com\\\/?p=1664#primaryimage\"},\"thumbnailUrl\":\"https:\\\/\\\/sunupost.com\\\/wp-content\\\/uploads\\\/2020\\\/05\\\/IMG_20200513_213901-1-211x300.jpg\",\"articleSection\":[\"SOCIETE\"],\"inLanguage\":\"fr-FR\",\"potentialAction\":[{\"@type\":\"CommentAction\",\"name\":\"Comment\",\"target\":[\"https:\\\/\\\/sunupost.com\\\/?p=1664#respond\"]}]},{\"@type\":\"WebPage\",\"@id\":\"https:\\\/\\\/sunupost.com\\\/?p=1664\",\"url\":\"https:\\\/\\\/sunupost.com\\\/?p=1664\",\"name\":\"Communiqu\u00e9 Des \u00c9v\u00eaques De La Province Eccl\u00e9siastique de Dakar. - SUNUPOST\",\"isPartOf\":{\"@id\":\"https:\\\/\\\/sunupost.com\\\/#website\"},\"primaryImageOfPage\":{\"@id\":\"https:\\\/\\\/sunupost.com\\\/?p=1664#primaryimage\"},\"image\":{\"@id\":\"https:\\\/\\\/sunupost.com\\\/?p=1664#primaryimage\"},\"thumbnailUrl\":\"https:\\\/\\\/sunupost.com\\\/wp-content\\\/uploads\\\/2020\\\/05\\\/IMG_20200513_213901-1-211x300.jpg\",\"datePublished\":\"2020-05-13T21:59:18+00:00\",\"breadcrumb\":{\"@id\":\"https:\\\/\\\/sunupost.com\\\/?p=1664#breadcrumb\"},\"inLanguage\":\"fr-FR\",\"potentialAction\":[{\"@type\":\"ReadAction\",\"target\":[\"https:\\\/\\\/sunupost.com\\\/?p=1664\"]}]},{\"@type\":\"ImageObject\",\"inLanguage\":\"fr-FR\",\"@id\":\"https:\\\/\\\/sunupost.com\\\/?p=1664#primaryimage\",\"url\":\"https:\\\/\\\/sunupost.com\\\/wp-content\\\/uploads\\\/2020\\\/05\\\/IMG_20200513_213901-1-211x300.jpg\",\"contentUrl\":\"https:\\\/\\\/sunupost.com\\\/wp-content\\\/uploads\\\/2020\\\/05\\\/IMG_20200513_213901-1-211x300.jpg\"},{\"@type\":\"BreadcrumbList\",\"@id\":\"https:\\\/\\\/sunupost.com\\\/?p=1664#breadcrumb\",\"itemListElement\":[{\"@type\":\"ListItem\",\"position\":1,\"name\":\"Home\",\"item\":\"https:\\\/\\\/sunupost.com\\\/\"},{\"@type\":\"ListItem\",\"position\":2,\"name\":\"Communiqu\u00e9 Des \u00c9v\u00eaques De La Province Eccl\u00e9siastique de Dakar.\"}]},{\"@type\":\"WebSite\",\"@id\":\"https:\\\/\\\/sunupost.com\\\/#website\",\"url\":\"https:\\\/\\\/sunupost.com\\\/\",\"name\":\"SUNUPOST\",\"description\":\"Pens\u00e9e libre\",\"publisher\":{\"@id\":\"https:\\\/\\\/sunupost.com\\\/#organization\"},\"potentialAction\":[{\"@type\":\"SearchAction\",\"target\":{\"@type\":\"EntryPoint\",\"urlTemplate\":\"https:\\\/\\\/sunupost.com\\\/?s={search_term_string}\"},\"query-input\":{\"@type\":\"PropertyValueSpecification\",\"valueRequired\":true,\"valueName\":\"search_term_string\"}}],\"inLanguage\":\"fr-FR\"},{\"@type\":\"Organization\",\"@id\":\"https:\\\/\\\/sunupost.com\\\/#organization\",\"name\":\"SUNUPOST\",\"url\":\"https:\\\/\\\/sunupost.com\\\/\",\"logo\":{\"@type\":\"ImageObject\",\"inLanguage\":\"fr-FR\",\"@id\":\"https:\\\/\\\/sunupost.com\\\/#\\\/schema\\\/logo\\\/image\\\/\",\"url\":\"https:\\\/\\\/secureservercdn.net\\\/198.71.233.206\\\/17w.044.myftpupload.com\\\/wp-content\\\/uploads\\\/2020\\\/05\\\/Lancement.jpg?time=1639052812\",\"contentUrl\":\"https:\\\/\\\/secureservercdn.net\\\/198.71.233.206\\\/17w.044.myftpupload.com\\\/wp-content\\\/uploads\\\/2020\\\/05\\\/Lancement.jpg?time=1639052812\",\"width\":300,\"height\":100,\"caption\":\"SUNUPOST\"},\"image\":{\"@id\":\"https:\\\/\\\/sunupost.com\\\/#\\\/schema\\\/logo\\\/image\\\/\"},\"sameAs\":[\"https:\\\/\\\/web.facebook.com\\\/Sunupost-101026658237468\\\/\",\"https:\\\/\\\/x.com\\\/sunupost\",\"https:\\\/\\\/www.instagram.com\\\/sunupost\\\/\",\"https:\\\/\\\/www.youtube.com\\\/channel\\\/UCd7V7bCkLDOee8yr7CW4Dpw\"]},{\"@type\":\"Person\",\"@id\":\"https:\\\/\\\/sunupost.com\\\/#\\\/schema\\\/person\\\/9c04c80a48c29cd2be004cf57947ebb0\",\"name\":\"La R\u00e9daction\",\"image\":{\"@type\":\"ImageObject\",\"inLanguage\":\"fr-FR\",\"@id\":\"https:\\\/\\\/secure.gravatar.com\\\/avatar\\\/1dc7c1ffd136391c1a6d8806c3431e1a2dd9445015e3f66472e3c63e9c80807e?s=96&d=mm&r=g\",\"url\":\"https:\\\/\\\/secure.gravatar.com\\\/avatar\\\/1dc7c1ffd136391c1a6d8806c3431e1a2dd9445015e3f66472e3c63e9c80807e?s=96&d=mm&r=g\",\"contentUrl\":\"https:\\\/\\\/secure.gravatar.com\\\/avatar\\\/1dc7c1ffd136391c1a6d8806c3431e1a2dd9445015e3f66472e3c63e9c80807e?s=96&d=mm&r=g\",\"caption\":\"La R\u00e9daction\"},\"url\":\"https:\\\/\\\/sunupost.com\\\/?author=10\"}]}<\/script>\n<!-- \/ Yoast SEO plugin. -->","yoast_head_json":{"title":"Communiqu\u00e9 Des \u00c9v\u00eaques De La Province Eccl\u00e9siastique de Dakar. - SUNUPOST","robots":{"index":"index","follow":"follow","max-snippet":"max-snippet:-1","max-image-preview":"max-image-preview:large","max-video-preview":"max-video-preview:-1"},"canonical":"https:\/\/sunupost.com\/?p=1664","og_locale":"fr_FR","og_type":"article","og_title":"Communiqu\u00e9 Des \u00c9v\u00eaques De La Province Eccl\u00e9siastique de Dakar. - SUNUPOST","og_description":"Suite au message \u00e0 la nation du chef de l&rsquo;\u00c9tat, SE Macky Sall, les \u00c9v\u00eaques De La Province Eccl\u00e9siastique de Dakar ont fait part \u00e0...","og_url":"https:\/\/sunupost.com\/?p=1664","og_site_name":"SUNUPOST","article_publisher":"https:\/\/web.facebook.com\/Sunupost-101026658237468\/","article_published_time":"2020-05-13T21:59:18+00:00","og_image":[{"url":"https:\/\/sunupost.com\/wp-content\/uploads\/2020\/05\/IMG_20200513_213901-1-211x300.jpg","type":"","width":"","height":""}],"author":"La R\u00e9daction","twitter_card":"summary_large_image","twitter_creator":"@sunupost","twitter_site":"@sunupost","twitter_misc":{"\u00c9crit par":"La R\u00e9daction","Dur\u00e9e de lecture estim\u00e9e":"3 minutes"},"schema":{"@context":"https:\/\/schema.org","@graph":[{"@type":"Article","@id":"https:\/\/sunupost.com\/?p=1664#article","isPartOf":{"@id":"https:\/\/sunupost.com\/?p=1664"},"author":{"name":"La R\u00e9daction","@id":"https:\/\/sunupost.com\/#\/schema\/person\/9c04c80a48c29cd2be004cf57947ebb0"},"headline":"Communiqu\u00e9 Des \u00c9v\u00eaques De La Province Eccl\u00e9siastique de Dakar.","datePublished":"2020-05-13T21:59:18+00:00","mainEntityOfPage":{"@id":"https:\/\/sunupost.com\/?p=1664"},"wordCount":697,"commentCount":410,"publisher":{"@id":"https:\/\/sunupost.com\/#organization"},"image":{"@id":"https:\/\/sunupost.com\/?p=1664#primaryimage"},"thumbnailUrl":"https:\/\/sunupost.com\/wp-content\/uploads\/2020\/05\/IMG_20200513_213901-1-211x300.jpg","articleSection":["SOCIETE"],"inLanguage":"fr-FR","potentialAction":[{"@type":"CommentAction","name":"Comment","target":["https:\/\/sunupost.com\/?p=1664#respond"]}]},{"@type":"WebPage","@id":"https:\/\/sunupost.com\/?p=1664","url":"https:\/\/sunupost.com\/?p=1664","name":"Communiqu\u00e9 Des \u00c9v\u00eaques De La Province Eccl\u00e9siastique de Dakar. - SUNUPOST","isPartOf":{"@id":"https:\/\/sunupost.com\/#website"},"primaryImageOfPage":{"@id":"https:\/\/sunupost.com\/?p=1664#primaryimage"},"image":{"@id":"https:\/\/sunupost.com\/?p=1664#primaryimage"},"thumbnailUrl":"https:\/\/sunupost.com\/wp-content\/uploads\/2020\/05\/IMG_20200513_213901-1-211x300.jpg","datePublished":"2020-05-13T21:59:18+00:00","breadcrumb":{"@id":"https:\/\/sunupost.com\/?p=1664#breadcrumb"},"inLanguage":"fr-FR","potentialAction":[{"@type":"ReadAction","target":["https:\/\/sunupost.com\/?p=1664"]}]},{"@type":"ImageObject","inLanguage":"fr-FR","@id":"https:\/\/sunupost.com\/?p=1664#primaryimage","url":"https:\/\/sunupost.com\/wp-content\/uploads\/2020\/05\/IMG_20200513_213901-1-211x300.jpg","contentUrl":"https:\/\/sunupost.com\/wp-content\/uploads\/2020\/05\/IMG_20200513_213901-1-211x300.jpg"},{"@type":"BreadcrumbList","@id":"https:\/\/sunupost.com\/?p=1664#breadcrumb","itemListElement":[{"@type":"ListItem","position":1,"name":"Home","item":"https:\/\/sunupost.com\/"},{"@type":"ListItem","position":2,"name":"Communiqu\u00e9 Des \u00c9v\u00eaques De La Province Eccl\u00e9siastique de Dakar."}]},{"@type":"WebSite","@id":"https:\/\/sunupost.com\/#website","url":"https:\/\/sunupost.com\/","name":"SUNUPOST","description":"Pens\u00e9e libre","publisher":{"@id":"https:\/\/sunupost.com\/#organization"},"potentialAction":[{"@type":"SearchAction","target":{"@type":"EntryPoint","urlTemplate":"https:\/\/sunupost.com\/?s={search_term_string}"},"query-input":{"@type":"PropertyValueSpecification","valueRequired":true,"valueName":"search_term_string"}}],"inLanguage":"fr-FR"},{"@type":"Organization","@id":"https:\/\/sunupost.com\/#organization","name":"SUNUPOST","url":"https:\/\/sunupost.com\/","logo":{"@type":"ImageObject","inLanguage":"fr-FR","@id":"https:\/\/sunupost.com\/#\/schema\/logo\/image\/","url":"https:\/\/secureservercdn.net\/198.71.233.206\/17w.044.myftpupload.com\/wp-content\/uploads\/2020\/05\/Lancement.jpg?time=1639052812","contentUrl":"https:\/\/secureservercdn.net\/198.71.233.206\/17w.044.myftpupload.com\/wp-content\/uploads\/2020\/05\/Lancement.jpg?time=1639052812","width":300,"height":100,"caption":"SUNUPOST"},"image":{"@id":"https:\/\/sunupost.com\/#\/schema\/logo\/image\/"},"sameAs":["https:\/\/web.facebook.com\/Sunupost-101026658237468\/","https:\/\/x.com\/sunupost","https:\/\/www.instagram.com\/sunupost\/","https:\/\/www.youtube.com\/channel\/UCd7V7bCkLDOee8yr7CW4Dpw"]},{"@type":"Person","@id":"https:\/\/sunupost.com\/#\/schema\/person\/9c04c80a48c29cd2be004cf57947ebb0","name":"La R\u00e9daction","image":{"@type":"ImageObject","inLanguage":"fr-FR","@id":"https:\/\/secure.gravatar.com\/avatar\/1dc7c1ffd136391c1a6d8806c3431e1a2dd9445015e3f66472e3c63e9c80807e?s=96&d=mm&r=g","url":"https:\/\/secure.gravatar.com\/avatar\/1dc7c1ffd136391c1a6d8806c3431e1a2dd9445015e3f66472e3c63e9c80807e?s=96&d=mm&r=g","contentUrl":"https:\/\/secure.gravatar.com\/avatar\/1dc7c1ffd136391c1a6d8806c3431e1a2dd9445015e3f66472e3c63e9c80807e?s=96&d=mm&r=g","caption":"La R\u00e9daction"},"url":"https:\/\/sunupost.com\/?author=10"}]}},"_links":{"self":[{"href":"https:\/\/sunupost.com\/index.php?rest_route=\/wp\/v2\/posts\/1664","targetHints":{"allow":["GET"]}}],"collection":[{"href":"https:\/\/sunupost.com\/index.php?rest_route=\/wp\/v2\/posts"}],"about":[{"href":"https:\/\/sunupost.com\/index.php?rest_route=\/wp\/v2\/types\/post"}],"author":[{"embeddable":true,"href":"https:\/\/sunupost.com\/index.php?rest_route=\/wp\/v2\/users\/10"}],"replies":[{"embeddable":true,"href":"https:\/\/sunupost.com\/index.php?rest_route=%2Fwp%2Fv2%2Fcomments&post=1664"}],"version-history":[{"count":0,"href":"https:\/\/sunupost.com\/index.php?rest_route=\/wp\/v2\/posts\/1664\/revisions"}],"wp:attachment":[{"href":"https:\/\/sunupost.com\/index.php?rest_route=%2Fwp%2Fv2%2Fmedia&parent=1664"}],"wp:term":[{"taxonomy":"category","embeddable":true,"href":"https:\/\/sunupost.com\/index.php?rest_route=%2Fwp%2Fv2%2Fcategories&post=1664"},{"taxonomy":"post_tag","embeddable":true,"href":"https:\/\/sunupost.com\/index.php?rest_route=%2Fwp%2Fv2%2Ftags&post=1664"}],"curies":[{"name":"wp","href":"https:\/\/api.w.org\/{rel}","templated":true}]}}