{"id":1802,"date":"2020-05-20T12:57:11","date_gmt":"2020-05-20T12:57:11","guid":{"rendered":"https:\/\/sunupost.com\/?p=1802"},"modified":"2020-05-22T09:41:16","modified_gmt":"2020-05-22T09:41:16","slug":"macky-redessine-la-magistrature-demba-kandji-rejoint-la-presidence","status":"publish","type":"post","link":"https:\/\/sunupost.com\/?p=1802","title":{"rendered":"Macky Redessine La Magistrature : Demba Kandji Rejoint La Pr\u00e9sidence"},"content":{"rendered":"<p style=\"text-align: justify;\">Le conseil sup\u00e9rieur de la magistrature a proc\u00e9d\u00e9 \u00e0 une s\u00e9rie de nominations qui chamboulent compl\u00e8tement les juridictions s\u00e9n\u00e9galaises. Si Cheikh Tidiane Coulibaly atterrit \u00e0 la t\u00eate la Cour supr\u00eame, Demba Kandji rejoint la Pr\u00e9sidence dont les attributions ne sont gu\u00e8re pr\u00e9cis\u00e9es.<br \/>\nLe Pr\u00e9sident Sall a pris hier des d\u00e9cisions magistrales qui secouent en profondeur le Temple de Th\u00e9mis. En r\u00e9union du Conseil sup\u00e9rieur de la magistrature (Csm), Macky Sall a retouch\u00e9 la Cour supr\u00eame qui aiguise des app\u00e9tits de tous les hauts magistrats. Mamadou Badio Camara n\u2019est plus le premier Pr\u00e9sident de la de la Haute juridiction. Il a \u00e9t\u00e9 remplac\u00e9 \u00e0 ce poste par le magistrat Cheikh Ahmed Tidiane Coulibaly, qui c\u00e8de son poste de Procureur g\u00e9n\u00e9ral pr\u00e8s la Cour supr\u00eame \u00e0 Mamadou Mansour Mbaye, qui \u00e9tait jusqu\u2019ici directeur des Affaires judiciaires. Admis \u00e0 la retraite depuis avril, Mamadou Badio Camara a finalement quitt\u00e9 son si\u00e8ge \u00e0 l\u2019issue de la r\u00e9union du Conseil sup\u00e9rieur de la magistrature d\u2019hier. Cependant, il a \u00e9t\u00e9 nomm\u00e9 premier Pr\u00e9sident honoraire de la Cour supr\u00eame. Un poste taill\u00e9 sur mesure pour le magistrat Badio Camara qui a \u00e9t\u00e9 l\u2019un des plus grands b\u00e9n\u00e9ficiaires de la r\u00e9forme relevant l\u2019\u00e2ge de la retraite \u00e0 68 ans.<br \/>\n<strong>Demba Kandji et Henri Gr\u00e9goire Diop quittent les salles d\u2019audience<\/strong><br \/>\nCheikh Tidiane Coulibaly a blanchi sous le harnais : Avant de devenir Procureur g\u00e9n\u00e9ral de la haute juridiction, Cheikh Ahmed Tidiane Coulibaly a occup\u00e9 plusieurs postes \u00e0 la Cour supr\u00eame : il a \u00e9t\u00e9 aussi pr\u00e9sident de la Chambre sociale, conseiller \u00e0 la Cour de cassation. Au niveau inf\u00e9rieur, il a \u00e9t\u00e9 pr\u00e9sident de la Chambre d\u2019accusation de la Cour d\u2019appel de Dakar, de la Premi\u00e8re chambre civile et commerciale de la Cour d\u2019appel de Dakar.<br \/>\nDans une autre vie, M. Coulibaly a \u00e9t\u00e9 le directeur de Cabinet du Premier ministre Mame Madior Boye et directeur de Cabinet de Me Abdoulaye Wade lorsqu\u2019il est entr\u00e9 dans le gouvernement \u00e9largi de Diouf en 1992.<br \/>\nSi Cheikh Tidiane Coulibaly a eu une main heureuse, Demba Kandji ne peut pas en dire autant. Tr\u00e8s puissant premier Pr\u00e9sident de la Cour d\u2019appel de Dakar, il a \u00e9t\u00e9 d\u00e9tach\u00e9 aupr\u00e8s de la pr\u00e9sidence de la R\u00e9publique. D\u00e9sormais, c\u2019est Cir\u00e9 Aly Ba qui est le premier Pr\u00e9sident de la Cour d\u2019appel de Dakar. Lui aussi c\u00e8de ainsi son si\u00e8ge de Procureur g\u00e9n\u00e9ral pr\u00e8s la Cour d\u2019appel de Saint-Louis \u00e0 Mame Mandiaye Niang, pr\u00e9c\u00e9demment directeur des Affaires criminelles et des gr\u00e2ces, qui \u00e9choit \u00e0 Yakham Ben Abdel Kader L\u00e8ye. Alors que Henry Gr\u00e9goire Diop rallie le minist\u00e8re des Affaires \u00e9trang\u00e8res et quitte les salles d\u2019audience apr\u00e8s avoir pr\u00e9sid\u00e9 la Crei qui a condamn\u00e9 Karim Wade pour enrichissement illicite.<br \/>\nPar ailleurs, le Conseil sup\u00e9rieur de la magistrature a constat\u00e9, sur leur demande, la d\u00e9mission des magistrats Amadou Dionwar Soumar\u00e9 et Djiby Seydi. ( Source LeQuotidien )<\/p>\n","protected":false},"excerpt":{"rendered":"<p>Le conseil sup\u00e9rieur de la magistrature a proc\u00e9d\u00e9 \u00e0 une s\u00e9rie de nominations qui chamboulent compl\u00e8tement les juridictions s\u00e9n\u00e9galaises. Si Cheikh Tidiane Coulibaly atterrit \u00e0&#8230;<\/p>\n","protected":false},"author":10,"featured_media":0,"comment_status":"open","ping_status":"open","sticky":false,"template":"","format":"standard","meta":{"_coblocks_attr":"","_coblocks_dimensions":"","_coblocks_responsive_height":"","_coblocks_accordion_ie_support":"","_monsterinsights_skip_tracking":false,"_monsterinsights_sitenote_active":false,"_monsterinsights_sitenote_note":"","_monsterinsights_sitenote_category":0,"h5ap_radio_sources":[],"footnotes":""},"categories":[6],"tags":[],"class_list":["post-1802","post","type-post","status-publish","format-standard","hentry","category-politique","wpcat-6-id"],"yoast_head":"<!-- This site is optimized with the Yoast SEO plugin v27.5 - https:\/\/yoast.com\/product\/yoast-seo-wordpress\/ -->\n<title>Macky Redessine La Magistrature : Demba Kandji Rejoint La Pr\u00e9sidence - SUNUPOST<\/title>\n<meta name=\"robots\" content=\"index, follow, max-snippet:-1, max-image-preview:large, max-video-preview:-1\" \/>\n<link rel=\"canonical\" href=\"https:\/\/sunupost.com\/?p=1802\" \/>\n<meta property=\"og:locale\" content=\"fr_FR\" \/>\n<meta property=\"og:type\" content=\"article\" \/>\n<meta property=\"og:title\" content=\"Macky Redessine La Magistrature : Demba Kandji Rejoint La Pr\u00e9sidence - SUNUPOST\" \/>\n<meta property=\"og:description\" content=\"Le conseil sup\u00e9rieur de la magistrature a proc\u00e9d\u00e9 \u00e0 une s\u00e9rie de nominations qui chamboulent compl\u00e8tement les juridictions s\u00e9n\u00e9galaises. Si Cheikh Tidiane Coulibaly atterrit \u00e0...\" \/>\n<meta property=\"og:url\" content=\"https:\/\/sunupost.com\/?p=1802\" \/>\n<meta property=\"og:site_name\" content=\"SUNUPOST\" \/>\n<meta property=\"article:publisher\" content=\"https:\/\/web.facebook.com\/Sunupost-101026658237468\/\" \/>\n<meta property=\"article:published_time\" content=\"2020-05-20T12:57:11+00:00\" \/>\n<meta property=\"article:modified_time\" content=\"2020-05-22T09:41:16+00:00\" \/>\n<meta name=\"author\" content=\"La R\u00e9daction\" \/>\n<meta name=\"twitter:card\" content=\"summary_large_image\" \/>\n<meta name=\"twitter:creator\" content=\"@sunupost\" \/>\n<meta name=\"twitter:site\" content=\"@sunupost\" \/>\n<meta name=\"twitter:label1\" content=\"\u00c9crit par\" \/>\n\t<meta name=\"twitter:data1\" content=\"La R\u00e9daction\" \/>\n\t<meta name=\"twitter:label2\" content=\"Dur\u00e9e de lecture estim\u00e9e\" \/>\n\t<meta name=\"twitter:data2\" content=\"3 minutes\" \/>\n<script type=\"application\/ld+json\" class=\"yoast-schema-graph\">{\"@context\":\"https:\\\/\\\/schema.org\",\"@graph\":[{\"@type\":\"Article\",\"@id\":\"https:\\\/\\\/sunupost.com\\\/?p=1802#article\",\"isPartOf\":{\"@id\":\"https:\\\/\\\/sunupost.com\\\/?p=1802\"},\"author\":{\"name\":\"La R\u00e9daction\",\"@id\":\"https:\\\/\\\/sunupost.com\\\/#\\\/schema\\\/person\\\/9c04c80a48c29cd2be004cf57947ebb0\"},\"headline\":\"Macky Redessine La Magistrature : Demba Kandji Rejoint La Pr\u00e9sidence\",\"datePublished\":\"2020-05-20T12:57:11+00:00\",\"dateModified\":\"2020-05-22T09:41:16+00:00\",\"mainEntityOfPage\":{\"@id\":\"https:\\\/\\\/sunupost.com\\\/?p=1802\"},\"wordCount\":543,\"commentCount\":709,\"publisher\":{\"@id\":\"https:\\\/\\\/sunupost.com\\\/#organization\"},\"articleSection\":[\"POLITIQUE\"],\"inLanguage\":\"fr-FR\",\"potentialAction\":[{\"@type\":\"CommentAction\",\"name\":\"Comment\",\"target\":[\"https:\\\/\\\/sunupost.com\\\/?p=1802#respond\"]}]},{\"@type\":\"WebPage\",\"@id\":\"https:\\\/\\\/sunupost.com\\\/?p=1802\",\"url\":\"https:\\\/\\\/sunupost.com\\\/?p=1802\",\"name\":\"Macky Redessine La Magistrature : Demba Kandji Rejoint La Pr\u00e9sidence - SUNUPOST\",\"isPartOf\":{\"@id\":\"https:\\\/\\\/sunupost.com\\\/#website\"},\"datePublished\":\"2020-05-20T12:57:11+00:00\",\"dateModified\":\"2020-05-22T09:41:16+00:00\",\"breadcrumb\":{\"@id\":\"https:\\\/\\\/sunupost.com\\\/?p=1802#breadcrumb\"},\"inLanguage\":\"fr-FR\",\"potentialAction\":[{\"@type\":\"ReadAction\",\"target\":[\"https:\\\/\\\/sunupost.com\\\/?p=1802\"]}]},{\"@type\":\"BreadcrumbList\",\"@id\":\"https:\\\/\\\/sunupost.com\\\/?p=1802#breadcrumb\",\"itemListElement\":[{\"@type\":\"ListItem\",\"position\":1,\"name\":\"Home\",\"item\":\"https:\\\/\\\/sunupost.com\\\/\"},{\"@type\":\"ListItem\",\"position\":2,\"name\":\"Macky Redessine La Magistrature : Demba Kandji Rejoint La Pr\u00e9sidence\"}]},{\"@type\":\"WebSite\",\"@id\":\"https:\\\/\\\/sunupost.com\\\/#website\",\"url\":\"https:\\\/\\\/sunupost.com\\\/\",\"name\":\"SUNUPOST\",\"description\":\"Pens\u00e9e libre\",\"publisher\":{\"@id\":\"https:\\\/\\\/sunupost.com\\\/#organization\"},\"potentialAction\":[{\"@type\":\"SearchAction\",\"target\":{\"@type\":\"EntryPoint\",\"urlTemplate\":\"https:\\\/\\\/sunupost.com\\\/?s={search_term_string}\"},\"query-input\":{\"@type\":\"PropertyValueSpecification\",\"valueRequired\":true,\"valueName\":\"search_term_string\"}}],\"inLanguage\":\"fr-FR\"},{\"@type\":\"Organization\",\"@id\":\"https:\\\/\\\/sunupost.com\\\/#organization\",\"name\":\"SUNUPOST\",\"url\":\"https:\\\/\\\/sunupost.com\\\/\",\"logo\":{\"@type\":\"ImageObject\",\"inLanguage\":\"fr-FR\",\"@id\":\"https:\\\/\\\/sunupost.com\\\/#\\\/schema\\\/logo\\\/image\\\/\",\"url\":\"https:\\\/\\\/secureservercdn.net\\\/198.71.233.206\\\/17w.044.myftpupload.com\\\/wp-content\\\/uploads\\\/2020\\\/05\\\/Lancement.jpg?time=1639052812\",\"contentUrl\":\"https:\\\/\\\/secureservercdn.net\\\/198.71.233.206\\\/17w.044.myftpupload.com\\\/wp-content\\\/uploads\\\/2020\\\/05\\\/Lancement.jpg?time=1639052812\",\"width\":300,\"height\":100,\"caption\":\"SUNUPOST\"},\"image\":{\"@id\":\"https:\\\/\\\/sunupost.com\\\/#\\\/schema\\\/logo\\\/image\\\/\"},\"sameAs\":[\"https:\\\/\\\/web.facebook.com\\\/Sunupost-101026658237468\\\/\",\"https:\\\/\\\/x.com\\\/sunupost\",\"https:\\\/\\\/www.instagram.com\\\/sunupost\\\/\",\"https:\\\/\\\/www.youtube.com\\\/channel\\\/UCd7V7bCkLDOee8yr7CW4Dpw\"]},{\"@type\":\"Person\",\"@id\":\"https:\\\/\\\/sunupost.com\\\/#\\\/schema\\\/person\\\/9c04c80a48c29cd2be004cf57947ebb0\",\"name\":\"La R\u00e9daction\",\"image\":{\"@type\":\"ImageObject\",\"inLanguage\":\"fr-FR\",\"@id\":\"https:\\\/\\\/secure.gravatar.com\\\/avatar\\\/1dc7c1ffd136391c1a6d8806c3431e1a2dd9445015e3f66472e3c63e9c80807e?s=96&d=mm&r=g\",\"url\":\"https:\\\/\\\/secure.gravatar.com\\\/avatar\\\/1dc7c1ffd136391c1a6d8806c3431e1a2dd9445015e3f66472e3c63e9c80807e?s=96&d=mm&r=g\",\"contentUrl\":\"https:\\\/\\\/secure.gravatar.com\\\/avatar\\\/1dc7c1ffd136391c1a6d8806c3431e1a2dd9445015e3f66472e3c63e9c80807e?s=96&d=mm&r=g\",\"caption\":\"La R\u00e9daction\"},\"url\":\"https:\\\/\\\/sunupost.com\\\/?author=10\"}]}<\/script>\n<!-- \/ Yoast SEO plugin. -->","yoast_head_json":{"title":"Macky Redessine La Magistrature : Demba Kandji Rejoint La Pr\u00e9sidence - SUNUPOST","robots":{"index":"index","follow":"follow","max-snippet":"max-snippet:-1","max-image-preview":"max-image-preview:large","max-video-preview":"max-video-preview:-1"},"canonical":"https:\/\/sunupost.com\/?p=1802","og_locale":"fr_FR","og_type":"article","og_title":"Macky Redessine La Magistrature : Demba Kandji Rejoint La Pr\u00e9sidence - SUNUPOST","og_description":"Le conseil sup\u00e9rieur de la magistrature a proc\u00e9d\u00e9 \u00e0 une s\u00e9rie de nominations qui chamboulent compl\u00e8tement les juridictions s\u00e9n\u00e9galaises. Si Cheikh Tidiane Coulibaly atterrit \u00e0...","og_url":"https:\/\/sunupost.com\/?p=1802","og_site_name":"SUNUPOST","article_publisher":"https:\/\/web.facebook.com\/Sunupost-101026658237468\/","article_published_time":"2020-05-20T12:57:11+00:00","article_modified_time":"2020-05-22T09:41:16+00:00","author":"La R\u00e9daction","twitter_card":"summary_large_image","twitter_creator":"@sunupost","twitter_site":"@sunupost","twitter_misc":{"\u00c9crit par":"La R\u00e9daction","Dur\u00e9e de lecture estim\u00e9e":"3 minutes"},"schema":{"@context":"https:\/\/schema.org","@graph":[{"@type":"Article","@id":"https:\/\/sunupost.com\/?p=1802#article","isPartOf":{"@id":"https:\/\/sunupost.com\/?p=1802"},"author":{"name":"La R\u00e9daction","@id":"https:\/\/sunupost.com\/#\/schema\/person\/9c04c80a48c29cd2be004cf57947ebb0"},"headline":"Macky Redessine La Magistrature : Demba Kandji Rejoint La Pr\u00e9sidence","datePublished":"2020-05-20T12:57:11+00:00","dateModified":"2020-05-22T09:41:16+00:00","mainEntityOfPage":{"@id":"https:\/\/sunupost.com\/?p=1802"},"wordCount":543,"commentCount":709,"publisher":{"@id":"https:\/\/sunupost.com\/#organization"},"articleSection":["POLITIQUE"],"inLanguage":"fr-FR","potentialAction":[{"@type":"CommentAction","name":"Comment","target":["https:\/\/sunupost.com\/?p=1802#respond"]}]},{"@type":"WebPage","@id":"https:\/\/sunupost.com\/?p=1802","url":"https:\/\/sunupost.com\/?p=1802","name":"Macky Redessine La Magistrature : Demba Kandji Rejoint La Pr\u00e9sidence - SUNUPOST","isPartOf":{"@id":"https:\/\/sunupost.com\/#website"},"datePublished":"2020-05-20T12:57:11+00:00","dateModified":"2020-05-22T09:41:16+00:00","breadcrumb":{"@id":"https:\/\/sunupost.com\/?p=1802#breadcrumb"},"inLanguage":"fr-FR","potentialAction":[{"@type":"ReadAction","target":["https:\/\/sunupost.com\/?p=1802"]}]},{"@type":"BreadcrumbList","@id":"https:\/\/sunupost.com\/?p=1802#breadcrumb","itemListElement":[{"@type":"ListItem","position":1,"name":"Home","item":"https:\/\/sunupost.com\/"},{"@type":"ListItem","position":2,"name":"Macky Redessine La Magistrature : Demba Kandji Rejoint La Pr\u00e9sidence"}]},{"@type":"WebSite","@id":"https:\/\/sunupost.com\/#website","url":"https:\/\/sunupost.com\/","name":"SUNUPOST","description":"Pens\u00e9e libre","publisher":{"@id":"https:\/\/sunupost.com\/#organization"},"potentialAction":[{"@type":"SearchAction","target":{"@type":"EntryPoint","urlTemplate":"https:\/\/sunupost.com\/?s={search_term_string}"},"query-input":{"@type":"PropertyValueSpecification","valueRequired":true,"valueName":"search_term_string"}}],"inLanguage":"fr-FR"},{"@type":"Organization","@id":"https:\/\/sunupost.com\/#organization","name":"SUNUPOST","url":"https:\/\/sunupost.com\/","logo":{"@type":"ImageObject","inLanguage":"fr-FR","@id":"https:\/\/sunupost.com\/#\/schema\/logo\/image\/","url":"https:\/\/secureservercdn.net\/198.71.233.206\/17w.044.myftpupload.com\/wp-content\/uploads\/2020\/05\/Lancement.jpg?time=1639052812","contentUrl":"https:\/\/secureservercdn.net\/198.71.233.206\/17w.044.myftpupload.com\/wp-content\/uploads\/2020\/05\/Lancement.jpg?time=1639052812","width":300,"height":100,"caption":"SUNUPOST"},"image":{"@id":"https:\/\/sunupost.com\/#\/schema\/logo\/image\/"},"sameAs":["https:\/\/web.facebook.com\/Sunupost-101026658237468\/","https:\/\/x.com\/sunupost","https:\/\/www.instagram.com\/sunupost\/","https:\/\/www.youtube.com\/channel\/UCd7V7bCkLDOee8yr7CW4Dpw"]},{"@type":"Person","@id":"https:\/\/sunupost.com\/#\/schema\/person\/9c04c80a48c29cd2be004cf57947ebb0","name":"La R\u00e9daction","image":{"@type":"ImageObject","inLanguage":"fr-FR","@id":"https:\/\/secure.gravatar.com\/avatar\/1dc7c1ffd136391c1a6d8806c3431e1a2dd9445015e3f66472e3c63e9c80807e?s=96&d=mm&r=g","url":"https:\/\/secure.gravatar.com\/avatar\/1dc7c1ffd136391c1a6d8806c3431e1a2dd9445015e3f66472e3c63e9c80807e?s=96&d=mm&r=g","contentUrl":"https:\/\/secure.gravatar.com\/avatar\/1dc7c1ffd136391c1a6d8806c3431e1a2dd9445015e3f66472e3c63e9c80807e?s=96&d=mm&r=g","caption":"La R\u00e9daction"},"url":"https:\/\/sunupost.com\/?author=10"}]}},"_links":{"self":[{"href":"https:\/\/sunupost.com\/index.php?rest_route=\/wp\/v2\/posts\/1802","targetHints":{"allow":["GET"]}}],"collection":[{"href":"https:\/\/sunupost.com\/index.php?rest_route=\/wp\/v2\/posts"}],"about":[{"href":"https:\/\/sunupost.com\/index.php?rest_route=\/wp\/v2\/types\/post"}],"author":[{"embeddable":true,"href":"https:\/\/sunupost.com\/index.php?rest_route=\/wp\/v2\/users\/10"}],"replies":[{"embeddable":true,"href":"https:\/\/sunupost.com\/index.php?rest_route=%2Fwp%2Fv2%2Fcomments&post=1802"}],"version-history":[{"count":0,"href":"https:\/\/sunupost.com\/index.php?rest_route=\/wp\/v2\/posts\/1802\/revisions"}],"wp:attachment":[{"href":"https:\/\/sunupost.com\/index.php?rest_route=%2Fwp%2Fv2%2Fmedia&parent=1802"}],"wp:term":[{"taxonomy":"category","embeddable":true,"href":"https:\/\/sunupost.com\/index.php?rest_route=%2Fwp%2Fv2%2Fcategories&post=1802"},{"taxonomy":"post_tag","embeddable":true,"href":"https:\/\/sunupost.com\/index.php?rest_route=%2Fwp%2Fv2%2Ftags&post=1802"}],"curies":[{"name":"wp","href":"https:\/\/api.w.org\/{rel}","templated":true}]}}