{"id":1941,"date":"2020-05-27T22:28:37","date_gmt":"2020-05-27T22:28:37","guid":{"rendered":"https:\/\/sunupost.com\/?p=1941"},"modified":"2020-05-27T22:28:37","modified_gmt":"2020-05-27T22:28:37","slug":"les-nominations-du-conseil-des-ministres","status":"publish","type":"post","link":"https:\/\/sunupost.com\/?p=1941","title":{"rendered":"Les Nominations Du Conseil Des Ministres"},"content":{"rendered":"<div><b>Le Pr\u00e9sident de la R\u00e9publique, Son Excellence Monsieur Macky SALL, a pr\u00e9sid\u00e9 le Conseil des ministres, le mercredi 27 mai 2020, \u00e0 10 heures, au Palais de la R\u00e9publique.<\/b><\/div>\n<div><\/div>\n<div><\/div>\n<div><b>Au titre des mesures individuelles, le Pr\u00e9sident de la R\u00e9publique a pris les d\u00e9cisions suivantes :<\/b><\/div>\n<div><\/div>\n<div><b>Docteur Paul FAYE<\/b>, Enseignant\u2013Chercheur \u00e0 l\u2019Universit\u00e9 Cheikh Anta DIOP de Dakar, est nomm\u00e9 Pr\u00e9sident du Conseil d\u2019Administration de l\u2019Institut national de P\u00e9dologie du minist\u00e8re de l\u2019Agriculture et de l\u2019Equipement rural ;<\/div>\n<div><\/div>\n<div><b>Monsieur Cheikh NDIAYE<\/b>, Inspecteur Principal du Tr\u00e9sor, matricule de solde N\u00b0604 445\/E, pr\u00e9c\u00e9demment Conseiller technique du Directeur g\u00e9n\u00e9ral de la Comptabilit\u00e9 publique et du Tr\u00e9sor au Minist\u00e8re des Finances et du Budget, est nomm\u00e9 Coordonnateur de la Direction g\u00e9n\u00e9ral de la Comptabilit\u00e9 publique et du Tr\u00e9sor, poste vacant ;<\/div>\n<div><\/div>\n<div><b>Monsieur Abdoulaye FALL<\/b>, Inspecteur principal du Tr\u00e9sor, matricule de solde n\u00b0510575\/A, pr\u00e9c\u00e9demment Payeur g\u00e9n\u00e9ral du Tr\u00e9sor, est nomm\u00e9 Tr\u00e9sorier g\u00e9n\u00e9ral, Agent Comptable Central du Tr\u00e9sor \u00e0 la Direction g\u00e9n\u00e9rale de la Comptabilit\u00e9 publique et du Tr\u00e9sor du Minist\u00e8re des Finances et du Budget en remplacement de Monsieur Adama Racine SOW admis \u00e0 faire valoir ses droits \u00e0 une pension de retraite ;<\/div>\n<div><\/div>\n<div><b>Madame Mame Diama DIOUF<\/b>, Inspecteur principal du Tr\u00e9sor, matricule de solde n\u00b0604440\/J, est nomm\u00e9e Payeur g\u00e9n\u00e9ral \u00e0 la Direction g\u00e9n\u00e9rale de la Comptabilit\u00e9 publique et du Tr\u00e9sor du Minist\u00e8re des Finances et du Budget, en remplacement de Monsieur Abdoulaye FALL, appel\u00e9, \u00e0 d\u2019autres fonctions.<\/div>\n<div><\/div>\n<div><b>Monsieur Papa NDIAYE<\/b>, Inspecteur Principal des Douanes, matricule de solde N\u00b0510 969\/H, pr\u00e9c\u00e9demment Directeur r\u00e9gional des Produits p\u00e9troliers et Unit\u00e9s sp\u00e9cialis\u00e9es, est nomm\u00e9 Directeur de la r\u00e8glementation et de la Coop\u00e9ration internationale \u00e0 la Direction g\u00e9n\u00e9rale des Douanes, en remplacement de Monsieur Malick MBAYE, appel\u00e9 \u00e0 d\u2019autres fonctions ;<\/div>\n<div><\/div>\n<div><b>Monsieur Malick MBAYE<\/b>, Inspecteur Principal des Douanes, matricule de solde N\u00b0604 437\/B, pr\u00e9c\u00e9demment Directeur de la r\u00e8glementation et de la Coop\u00e9ration internationale \u00e0 la Direction g\u00e9n\u00e9rale des Douanes, est nomm\u00e9 Directeur du Renseignement et des Enqu\u00eates douani\u00e8res, en remplacement de Monsieur Abdourahmane WADE, appel\u00e9 \u00e0 d\u2019autres fonctions ;<\/div>\n<div><\/div>\n<div><b>Monsieur Abdou Khadre Dieylani NIANG<\/b>, Inspecteur Principal des Douanes de classe exceptionnelle, matricule de solde N\u00b0513 577\/B, est nomm\u00e9 Directeur du Contr\u00f4le interne \u00e0 la Direction g\u00e9n\u00e9rale des Douanes, poste vacant ;<\/div>\n<div><\/div>\n<div><b>Monsieur Abdourahmane WADE<\/b>, Inspecteur Principal des Douanes, matricule de solde N\u00b0604 124\/G, pr\u00e9c\u00e9demment Directeur du Renseignement et des Enqu\u00eates douani\u00e8res \u00e0 la Direction g\u00e9n\u00e9rale des Douanes, est nomm\u00e9 Directeur des Syst\u00e8mes informatiques douaniers, en remplacement de Monsieur Alioune DIONE, appel\u00e9 \u00e0 d\u2019autres fonctions ;<\/div>\n<div><\/div>\n<div><b>Monsieur Saliou DIOUF<\/b>, Inspecteur principal des Douanes , matricule de solde608856\/E, pr\u00e9c\u00e9demment Contr\u00f4leur interne \u00e0 la Direction g\u00e9n\u00e9rale des Douanes, est nomm\u00e9 Directeur r\u00e9gional des Douanes du Sud-Est, en remplacement de Monsieur Georges DIEME, appel\u00e9 \u00e0 d\u2019autres fonctions ;<\/div>\n<div><\/div>\n<div><b>Monsieur Ibrahima FAYE<\/b>, Inspecteur principal des Douanes, matricule de solde 606890\/M, pr\u00e9c\u00e9demment Directeur r\u00e9gional des Douanes du Centre, est nomm\u00e9 Directeur r\u00e9gional de l\u2019Ouest, poste vacant ;<\/div>\n<div><\/div>\n<div><b>Monsieur Georges\u00a0<\/b><b>DI\u00c9M\u00c9<\/b><b>,<\/b>\u00a0Inspecteur Principal des Douanes, matricule de solde N\u00b0606 899\/D, pr\u00e9c\u00e9demment Directeur r\u00e9gional des Douanes du Sud-Est, est nomm\u00e9 Directeur r\u00e9gional des produits p\u00e9troliers et Unit\u00e9s sp\u00e9cialis\u00e9es, en remplacement de Monsieur Papa NDIAYE, appel\u00e9 \u00e0 d\u2019autres fonctions ;<\/div>\n<div><\/div>\n<div><b>Monsieur Bourama DI\u00c9M\u00c9<\/b>, Inspecteur Principal des Douanes, matricule de solde N\u00b0616 277\/I, pr\u00e9c\u00e9demment Contr\u00f4leur interne \u00e0 la Direction g\u00e9n\u00e9rale des Douanes, est nomm\u00e9 Directeur r\u00e9gional des Douanes du Centre, en remplacement de Monsieur Ibrahima FAYE, appel\u00e9 \u00e0 d\u2019autres fonctions ;<\/div>\n<div><\/div>\n<div><b>Monsieur Samuel Joseph Waly FAYE<\/b>, Juriste, titulaire d\u2019un dipl\u00f4me d\u2019Etudes Sup\u00e9rieures sp\u00e9cialis\u00e9es (DESS) est nomm\u00e9 Directeur du Centre national de Formation des Techniciens des P\u00eaches et de l\u2019Aquaculture, en remplacement de Madame Tening SENE, poste vacant.<\/div>\n<div><\/div>\n<div><b><i>Fait \u00e0 Dakar le 27 mai 2020<\/i><\/b><\/div>\n<div><b><i>Le Ministre Porte-Parole du Gouvernement<\/i><\/b><\/div>\n<div><b><i>Nd\u00e8ye Tick\u00e9 Ndiaye DIOP<\/i><\/b><\/div>\n","protected":false},"excerpt":{"rendered":"<p>Le Pr\u00e9sident de la R\u00e9publique, Son Excellence Monsieur Macky SALL, a pr\u00e9sid\u00e9 le Conseil des ministres, le mercredi 27 mai 2020, \u00e0 10 heures, au&#8230;<\/p>\n","protected":false},"author":10,"featured_media":0,"comment_status":"open","ping_status":"open","sticky":false,"template":"","format":"standard","meta":{"_coblocks_attr":"","_coblocks_dimensions":"","_coblocks_responsive_height":"","_coblocks_accordion_ie_support":"","_monsterinsights_skip_tracking":false,"_monsterinsights_sitenote_active":false,"_monsterinsights_sitenote_note":"","_monsterinsights_sitenote_category":0,"h5ap_radio_sources":[],"footnotes":""},"categories":[6],"tags":[],"class_list":["post-1941","post","type-post","status-publish","format-standard","hentry","category-politique","wpcat-6-id"],"yoast_head":"<!-- This site is optimized with the Yoast SEO plugin v27.4 - https:\/\/yoast.com\/product\/yoast-seo-wordpress\/ -->\n<title>Les Nominations Du Conseil Des Ministres - SUNUPOST<\/title>\n<meta name=\"robots\" content=\"index, follow, max-snippet:-1, max-image-preview:large, max-video-preview:-1\" \/>\n<link rel=\"canonical\" href=\"https:\/\/sunupost.com\/?p=1941\" \/>\n<meta property=\"og:locale\" content=\"fr_FR\" \/>\n<meta property=\"og:type\" content=\"article\" \/>\n<meta property=\"og:title\" content=\"Les Nominations Du Conseil Des Ministres - SUNUPOST\" \/>\n<meta property=\"og:description\" content=\"Le Pr\u00e9sident de la R\u00e9publique, Son Excellence Monsieur Macky SALL, a pr\u00e9sid\u00e9 le Conseil des ministres, le mercredi 27 mai 2020, \u00e0 10 heures, au...\" \/>\n<meta property=\"og:url\" content=\"https:\/\/sunupost.com\/?p=1941\" \/>\n<meta property=\"og:site_name\" content=\"SUNUPOST\" \/>\n<meta property=\"article:publisher\" content=\"https:\/\/web.facebook.com\/Sunupost-101026658237468\/\" \/>\n<meta property=\"article:published_time\" content=\"2020-05-27T22:28:37+00:00\" \/>\n<meta name=\"author\" content=\"La R\u00e9daction\" \/>\n<meta name=\"twitter:card\" content=\"summary_large_image\" \/>\n<meta name=\"twitter:creator\" content=\"@sunupost\" \/>\n<meta name=\"twitter:site\" content=\"@sunupost\" \/>\n<meta name=\"twitter:label1\" content=\"\u00c9crit par\" \/>\n\t<meta name=\"twitter:data1\" content=\"La R\u00e9daction\" \/>\n\t<meta name=\"twitter:label2\" content=\"Dur\u00e9e de lecture estim\u00e9e\" \/>\n\t<meta name=\"twitter:data2\" content=\"3 minutes\" \/>\n<script type=\"application\/ld+json\" class=\"yoast-schema-graph\">{\"@context\":\"https:\\\/\\\/schema.org\",\"@graph\":[{\"@type\":\"Article\",\"@id\":\"https:\\\/\\\/sunupost.com\\\/?p=1941#article\",\"isPartOf\":{\"@id\":\"https:\\\/\\\/sunupost.com\\\/?p=1941\"},\"author\":{\"name\":\"La R\u00e9daction\",\"@id\":\"https:\\\/\\\/sunupost.com\\\/#\\\/schema\\\/person\\\/9c04c80a48c29cd2be004cf57947ebb0\"},\"headline\":\"Les Nominations Du Conseil Des Ministres\",\"datePublished\":\"2020-05-27T22:28:37+00:00\",\"mainEntityOfPage\":{\"@id\":\"https:\\\/\\\/sunupost.com\\\/?p=1941\"},\"wordCount\":693,\"commentCount\":465,\"publisher\":{\"@id\":\"https:\\\/\\\/sunupost.com\\\/#organization\"},\"articleSection\":[\"POLITIQUE\"],\"inLanguage\":\"fr-FR\",\"potentialAction\":[{\"@type\":\"CommentAction\",\"name\":\"Comment\",\"target\":[\"https:\\\/\\\/sunupost.com\\\/?p=1941#respond\"]}]},{\"@type\":\"WebPage\",\"@id\":\"https:\\\/\\\/sunupost.com\\\/?p=1941\",\"url\":\"https:\\\/\\\/sunupost.com\\\/?p=1941\",\"name\":\"Les Nominations Du Conseil Des Ministres - SUNUPOST\",\"isPartOf\":{\"@id\":\"https:\\\/\\\/sunupost.com\\\/#website\"},\"datePublished\":\"2020-05-27T22:28:37+00:00\",\"breadcrumb\":{\"@id\":\"https:\\\/\\\/sunupost.com\\\/?p=1941#breadcrumb\"},\"inLanguage\":\"fr-FR\",\"potentialAction\":[{\"@type\":\"ReadAction\",\"target\":[\"https:\\\/\\\/sunupost.com\\\/?p=1941\"]}]},{\"@type\":\"BreadcrumbList\",\"@id\":\"https:\\\/\\\/sunupost.com\\\/?p=1941#breadcrumb\",\"itemListElement\":[{\"@type\":\"ListItem\",\"position\":1,\"name\":\"Home\",\"item\":\"https:\\\/\\\/sunupost.com\\\/\"},{\"@type\":\"ListItem\",\"position\":2,\"name\":\"Les Nominations Du Conseil Des Ministres\"}]},{\"@type\":\"WebSite\",\"@id\":\"https:\\\/\\\/sunupost.com\\\/#website\",\"url\":\"https:\\\/\\\/sunupost.com\\\/\",\"name\":\"SUNUPOST\",\"description\":\"Pens\u00e9e libre\",\"publisher\":{\"@id\":\"https:\\\/\\\/sunupost.com\\\/#organization\"},\"potentialAction\":[{\"@type\":\"SearchAction\",\"target\":{\"@type\":\"EntryPoint\",\"urlTemplate\":\"https:\\\/\\\/sunupost.com\\\/?s={search_term_string}\"},\"query-input\":{\"@type\":\"PropertyValueSpecification\",\"valueRequired\":true,\"valueName\":\"search_term_string\"}}],\"inLanguage\":\"fr-FR\"},{\"@type\":\"Organization\",\"@id\":\"https:\\\/\\\/sunupost.com\\\/#organization\",\"name\":\"SUNUPOST\",\"url\":\"https:\\\/\\\/sunupost.com\\\/\",\"logo\":{\"@type\":\"ImageObject\",\"inLanguage\":\"fr-FR\",\"@id\":\"https:\\\/\\\/sunupost.com\\\/#\\\/schema\\\/logo\\\/image\\\/\",\"url\":\"https:\\\/\\\/secureservercdn.net\\\/198.71.233.206\\\/17w.044.myftpupload.com\\\/wp-content\\\/uploads\\\/2020\\\/05\\\/Lancement.jpg?time=1639052812\",\"contentUrl\":\"https:\\\/\\\/secureservercdn.net\\\/198.71.233.206\\\/17w.044.myftpupload.com\\\/wp-content\\\/uploads\\\/2020\\\/05\\\/Lancement.jpg?time=1639052812\",\"width\":300,\"height\":100,\"caption\":\"SUNUPOST\"},\"image\":{\"@id\":\"https:\\\/\\\/sunupost.com\\\/#\\\/schema\\\/logo\\\/image\\\/\"},\"sameAs\":[\"https:\\\/\\\/web.facebook.com\\\/Sunupost-101026658237468\\\/\",\"https:\\\/\\\/x.com\\\/sunupost\",\"https:\\\/\\\/www.instagram.com\\\/sunupost\\\/\",\"https:\\\/\\\/www.youtube.com\\\/channel\\\/UCd7V7bCkLDOee8yr7CW4Dpw\"]},{\"@type\":\"Person\",\"@id\":\"https:\\\/\\\/sunupost.com\\\/#\\\/schema\\\/person\\\/9c04c80a48c29cd2be004cf57947ebb0\",\"name\":\"La R\u00e9daction\",\"image\":{\"@type\":\"ImageObject\",\"inLanguage\":\"fr-FR\",\"@id\":\"https:\\\/\\\/secure.gravatar.com\\\/avatar\\\/1dc7c1ffd136391c1a6d8806c3431e1a2dd9445015e3f66472e3c63e9c80807e?s=96&d=mm&r=g\",\"url\":\"https:\\\/\\\/secure.gravatar.com\\\/avatar\\\/1dc7c1ffd136391c1a6d8806c3431e1a2dd9445015e3f66472e3c63e9c80807e?s=96&d=mm&r=g\",\"contentUrl\":\"https:\\\/\\\/secure.gravatar.com\\\/avatar\\\/1dc7c1ffd136391c1a6d8806c3431e1a2dd9445015e3f66472e3c63e9c80807e?s=96&d=mm&r=g\",\"caption\":\"La R\u00e9daction\"},\"url\":\"https:\\\/\\\/sunupost.com\\\/?author=10\"}]}<\/script>\n<!-- \/ Yoast SEO plugin. -->","yoast_head_json":{"title":"Les Nominations Du Conseil Des Ministres - SUNUPOST","robots":{"index":"index","follow":"follow","max-snippet":"max-snippet:-1","max-image-preview":"max-image-preview:large","max-video-preview":"max-video-preview:-1"},"canonical":"https:\/\/sunupost.com\/?p=1941","og_locale":"fr_FR","og_type":"article","og_title":"Les Nominations Du Conseil Des Ministres - SUNUPOST","og_description":"Le Pr\u00e9sident de la R\u00e9publique, Son Excellence Monsieur Macky SALL, a pr\u00e9sid\u00e9 le Conseil des ministres, le mercredi 27 mai 2020, \u00e0 10 heures, au...","og_url":"https:\/\/sunupost.com\/?p=1941","og_site_name":"SUNUPOST","article_publisher":"https:\/\/web.facebook.com\/Sunupost-101026658237468\/","article_published_time":"2020-05-27T22:28:37+00:00","author":"La R\u00e9daction","twitter_card":"summary_large_image","twitter_creator":"@sunupost","twitter_site":"@sunupost","twitter_misc":{"\u00c9crit par":"La R\u00e9daction","Dur\u00e9e de lecture estim\u00e9e":"3 minutes"},"schema":{"@context":"https:\/\/schema.org","@graph":[{"@type":"Article","@id":"https:\/\/sunupost.com\/?p=1941#article","isPartOf":{"@id":"https:\/\/sunupost.com\/?p=1941"},"author":{"name":"La R\u00e9daction","@id":"https:\/\/sunupost.com\/#\/schema\/person\/9c04c80a48c29cd2be004cf57947ebb0"},"headline":"Les Nominations Du Conseil Des Ministres","datePublished":"2020-05-27T22:28:37+00:00","mainEntityOfPage":{"@id":"https:\/\/sunupost.com\/?p=1941"},"wordCount":693,"commentCount":465,"publisher":{"@id":"https:\/\/sunupost.com\/#organization"},"articleSection":["POLITIQUE"],"inLanguage":"fr-FR","potentialAction":[{"@type":"CommentAction","name":"Comment","target":["https:\/\/sunupost.com\/?p=1941#respond"]}]},{"@type":"WebPage","@id":"https:\/\/sunupost.com\/?p=1941","url":"https:\/\/sunupost.com\/?p=1941","name":"Les Nominations Du Conseil Des Ministres - SUNUPOST","isPartOf":{"@id":"https:\/\/sunupost.com\/#website"},"datePublished":"2020-05-27T22:28:37+00:00","breadcrumb":{"@id":"https:\/\/sunupost.com\/?p=1941#breadcrumb"},"inLanguage":"fr-FR","potentialAction":[{"@type":"ReadAction","target":["https:\/\/sunupost.com\/?p=1941"]}]},{"@type":"BreadcrumbList","@id":"https:\/\/sunupost.com\/?p=1941#breadcrumb","itemListElement":[{"@type":"ListItem","position":1,"name":"Home","item":"https:\/\/sunupost.com\/"},{"@type":"ListItem","position":2,"name":"Les Nominations Du Conseil Des Ministres"}]},{"@type":"WebSite","@id":"https:\/\/sunupost.com\/#website","url":"https:\/\/sunupost.com\/","name":"SUNUPOST","description":"Pens\u00e9e libre","publisher":{"@id":"https:\/\/sunupost.com\/#organization"},"potentialAction":[{"@type":"SearchAction","target":{"@type":"EntryPoint","urlTemplate":"https:\/\/sunupost.com\/?s={search_term_string}"},"query-input":{"@type":"PropertyValueSpecification","valueRequired":true,"valueName":"search_term_string"}}],"inLanguage":"fr-FR"},{"@type":"Organization","@id":"https:\/\/sunupost.com\/#organization","name":"SUNUPOST","url":"https:\/\/sunupost.com\/","logo":{"@type":"ImageObject","inLanguage":"fr-FR","@id":"https:\/\/sunupost.com\/#\/schema\/logo\/image\/","url":"https:\/\/secureservercdn.net\/198.71.233.206\/17w.044.myftpupload.com\/wp-content\/uploads\/2020\/05\/Lancement.jpg?time=1639052812","contentUrl":"https:\/\/secureservercdn.net\/198.71.233.206\/17w.044.myftpupload.com\/wp-content\/uploads\/2020\/05\/Lancement.jpg?time=1639052812","width":300,"height":100,"caption":"SUNUPOST"},"image":{"@id":"https:\/\/sunupost.com\/#\/schema\/logo\/image\/"},"sameAs":["https:\/\/web.facebook.com\/Sunupost-101026658237468\/","https:\/\/x.com\/sunupost","https:\/\/www.instagram.com\/sunupost\/","https:\/\/www.youtube.com\/channel\/UCd7V7bCkLDOee8yr7CW4Dpw"]},{"@type":"Person","@id":"https:\/\/sunupost.com\/#\/schema\/person\/9c04c80a48c29cd2be004cf57947ebb0","name":"La R\u00e9daction","image":{"@type":"ImageObject","inLanguage":"fr-FR","@id":"https:\/\/secure.gravatar.com\/avatar\/1dc7c1ffd136391c1a6d8806c3431e1a2dd9445015e3f66472e3c63e9c80807e?s=96&d=mm&r=g","url":"https:\/\/secure.gravatar.com\/avatar\/1dc7c1ffd136391c1a6d8806c3431e1a2dd9445015e3f66472e3c63e9c80807e?s=96&d=mm&r=g","contentUrl":"https:\/\/secure.gravatar.com\/avatar\/1dc7c1ffd136391c1a6d8806c3431e1a2dd9445015e3f66472e3c63e9c80807e?s=96&d=mm&r=g","caption":"La R\u00e9daction"},"url":"https:\/\/sunupost.com\/?author=10"}]}},"_links":{"self":[{"href":"https:\/\/sunupost.com\/index.php?rest_route=\/wp\/v2\/posts\/1941","targetHints":{"allow":["GET"]}}],"collection":[{"href":"https:\/\/sunupost.com\/index.php?rest_route=\/wp\/v2\/posts"}],"about":[{"href":"https:\/\/sunupost.com\/index.php?rest_route=\/wp\/v2\/types\/post"}],"author":[{"embeddable":true,"href":"https:\/\/sunupost.com\/index.php?rest_route=\/wp\/v2\/users\/10"}],"replies":[{"embeddable":true,"href":"https:\/\/sunupost.com\/index.php?rest_route=%2Fwp%2Fv2%2Fcomments&post=1941"}],"version-history":[{"count":0,"href":"https:\/\/sunupost.com\/index.php?rest_route=\/wp\/v2\/posts\/1941\/revisions"}],"wp:attachment":[{"href":"https:\/\/sunupost.com\/index.php?rest_route=%2Fwp%2Fv2%2Fmedia&parent=1941"}],"wp:term":[{"taxonomy":"category","embeddable":true,"href":"https:\/\/sunupost.com\/index.php?rest_route=%2Fwp%2Fv2%2Fcategories&post=1941"},{"taxonomy":"post_tag","embeddable":true,"href":"https:\/\/sunupost.com\/index.php?rest_route=%2Fwp%2Fv2%2Ftags&post=1941"}],"curies":[{"name":"wp","href":"https:\/\/api.w.org\/{rel}","templated":true}]}}