{"id":2120,"date":"2020-06-03T21:05:55","date_gmt":"2020-06-03T21:05:55","guid":{"rendered":"https:\/\/sunupost.com\/?p=2120"},"modified":"2020-06-04T01:24:14","modified_gmt":"2020-06-04T01:24:14","slug":"les-nominations-du-conseil-des-ministres-2","status":"publish","type":"post","link":"https:\/\/sunupost.com\/?p=2120","title":{"rendered":"Les Nominations En Conseil Des Ministres"},"content":{"rendered":"<p style=\"text-align: justify;\"><em><strong>COMMUNIQUE DU CONSEIL DES MINISTRES<\/strong><\/em><br \/>\nLe Pr\u00e9sident de la R\u00e9publique, Son Excellence Monsieur Macky SALL, a pr\u00e9sid\u00e9 le Conseil des Ministres, le mercredi 03 juin 2020, \u00e0 10 heures, au Palais de la R\u00e9publique.<br \/>\nLe Chef de l\u2019Etat a, \u00e0 l\u2019entame de sa communication, adress\u00e9 ses chaleureuses f\u00e9licitations \u00e0 la communaut\u00e9 chr\u00e9tienne \u00e0 l\u2019occasion de la c\u00e9l\u00e9bration de la Pentec\u00f4te.<br \/>\nLe Pr\u00e9sident de la R\u00e9publique a ensuite inform\u00e9 le Conseil du report de la reprise des enseignements et apprentissages dans les \u00e9tablissements d\u2019enseignement publics et priv\u00e9s, initialement pr\u00e9vue le 02 juin 2020. Il a, \u00e0 ce titre, r\u00e9it\u00e9r\u00e9 ses remerciements, ses encouragements et son soutien \u00e0 l\u2019ensemble des acteurs impliqu\u00e9s pour leurs appuis et concours respectifs.<br \/>\nLe Chef de l\u2019Etat a particuli\u00e8rement salu\u00e9 l\u2019engagement patriotique exceptionnel des enseignants qui \u0153uvrent, avec exemplarit\u00e9, \u00e0 la r\u00e9ussite scolaire des apprenants et \u00e0 la performance du syst\u00e8me \u00e9ducatif.<br \/>\nLe Pr\u00e9sident de la R\u00e9publique a, par ailleurs, indiqu\u00e9 aux ministres en charge de l\u2019Education nationale, de l\u2019Enseignement sup\u00e9rieur et de la Formation professionnelle, la n\u00e9cessit\u00e9, d\u2019une part, de d\u00e9finir les modalit\u00e9s de red\u00e9marrage des activit\u00e9s p\u00e9dagogiques dans les \u00e9coles, universit\u00e9s et \u00e9tablissements d\u2019enseignement sup\u00e9rieur publics et, d\u2019autre part, de renforcer l\u2019accompagnement de l\u2019Etat au fonctionnement ad\u00e9quat des \u00e9tablissements priv\u00e9s.<br \/>\nLe Chef de l\u2019Etat, \u00e9voquant la gestion multisectorielle et prospective de la pand\u00e9mie de la COVID-19, a rappel\u00e9 aux membres du Gouvernement l\u2019imp\u00e9ratif de renforcer la riposte sanitaire, la sensibilisation des populations et l\u2019engagement communautaire.<br \/>\nLe Pr\u00e9sident de la R\u00e9publique a, dans cette dynamique, demand\u00e9 au Ministre de la Sant\u00e9 et de l\u2019Action sociale de pr\u00e9parer une \u00e9valuation prospective de la gestion sanitaire de la pand\u00e9mie. Il a \u00e9galement invit\u00e9 le Ministre de l\u2019Economie, du Plan et de la Coop\u00e9ration, en relation avec le Ministre des Finances et du Budget, \u00e0 proc\u00e9der \u00e0 l\u2019\u00e9valuation sectorielle et financi\u00e8re de l\u2019ex\u00e9cution du Fonds de Riposte et de Solidarit\u00e9 \u00ab Force Covid-19 \u00bb.<br \/>\nLe Chef de l\u2019Etat, revenant sur le programme agricole et la r\u00e9silience de l\u2019\u00e9conomie rurale, a pris des mesures visant \u00e0 accentuer la riposte et \u00e0 att\u00e9nuer les impacts n\u00e9gatifs de la crise sanitaire sur le secteur agricole. Le Pr\u00e9sident de la R\u00e9publique a, \u00e0 cet effet, inform\u00e9 de la mobilisation en urgence par l\u2019Etat des montants d\u2019un (01) milliard et de 1, 2 milliards FCFA destin\u00e9s respectivement \u00e0 la commercialisation de la production horticole en souffrance et \u00e0 l\u2019achat de mat\u00e9riels de r\u00e9colte de riz.<br \/>\nLe Chef de l\u2019Etat a, dans le cadre du programme agricole 2020-2021 financ\u00e9 par l\u2019Etat \u00e0 hauteur de 60 milliards FCFA, inform\u00e9 de sa d\u00e9cision de subventionner \u00e0 100% plus de 700 unit\u00e9s de mat\u00e9riels agricoles motoris\u00e9s destin\u00e9s aux femmes et jeunes porteurs d\u2019initiatives agricoles.<br \/>\nLe Pr\u00e9sident de la R\u00e9publique a, notamment, abord\u00e9 la question de la nouvelle impulsion de la politique de la jeunesse en invitant le Ministre de la Jeunesse \u00e0 s\u2019atteler \u00e0 l\u2019\u00e9dification rapide des Maisons de la Jeunesse et de la Citoyennet\u00e9 dans les huit (8) communes cibl\u00e9es en 2020.<br \/>\nLe Chef de l\u2019Etat a, au titre du climat social, de la gestion et du suivi des affaires int\u00e9rieures, demand\u00e9 au Ministre de la Culture, des Finances et du Budget, de l\u2019Economie et de l\u2019Artisanat, d\u2019acc\u00e9l\u00e9rer la mise \u00e0 disposition des soutiens de l\u2019Etat aux Artisans et aux Professionnels des Arts et de la Culture.<br \/>\nLe Pr\u00e9sident de la R\u00e9publique a, enfin, appel\u00e9 les populations \u00e0 veiller au respect scrupuleux des r\u00e8gles \u00e9tablies dans le cadre de l\u2019\u00e9tat d\u2019urgence et de la lutte contre la pand\u00e9mie de la Covid-19.<br \/>\nConfirmant la strat\u00e9gie d\u2019assouplissement graduel des mesures restrictives li\u00e9es \u00e0 la pand\u00e9mie de la COVID-19, le Chef de l\u2019Etat a instruit les Ministres en charge des Transports terrestres et a\u00e9riens, en relation avec le Ministre de l\u2019Int\u00e9rieur, de travailler avec les partenaires du secteur des transports, \u00e0 la lev\u00e9e des restrictions selon des modalit\u00e9s \u00e0 convenir. Le Pr\u00e9sident de la R\u00e9publique a d\u00e9cid\u00e9, dans cette perspective, d\u2019affecter une enveloppe de trois (3) milliards de FCFA aux op\u00e9rateurs des transports terrestres.<br \/>\nAussi pour permettre une reprise des activit\u00e9s \u00e9conomiques du secteur dans le cadre du Programme de R\u00e9silience Economique et Social (PRES), le Chef de l\u2019Etat a par ailleurs d\u00e9cid\u00e9, compte tenu de l\u2019ajournement de certaines activit\u00e9s majeures de l\u2019Agenda culturel national, de la mise en place d\u2019un appui sp\u00e9cifique de trois (3) milliards FCFA , affect\u00e9 au secteur des Arts et de la Culture.<br \/>\nLe Chef de l\u2019Etat a clos sa communication sur son agenda diplomatique.<br \/>\nAu titre des Communications,<br \/>\nLe Ministre d\u2019Etat, Secr\u00e9taire g\u00e9n\u00e9ral de la Pr\u00e9sidence de la R\u00e9publique a fait une communication sur la finalisation des n\u00e9gociations sur le port de Ndayane.<br \/>\nle Ministre des Affaires \u00e9trang\u00e8res et des S\u00e9n\u00e9galais de l\u2019Ext\u00e9rieur a fait le point sur la situation internationale et l\u2019assistance apport\u00e9e par l\u2019Etat \u00e0 nos compatriotes de la Diaspora.<br \/>\nLe Ministre du D\u00e9veloppement communautaire, de l\u2019Equit\u00e9 sociale et territoriale a fait le point sur la situation de la mobilisation et de la distribution de l\u2019aide alimentaire d\u2019urgence.<br \/>\nLe Ministre de l\u2019Economie, du Plan et de la Coop\u00e9ration a fait une communication portant sur la mobilisation des fonds dans le cadre de la coop\u00e9ration multilat\u00e9rale et bilat\u00e9rale.<br \/>\nLe Ministre de la Sant\u00e9 et de l\u2019Action sociale a fait le point sur la situation de la pand\u00e9mie.<br \/>\nLe Ministre de l\u2019Agriculture et de l\u2019Equipement rural a fait une communication sur mise en place des intrants pour la campagne agricole en cours, l\u2019exportation des fruits et l\u00e9gumes et la situation phytosanitaire.<br \/>\nLe Ministre du Tourisme et des Transports a\u00e9riens a fait une communication sur le projet de Plan strat\u00e9gique et op\u00e9rationnel de D\u00e9veloppement du Tourisme et des Transports a\u00e9riens.<br \/>\nLe Ministre des Collectivit\u00e9s territoriales, du D\u00e9veloppement et de l\u2019Am\u00e9nagement du Territoire a fait une communication portant sur une \u00e9tude de proposition d\u2019un mode de gouvernance du P\u00f4le urbain de Diamniadio.<br \/>\nLes Ministres de l\u2019Education nationale, de la Formation professionnelle, de l\u2019Enseignement sup\u00e9rieur ont rendu compte respectivement des nouveaux dispositifs qui sont en train d\u2019\u00eatre mis en place pour la reprise des enseignements.<br \/>\nLe Ministre de l\u2019Industrie a rendu compte au Conseil de sa visite aux trois industriels du fer au S\u00e9n\u00e9gal.<br \/>\nLe Ministre de la Culture et de la Communication a fait une communication sur les propositions des acteurs de la culture au sujet de la prise en charge des effets de la COVID-19<br \/>\nLe Ministre de la Microfinance et de l\u2019Economie sociale et solidaire a fait une communication sur le Fonds national de la Microfinance, instrument de financement et d\u2019assistance technique adressant les trois niveaux macro, m\u00e9so et micro de la microfinance.<br \/>\nLe Ministre en charge du suivi du Plan S\u00e9n\u00e9gal \u00e9mergent (PSE) a fait le point sur l\u2019ex\u00e9cution des projets prioritaires.<br \/>\nAu titre des textes l\u00e9gislatifs et r\u00e9glementaires, le Conseil a examin\u00e9 et adopt\u00e9 :<\/p>\n<p>&#8211; Le projet de d\u00e9cret portant cr\u00e9ation et fixant les r\u00e8gles d\u2019organisation et de fonctionnement du Fonds National de la Microfinance ;<br \/>\n&#8211; le Projet de d\u00e9cret modifiant l\u2019article 8 du d\u00e9cret n\u00b0 2014-770 du 14 juin 2014 pr\u00e9cisant certaines obligations des op\u00e9rateurs quant au droit \u00e0 l\u2019information des consommateurs.<br \/>\nAu titre des mesures individuelles, le Pr\u00e9sident de la R\u00e9publique a pris les d\u00e9cisions suivantes :<br \/>\nMonsieur Abdou FALL, ancien ministre est nomm\u00e9 Pr\u00e9sident du Conseil d\u2019Administration de la soci\u00e9t\u00e9 APIX SA, en remplacement de Monsieur Chim\u00e8re DIOP ;<br \/>\nMonsieur Ibra NDIAYE, titulaire d\u2019un Master en transport a\u00e9rien, est nomm\u00e9 Pr\u00e9sident du Conseil d\u2019Administration de la soci\u00e9t\u00e9 AIBD ASSISTANCE SERVICES (2AS) ;<br \/>\nMa\u00eetre Amadou KA, Avocat, est nomm\u00e9 Pr\u00e9sident du Conseil d\u2019Administration de la Soci\u00e9t\u00e9 des Infrastructures de R\u00e9paration Navale (SIRN) ;<br \/>\nMonsieur Moussa SY, Administrateur de soci\u00e9t\u00e9, est nomm\u00e9 Pr\u00e9sident du Conseil d\u2019Administration de la Soci\u00e9t\u00e9 nationale du Port Autonome de Dakar (PAD), en remplacement de Monsieur Amadou KA ;<br \/>\nMonsieur Amadou SADIO, Administrateur civil principal, est nomm\u00e9 Pr\u00e9sident du Conseil d\u2019Administration \u00e0 l\u2019Aurtorit\u00e9 nationale de l\u2019Assurance Qualit\u00e9 de l\u2019Enseignement Sup\u00e9rieur(ANAQ-SUP), en remplacement du Professeur Abdoulaye SENE ;<br \/>\nMadame Ramatoulaye GUEYE DIOP, ancien ministre, est nomm\u00e9e Pr\u00e9sident du Conseil d\u2019Orientation de l\u2019Agence des A\u00e9roports du S\u00e9n\u00e9gal (ADS), en remplacement de Monsieur Ibra NDIAYE ;<br \/>\nMadame Nicole GAKOU, Ing\u00e9nieur, est nomm\u00e9e Pr\u00e9sident du Conseil d\u2019Orientation de l\u2019Agence nationale de la Statistique et de la D\u00e9mographie (ANSD), en remplacement de Monsieur Khalifa GUEYE ;<br \/>\nMonsieur Alioune DRAME, Journaliste, est nomm\u00e9, Pr\u00e9sident du Conseil d\u2019Administration de la Maison de la Presse, au Minist\u00e8re de la Culture et de la Communication poste vacant ;<br \/>\nMonsieur Bara NDIAYE, pr\u00e9c\u00e9demment Administrateur de la Maison de la Presse, est nomm\u00e9 Directeur g\u00e9n\u00e9ral de la Maison de la Presse, au Minist\u00e8re de la Culture et de la Communication, poste vacant ;<br \/>\nMadame Bassine Thiar\u00e9 DIONE, Inspecteur principal du Tr\u00e9sor, matricule de solde 611.508\/G, est nomm\u00e9e Inspecteur des Finances, au Minist\u00e8re des Finances et du Budget;<\/p>\n<p>Monsieur Baba DIAWARA, Inspecteur principal du Tr\u00e9sor, matricule de solde 616.205\/D est nomm\u00e9 Inspecteur des Finances, au Minist\u00e8re des Finances et du Budget;<\/p>\n<p>Monsieur Abdoulaye SADJI, Inspecteur principal du Tr\u00e9sor, matricule de solde 515.389\/E, est nomm\u00e9 Inspecteur des Finances, au Minist\u00e8re des Finances et du Budget;<\/p>\n<p>Monsieur Mame Ouneta FALL, Inspecteur principal du Cadastre, matricule de solde 505.738\/B, est nomm\u00e9 Inspecteur des Finances, au Minist\u00e8re des Finances et du budget;<\/p>\n<p>Monsieur Di\u00e9ne FAYE, Ing\u00e9nieur halieute, matricule de solde n\u00b0 607 125\/I, pr\u00e9c\u00e9demment Inspecteur des Affaires administratives et financi\u00e8res, est nomm\u00e9 Directeur des P\u00eaches maritimes au minist\u00e8re des P\u00eaches et de l\u2019Economie maritime, en remplacement de Monsieur Mamadou GOUDIABY, appel\u00e9 \u00e0 d\u2019autres fonctions ;<\/p>\n<p>Monsieur Babacar Banda DIOP, Ing\u00e9nieur halieute, matricule de solde n\u00b0619 397\/M, pr\u00e9c\u00e9demment Conseiller technique n\u00b01, est nomm\u00e9 Directeur des Industries de Transformation de la P\u00eache au minist\u00e8re des P\u00eaches et de l\u2019Economie maritime, en remplacement de Monsieur Di\u00e8ne NDIAYE, appel\u00e9 \u00e0 d\u2019autres fonctions ;<\/p>\n<p>Monsieur Di\u00e8ne NDIAYE, Ing\u00e9nieur des p\u00eaches et de l\u2019Aquaculture, pr\u00e9c\u00e9demment Directeur des Industries de Transformation de la P\u00eache, est nomm\u00e9 Directeur de la P\u00eache continentale au minist\u00e8re des P\u00eaches et de l\u2019Economie maritime, en remplacement de Monsieur Mahamadou SIGNATE, appel\u00e9 \u00e0 d\u2019autres fonctions ;<\/p>\n<p>Monsieur Mamadou GOUDIABY, Docteur V\u00e9t\u00e9rinaire, Qualiticien- Hygi\u00e9niste, matricule de solde n\u00b0 513 881\/F, pr\u00e9c\u00e9demment Directeur des P\u00eaches Maritimes, est nomm\u00e9 Inspecteur des Affaires Administratives et Financi\u00e8res au Minist\u00e8re des P\u00eaches et de l&rsquo;Economie Maritime en remplacement de Monsieur Di\u00e8ne FAYE, appel\u00e9 \u00e0 d&rsquo;autres fonctions ;<\/p>\n<p>Monsieur Mahamadou SIGNATE, Docteur V\u00e9t\u00e9rinaire, matricule de solde 613 436\/A, pr\u00e9c\u00e9demment Directeur de la P\u00eache Continentale, est nomm\u00e9 Inspecteur Technique au Minist\u00e8re des P\u00eaches et de l&rsquo;Economie Maritime.<\/p>\n<p>Fait \u00e0 Dakar le 03 juin 2020<br \/>\nLe Ministre Porte-Parole du Gouvernement<br \/>\nNd\u00e8ye Tick\u00e9 NDIAYE DIOP<\/p>\n","protected":false},"excerpt":{"rendered":"<p>COMMUNIQUE DU CONSEIL DES MINISTRES Le Pr\u00e9sident de la R\u00e9publique, Son Excellence Monsieur Macky SALL, a pr\u00e9sid\u00e9 le Conseil des Ministres, le mercredi 03 juin&#8230;<\/p>\n","protected":false},"author":10,"featured_media":0,"comment_status":"open","ping_status":"open","sticky":false,"template":"","format":"standard","meta":{"_coblocks_attr":"","_coblocks_dimensions":"","_coblocks_responsive_height":"","_coblocks_accordion_ie_support":"","_monsterinsights_skip_tracking":false,"_monsterinsights_sitenote_active":false,"_monsterinsights_sitenote_note":"","_monsterinsights_sitenote_category":0,"h5ap_radio_sources":[],"footnotes":""},"categories":[6],"tags":[],"class_list":["post-2120","post","type-post","status-publish","format-standard","hentry","category-politique","wpcat-6-id"],"yoast_head":"<!-- This site is optimized with the Yoast SEO plugin v27.5 - https:\/\/yoast.com\/product\/yoast-seo-wordpress\/ -->\n<title>Les Nominations En Conseil Des Ministres - SUNUPOST<\/title>\n<meta name=\"robots\" content=\"index, follow, max-snippet:-1, max-image-preview:large, max-video-preview:-1\" \/>\n<link rel=\"canonical\" href=\"https:\/\/sunupost.com\/?p=2120\" \/>\n<meta property=\"og:locale\" content=\"fr_FR\" \/>\n<meta property=\"og:type\" content=\"article\" \/>\n<meta property=\"og:title\" content=\"Les Nominations En Conseil Des Ministres - SUNUPOST\" \/>\n<meta property=\"og:description\" content=\"COMMUNIQUE DU CONSEIL DES MINISTRES Le Pr\u00e9sident de la R\u00e9publique, Son Excellence Monsieur Macky SALL, a pr\u00e9sid\u00e9 le Conseil des Ministres, le mercredi 03 juin...\" \/>\n<meta property=\"og:url\" content=\"https:\/\/sunupost.com\/?p=2120\" \/>\n<meta property=\"og:site_name\" content=\"SUNUPOST\" \/>\n<meta property=\"article:publisher\" content=\"https:\/\/web.facebook.com\/Sunupost-101026658237468\/\" \/>\n<meta property=\"article:published_time\" content=\"2020-06-03T21:05:55+00:00\" \/>\n<meta property=\"article:modified_time\" content=\"2020-06-04T01:24:14+00:00\" \/>\n<meta name=\"author\" content=\"La R\u00e9daction\" \/>\n<meta name=\"twitter:card\" content=\"summary_large_image\" \/>\n<meta name=\"twitter:creator\" content=\"@sunupost\" \/>\n<meta name=\"twitter:site\" content=\"@sunupost\" \/>\n<meta name=\"twitter:label1\" content=\"\u00c9crit par\" \/>\n\t<meta name=\"twitter:data1\" content=\"La R\u00e9daction\" \/>\n\t<meta name=\"twitter:label2\" content=\"Dur\u00e9e de lecture estim\u00e9e\" \/>\n\t<meta name=\"twitter:data2\" content=\"10 minutes\" \/>\n<script type=\"application\/ld+json\" class=\"yoast-schema-graph\">{\"@context\":\"https:\\\/\\\/schema.org\",\"@graph\":[{\"@type\":\"Article\",\"@id\":\"https:\\\/\\\/sunupost.com\\\/?p=2120#article\",\"isPartOf\":{\"@id\":\"https:\\\/\\\/sunupost.com\\\/?p=2120\"},\"author\":{\"name\":\"La R\u00e9daction\",\"@id\":\"https:\\\/\\\/sunupost.com\\\/#\\\/schema\\\/person\\\/9c04c80a48c29cd2be004cf57947ebb0\"},\"headline\":\"Les Nominations En Conseil Des Ministres\",\"datePublished\":\"2020-06-03T21:05:55+00:00\",\"dateModified\":\"2020-06-04T01:24:14+00:00\",\"mainEntityOfPage\":{\"@id\":\"https:\\\/\\\/sunupost.com\\\/?p=2120\"},\"wordCount\":1977,\"commentCount\":604,\"publisher\":{\"@id\":\"https:\\\/\\\/sunupost.com\\\/#organization\"},\"articleSection\":[\"POLITIQUE\"],\"inLanguage\":\"fr-FR\",\"potentialAction\":[{\"@type\":\"CommentAction\",\"name\":\"Comment\",\"target\":[\"https:\\\/\\\/sunupost.com\\\/?p=2120#respond\"]}]},{\"@type\":\"WebPage\",\"@id\":\"https:\\\/\\\/sunupost.com\\\/?p=2120\",\"url\":\"https:\\\/\\\/sunupost.com\\\/?p=2120\",\"name\":\"Les Nominations En Conseil Des Ministres - SUNUPOST\",\"isPartOf\":{\"@id\":\"https:\\\/\\\/sunupost.com\\\/#website\"},\"datePublished\":\"2020-06-03T21:05:55+00:00\",\"dateModified\":\"2020-06-04T01:24:14+00:00\",\"breadcrumb\":{\"@id\":\"https:\\\/\\\/sunupost.com\\\/?p=2120#breadcrumb\"},\"inLanguage\":\"fr-FR\",\"potentialAction\":[{\"@type\":\"ReadAction\",\"target\":[\"https:\\\/\\\/sunupost.com\\\/?p=2120\"]}]},{\"@type\":\"BreadcrumbList\",\"@id\":\"https:\\\/\\\/sunupost.com\\\/?p=2120#breadcrumb\",\"itemListElement\":[{\"@type\":\"ListItem\",\"position\":1,\"name\":\"Home\",\"item\":\"https:\\\/\\\/sunupost.com\\\/\"},{\"@type\":\"ListItem\",\"position\":2,\"name\":\"Les Nominations En Conseil Des Ministres\"}]},{\"@type\":\"WebSite\",\"@id\":\"https:\\\/\\\/sunupost.com\\\/#website\",\"url\":\"https:\\\/\\\/sunupost.com\\\/\",\"name\":\"SUNUPOST\",\"description\":\"Pens\u00e9e libre\",\"publisher\":{\"@id\":\"https:\\\/\\\/sunupost.com\\\/#organization\"},\"potentialAction\":[{\"@type\":\"SearchAction\",\"target\":{\"@type\":\"EntryPoint\",\"urlTemplate\":\"https:\\\/\\\/sunupost.com\\\/?s={search_term_string}\"},\"query-input\":{\"@type\":\"PropertyValueSpecification\",\"valueRequired\":true,\"valueName\":\"search_term_string\"}}],\"inLanguage\":\"fr-FR\"},{\"@type\":\"Organization\",\"@id\":\"https:\\\/\\\/sunupost.com\\\/#organization\",\"name\":\"SUNUPOST\",\"url\":\"https:\\\/\\\/sunupost.com\\\/\",\"logo\":{\"@type\":\"ImageObject\",\"inLanguage\":\"fr-FR\",\"@id\":\"https:\\\/\\\/sunupost.com\\\/#\\\/schema\\\/logo\\\/image\\\/\",\"url\":\"https:\\\/\\\/secureservercdn.net\\\/198.71.233.206\\\/17w.044.myftpupload.com\\\/wp-content\\\/uploads\\\/2020\\\/05\\\/Lancement.jpg?time=1639052812\",\"contentUrl\":\"https:\\\/\\\/secureservercdn.net\\\/198.71.233.206\\\/17w.044.myftpupload.com\\\/wp-content\\\/uploads\\\/2020\\\/05\\\/Lancement.jpg?time=1639052812\",\"width\":300,\"height\":100,\"caption\":\"SUNUPOST\"},\"image\":{\"@id\":\"https:\\\/\\\/sunupost.com\\\/#\\\/schema\\\/logo\\\/image\\\/\"},\"sameAs\":[\"https:\\\/\\\/web.facebook.com\\\/Sunupost-101026658237468\\\/\",\"https:\\\/\\\/x.com\\\/sunupost\",\"https:\\\/\\\/www.instagram.com\\\/sunupost\\\/\",\"https:\\\/\\\/www.youtube.com\\\/channel\\\/UCd7V7bCkLDOee8yr7CW4Dpw\"]},{\"@type\":\"Person\",\"@id\":\"https:\\\/\\\/sunupost.com\\\/#\\\/schema\\\/person\\\/9c04c80a48c29cd2be004cf57947ebb0\",\"name\":\"La R\u00e9daction\",\"image\":{\"@type\":\"ImageObject\",\"inLanguage\":\"fr-FR\",\"@id\":\"https:\\\/\\\/secure.gravatar.com\\\/avatar\\\/1dc7c1ffd136391c1a6d8806c3431e1a2dd9445015e3f66472e3c63e9c80807e?s=96&d=mm&r=g\",\"url\":\"https:\\\/\\\/secure.gravatar.com\\\/avatar\\\/1dc7c1ffd136391c1a6d8806c3431e1a2dd9445015e3f66472e3c63e9c80807e?s=96&d=mm&r=g\",\"contentUrl\":\"https:\\\/\\\/secure.gravatar.com\\\/avatar\\\/1dc7c1ffd136391c1a6d8806c3431e1a2dd9445015e3f66472e3c63e9c80807e?s=96&d=mm&r=g\",\"caption\":\"La R\u00e9daction\"},\"url\":\"https:\\\/\\\/sunupost.com\\\/?author=10\"}]}<\/script>\n<!-- \/ Yoast SEO plugin. -->","yoast_head_json":{"title":"Les Nominations En Conseil Des Ministres - SUNUPOST","robots":{"index":"index","follow":"follow","max-snippet":"max-snippet:-1","max-image-preview":"max-image-preview:large","max-video-preview":"max-video-preview:-1"},"canonical":"https:\/\/sunupost.com\/?p=2120","og_locale":"fr_FR","og_type":"article","og_title":"Les Nominations En Conseil Des Ministres - SUNUPOST","og_description":"COMMUNIQUE DU CONSEIL DES MINISTRES Le Pr\u00e9sident de la R\u00e9publique, Son Excellence Monsieur Macky SALL, a pr\u00e9sid\u00e9 le Conseil des Ministres, le mercredi 03 juin...","og_url":"https:\/\/sunupost.com\/?p=2120","og_site_name":"SUNUPOST","article_publisher":"https:\/\/web.facebook.com\/Sunupost-101026658237468\/","article_published_time":"2020-06-03T21:05:55+00:00","article_modified_time":"2020-06-04T01:24:14+00:00","author":"La R\u00e9daction","twitter_card":"summary_large_image","twitter_creator":"@sunupost","twitter_site":"@sunupost","twitter_misc":{"\u00c9crit par":"La R\u00e9daction","Dur\u00e9e de lecture estim\u00e9e":"10 minutes"},"schema":{"@context":"https:\/\/schema.org","@graph":[{"@type":"Article","@id":"https:\/\/sunupost.com\/?p=2120#article","isPartOf":{"@id":"https:\/\/sunupost.com\/?p=2120"},"author":{"name":"La R\u00e9daction","@id":"https:\/\/sunupost.com\/#\/schema\/person\/9c04c80a48c29cd2be004cf57947ebb0"},"headline":"Les Nominations En Conseil Des Ministres","datePublished":"2020-06-03T21:05:55+00:00","dateModified":"2020-06-04T01:24:14+00:00","mainEntityOfPage":{"@id":"https:\/\/sunupost.com\/?p=2120"},"wordCount":1977,"commentCount":604,"publisher":{"@id":"https:\/\/sunupost.com\/#organization"},"articleSection":["POLITIQUE"],"inLanguage":"fr-FR","potentialAction":[{"@type":"CommentAction","name":"Comment","target":["https:\/\/sunupost.com\/?p=2120#respond"]}]},{"@type":"WebPage","@id":"https:\/\/sunupost.com\/?p=2120","url":"https:\/\/sunupost.com\/?p=2120","name":"Les Nominations En Conseil Des Ministres - SUNUPOST","isPartOf":{"@id":"https:\/\/sunupost.com\/#website"},"datePublished":"2020-06-03T21:05:55+00:00","dateModified":"2020-06-04T01:24:14+00:00","breadcrumb":{"@id":"https:\/\/sunupost.com\/?p=2120#breadcrumb"},"inLanguage":"fr-FR","potentialAction":[{"@type":"ReadAction","target":["https:\/\/sunupost.com\/?p=2120"]}]},{"@type":"BreadcrumbList","@id":"https:\/\/sunupost.com\/?p=2120#breadcrumb","itemListElement":[{"@type":"ListItem","position":1,"name":"Home","item":"https:\/\/sunupost.com\/"},{"@type":"ListItem","position":2,"name":"Les Nominations En Conseil Des Ministres"}]},{"@type":"WebSite","@id":"https:\/\/sunupost.com\/#website","url":"https:\/\/sunupost.com\/","name":"SUNUPOST","description":"Pens\u00e9e libre","publisher":{"@id":"https:\/\/sunupost.com\/#organization"},"potentialAction":[{"@type":"SearchAction","target":{"@type":"EntryPoint","urlTemplate":"https:\/\/sunupost.com\/?s={search_term_string}"},"query-input":{"@type":"PropertyValueSpecification","valueRequired":true,"valueName":"search_term_string"}}],"inLanguage":"fr-FR"},{"@type":"Organization","@id":"https:\/\/sunupost.com\/#organization","name":"SUNUPOST","url":"https:\/\/sunupost.com\/","logo":{"@type":"ImageObject","inLanguage":"fr-FR","@id":"https:\/\/sunupost.com\/#\/schema\/logo\/image\/","url":"https:\/\/secureservercdn.net\/198.71.233.206\/17w.044.myftpupload.com\/wp-content\/uploads\/2020\/05\/Lancement.jpg?time=1639052812","contentUrl":"https:\/\/secureservercdn.net\/198.71.233.206\/17w.044.myftpupload.com\/wp-content\/uploads\/2020\/05\/Lancement.jpg?time=1639052812","width":300,"height":100,"caption":"SUNUPOST"},"image":{"@id":"https:\/\/sunupost.com\/#\/schema\/logo\/image\/"},"sameAs":["https:\/\/web.facebook.com\/Sunupost-101026658237468\/","https:\/\/x.com\/sunupost","https:\/\/www.instagram.com\/sunupost\/","https:\/\/www.youtube.com\/channel\/UCd7V7bCkLDOee8yr7CW4Dpw"]},{"@type":"Person","@id":"https:\/\/sunupost.com\/#\/schema\/person\/9c04c80a48c29cd2be004cf57947ebb0","name":"La R\u00e9daction","image":{"@type":"ImageObject","inLanguage":"fr-FR","@id":"https:\/\/secure.gravatar.com\/avatar\/1dc7c1ffd136391c1a6d8806c3431e1a2dd9445015e3f66472e3c63e9c80807e?s=96&d=mm&r=g","url":"https:\/\/secure.gravatar.com\/avatar\/1dc7c1ffd136391c1a6d8806c3431e1a2dd9445015e3f66472e3c63e9c80807e?s=96&d=mm&r=g","contentUrl":"https:\/\/secure.gravatar.com\/avatar\/1dc7c1ffd136391c1a6d8806c3431e1a2dd9445015e3f66472e3c63e9c80807e?s=96&d=mm&r=g","caption":"La R\u00e9daction"},"url":"https:\/\/sunupost.com\/?author=10"}]}},"_links":{"self":[{"href":"https:\/\/sunupost.com\/index.php?rest_route=\/wp\/v2\/posts\/2120","targetHints":{"allow":["GET"]}}],"collection":[{"href":"https:\/\/sunupost.com\/index.php?rest_route=\/wp\/v2\/posts"}],"about":[{"href":"https:\/\/sunupost.com\/index.php?rest_route=\/wp\/v2\/types\/post"}],"author":[{"embeddable":true,"href":"https:\/\/sunupost.com\/index.php?rest_route=\/wp\/v2\/users\/10"}],"replies":[{"embeddable":true,"href":"https:\/\/sunupost.com\/index.php?rest_route=%2Fwp%2Fv2%2Fcomments&post=2120"}],"version-history":[{"count":0,"href":"https:\/\/sunupost.com\/index.php?rest_route=\/wp\/v2\/posts\/2120\/revisions"}],"wp:attachment":[{"href":"https:\/\/sunupost.com\/index.php?rest_route=%2Fwp%2Fv2%2Fmedia&parent=2120"}],"wp:term":[{"taxonomy":"category","embeddable":true,"href":"https:\/\/sunupost.com\/index.php?rest_route=%2Fwp%2Fv2%2Fcategories&post=2120"},{"taxonomy":"post_tag","embeddable":true,"href":"https:\/\/sunupost.com\/index.php?rest_route=%2Fwp%2Fv2%2Ftags&post=2120"}],"curies":[{"name":"wp","href":"https:\/\/api.w.org\/{rel}","templated":true}]}}