{"id":2365,"date":"2020-06-15T11:59:31","date_gmt":"2020-06-15T11:59:31","guid":{"rendered":"https:\/\/sunupost.com\/?p=2365"},"modified":"2020-06-15T11:59:31","modified_gmt":"2020-06-15T11:59:31","slug":"mon-pacte-de-confiance-avec-macky-sall-et-le-peuple","status":"publish","type":"post","link":"https:\/\/sunupost.com\/?p=2365","title":{"rendered":"Mon Pacte De Confiance Avec Macky Sall Et Le Peuple"},"content":{"rendered":"<div class=\"td-post-content td-pb-padding-side\">\n<p style=\"text-align: justify;\">\u00a0Il est des choses bien symboliques dans une vie. Les derni\u00e8res chroniques publi\u00e9es dans ce journal, sous ma plume, ont boug\u00e9 des lignes, secou\u00e9 des baobabs et \u00e9clair\u00e9 sur diff\u00e9rents sujets (\u00abAkilee-Senelec : Qui doit crier au voleur ?\u00bb 18 mai 2020 ; \u00abLe gouvernement est nu\u00bb, 3 juin 2020 et \u00abFinalement, ils ont fait pire que les Wade avec nos terres\u00bb, 6 juin 2020). Les colonnes de ce journal sont le reflet d\u2019une entreprise courageuse de libert\u00e9 d\u2019expression, de transparence dans le traitement de l\u2019information, d\u2019objectivit\u00e9 dans la pr\u00e9sentation des faits et d\u2019exposition au public des diff\u00e9rents enjeux dans notre cher S\u00e9n\u00e9gal. Je me suis lanc\u00e9 dans cette aventure avec un seul d\u00e9fi, faire tout savoir au lecteur pour une marche apais\u00e9e et viable de notre R\u00e9publique. Cette exigence de transparence, de fid\u00e9lit\u00e9 \u00e0 la r\u00e9alit\u00e9 et de souci de l\u2019int\u00e9r\u00eat public, a toujours \u00e9t\u00e9 la marque de fabrique de ce titre. Nos adversaires, tout comme nos sympathisants, nous le reconnaissent. Rien n\u2019est publi\u00e9 dans ces colonnes ou de ma plume sans une connaissance av\u00e9r\u00e9e des faits, sans leur analyse lucide. Ne se dit-il pas dans ce pays que si <em><strong>Le Quotidien<\/strong><\/em>\u00a0le dit, c\u2019est s\u00fbrement vrai ! Le Pr\u00e9sident Abdoulaye Wade avait sorti cette maxime en plein Conseil des ministres !<br \/>\nIl se trouve qu\u2019\u00e0 cet exercice essentiel de la vie d\u00e9mocratique, il y a un tribut \u00e0 payer et un lot d\u2019ingratitudes. Ce tribut, il n\u2019a jamais \u00e9t\u00e9 question pour moi de ne pas y sacrifier. En effet, quand je jette un regard dans le r\u00e9troviseur, plus rien ne m\u2019impressionne. Il n\u2019est gu\u00e8re de logique de tireurs embusqu\u00e9s, les combats qui me tiennent \u00e0 c\u0153ur pour ce pays, je les porte de toutes mes forces. Aucune pression ou menace ne peut me d\u00e9tourner de cette voie. Aucun individu ne pourrait me faire plier parce qu\u2019en connaissant la v\u00e9rit\u00e9, on est bien peu impressionn\u00e9 par tout le vacarme et tous les contre-feux que l\u2019on pourrait pr\u00e9parer pour \u00e9loigner de l\u2019essentiel.<br \/>\nLes proc\u00e8s d\u2019intention ont pu \u00eatre nombreux. Il m\u2019est pr\u00eat\u00e9 d\u2019un c\u00f4t\u00e9 d\u2019\u00eatre en intelligence avec le pr\u00e9sident de la R\u00e9publique Macky Sall pour d\u00e9noncer les failles de sa gouvernance et de lui donner un souffle nouveau. D\u2019un autre, on suppose que je serais en mal avec le pouvoir politique (et\/ou avec son \u00abami\u00bb disent certains), pour chercher \u00e0 le charger de toute force. Il y a m\u00eame le sch\u00e9ma d\u2019un rapprochement avec l\u2019opposition et certains milieux d\u2019affaires pour tout discr\u00e9diter de l\u2019action publique. J\u2019oubliais aussi l\u2019argument selon lequel on pr\u00e9parerait un retour de Karim Wade au bercail et d\u2019une voie toute trac\u00e9e pour lui. On ne peut \u00eatre que renvers\u00e9 par autant de fertilit\u00e9 d\u2019esprit, mais dans l\u2019impasse on peut comprendre que le sauve-qui-peut contraigne certains \u00e0 faire feu de tout bois. Rien de ce jeu ne surprend, la premi\u00e8re vague est de me pr\u00eater des mots et arguments qui ne sont pas les miens. Il arrive m\u00eame d\u2019identifier des personnes confin\u00e9es dans l\u2019anonymat, avec le dessein de les jeter en p\u00e2ture mais en pr\u00e9textant que ce serait Madiambal Diagne qui chercherait \u00e0 leur nuire. La deuxi\u00e8me est de jouer avec un terrorisme intellectuel en orchestrant un tapage avec un agenda que j\u2019aurais contre les religieux. La troisi\u00e8me est celle des coups de b\u00e9lier avec une horde de cavaliers dont la fougue de leur course en dit suffisamment sur les motivations.<br \/>\nJ\u2019en irais \u00e0 dire que rien n\u2019est nouveau sous le soleil. En deux d\u00e9cennies, au gr\u00e9 des humeurs et col\u00e8res des diff\u00e9rents milieux avec les informations trait\u00e9es, ma personne et ce journal ont \u00e9t\u00e9 consid\u00e9r\u00e9s comme armes de lobbys \u00e9conomiques, d\u2019une intelligentsia mouride, d\u2019adversaires politiques du Pr\u00e9sident Wade, de cercles ma\u00e7onniques ou de quelques autres ob\u00e9diences, d\u2019int\u00e9r\u00eats \u00e9trangers, de grad\u00e9s des forces de d\u00e9fense et de s\u00e9curit\u00e9. On finit par se perdre dans ce labyrinthe de connexions et d\u2019explications des plus farfelues. Il est n\u00e9anmoins rassurant qu\u2019avec toutes ces ob\u00e9diences qui nous sont pr\u00eat\u00e9es, nos amis d\u2019aujourd\u2019hui sont nos ennemis du lendemain. Nos adversaires d\u2019hier se muent en fervents sympathisants aujourd\u2019hui. Tout cela au gr\u00e9 des publications et r\u00e9v\u00e9lations de ce journal.<br \/>\nLe travail du journaliste est de soulever des li\u00e8vres, au Peuple et aux autorit\u00e9s publiques de d\u00e9cider de les attraper ou pas. La succession des \u00e9v\u00e9nements suite aux diff\u00e9rentes r\u00e9v\u00e9lations conforte sur le fait que des lignes ont pu \u00eatre boug\u00e9es et des postures revues. L\u2019agitation et le toll\u00e9 qui en ont d\u00e9coul\u00e9, montrent qu\u2019un int\u00e9r\u00eat certain est pr\u00eat\u00e9 \u00e0 ce qui est dit dans ces colonnes. Libre \u00e0 chacun d\u2019interpr\u00e9ter et d\u2019en faire l\u2019usage qui lui semble bon. Il n\u2019est recherch\u00e9 \u00e0 tirer aucune gloire ou de souhaiter \u00e0 qui que ce soit une chute aux enfers. Il n\u2019est pas non plus recherch\u00e9 de jeter qui que ce soit en p\u00e2ture. Ce sont des faits qui ont \u00e9t\u00e9 expos\u00e9s et s\u2019ils impliquent des cha\u00eenes, l\u2019opinion aura au moins gagn\u00e9 \u00e0 voir clair dans tout ce qui se joue en son nom. De la m\u00eame mani\u00e8re que nous avions pouss\u00e9 \u00e0 faire changer beaucoup de choses dans la gouvernance du Pr\u00e9sident Abdoulaye Wade, nous pouvons affirmer avoir obtenu que le Pr\u00e9sident Macky Sall soit assez interpell\u00e9 sur la gestion du Plan de riposte contre le Covid-19, ou sur l\u2019affaire du contrat controvers\u00e9 entre Senelec et Akilee ou sur la gestion des domaines fonciers de l\u2019Etat. L\u2019id\u00e9e qu\u2019une exigence du pr\u00e9sident de la R\u00e9publique sur une clart\u00e9 de tous les faits, allant jusqu\u2019\u00e0 demander une identification des diff\u00e9rentes personnes impliqu\u00e9es dans les diff\u00e9rentes affaires a secou\u00e9 bien des baobabs. Les tirs tous azimuts se comprennent.<br \/>\nIl n\u2019y a aucun mal \u00e0 \u00eatre seul dans un combat et de se voir adversaire de gens dont les int\u00e9r\u00eats propres ont pu \u00eatre mis \u00e0 mal. Le temps reste le meilleur des juges et r\u00e9tablira chacun dans la v\u00e9rit\u00e9. Le S\u00e9n\u00e9gal saura reconna\u00eetre ses fils.<\/p>\n<p><strong>Mon pacte avec Macky Sall<\/strong><br \/>\nMes relations avec le Pr\u00e9sident Macky Sall nourrissent des commentaires et continueront d\u2019alimenter les parlottes. Il doit \u00eatre clair que je m\u2019honore de son amiti\u00e9 et j\u2019ai pour lui de l\u2019affection qu\u2019il me t\u00e9moigne en retour. Cette relation est aussi fond\u00e9e sur du respect et un pacte moral ind\u00e9fectible pour moi. Je n\u2019avais pas de relations suivies avec le Pr\u00e9sident Macky Sall avant ses d\u00e9boires avec le r\u00e9gime de Abdoulaye Wade. C\u2019est en juin 2008, que j\u2019ai eu \u00e0 m\u2019asseoir pour la premi\u00e8re fois avec l\u2019homme qui \u00e9tait alors pr\u00e9sident de l\u2019Assembl\u00e9e nationale. Notre ami commun Alioune Fall, journaliste, avait arrang\u00e9 le rendez-vous au domicile du pr\u00e9sident de l\u2019Assembl\u00e9e nationale. Nous avions eu une discussion franche. Macky Sall n\u2019avait pas cherch\u00e9 \u00e0 se d\u00e9biner le moins du monde. Il avait assum\u00e9 toute sa part de responsabilit\u00e9 dans les actions men\u00e9es par le pouvoir Wade contre ma personne et contre le journal\u00a0<em><strong>Le Quotidien<\/strong><\/em>. Macky Sall avait \u00e9t\u00e9 \u00e0 la t\u00eate d\u2019un gouvernement qui se voulait intraitable avec Madiambal. J\u2019avais salu\u00e9 son courage et son honn\u00eatet\u00e9 pour admettre le r\u00f4le qu\u2019il aurait pu avoir jou\u00e9. Il disait avoir compris le sens et la port\u00e9e de mon combat et m\u2019avait alors invit\u00e9 \u00e0 me joindre \u00e0 lui, \u00abdans le combat qu\u2019il menait pour la d\u00e9mocratie et pour prot\u00e9ger la R\u00e9publique et restaurer ses valeurs\u00bb. Il savait que sa rupture d\u2019avec Wade \u00e9tait inscrite comme une fatalit\u00e9. Je lui avais alors donn\u00e9 une poign\u00e9e de mains pour lui dire \u00abqu\u2019il pouvait d\u00e9sormais compter sur moi\u00bb. Le lendemain, j\u2019avais rassembl\u00e9 mes collaborateurs pour les informer de cette situation.<br \/>\nJ\u2019ai ainsi entretenu des relations r\u00e9guli\u00e8res avec Macky Sall et je m\u2019autorisais \u00e0 lui faire des suggestions et des remarques, durant tout le d\u00e9ploiement de son action politique. A son arriv\u00e9e au pouvoir en 2012, il a tenu \u00e0 raffermir de telles relations et a fait de moi un interlocuteur assez privil\u00e9gi\u00e9 pour discuter de questions majeures. Je me suis fait le serment de lui dire strictement la v\u00e9rit\u00e9, consid\u00e9rant que je ne pourrais lui \u00eatre utile et \u00eatre utile \u00e0 la R\u00e9publique que dans une posture de v\u00e9rit\u00e9 et de franchise. En de nombreuses occasions, l\u2019un et l\u2019autre, nous avons pu \u00e9prouver notre amiti\u00e9. Ce n\u2019est pas pour autant que mon pacte avec le S\u00e9n\u00e9gal en souffrirait d\u2019une quelconque mani\u00e8re. (Source : LeQuotidien)<\/p>\n<\/div>\n<footer>\n<div class=\"td-post-source-tags td-pb-padding-side\"><\/div>\n<div class=\"td-post-sharing td-post-sharing-bottom td-pb-padding-side\">\n<div class=\"td-default-sharing td-with-like\">\n<div class=\"td-sp td-sp-facebook\"><\/div>\n<div class=\"td-sp td-sp-twitter\"><\/div>\n<div class=\"td-sp td-sp-googleplus\"><\/div>\n<div class=\"td-sp td-sp-pinterest\"><\/div>\n<div class=\"td-sp td-sp-whatsapp\"><\/div>\n<\/div>\n<\/div>\n<\/footer>\n","protected":false},"excerpt":{"rendered":"<p>\u00a0Il est des choses bien symboliques dans une vie. Les derni\u00e8res chroniques publi\u00e9es dans ce journal, sous ma plume, ont boug\u00e9 des lignes, secou\u00e9 des&#8230;<\/p>\n","protected":false},"author":10,"featured_media":0,"comment_status":"open","ping_status":"open","sticky":false,"template":"","format":"standard","meta":{"_coblocks_attr":"","_coblocks_dimensions":"","_coblocks_responsive_height":"","_coblocks_accordion_ie_support":"","_monsterinsights_skip_tracking":false,"_monsterinsights_sitenote_active":false,"_monsterinsights_sitenote_note":"","_monsterinsights_sitenote_category":0,"h5ap_radio_sources":[],"footnotes":""},"categories":[10],"tags":[],"class_list":["post-2365","post","type-post","status-publish","format-standard","hentry","category-contribution","wpcat-10-id"],"yoast_head":"<!-- This site is optimized with the Yoast SEO plugin v27.4 - https:\/\/yoast.com\/product\/yoast-seo-wordpress\/ -->\n<title>Mon Pacte De Confiance Avec Macky Sall Et Le Peuple - SUNUPOST<\/title>\n<meta name=\"robots\" content=\"index, follow, max-snippet:-1, max-image-preview:large, max-video-preview:-1\" \/>\n<link rel=\"canonical\" href=\"https:\/\/sunupost.com\/?p=2365\" \/>\n<meta property=\"og:locale\" content=\"fr_FR\" \/>\n<meta property=\"og:type\" content=\"article\" \/>\n<meta property=\"og:title\" content=\"Mon Pacte De Confiance Avec Macky Sall Et Le Peuple - SUNUPOST\" \/>\n<meta property=\"og:description\" content=\"\u00a0Il est des choses bien symboliques dans une vie. Les derni\u00e8res chroniques publi\u00e9es dans ce journal, sous ma plume, ont boug\u00e9 des lignes, secou\u00e9 des...\" \/>\n<meta property=\"og:url\" content=\"https:\/\/sunupost.com\/?p=2365\" \/>\n<meta property=\"og:site_name\" content=\"SUNUPOST\" \/>\n<meta property=\"article:publisher\" content=\"https:\/\/web.facebook.com\/Sunupost-101026658237468\/\" \/>\n<meta property=\"article:published_time\" content=\"2020-06-15T11:59:31+00:00\" \/>\n<meta name=\"author\" content=\"La R\u00e9daction\" \/>\n<meta name=\"twitter:card\" content=\"summary_large_image\" \/>\n<meta name=\"twitter:creator\" content=\"@sunupost\" \/>\n<meta name=\"twitter:site\" content=\"@sunupost\" \/>\n<meta name=\"twitter:label1\" content=\"\u00c9crit par\" \/>\n\t<meta name=\"twitter:data1\" content=\"La R\u00e9daction\" \/>\n\t<meta name=\"twitter:label2\" content=\"Dur\u00e9e de lecture estim\u00e9e\" \/>\n\t<meta name=\"twitter:data2\" content=\"8 minutes\" \/>\n<script type=\"application\/ld+json\" class=\"yoast-schema-graph\">{\"@context\":\"https:\\\/\\\/schema.org\",\"@graph\":[{\"@type\":\"Article\",\"@id\":\"https:\\\/\\\/sunupost.com\\\/?p=2365#article\",\"isPartOf\":{\"@id\":\"https:\\\/\\\/sunupost.com\\\/?p=2365\"},\"author\":{\"name\":\"La R\u00e9daction\",\"@id\":\"https:\\\/\\\/sunupost.com\\\/#\\\/schema\\\/person\\\/9c04c80a48c29cd2be004cf57947ebb0\"},\"headline\":\"Mon Pacte De Confiance Avec Macky Sall Et Le Peuple\",\"datePublished\":\"2020-06-15T11:59:31+00:00\",\"mainEntityOfPage\":{\"@id\":\"https:\\\/\\\/sunupost.com\\\/?p=2365\"},\"wordCount\":1562,\"commentCount\":385,\"publisher\":{\"@id\":\"https:\\\/\\\/sunupost.com\\\/#organization\"},\"articleSection\":[\"CONTRIBUTION\"],\"inLanguage\":\"fr-FR\",\"potentialAction\":[{\"@type\":\"CommentAction\",\"name\":\"Comment\",\"target\":[\"https:\\\/\\\/sunupost.com\\\/?p=2365#respond\"]}]},{\"@type\":\"WebPage\",\"@id\":\"https:\\\/\\\/sunupost.com\\\/?p=2365\",\"url\":\"https:\\\/\\\/sunupost.com\\\/?p=2365\",\"name\":\"Mon Pacte De Confiance Avec Macky Sall Et Le Peuple - SUNUPOST\",\"isPartOf\":{\"@id\":\"https:\\\/\\\/sunupost.com\\\/#website\"},\"datePublished\":\"2020-06-15T11:59:31+00:00\",\"breadcrumb\":{\"@id\":\"https:\\\/\\\/sunupost.com\\\/?p=2365#breadcrumb\"},\"inLanguage\":\"fr-FR\",\"potentialAction\":[{\"@type\":\"ReadAction\",\"target\":[\"https:\\\/\\\/sunupost.com\\\/?p=2365\"]}]},{\"@type\":\"BreadcrumbList\",\"@id\":\"https:\\\/\\\/sunupost.com\\\/?p=2365#breadcrumb\",\"itemListElement\":[{\"@type\":\"ListItem\",\"position\":1,\"name\":\"Home\",\"item\":\"https:\\\/\\\/sunupost.com\\\/\"},{\"@type\":\"ListItem\",\"position\":2,\"name\":\"Mon Pacte De Confiance Avec Macky Sall Et Le Peuple\"}]},{\"@type\":\"WebSite\",\"@id\":\"https:\\\/\\\/sunupost.com\\\/#website\",\"url\":\"https:\\\/\\\/sunupost.com\\\/\",\"name\":\"SUNUPOST\",\"description\":\"Pens\u00e9e libre\",\"publisher\":{\"@id\":\"https:\\\/\\\/sunupost.com\\\/#organization\"},\"potentialAction\":[{\"@type\":\"SearchAction\",\"target\":{\"@type\":\"EntryPoint\",\"urlTemplate\":\"https:\\\/\\\/sunupost.com\\\/?s={search_term_string}\"},\"query-input\":{\"@type\":\"PropertyValueSpecification\",\"valueRequired\":true,\"valueName\":\"search_term_string\"}}],\"inLanguage\":\"fr-FR\"},{\"@type\":\"Organization\",\"@id\":\"https:\\\/\\\/sunupost.com\\\/#organization\",\"name\":\"SUNUPOST\",\"url\":\"https:\\\/\\\/sunupost.com\\\/\",\"logo\":{\"@type\":\"ImageObject\",\"inLanguage\":\"fr-FR\",\"@id\":\"https:\\\/\\\/sunupost.com\\\/#\\\/schema\\\/logo\\\/image\\\/\",\"url\":\"https:\\\/\\\/secureservercdn.net\\\/198.71.233.206\\\/17w.044.myftpupload.com\\\/wp-content\\\/uploads\\\/2020\\\/05\\\/Lancement.jpg?time=1639052812\",\"contentUrl\":\"https:\\\/\\\/secureservercdn.net\\\/198.71.233.206\\\/17w.044.myftpupload.com\\\/wp-content\\\/uploads\\\/2020\\\/05\\\/Lancement.jpg?time=1639052812\",\"width\":300,\"height\":100,\"caption\":\"SUNUPOST\"},\"image\":{\"@id\":\"https:\\\/\\\/sunupost.com\\\/#\\\/schema\\\/logo\\\/image\\\/\"},\"sameAs\":[\"https:\\\/\\\/web.facebook.com\\\/Sunupost-101026658237468\\\/\",\"https:\\\/\\\/x.com\\\/sunupost\",\"https:\\\/\\\/www.instagram.com\\\/sunupost\\\/\",\"https:\\\/\\\/www.youtube.com\\\/channel\\\/UCd7V7bCkLDOee8yr7CW4Dpw\"]},{\"@type\":\"Person\",\"@id\":\"https:\\\/\\\/sunupost.com\\\/#\\\/schema\\\/person\\\/9c04c80a48c29cd2be004cf57947ebb0\",\"name\":\"La R\u00e9daction\",\"image\":{\"@type\":\"ImageObject\",\"inLanguage\":\"fr-FR\",\"@id\":\"https:\\\/\\\/secure.gravatar.com\\\/avatar\\\/1dc7c1ffd136391c1a6d8806c3431e1a2dd9445015e3f66472e3c63e9c80807e?s=96&d=mm&r=g\",\"url\":\"https:\\\/\\\/secure.gravatar.com\\\/avatar\\\/1dc7c1ffd136391c1a6d8806c3431e1a2dd9445015e3f66472e3c63e9c80807e?s=96&d=mm&r=g\",\"contentUrl\":\"https:\\\/\\\/secure.gravatar.com\\\/avatar\\\/1dc7c1ffd136391c1a6d8806c3431e1a2dd9445015e3f66472e3c63e9c80807e?s=96&d=mm&r=g\",\"caption\":\"La R\u00e9daction\"},\"url\":\"https:\\\/\\\/sunupost.com\\\/?author=10\"}]}<\/script>\n<!-- \/ Yoast SEO plugin. -->","yoast_head_json":{"title":"Mon Pacte De Confiance Avec Macky Sall Et Le Peuple - SUNUPOST","robots":{"index":"index","follow":"follow","max-snippet":"max-snippet:-1","max-image-preview":"max-image-preview:large","max-video-preview":"max-video-preview:-1"},"canonical":"https:\/\/sunupost.com\/?p=2365","og_locale":"fr_FR","og_type":"article","og_title":"Mon Pacte De Confiance Avec Macky Sall Et Le Peuple - SUNUPOST","og_description":"\u00a0Il est des choses bien symboliques dans une vie. Les derni\u00e8res chroniques publi\u00e9es dans ce journal, sous ma plume, ont boug\u00e9 des lignes, secou\u00e9 des...","og_url":"https:\/\/sunupost.com\/?p=2365","og_site_name":"SUNUPOST","article_publisher":"https:\/\/web.facebook.com\/Sunupost-101026658237468\/","article_published_time":"2020-06-15T11:59:31+00:00","author":"La R\u00e9daction","twitter_card":"summary_large_image","twitter_creator":"@sunupost","twitter_site":"@sunupost","twitter_misc":{"\u00c9crit par":"La R\u00e9daction","Dur\u00e9e de lecture estim\u00e9e":"8 minutes"},"schema":{"@context":"https:\/\/schema.org","@graph":[{"@type":"Article","@id":"https:\/\/sunupost.com\/?p=2365#article","isPartOf":{"@id":"https:\/\/sunupost.com\/?p=2365"},"author":{"name":"La R\u00e9daction","@id":"https:\/\/sunupost.com\/#\/schema\/person\/9c04c80a48c29cd2be004cf57947ebb0"},"headline":"Mon Pacte De Confiance Avec Macky Sall Et Le Peuple","datePublished":"2020-06-15T11:59:31+00:00","mainEntityOfPage":{"@id":"https:\/\/sunupost.com\/?p=2365"},"wordCount":1562,"commentCount":385,"publisher":{"@id":"https:\/\/sunupost.com\/#organization"},"articleSection":["CONTRIBUTION"],"inLanguage":"fr-FR","potentialAction":[{"@type":"CommentAction","name":"Comment","target":["https:\/\/sunupost.com\/?p=2365#respond"]}]},{"@type":"WebPage","@id":"https:\/\/sunupost.com\/?p=2365","url":"https:\/\/sunupost.com\/?p=2365","name":"Mon Pacte De Confiance Avec Macky Sall Et Le Peuple - SUNUPOST","isPartOf":{"@id":"https:\/\/sunupost.com\/#website"},"datePublished":"2020-06-15T11:59:31+00:00","breadcrumb":{"@id":"https:\/\/sunupost.com\/?p=2365#breadcrumb"},"inLanguage":"fr-FR","potentialAction":[{"@type":"ReadAction","target":["https:\/\/sunupost.com\/?p=2365"]}]},{"@type":"BreadcrumbList","@id":"https:\/\/sunupost.com\/?p=2365#breadcrumb","itemListElement":[{"@type":"ListItem","position":1,"name":"Home","item":"https:\/\/sunupost.com\/"},{"@type":"ListItem","position":2,"name":"Mon Pacte De Confiance Avec Macky Sall Et Le Peuple"}]},{"@type":"WebSite","@id":"https:\/\/sunupost.com\/#website","url":"https:\/\/sunupost.com\/","name":"SUNUPOST","description":"Pens\u00e9e libre","publisher":{"@id":"https:\/\/sunupost.com\/#organization"},"potentialAction":[{"@type":"SearchAction","target":{"@type":"EntryPoint","urlTemplate":"https:\/\/sunupost.com\/?s={search_term_string}"},"query-input":{"@type":"PropertyValueSpecification","valueRequired":true,"valueName":"search_term_string"}}],"inLanguage":"fr-FR"},{"@type":"Organization","@id":"https:\/\/sunupost.com\/#organization","name":"SUNUPOST","url":"https:\/\/sunupost.com\/","logo":{"@type":"ImageObject","inLanguage":"fr-FR","@id":"https:\/\/sunupost.com\/#\/schema\/logo\/image\/","url":"https:\/\/secureservercdn.net\/198.71.233.206\/17w.044.myftpupload.com\/wp-content\/uploads\/2020\/05\/Lancement.jpg?time=1639052812","contentUrl":"https:\/\/secureservercdn.net\/198.71.233.206\/17w.044.myftpupload.com\/wp-content\/uploads\/2020\/05\/Lancement.jpg?time=1639052812","width":300,"height":100,"caption":"SUNUPOST"},"image":{"@id":"https:\/\/sunupost.com\/#\/schema\/logo\/image\/"},"sameAs":["https:\/\/web.facebook.com\/Sunupost-101026658237468\/","https:\/\/x.com\/sunupost","https:\/\/www.instagram.com\/sunupost\/","https:\/\/www.youtube.com\/channel\/UCd7V7bCkLDOee8yr7CW4Dpw"]},{"@type":"Person","@id":"https:\/\/sunupost.com\/#\/schema\/person\/9c04c80a48c29cd2be004cf57947ebb0","name":"La R\u00e9daction","image":{"@type":"ImageObject","inLanguage":"fr-FR","@id":"https:\/\/secure.gravatar.com\/avatar\/1dc7c1ffd136391c1a6d8806c3431e1a2dd9445015e3f66472e3c63e9c80807e?s=96&d=mm&r=g","url":"https:\/\/secure.gravatar.com\/avatar\/1dc7c1ffd136391c1a6d8806c3431e1a2dd9445015e3f66472e3c63e9c80807e?s=96&d=mm&r=g","contentUrl":"https:\/\/secure.gravatar.com\/avatar\/1dc7c1ffd136391c1a6d8806c3431e1a2dd9445015e3f66472e3c63e9c80807e?s=96&d=mm&r=g","caption":"La R\u00e9daction"},"url":"https:\/\/sunupost.com\/?author=10"}]}},"_links":{"self":[{"href":"https:\/\/sunupost.com\/index.php?rest_route=\/wp\/v2\/posts\/2365","targetHints":{"allow":["GET"]}}],"collection":[{"href":"https:\/\/sunupost.com\/index.php?rest_route=\/wp\/v2\/posts"}],"about":[{"href":"https:\/\/sunupost.com\/index.php?rest_route=\/wp\/v2\/types\/post"}],"author":[{"embeddable":true,"href":"https:\/\/sunupost.com\/index.php?rest_route=\/wp\/v2\/users\/10"}],"replies":[{"embeddable":true,"href":"https:\/\/sunupost.com\/index.php?rest_route=%2Fwp%2Fv2%2Fcomments&post=2365"}],"version-history":[{"count":0,"href":"https:\/\/sunupost.com\/index.php?rest_route=\/wp\/v2\/posts\/2365\/revisions"}],"wp:attachment":[{"href":"https:\/\/sunupost.com\/index.php?rest_route=%2Fwp%2Fv2%2Fmedia&parent=2365"}],"wp:term":[{"taxonomy":"category","embeddable":true,"href":"https:\/\/sunupost.com\/index.php?rest_route=%2Fwp%2Fv2%2Fcategories&post=2365"},{"taxonomy":"post_tag","embeddable":true,"href":"https:\/\/sunupost.com\/index.php?rest_route=%2Fwp%2Fv2%2Ftags&post=2365"}],"curies":[{"name":"wp","href":"https:\/\/api.w.org\/{rel}","templated":true}]}}