{"id":2948,"date":"2020-07-23T02:38:07","date_gmt":"2020-07-23T02:38:07","guid":{"rendered":"https:\/\/sunupost.com\/?p=2948"},"modified":"2020-07-23T02:38:07","modified_gmt":"2020-07-23T02:38:07","slug":"contexte-pandemique-et-situations-sociopolitique-et-economique-la-gouvernance-de-macky-mise-a-nu-par-le-professeur-cheikh-faye","status":"publish","type":"post","link":"https:\/\/sunupost.com\/?p=2948","title":{"rendered":"Contexte Pand\u00e9mique Et Situations Sociopolitique Et \u00c9conomique : La Gouvernance De Macky Mise \u00e0 Nu Par Le Professeur Cheikh FAYE."},"content":{"rendered":"<p style=\"text-align: justify;\"><strong>Interrog\u00e9 par nos confr\u00e8res du journal Le Temoin, le professeur Cheikh FAYE, par ailleurs cadre de La R\u00e9publique des Valeurs, residant au Canada, s&rsquo;est largement illustr\u00e9 par ses pertinentes et percutentes analyses sur les situations sociale et \u00e9conomique du pays.<\/strong><br \/>\nA la question de savoir, ce qui explique le subit regain du foncier au S\u00e9n\u00e9gal, le professeur \u00e9tale la probl\u00e9matique en trois raisons.<br \/>\nLa premi\u00e8re est \u00e0 chercher dans les pratiques d\u2019accaparement des terres par l\u2019\u00e9lite politico-administrative \u00e0 des fins sp\u00e9culatives. Ces pratiques sont devenues effr\u00e9n\u00e9es, voire g\u00e9n\u00e9ralis\u00e9es sous le r\u00e8gne du Pr\u00e9sident Macky Sall. C\u2019est donc une infime minorit\u00e9, qui d\u00e9tourne \u00e0 des fins personnelles, les pr\u00e9rogatives qu\u2019elle tient du peuple pour se constituer un capital financier personnel et\/ou des fonds politiques destin\u00e9s \u00e0 acheter et fid\u00e9liser une client\u00e8le partisane. De plus, les vis\u00e9es de plusieurs compagnies multinationales favorisent cette boulimie fonci\u00e8re en \u00e9tant un facteur d\u2019acc\u00e9l\u00e9ration de la d\u00e9possession des terres appartenant aux masses paysannes \u00e0 leur exclusif profit sous pr\u00e9texte d\u2019investissements massifs. L\u2019implantation de grandes firmes horticoles et agricoles le long du fleuve S\u00e9n\u00e9gal en est une parfaite illustration. Certaines de ces terres leur ont \u00e9t\u00e9 c\u00e9d\u00e9es par des membres de l\u2019\u00e9lite politico-administrative qui en \u00e9taient attributaires au d\u00e9triment des paysans qui les cultivaient. La seconde raison explicative tient aux effets d\u2019un retour de b\u00e2ton. Rappelez-vous, d\u00e8s son arriv\u00e9e au pouvoir, le Pr\u00e9sident Macky Sall avait mis en place une Commission nationale de la r\u00e9forme fonci\u00e8re (CNRF). La CNRF \u00e9tait pr\u00e9sid\u00e9e, d\u2019abord, par Me Doudou NDoye, qui a fini tr\u00e8s vite par jeter l\u2019\u00e9ponge face au manque de moyens et de volont\u00e9 politique du r\u00e9gime. Il est remplac\u00e9 par le Professeur Moustapha Sourang qui a fait, avec son \u00e9quipe, un travail remarquable, dont les principales recommandations pouvaient servir de rampe \u00e0 la mise en place d\u2019une ambitieuse r\u00e9forme qui aurait favoriser, entres autres, une gestion fonci\u00e8re plus \u00e9quitable et plus transparente, qui garantirait la s\u00e9curit\u00e9 fonci\u00e8re des populations et favoriserait les activit\u00e9s \u00e9conomiques. Le Pr\u00e9sident de la R\u00e9publique a jet\u00e9 ces recommandations \u00e0 la poubelle, puis dissout la CNRF moins de deux moins apr\u00e8s la remise de son rapport. Donc, ce regain foncier que l\u2019on enregistre aujourd\u2019hui n\u2019est que le r\u00e9sultat de l\u2019inaction du Pr\u00e9sident Macky Sall \u00e0 travers son rejet de solutions qui auraient pu changer positivement la gestion de la question fonci\u00e8re. Troisi\u00e8me et derni\u00e8re raison, ce regain foncier s\u2019inscrit dans le contexte de l\u2019utilisation massive et g\u00e9n\u00e9ralis\u00e9e des r\u00e9seaux sociaux. Le s\u00e9n\u00e9galais habitant \u00e0 MBane, NDingler, Keur Samba Kane ou Gu\u00e9r\u00e9o, qui se sent l\u00e9s\u00e9, peut rapidement alerter sur la spoliation dont il pense \u00eatre victime et provoquer un \u00e9lan de solidarit\u00e9 sur les r\u00e9seaux sociaux, lequel va finir par une mobilisation sur le terrain.<\/p>\n<p style=\"text-align: justify;\">\nSur la publication des rapports de l&rsquo;IGE et de la demande du pr\u00e9sident de la r\u00e9publique aux ministres de proc\u00e9der \u00e0 une d\u00e9claration de patrimoine, Dr FAYE argue ainsi dans \u2039\u2039 Le Temoin \u203a\u203a : \u2039\u2039 Ces deux \u00e9v\u00e8nements que vous \u00e9voquez, publication des rapports de l\u2019IGE et rappel de l\u2019obligation de d\u00e9clarer son patrimoine, ne semblent pas li\u00e9s \u00e9tant donn\u00e9 que la d\u00e9claration de patrimoine rel\u00e8ve de la comp\u00e9tence de l\u2019OFNAC et non celle de l\u2019IGE. Toutefois, il est possible de penser que ces deux \u00e9v\u00e8nements participent \u00e0 un m\u00eame objectif, purement politique : la neutralisation de certaines personnes ou franges du pouvoir bien cibl\u00e9es. En effet, la question pertinente qui se pose est de savoir pourquoi maintenant ? Pourquoi, apr\u00e8s 5 ans de retard dans la publication de ses rapports, l\u2019IGE se d\u00e9cide \u00e0 les rendre publics ? La fin de mandat prochaine du V\u00e9rificateur g\u00e9n\u00e9ral du S\u00e9n\u00e9gal, le patron de l\u2019IGE, n\u2019expliquerait pas tout. Pourquoi, apr\u00e8s moult rappels de la Pr\u00e9sidente de l\u2019OFNAC, sous le regard indiff\u00e9rent du Pr\u00e9sident de la R\u00e9publique, celui-ci sort brusquement de sa torpeur et enjoint ses collaborateurs de proc\u00e9der, illico presto, \u00e0 leur d\u00e9claration de patrimoine ? Ces questions sont l\u00e9gitimes et pertinentes tant le Pr\u00e9sident Macky Sall nous a habitu\u00e9s \u00e0 prendre des d\u00e9cisions o\u00f9 les calculs et consid\u00e9rations politiques priment \u203a\u203a.<br \/>\nPour ainsi conclure son entretien avec nos confr\u00e8res de Le Temoin, le camarade de Thierno Alassane SALL voit en la gestion de la pand\u00e9mie au S\u00e9n\u00e9gal, \u2039\u2039 un echec patent et indiscutable \u203a\u203a.<br \/>\nPour ce responsable de La R\u00e9publique des Valeurs r\u00e9sidant au Canada, \u2039\u2039 Il importe d\u2019embl\u00e9e de pr\u00e9ciser que cet \u00e9chec est celui du Gouvernement et il est non imputable au personnel de sant\u00e9 (toutes cat\u00e9gories professionnelles confondues), qui a d\u00e9montr\u00e9 sa comp\u00e9tence, fait preuve d\u2019engagement et montr\u00e9 son sens du d\u00e9vouement remarquable. L\u2019\u00e9chec du Gouvernement peut s\u2019analyser sous 4 angles : au plan strat\u00e9gique, au plan du management, au plan de la communication et au plan sanitaire<br \/>\nAu plan strat\u00e9gique, on peut noter, d\u2019abord, une absence d\u2019anticipation du gouvernement : officiellement, le Centre des op\u00e9rations d&rsquo;urgence sanitaire (COUS) n\u2019a \u00e9t\u00e9 actionn\u00e9 que le 2 mars 2020, date d\u2019apparition du premier cas de covid-19 au S\u00e9n\u00e9gal alors que l\u2019OMS avait d\u00e9clar\u00e9 l\u2019\u00e9pid\u00e9mie de COVID-19 comme urgence de sant\u00e9 publique de port\u00e9e internationale le 30 janvier 2020. Ensuite, ce f\u00fbt une erreur de privil\u00e9gier, au d\u00e9part de la pand\u00e9mie, une approche bio-m\u00e9dicale au d\u00e9triment d\u2019une approche inclusive communautaire. C\u2019est maintenant qu\u2019on a commenc\u00e9 \u00e0 s\u2019y mettre en essayant d\u2019apporter quelques corrections. Enfin, ce f\u00fbt une erreur d\u2019accorder la priorit\u00e9 aux mesures sociales (achat et distribution de riz, huile, sucre, etc.) au lieu d\u2019intensifier les mesures pr\u00e9ventives au plan sanitaire et de travailler \u00e0 la modification des comportements.<br \/>\nAu plan du management, on a assist\u00e9, \u00e0 une trop grande centralisation de la gestion par un noyau dur au sein du Minist\u00e8re au d\u00e9but de l\u2019\u00e9pid\u00e9mie. Aussi, il y a eu une concentration des moyens au sommet au d\u00e9triment des districts sanitaires. Les p\u00e9titions et sorties publiques de plusieurs segments du secteur de la sant\u00e9 r\u00e9clamant leur implication dans la gestion de la pand\u00e9mie en est la preuve. La n\u00e9bulosit\u00e9 dans l\u2019octroi des march\u00e9s d\u2019aides alimentaires, des \u00e9quipements de sant\u00e9 et l\u2019\u00e9tirement des d\u00e9lais de distribution (pr\u00e9vus en 15 jours ils ont dur\u00e9, finalement, plus de 4 mois) constituent des preuves irr\u00e9futables de mauvaise gestion de la pand\u00e9mie.<br \/>\nAu plan de la communication, le manque de coh\u00e9rence avec des messages contradictoires, comme par exemple les march\u00e9s restent ouverts alors les mosqu\u00e9es sont ferm\u00e9es, ont fait le lit du d\u00e9ni, du rejet, de la stigmatisation, voire de la d\u00e9fiance. Aussi, le fait que le Pr\u00e9sident de la R\u00e9publique demande aux s\u00e9n\u00e9galais d\u2019apprendre \u00e0 vivre avec le virus est assimilable \u00e0 une d\u00e9mission, un abandon, une d\u00e9sertion du G\u00e9n\u00e9ral en rase campagne et sa capitulation devant la Covid-19.<br \/>\nEnfin au plan sanitaire, on est confront\u00e9 \u00e0 une multiplication et \u00e0 une acc\u00e9l\u00e9ration des cas : exemple le nombre de morts enregistr\u00e9 en juin d\u00e9passe celui des 3 mois pr\u00e9c\u00e9dents. La gestion de la covid-19 a mis en exergue les insuffisances des structures et moyens sanitaires : les structures hospitali\u00e8res ont \u00e9t\u00e9 vite d\u00e9bord\u00e9es. Ce qui a donn\u00e9 lieu \u00e0 l\u2019ouverture de nouveaux lieux de prise en charge extra hospitali\u00e8re. L\u2019aggravation de cette situation a conduit, r\u00e9cemment, \u00e0 l\u2019instauration d\u2019une prise en charge domiciliaire. Enfin, le Minist\u00e8re de la sant\u00e9 se montre incapable de r\u00e9aliser les objectifs qu\u2019il s\u2019\u00e9tait lui-m\u00eame assign\u00e9s : il pr\u00e9voyait de r\u00e9aliser 4 000 tests \/ jour alors qu\u2019il peine toujours \u00e0 atteindre le nombre de 1 500 \/jour.<\/p>\n","protected":false},"excerpt":{"rendered":"<p>Interrog\u00e9 par nos confr\u00e8res du journal Le Temoin, le professeur Cheikh FAYE, par ailleurs cadre de La R\u00e9publique des Valeurs, residant au Canada, s&rsquo;est largement&#8230;<\/p>\n","protected":false},"author":10,"featured_media":0,"comment_status":"open","ping_status":"open","sticky":false,"template":"","format":"standard","meta":{"_coblocks_attr":"","_coblocks_dimensions":"","_coblocks_responsive_height":"","_coblocks_accordion_ie_support":"","_monsterinsights_skip_tracking":false,"_monsterinsights_sitenote_active":false,"_monsterinsights_sitenote_note":"","_monsterinsights_sitenote_category":0,"h5ap_radio_sources":[],"footnotes":""},"categories":[15,6],"tags":[],"class_list":["post-2948","post","type-post","status-publish","format-standard","hentry","category-a-la-une","category-politique","wpcat-15-id","wpcat-6-id"],"yoast_head":"<!-- This site is optimized with the Yoast SEO plugin v27.4 - https:\/\/yoast.com\/product\/yoast-seo-wordpress\/ -->\n<title>Contexte Pand\u00e9mique Et Situations Sociopolitique Et \u00c9conomique : La Gouvernance De Macky Mise \u00e0 Nu Par Le Professeur Cheikh FAYE. - SUNUPOST<\/title>\n<meta name=\"robots\" content=\"index, follow, max-snippet:-1, max-image-preview:large, max-video-preview:-1\" \/>\n<link rel=\"canonical\" href=\"https:\/\/sunupost.com\/?p=2948\" \/>\n<meta property=\"og:locale\" content=\"fr_FR\" \/>\n<meta property=\"og:type\" content=\"article\" \/>\n<meta property=\"og:title\" content=\"Contexte Pand\u00e9mique Et Situations Sociopolitique Et \u00c9conomique : La Gouvernance De Macky Mise \u00e0 Nu Par Le Professeur Cheikh FAYE. - SUNUPOST\" \/>\n<meta property=\"og:description\" content=\"Interrog\u00e9 par nos confr\u00e8res du journal Le Temoin, le professeur Cheikh FAYE, par ailleurs cadre de La R\u00e9publique des Valeurs, residant au Canada, s&rsquo;est largement...\" \/>\n<meta property=\"og:url\" content=\"https:\/\/sunupost.com\/?p=2948\" \/>\n<meta property=\"og:site_name\" content=\"SUNUPOST\" \/>\n<meta property=\"article:publisher\" content=\"https:\/\/web.facebook.com\/Sunupost-101026658237468\/\" \/>\n<meta property=\"article:published_time\" content=\"2020-07-23T02:38:07+00:00\" \/>\n<meta name=\"author\" content=\"La R\u00e9daction\" \/>\n<meta name=\"twitter:card\" content=\"summary_large_image\" \/>\n<meta name=\"twitter:creator\" content=\"@sunupost\" \/>\n<meta name=\"twitter:site\" content=\"@sunupost\" \/>\n<meta name=\"twitter:label1\" content=\"\u00c9crit par\" \/>\n\t<meta name=\"twitter:data1\" content=\"La R\u00e9daction\" \/>\n\t<meta name=\"twitter:label2\" content=\"Dur\u00e9e de lecture estim\u00e9e\" \/>\n\t<meta name=\"twitter:data2\" content=\"7 minutes\" \/>\n<script type=\"application\/ld+json\" class=\"yoast-schema-graph\">{\"@context\":\"https:\\\/\\\/schema.org\",\"@graph\":[{\"@type\":\"Article\",\"@id\":\"https:\\\/\\\/sunupost.com\\\/?p=2948#article\",\"isPartOf\":{\"@id\":\"https:\\\/\\\/sunupost.com\\\/?p=2948\"},\"author\":{\"name\":\"La R\u00e9daction\",\"@id\":\"https:\\\/\\\/sunupost.com\\\/#\\\/schema\\\/person\\\/9c04c80a48c29cd2be004cf57947ebb0\"},\"headline\":\"Contexte Pand\u00e9mique Et Situations Sociopolitique Et \u00c9conomique : La Gouvernance De Macky Mise \u00e0 Nu Par Le Professeur Cheikh FAYE.\",\"datePublished\":\"2020-07-23T02:38:07+00:00\",\"mainEntityOfPage\":{\"@id\":\"https:\\\/\\\/sunupost.com\\\/?p=2948\"},\"wordCount\":1410,\"commentCount\":670,\"publisher\":{\"@id\":\"https:\\\/\\\/sunupost.com\\\/#organization\"},\"articleSection\":[\"A LA UNE\",\"POLITIQUE\"],\"inLanguage\":\"fr-FR\",\"potentialAction\":[{\"@type\":\"CommentAction\",\"name\":\"Comment\",\"target\":[\"https:\\\/\\\/sunupost.com\\\/?p=2948#respond\"]}]},{\"@type\":\"WebPage\",\"@id\":\"https:\\\/\\\/sunupost.com\\\/?p=2948\",\"url\":\"https:\\\/\\\/sunupost.com\\\/?p=2948\",\"name\":\"Contexte Pand\u00e9mique Et Situations Sociopolitique Et \u00c9conomique : La Gouvernance De Macky Mise \u00e0 Nu Par Le Professeur Cheikh FAYE. - SUNUPOST\",\"isPartOf\":{\"@id\":\"https:\\\/\\\/sunupost.com\\\/#website\"},\"datePublished\":\"2020-07-23T02:38:07+00:00\",\"breadcrumb\":{\"@id\":\"https:\\\/\\\/sunupost.com\\\/?p=2948#breadcrumb\"},\"inLanguage\":\"fr-FR\",\"potentialAction\":[{\"@type\":\"ReadAction\",\"target\":[\"https:\\\/\\\/sunupost.com\\\/?p=2948\"]}]},{\"@type\":\"BreadcrumbList\",\"@id\":\"https:\\\/\\\/sunupost.com\\\/?p=2948#breadcrumb\",\"itemListElement\":[{\"@type\":\"ListItem\",\"position\":1,\"name\":\"Home\",\"item\":\"https:\\\/\\\/sunupost.com\\\/\"},{\"@type\":\"ListItem\",\"position\":2,\"name\":\"Contexte Pand\u00e9mique Et Situations Sociopolitique Et \u00c9conomique : La Gouvernance De Macky Mise \u00e0 Nu Par Le Professeur Cheikh FAYE.\"}]},{\"@type\":\"WebSite\",\"@id\":\"https:\\\/\\\/sunupost.com\\\/#website\",\"url\":\"https:\\\/\\\/sunupost.com\\\/\",\"name\":\"SUNUPOST\",\"description\":\"Pens\u00e9e libre\",\"publisher\":{\"@id\":\"https:\\\/\\\/sunupost.com\\\/#organization\"},\"potentialAction\":[{\"@type\":\"SearchAction\",\"target\":{\"@type\":\"EntryPoint\",\"urlTemplate\":\"https:\\\/\\\/sunupost.com\\\/?s={search_term_string}\"},\"query-input\":{\"@type\":\"PropertyValueSpecification\",\"valueRequired\":true,\"valueName\":\"search_term_string\"}}],\"inLanguage\":\"fr-FR\"},{\"@type\":\"Organization\",\"@id\":\"https:\\\/\\\/sunupost.com\\\/#organization\",\"name\":\"SUNUPOST\",\"url\":\"https:\\\/\\\/sunupost.com\\\/\",\"logo\":{\"@type\":\"ImageObject\",\"inLanguage\":\"fr-FR\",\"@id\":\"https:\\\/\\\/sunupost.com\\\/#\\\/schema\\\/logo\\\/image\\\/\",\"url\":\"https:\\\/\\\/secureservercdn.net\\\/198.71.233.206\\\/17w.044.myftpupload.com\\\/wp-content\\\/uploads\\\/2020\\\/05\\\/Lancement.jpg?time=1639052812\",\"contentUrl\":\"https:\\\/\\\/secureservercdn.net\\\/198.71.233.206\\\/17w.044.myftpupload.com\\\/wp-content\\\/uploads\\\/2020\\\/05\\\/Lancement.jpg?time=1639052812\",\"width\":300,\"height\":100,\"caption\":\"SUNUPOST\"},\"image\":{\"@id\":\"https:\\\/\\\/sunupost.com\\\/#\\\/schema\\\/logo\\\/image\\\/\"},\"sameAs\":[\"https:\\\/\\\/web.facebook.com\\\/Sunupost-101026658237468\\\/\",\"https:\\\/\\\/x.com\\\/sunupost\",\"https:\\\/\\\/www.instagram.com\\\/sunupost\\\/\",\"https:\\\/\\\/www.youtube.com\\\/channel\\\/UCd7V7bCkLDOee8yr7CW4Dpw\"]},{\"@type\":\"Person\",\"@id\":\"https:\\\/\\\/sunupost.com\\\/#\\\/schema\\\/person\\\/9c04c80a48c29cd2be004cf57947ebb0\",\"name\":\"La R\u00e9daction\",\"image\":{\"@type\":\"ImageObject\",\"inLanguage\":\"fr-FR\",\"@id\":\"https:\\\/\\\/secure.gravatar.com\\\/avatar\\\/1dc7c1ffd136391c1a6d8806c3431e1a2dd9445015e3f66472e3c63e9c80807e?s=96&d=mm&r=g\",\"url\":\"https:\\\/\\\/secure.gravatar.com\\\/avatar\\\/1dc7c1ffd136391c1a6d8806c3431e1a2dd9445015e3f66472e3c63e9c80807e?s=96&d=mm&r=g\",\"contentUrl\":\"https:\\\/\\\/secure.gravatar.com\\\/avatar\\\/1dc7c1ffd136391c1a6d8806c3431e1a2dd9445015e3f66472e3c63e9c80807e?s=96&d=mm&r=g\",\"caption\":\"La R\u00e9daction\"},\"url\":\"https:\\\/\\\/sunupost.com\\\/?author=10\"}]}<\/script>\n<!-- \/ Yoast SEO plugin. -->","yoast_head_json":{"title":"Contexte Pand\u00e9mique Et Situations Sociopolitique Et \u00c9conomique : La Gouvernance De Macky Mise \u00e0 Nu Par Le Professeur Cheikh FAYE. - SUNUPOST","robots":{"index":"index","follow":"follow","max-snippet":"max-snippet:-1","max-image-preview":"max-image-preview:large","max-video-preview":"max-video-preview:-1"},"canonical":"https:\/\/sunupost.com\/?p=2948","og_locale":"fr_FR","og_type":"article","og_title":"Contexte Pand\u00e9mique Et Situations Sociopolitique Et \u00c9conomique : La Gouvernance De Macky Mise \u00e0 Nu Par Le Professeur Cheikh FAYE. - SUNUPOST","og_description":"Interrog\u00e9 par nos confr\u00e8res du journal Le Temoin, le professeur Cheikh FAYE, par ailleurs cadre de La R\u00e9publique des Valeurs, residant au Canada, s&rsquo;est largement...","og_url":"https:\/\/sunupost.com\/?p=2948","og_site_name":"SUNUPOST","article_publisher":"https:\/\/web.facebook.com\/Sunupost-101026658237468\/","article_published_time":"2020-07-23T02:38:07+00:00","author":"La R\u00e9daction","twitter_card":"summary_large_image","twitter_creator":"@sunupost","twitter_site":"@sunupost","twitter_misc":{"\u00c9crit par":"La R\u00e9daction","Dur\u00e9e de lecture estim\u00e9e":"7 minutes"},"schema":{"@context":"https:\/\/schema.org","@graph":[{"@type":"Article","@id":"https:\/\/sunupost.com\/?p=2948#article","isPartOf":{"@id":"https:\/\/sunupost.com\/?p=2948"},"author":{"name":"La R\u00e9daction","@id":"https:\/\/sunupost.com\/#\/schema\/person\/9c04c80a48c29cd2be004cf57947ebb0"},"headline":"Contexte Pand\u00e9mique Et Situations Sociopolitique Et \u00c9conomique : La Gouvernance De Macky Mise \u00e0 Nu Par Le Professeur Cheikh FAYE.","datePublished":"2020-07-23T02:38:07+00:00","mainEntityOfPage":{"@id":"https:\/\/sunupost.com\/?p=2948"},"wordCount":1410,"commentCount":670,"publisher":{"@id":"https:\/\/sunupost.com\/#organization"},"articleSection":["A LA UNE","POLITIQUE"],"inLanguage":"fr-FR","potentialAction":[{"@type":"CommentAction","name":"Comment","target":["https:\/\/sunupost.com\/?p=2948#respond"]}]},{"@type":"WebPage","@id":"https:\/\/sunupost.com\/?p=2948","url":"https:\/\/sunupost.com\/?p=2948","name":"Contexte Pand\u00e9mique Et Situations Sociopolitique Et \u00c9conomique : La Gouvernance De Macky Mise \u00e0 Nu Par Le Professeur Cheikh FAYE. - SUNUPOST","isPartOf":{"@id":"https:\/\/sunupost.com\/#website"},"datePublished":"2020-07-23T02:38:07+00:00","breadcrumb":{"@id":"https:\/\/sunupost.com\/?p=2948#breadcrumb"},"inLanguage":"fr-FR","potentialAction":[{"@type":"ReadAction","target":["https:\/\/sunupost.com\/?p=2948"]}]},{"@type":"BreadcrumbList","@id":"https:\/\/sunupost.com\/?p=2948#breadcrumb","itemListElement":[{"@type":"ListItem","position":1,"name":"Home","item":"https:\/\/sunupost.com\/"},{"@type":"ListItem","position":2,"name":"Contexte Pand\u00e9mique Et Situations Sociopolitique Et \u00c9conomique : La Gouvernance De Macky Mise \u00e0 Nu Par Le Professeur Cheikh FAYE."}]},{"@type":"WebSite","@id":"https:\/\/sunupost.com\/#website","url":"https:\/\/sunupost.com\/","name":"SUNUPOST","description":"Pens\u00e9e libre","publisher":{"@id":"https:\/\/sunupost.com\/#organization"},"potentialAction":[{"@type":"SearchAction","target":{"@type":"EntryPoint","urlTemplate":"https:\/\/sunupost.com\/?s={search_term_string}"},"query-input":{"@type":"PropertyValueSpecification","valueRequired":true,"valueName":"search_term_string"}}],"inLanguage":"fr-FR"},{"@type":"Organization","@id":"https:\/\/sunupost.com\/#organization","name":"SUNUPOST","url":"https:\/\/sunupost.com\/","logo":{"@type":"ImageObject","inLanguage":"fr-FR","@id":"https:\/\/sunupost.com\/#\/schema\/logo\/image\/","url":"https:\/\/secureservercdn.net\/198.71.233.206\/17w.044.myftpupload.com\/wp-content\/uploads\/2020\/05\/Lancement.jpg?time=1639052812","contentUrl":"https:\/\/secureservercdn.net\/198.71.233.206\/17w.044.myftpupload.com\/wp-content\/uploads\/2020\/05\/Lancement.jpg?time=1639052812","width":300,"height":100,"caption":"SUNUPOST"},"image":{"@id":"https:\/\/sunupost.com\/#\/schema\/logo\/image\/"},"sameAs":["https:\/\/web.facebook.com\/Sunupost-101026658237468\/","https:\/\/x.com\/sunupost","https:\/\/www.instagram.com\/sunupost\/","https:\/\/www.youtube.com\/channel\/UCd7V7bCkLDOee8yr7CW4Dpw"]},{"@type":"Person","@id":"https:\/\/sunupost.com\/#\/schema\/person\/9c04c80a48c29cd2be004cf57947ebb0","name":"La R\u00e9daction","image":{"@type":"ImageObject","inLanguage":"fr-FR","@id":"https:\/\/secure.gravatar.com\/avatar\/1dc7c1ffd136391c1a6d8806c3431e1a2dd9445015e3f66472e3c63e9c80807e?s=96&d=mm&r=g","url":"https:\/\/secure.gravatar.com\/avatar\/1dc7c1ffd136391c1a6d8806c3431e1a2dd9445015e3f66472e3c63e9c80807e?s=96&d=mm&r=g","contentUrl":"https:\/\/secure.gravatar.com\/avatar\/1dc7c1ffd136391c1a6d8806c3431e1a2dd9445015e3f66472e3c63e9c80807e?s=96&d=mm&r=g","caption":"La R\u00e9daction"},"url":"https:\/\/sunupost.com\/?author=10"}]}},"_links":{"self":[{"href":"https:\/\/sunupost.com\/index.php?rest_route=\/wp\/v2\/posts\/2948","targetHints":{"allow":["GET"]}}],"collection":[{"href":"https:\/\/sunupost.com\/index.php?rest_route=\/wp\/v2\/posts"}],"about":[{"href":"https:\/\/sunupost.com\/index.php?rest_route=\/wp\/v2\/types\/post"}],"author":[{"embeddable":true,"href":"https:\/\/sunupost.com\/index.php?rest_route=\/wp\/v2\/users\/10"}],"replies":[{"embeddable":true,"href":"https:\/\/sunupost.com\/index.php?rest_route=%2Fwp%2Fv2%2Fcomments&post=2948"}],"version-history":[{"count":0,"href":"https:\/\/sunupost.com\/index.php?rest_route=\/wp\/v2\/posts\/2948\/revisions"}],"wp:attachment":[{"href":"https:\/\/sunupost.com\/index.php?rest_route=%2Fwp%2Fv2%2Fmedia&parent=2948"}],"wp:term":[{"taxonomy":"category","embeddable":true,"href":"https:\/\/sunupost.com\/index.php?rest_route=%2Fwp%2Fv2%2Fcategories&post=2948"},{"taxonomy":"post_tag","embeddable":true,"href":"https:\/\/sunupost.com\/index.php?rest_route=%2Fwp%2Fv2%2Ftags&post=2948"}],"curies":[{"name":"wp","href":"https:\/\/api.w.org\/{rel}","templated":true}]}}