{"id":3026,"date":"2020-07-26T15:46:57","date_gmt":"2020-07-26T15:46:57","guid":{"rendered":"https:\/\/sunupost.com\/?p=3026"},"modified":"2020-07-26T15:49:35","modified_gmt":"2020-07-26T15:49:35","slug":"mediation-au-mali-la-cojer-condamne-la-sortie-du-crd","status":"publish","type":"post","link":"https:\/\/sunupost.com\/?p=3026","title":{"rendered":"Mediation Au Mali : La Cojer Condamne La Sortie du CRD."},"content":{"rendered":"<p style=\"text-align: justify;\">Les r\u00e9actions se poursuivent du c\u00f4t\u00e9 de la majorit\u00e9 pr\u00e9sidentielle \u00e0 la suite de la d\u00e9claration du Congr\u00e8s de la renaissance d\u00e9mocratique (Crd) consid\u00e9rant que le chef de l&rsquo;Etat, Macky Sall, est \u00ab\u00a0ill\u00e9gitime\u00a0\u00bb pour mener une m\u00e9diation en vue d&rsquo;une sortie de crise au Mali. En effet, apr\u00e8s le d\u00e9put\u00e9 Abdou Mbow, c&rsquo;est au tour de la Convergence des jeunesses r\u00e9publicaines (Cojer) de d\u00e9noncer cette sortie qu&rsquo;elle juge \u00ab\u00a0irresponsable\u00a0\u00bb de la part de ces membres de l&rsquo;opposition.\u00a0\u00bbLa Cojer condamne la d\u00e9claration ill\u00e9gitime et irresponsable des membres du Crd qui jouent \u00e0 saborder l&rsquo;excellent travail du Pr\u00e9sident Macky Sall\u00a0\u00bb, a notamment d\u00e9clar\u00e9 son coordonnateur, Moussa Sow. Qui est d&rsquo;avis que \u00ab\u00a0cette bande de n\u00e9o politiciens aura mieux \u00e0 faire en apportant leur contribution citoyenne dans la lutte contre la Covid-19 au lieu de chercher des d\u00e9faites imaginaires dans les actions de gouvernance du Pr\u00e9sident Macky Sall\u00a0\u00bb.Ces jeunes \u00ab\u00a0Aperistes\u00a0\u00bb rappellent, en outre, que depuis la pr\u00e9sence des terroristes au nord du Mali, le S\u00e9n\u00e9gal a toujours d\u00e9ploy\u00e9 des moyens diplomatiques et militaires pour endiguer la progression de ces barbares identitaires qui menacent la paix dans tout le Sahel.Par cons\u00e9quent, tentent-ils d&rsquo;expliquer, \u00ab\u00a0il est naturel que les forces vives de la R\u00e9publique s\u009cur du Mali acceptent la m\u00e9diation du Pr\u00e9sident Macky Sall pour une solution consensuelle et durable, sous l&rsquo;\u00e9gide de la Cedeao\u00a0\u00bb.A ce titre, la Cojer, qui dit soutenir \u00ab\u00a0sans r\u00e9serve\u00a0\u00bb les initiatives pr\u00e9sidentielles, invite toutes les forces vives \u00e0 \u00ab\u00a0pr\u00eacher la paix et la Concorde dans notre sous r\u00e9gion.<\/p>\n","protected":false},"excerpt":{"rendered":"<p>Les r\u00e9actions se poursuivent du c\u00f4t\u00e9 de la majorit\u00e9 pr\u00e9sidentielle \u00e0 la suite de la d\u00e9claration du Congr\u00e8s de la renaissance d\u00e9mocratique (Crd) consid\u00e9rant que&#8230;<\/p>\n","protected":false},"author":10,"featured_media":0,"comment_status":"open","ping_status":"open","sticky":false,"template":"","format":"standard","meta":{"_coblocks_attr":"","_coblocks_dimensions":"","_coblocks_responsive_height":"","_coblocks_accordion_ie_support":"","_monsterinsights_skip_tracking":false,"_monsterinsights_sitenote_active":false,"_monsterinsights_sitenote_note":"","_monsterinsights_sitenote_category":0,"h5ap_radio_sources":[],"footnotes":""},"categories":[6],"tags":[],"class_list":["post-3026","post","type-post","status-publish","format-standard","hentry","category-politique","wpcat-6-id"],"yoast_head":"<!-- This site is optimized with the Yoast SEO plugin v27.4 - https:\/\/yoast.com\/product\/yoast-seo-wordpress\/ -->\n<title>Mediation Au Mali : La Cojer Condamne La Sortie du CRD. - SUNUPOST<\/title>\n<meta name=\"robots\" content=\"index, follow, max-snippet:-1, max-image-preview:large, max-video-preview:-1\" \/>\n<link rel=\"canonical\" href=\"https:\/\/sunupost.com\/?p=3026\" \/>\n<meta property=\"og:locale\" content=\"fr_FR\" \/>\n<meta property=\"og:type\" content=\"article\" \/>\n<meta property=\"og:title\" content=\"Mediation Au Mali : La Cojer Condamne La Sortie du CRD. - SUNUPOST\" \/>\n<meta property=\"og:description\" content=\"Les r\u00e9actions se poursuivent du c\u00f4t\u00e9 de la majorit\u00e9 pr\u00e9sidentielle \u00e0 la suite de la d\u00e9claration du Congr\u00e8s de la renaissance d\u00e9mocratique (Crd) consid\u00e9rant que...\" \/>\n<meta property=\"og:url\" content=\"https:\/\/sunupost.com\/?p=3026\" \/>\n<meta property=\"og:site_name\" content=\"SUNUPOST\" \/>\n<meta property=\"article:publisher\" content=\"https:\/\/web.facebook.com\/Sunupost-101026658237468\/\" \/>\n<meta property=\"article:published_time\" content=\"2020-07-26T15:46:57+00:00\" \/>\n<meta property=\"article:modified_time\" content=\"2020-07-26T15:49:35+00:00\" \/>\n<meta name=\"author\" content=\"La R\u00e9daction\" \/>\n<meta name=\"twitter:card\" content=\"summary_large_image\" \/>\n<meta name=\"twitter:creator\" content=\"@sunupost\" \/>\n<meta name=\"twitter:site\" content=\"@sunupost\" \/>\n<meta name=\"twitter:label1\" content=\"\u00c9crit par\" \/>\n\t<meta name=\"twitter:data1\" content=\"La R\u00e9daction\" \/>\n\t<meta name=\"twitter:label2\" content=\"Dur\u00e9e de lecture estim\u00e9e\" \/>\n\t<meta name=\"twitter:data2\" content=\"1 minute\" \/>\n<script type=\"application\/ld+json\" class=\"yoast-schema-graph\">{\"@context\":\"https:\\\/\\\/schema.org\",\"@graph\":[{\"@type\":\"Article\",\"@id\":\"https:\\\/\\\/sunupost.com\\\/?p=3026#article\",\"isPartOf\":{\"@id\":\"https:\\\/\\\/sunupost.com\\\/?p=3026\"},\"author\":{\"name\":\"La R\u00e9daction\",\"@id\":\"https:\\\/\\\/sunupost.com\\\/#\\\/schema\\\/person\\\/9c04c80a48c29cd2be004cf57947ebb0\"},\"headline\":\"Mediation Au Mali : La Cojer Condamne La Sortie du CRD.\",\"datePublished\":\"2020-07-26T15:46:57+00:00\",\"dateModified\":\"2020-07-26T15:49:35+00:00\",\"mainEntityOfPage\":{\"@id\":\"https:\\\/\\\/sunupost.com\\\/?p=3026\"},\"wordCount\":300,\"commentCount\":282,\"publisher\":{\"@id\":\"https:\\\/\\\/sunupost.com\\\/#organization\"},\"articleSection\":[\"POLITIQUE\"],\"inLanguage\":\"fr-FR\",\"potentialAction\":[{\"@type\":\"CommentAction\",\"name\":\"Comment\",\"target\":[\"https:\\\/\\\/sunupost.com\\\/?p=3026#respond\"]}]},{\"@type\":\"WebPage\",\"@id\":\"https:\\\/\\\/sunupost.com\\\/?p=3026\",\"url\":\"https:\\\/\\\/sunupost.com\\\/?p=3026\",\"name\":\"Mediation Au Mali : La Cojer Condamne La Sortie du CRD. - SUNUPOST\",\"isPartOf\":{\"@id\":\"https:\\\/\\\/sunupost.com\\\/#website\"},\"datePublished\":\"2020-07-26T15:46:57+00:00\",\"dateModified\":\"2020-07-26T15:49:35+00:00\",\"breadcrumb\":{\"@id\":\"https:\\\/\\\/sunupost.com\\\/?p=3026#breadcrumb\"},\"inLanguage\":\"fr-FR\",\"potentialAction\":[{\"@type\":\"ReadAction\",\"target\":[\"https:\\\/\\\/sunupost.com\\\/?p=3026\"]}]},{\"@type\":\"BreadcrumbList\",\"@id\":\"https:\\\/\\\/sunupost.com\\\/?p=3026#breadcrumb\",\"itemListElement\":[{\"@type\":\"ListItem\",\"position\":1,\"name\":\"Home\",\"item\":\"https:\\\/\\\/sunupost.com\\\/\"},{\"@type\":\"ListItem\",\"position\":2,\"name\":\"Mediation Au Mali : La Cojer Condamne La Sortie du CRD.\"}]},{\"@type\":\"WebSite\",\"@id\":\"https:\\\/\\\/sunupost.com\\\/#website\",\"url\":\"https:\\\/\\\/sunupost.com\\\/\",\"name\":\"SUNUPOST\",\"description\":\"Pens\u00e9e libre\",\"publisher\":{\"@id\":\"https:\\\/\\\/sunupost.com\\\/#organization\"},\"potentialAction\":[{\"@type\":\"SearchAction\",\"target\":{\"@type\":\"EntryPoint\",\"urlTemplate\":\"https:\\\/\\\/sunupost.com\\\/?s={search_term_string}\"},\"query-input\":{\"@type\":\"PropertyValueSpecification\",\"valueRequired\":true,\"valueName\":\"search_term_string\"}}],\"inLanguage\":\"fr-FR\"},{\"@type\":\"Organization\",\"@id\":\"https:\\\/\\\/sunupost.com\\\/#organization\",\"name\":\"SUNUPOST\",\"url\":\"https:\\\/\\\/sunupost.com\\\/\",\"logo\":{\"@type\":\"ImageObject\",\"inLanguage\":\"fr-FR\",\"@id\":\"https:\\\/\\\/sunupost.com\\\/#\\\/schema\\\/logo\\\/image\\\/\",\"url\":\"https:\\\/\\\/secureservercdn.net\\\/198.71.233.206\\\/17w.044.myftpupload.com\\\/wp-content\\\/uploads\\\/2020\\\/05\\\/Lancement.jpg?time=1639052812\",\"contentUrl\":\"https:\\\/\\\/secureservercdn.net\\\/198.71.233.206\\\/17w.044.myftpupload.com\\\/wp-content\\\/uploads\\\/2020\\\/05\\\/Lancement.jpg?time=1639052812\",\"width\":300,\"height\":100,\"caption\":\"SUNUPOST\"},\"image\":{\"@id\":\"https:\\\/\\\/sunupost.com\\\/#\\\/schema\\\/logo\\\/image\\\/\"},\"sameAs\":[\"https:\\\/\\\/web.facebook.com\\\/Sunupost-101026658237468\\\/\",\"https:\\\/\\\/x.com\\\/sunupost\",\"https:\\\/\\\/www.instagram.com\\\/sunupost\\\/\",\"https:\\\/\\\/www.youtube.com\\\/channel\\\/UCd7V7bCkLDOee8yr7CW4Dpw\"]},{\"@type\":\"Person\",\"@id\":\"https:\\\/\\\/sunupost.com\\\/#\\\/schema\\\/person\\\/9c04c80a48c29cd2be004cf57947ebb0\",\"name\":\"La R\u00e9daction\",\"image\":{\"@type\":\"ImageObject\",\"inLanguage\":\"fr-FR\",\"@id\":\"https:\\\/\\\/secure.gravatar.com\\\/avatar\\\/1dc7c1ffd136391c1a6d8806c3431e1a2dd9445015e3f66472e3c63e9c80807e?s=96&d=mm&r=g\",\"url\":\"https:\\\/\\\/secure.gravatar.com\\\/avatar\\\/1dc7c1ffd136391c1a6d8806c3431e1a2dd9445015e3f66472e3c63e9c80807e?s=96&d=mm&r=g\",\"contentUrl\":\"https:\\\/\\\/secure.gravatar.com\\\/avatar\\\/1dc7c1ffd136391c1a6d8806c3431e1a2dd9445015e3f66472e3c63e9c80807e?s=96&d=mm&r=g\",\"caption\":\"La R\u00e9daction\"},\"url\":\"https:\\\/\\\/sunupost.com\\\/?author=10\"}]}<\/script>\n<!-- \/ Yoast SEO plugin. -->","yoast_head_json":{"title":"Mediation Au Mali : La Cojer Condamne La Sortie du CRD. - SUNUPOST","robots":{"index":"index","follow":"follow","max-snippet":"max-snippet:-1","max-image-preview":"max-image-preview:large","max-video-preview":"max-video-preview:-1"},"canonical":"https:\/\/sunupost.com\/?p=3026","og_locale":"fr_FR","og_type":"article","og_title":"Mediation Au Mali : La Cojer Condamne La Sortie du CRD. - SUNUPOST","og_description":"Les r\u00e9actions se poursuivent du c\u00f4t\u00e9 de la majorit\u00e9 pr\u00e9sidentielle \u00e0 la suite de la d\u00e9claration du Congr\u00e8s de la renaissance d\u00e9mocratique (Crd) consid\u00e9rant que...","og_url":"https:\/\/sunupost.com\/?p=3026","og_site_name":"SUNUPOST","article_publisher":"https:\/\/web.facebook.com\/Sunupost-101026658237468\/","article_published_time":"2020-07-26T15:46:57+00:00","article_modified_time":"2020-07-26T15:49:35+00:00","author":"La R\u00e9daction","twitter_card":"summary_large_image","twitter_creator":"@sunupost","twitter_site":"@sunupost","twitter_misc":{"\u00c9crit par":"La R\u00e9daction","Dur\u00e9e de lecture estim\u00e9e":"1 minute"},"schema":{"@context":"https:\/\/schema.org","@graph":[{"@type":"Article","@id":"https:\/\/sunupost.com\/?p=3026#article","isPartOf":{"@id":"https:\/\/sunupost.com\/?p=3026"},"author":{"name":"La R\u00e9daction","@id":"https:\/\/sunupost.com\/#\/schema\/person\/9c04c80a48c29cd2be004cf57947ebb0"},"headline":"Mediation Au Mali : La Cojer Condamne La Sortie du CRD.","datePublished":"2020-07-26T15:46:57+00:00","dateModified":"2020-07-26T15:49:35+00:00","mainEntityOfPage":{"@id":"https:\/\/sunupost.com\/?p=3026"},"wordCount":300,"commentCount":282,"publisher":{"@id":"https:\/\/sunupost.com\/#organization"},"articleSection":["POLITIQUE"],"inLanguage":"fr-FR","potentialAction":[{"@type":"CommentAction","name":"Comment","target":["https:\/\/sunupost.com\/?p=3026#respond"]}]},{"@type":"WebPage","@id":"https:\/\/sunupost.com\/?p=3026","url":"https:\/\/sunupost.com\/?p=3026","name":"Mediation Au Mali : La Cojer Condamne La Sortie du CRD. - SUNUPOST","isPartOf":{"@id":"https:\/\/sunupost.com\/#website"},"datePublished":"2020-07-26T15:46:57+00:00","dateModified":"2020-07-26T15:49:35+00:00","breadcrumb":{"@id":"https:\/\/sunupost.com\/?p=3026#breadcrumb"},"inLanguage":"fr-FR","potentialAction":[{"@type":"ReadAction","target":["https:\/\/sunupost.com\/?p=3026"]}]},{"@type":"BreadcrumbList","@id":"https:\/\/sunupost.com\/?p=3026#breadcrumb","itemListElement":[{"@type":"ListItem","position":1,"name":"Home","item":"https:\/\/sunupost.com\/"},{"@type":"ListItem","position":2,"name":"Mediation Au Mali : La Cojer Condamne La Sortie du CRD."}]},{"@type":"WebSite","@id":"https:\/\/sunupost.com\/#website","url":"https:\/\/sunupost.com\/","name":"SUNUPOST","description":"Pens\u00e9e libre","publisher":{"@id":"https:\/\/sunupost.com\/#organization"},"potentialAction":[{"@type":"SearchAction","target":{"@type":"EntryPoint","urlTemplate":"https:\/\/sunupost.com\/?s={search_term_string}"},"query-input":{"@type":"PropertyValueSpecification","valueRequired":true,"valueName":"search_term_string"}}],"inLanguage":"fr-FR"},{"@type":"Organization","@id":"https:\/\/sunupost.com\/#organization","name":"SUNUPOST","url":"https:\/\/sunupost.com\/","logo":{"@type":"ImageObject","inLanguage":"fr-FR","@id":"https:\/\/sunupost.com\/#\/schema\/logo\/image\/","url":"https:\/\/secureservercdn.net\/198.71.233.206\/17w.044.myftpupload.com\/wp-content\/uploads\/2020\/05\/Lancement.jpg?time=1639052812","contentUrl":"https:\/\/secureservercdn.net\/198.71.233.206\/17w.044.myftpupload.com\/wp-content\/uploads\/2020\/05\/Lancement.jpg?time=1639052812","width":300,"height":100,"caption":"SUNUPOST"},"image":{"@id":"https:\/\/sunupost.com\/#\/schema\/logo\/image\/"},"sameAs":["https:\/\/web.facebook.com\/Sunupost-101026658237468\/","https:\/\/x.com\/sunupost","https:\/\/www.instagram.com\/sunupost\/","https:\/\/www.youtube.com\/channel\/UCd7V7bCkLDOee8yr7CW4Dpw"]},{"@type":"Person","@id":"https:\/\/sunupost.com\/#\/schema\/person\/9c04c80a48c29cd2be004cf57947ebb0","name":"La R\u00e9daction","image":{"@type":"ImageObject","inLanguage":"fr-FR","@id":"https:\/\/secure.gravatar.com\/avatar\/1dc7c1ffd136391c1a6d8806c3431e1a2dd9445015e3f66472e3c63e9c80807e?s=96&d=mm&r=g","url":"https:\/\/secure.gravatar.com\/avatar\/1dc7c1ffd136391c1a6d8806c3431e1a2dd9445015e3f66472e3c63e9c80807e?s=96&d=mm&r=g","contentUrl":"https:\/\/secure.gravatar.com\/avatar\/1dc7c1ffd136391c1a6d8806c3431e1a2dd9445015e3f66472e3c63e9c80807e?s=96&d=mm&r=g","caption":"La R\u00e9daction"},"url":"https:\/\/sunupost.com\/?author=10"}]}},"_links":{"self":[{"href":"https:\/\/sunupost.com\/index.php?rest_route=\/wp\/v2\/posts\/3026","targetHints":{"allow":["GET"]}}],"collection":[{"href":"https:\/\/sunupost.com\/index.php?rest_route=\/wp\/v2\/posts"}],"about":[{"href":"https:\/\/sunupost.com\/index.php?rest_route=\/wp\/v2\/types\/post"}],"author":[{"embeddable":true,"href":"https:\/\/sunupost.com\/index.php?rest_route=\/wp\/v2\/users\/10"}],"replies":[{"embeddable":true,"href":"https:\/\/sunupost.com\/index.php?rest_route=%2Fwp%2Fv2%2Fcomments&post=3026"}],"version-history":[{"count":0,"href":"https:\/\/sunupost.com\/index.php?rest_route=\/wp\/v2\/posts\/3026\/revisions"}],"wp:attachment":[{"href":"https:\/\/sunupost.com\/index.php?rest_route=%2Fwp%2Fv2%2Fmedia&parent=3026"}],"wp:term":[{"taxonomy":"category","embeddable":true,"href":"https:\/\/sunupost.com\/index.php?rest_route=%2Fwp%2Fv2%2Fcategories&post=3026"},{"taxonomy":"post_tag","embeddable":true,"href":"https:\/\/sunupost.com\/index.php?rest_route=%2Fwp%2Fv2%2Ftags&post=3026"}],"curies":[{"name":"wp","href":"https:\/\/api.w.org\/{rel}","templated":true}]}}