{"id":3148,"date":"2020-08-03T19:36:44","date_gmt":"2020-08-03T19:36:44","guid":{"rendered":"https:\/\/sunupost.com\/?p=3148"},"modified":"2020-08-03T19:36:44","modified_gmt":"2020-08-03T19:36:44","slug":"les-locaux-du-quotidien-les-echos-attaques-le-forum-civil-et-amnesty-condamnent","status":"publish","type":"post","link":"https:\/\/sunupost.com\/?p=3148","title":{"rendered":"Les locaux du quotidien \u00ab\u00a0Les Echos\u00a0\u00bb attaqu\u00e9s, le forum civil et Amnesty condamnent."},"content":{"rendered":"<p>Les locaux du quotidien \u00ab\u00a0Les Echos\u00a0\u00bb, ont \u00e9t\u00e9 attaqu\u00e9s et saccag\u00e9s ce lundi. Un acte \u00ab\u00a0l\u00e2che\u00a0\u00bb, qui n\u2019est pas \u00e9tranger \u00e0 la publication, par ledit quotidien, d\u2019un article qui informait de la contamination de Serigne Moustapha Sy par la Covid-19.<\/p>\n<p>De son c\u00f4t\u00e9, le Forum civil est mont\u00e9 au cr\u00e9neau. Et c\u2019est pour d\u00e9noncer cet acte. \u00ab\u00a0Le Forum Civil condamne sans r\u00e9serve l\u2019acte de vandalisme dont le journal LesEchos est victime. Le Forum Civil t\u00e9moigne sa solidarit\u00e9 ind\u00e9fectible aux travailleurs du journal et \u00e0 la presse dans toutes ses composantes. Le Forum Civil appelle les citoyens \u00e0 la s\u00e9r\u00e9nit\u00e9 et au respect des lois et r\u00e8gles de la R\u00e9publique\u00a0\u00bb, indique-t-il dans un communiqu\u00e9 parvenu \u00e0 iGfm.<\/p>\n<p>Birahim Seck et ses camarades exhortent la justice \u00e0 ouvrir une enqu\u00eate pour situer les responsabilit\u00e9s et demande au Gouvernement d\u2019assumer et d\u2019exercer pleinement sa mission r\u00e9galienne de protection des personnes et des biens afin de garantir la stabilit\u00e9 sociale.<\/p>\n<p style=\"text-align: justify;\">De son c\u00f4t\u00e9, Seydi Gassama d\u2019Amnesty a r\u00e9agi: \u00ab\u00a0Nous condamnons fermement l\u2019attaque perp\u00e9tr\u00e9e ce jour contre les locaux du journal Les Echos. Nous encourageons les responsables du journal \u00e0 porter plainte afin qu\u2019une enqu\u00eate soit diligent\u00e9e pour retrouver les auteurs de cet acte d\u00e9lictueux et les traduire en justice.\u00a0\u00bb<\/p>\n","protected":false},"excerpt":{"rendered":"<p>Les locaux du quotidien \u00ab\u00a0Les Echos\u00a0\u00bb, ont \u00e9t\u00e9 attaqu\u00e9s et saccag\u00e9s ce lundi. Un acte \u00ab\u00a0l\u00e2che\u00a0\u00bb, qui n\u2019est pas \u00e9tranger \u00e0 la publication, par ledit&#8230;<\/p>\n","protected":false},"author":10,"featured_media":3149,"comment_status":"open","ping_status":"open","sticky":false,"template":"","format":"standard","meta":{"_coblocks_attr":"","_coblocks_dimensions":"","_coblocks_responsive_height":"","_coblocks_accordion_ie_support":"","_monsterinsights_skip_tracking":false,"_monsterinsights_sitenote_active":false,"_monsterinsights_sitenote_note":"","_monsterinsights_sitenote_category":0,"h5ap_radio_sources":[],"footnotes":""},"categories":[11],"tags":[],"class_list":["post-3148","post","type-post","status-publish","format-standard","has-post-thumbnail","hentry","category-societe","wpcat-11-id"],"yoast_head":"<!-- This site is optimized with the Yoast SEO plugin v27.4 - https:\/\/yoast.com\/product\/yoast-seo-wordpress\/ -->\n<title>Les locaux du quotidien \u00ab\u00a0Les Echos\u00a0\u00bb attaqu\u00e9s, le forum civil et Amnesty condamnent. - SUNUPOST<\/title>\n<meta name=\"robots\" content=\"index, follow, max-snippet:-1, max-image-preview:large, max-video-preview:-1\" \/>\n<link rel=\"canonical\" href=\"https:\/\/sunupost.com\/?p=3148\" \/>\n<meta property=\"og:locale\" content=\"fr_FR\" \/>\n<meta property=\"og:type\" content=\"article\" \/>\n<meta property=\"og:title\" content=\"Les locaux du quotidien \u00ab\u00a0Les Echos\u00a0\u00bb attaqu\u00e9s, le forum civil et Amnesty condamnent. - SUNUPOST\" \/>\n<meta property=\"og:description\" content=\"Les locaux du quotidien \u00ab\u00a0Les Echos\u00a0\u00bb, ont \u00e9t\u00e9 attaqu\u00e9s et saccag\u00e9s ce lundi. Un acte \u00ab\u00a0l\u00e2che\u00a0\u00bb, qui n\u2019est pas \u00e9tranger \u00e0 la publication, par ledit...\" \/>\n<meta property=\"og:url\" content=\"https:\/\/sunupost.com\/?p=3148\" \/>\n<meta property=\"og:site_name\" content=\"SUNUPOST\" \/>\n<meta property=\"article:publisher\" content=\"https:\/\/web.facebook.com\/Sunupost-101026658237468\/\" \/>\n<meta property=\"article:published_time\" content=\"2020-08-03T19:36:44+00:00\" \/>\n<meta property=\"og:image\" content=\"https:\/\/secureservercdn.net\/198.71.233.69\/17w.044.myftpupload.com\/wp-content\/uploads\/2020\/08\/Screenshot_20200803-191458_GFM-VOUS-1.jpg?time=1663107028\" \/>\n\t<meta property=\"og:image:width\" content=\"666\" \/>\n\t<meta property=\"og:image:height\" content=\"481\" \/>\n\t<meta property=\"og:image:type\" content=\"image\/jpeg\" \/>\n<meta name=\"author\" content=\"La R\u00e9daction\" \/>\n<meta name=\"twitter:card\" content=\"summary_large_image\" \/>\n<meta name=\"twitter:creator\" content=\"@sunupost\" \/>\n<meta name=\"twitter:site\" content=\"@sunupost\" \/>\n<meta name=\"twitter:label1\" content=\"\u00c9crit par\" \/>\n\t<meta name=\"twitter:data1\" content=\"La R\u00e9daction\" \/>\n\t<meta name=\"twitter:label2\" content=\"Dur\u00e9e de lecture estim\u00e9e\" \/>\n\t<meta name=\"twitter:data2\" content=\"1 minute\" \/>\n<script type=\"application\/ld+json\" class=\"yoast-schema-graph\">{\"@context\":\"https:\\\/\\\/schema.org\",\"@graph\":[{\"@type\":\"Article\",\"@id\":\"https:\\\/\\\/sunupost.com\\\/?p=3148#article\",\"isPartOf\":{\"@id\":\"https:\\\/\\\/sunupost.com\\\/?p=3148\"},\"author\":{\"name\":\"La R\u00e9daction\",\"@id\":\"https:\\\/\\\/sunupost.com\\\/#\\\/schema\\\/person\\\/9c04c80a48c29cd2be004cf57947ebb0\"},\"headline\":\"Les locaux du quotidien \u00ab\u00a0Les Echos\u00a0\u00bb attaqu\u00e9s, le forum civil et Amnesty condamnent.\",\"datePublished\":\"2020-08-03T19:36:44+00:00\",\"mainEntityOfPage\":{\"@id\":\"https:\\\/\\\/sunupost.com\\\/?p=3148\"},\"wordCount\":245,\"commentCount\":518,\"publisher\":{\"@id\":\"https:\\\/\\\/sunupost.com\\\/#organization\"},\"image\":{\"@id\":\"https:\\\/\\\/sunupost.com\\\/?p=3148#primaryimage\"},\"thumbnailUrl\":\"https:\\\/\\\/sunupost.com\\\/wp-content\\\/uploads\\\/2020\\\/08\\\/Screenshot_20200803-191458_GFM-VOUS-1.jpg\",\"articleSection\":[\"SOCIETE\"],\"inLanguage\":\"fr-FR\",\"potentialAction\":[{\"@type\":\"CommentAction\",\"name\":\"Comment\",\"target\":[\"https:\\\/\\\/sunupost.com\\\/?p=3148#respond\"]}]},{\"@type\":\"WebPage\",\"@id\":\"https:\\\/\\\/sunupost.com\\\/?p=3148\",\"url\":\"https:\\\/\\\/sunupost.com\\\/?p=3148\",\"name\":\"Les locaux du quotidien \u00ab\u00a0Les Echos\u00a0\u00bb attaqu\u00e9s, le forum civil et Amnesty condamnent. - SUNUPOST\",\"isPartOf\":{\"@id\":\"https:\\\/\\\/sunupost.com\\\/#website\"},\"primaryImageOfPage\":{\"@id\":\"https:\\\/\\\/sunupost.com\\\/?p=3148#primaryimage\"},\"image\":{\"@id\":\"https:\\\/\\\/sunupost.com\\\/?p=3148#primaryimage\"},\"thumbnailUrl\":\"https:\\\/\\\/sunupost.com\\\/wp-content\\\/uploads\\\/2020\\\/08\\\/Screenshot_20200803-191458_GFM-VOUS-1.jpg\",\"datePublished\":\"2020-08-03T19:36:44+00:00\",\"breadcrumb\":{\"@id\":\"https:\\\/\\\/sunupost.com\\\/?p=3148#breadcrumb\"},\"inLanguage\":\"fr-FR\",\"potentialAction\":[{\"@type\":\"ReadAction\",\"target\":[\"https:\\\/\\\/sunupost.com\\\/?p=3148\"]}]},{\"@type\":\"ImageObject\",\"inLanguage\":\"fr-FR\",\"@id\":\"https:\\\/\\\/sunupost.com\\\/?p=3148#primaryimage\",\"url\":\"https:\\\/\\\/sunupost.com\\\/wp-content\\\/uploads\\\/2020\\\/08\\\/Screenshot_20200803-191458_GFM-VOUS-1.jpg\",\"contentUrl\":\"https:\\\/\\\/sunupost.com\\\/wp-content\\\/uploads\\\/2020\\\/08\\\/Screenshot_20200803-191458_GFM-VOUS-1.jpg\",\"width\":666,\"height\":481},{\"@type\":\"BreadcrumbList\",\"@id\":\"https:\\\/\\\/sunupost.com\\\/?p=3148#breadcrumb\",\"itemListElement\":[{\"@type\":\"ListItem\",\"position\":1,\"name\":\"Home\",\"item\":\"https:\\\/\\\/sunupost.com\\\/\"},{\"@type\":\"ListItem\",\"position\":2,\"name\":\"Les locaux du quotidien \u00ab\u00a0Les Echos\u00a0\u00bb attaqu\u00e9s, le forum civil et Amnesty condamnent.\"}]},{\"@type\":\"WebSite\",\"@id\":\"https:\\\/\\\/sunupost.com\\\/#website\",\"url\":\"https:\\\/\\\/sunupost.com\\\/\",\"name\":\"SUNUPOST\",\"description\":\"Pens\u00e9e libre\",\"publisher\":{\"@id\":\"https:\\\/\\\/sunupost.com\\\/#organization\"},\"potentialAction\":[{\"@type\":\"SearchAction\",\"target\":{\"@type\":\"EntryPoint\",\"urlTemplate\":\"https:\\\/\\\/sunupost.com\\\/?s={search_term_string}\"},\"query-input\":{\"@type\":\"PropertyValueSpecification\",\"valueRequired\":true,\"valueName\":\"search_term_string\"}}],\"inLanguage\":\"fr-FR\"},{\"@type\":\"Organization\",\"@id\":\"https:\\\/\\\/sunupost.com\\\/#organization\",\"name\":\"SUNUPOST\",\"url\":\"https:\\\/\\\/sunupost.com\\\/\",\"logo\":{\"@type\":\"ImageObject\",\"inLanguage\":\"fr-FR\",\"@id\":\"https:\\\/\\\/sunupost.com\\\/#\\\/schema\\\/logo\\\/image\\\/\",\"url\":\"https:\\\/\\\/secureservercdn.net\\\/198.71.233.206\\\/17w.044.myftpupload.com\\\/wp-content\\\/uploads\\\/2020\\\/05\\\/Lancement.jpg?time=1639052812\",\"contentUrl\":\"https:\\\/\\\/secureservercdn.net\\\/198.71.233.206\\\/17w.044.myftpupload.com\\\/wp-content\\\/uploads\\\/2020\\\/05\\\/Lancement.jpg?time=1639052812\",\"width\":300,\"height\":100,\"caption\":\"SUNUPOST\"},\"image\":{\"@id\":\"https:\\\/\\\/sunupost.com\\\/#\\\/schema\\\/logo\\\/image\\\/\"},\"sameAs\":[\"https:\\\/\\\/web.facebook.com\\\/Sunupost-101026658237468\\\/\",\"https:\\\/\\\/x.com\\\/sunupost\",\"https:\\\/\\\/www.instagram.com\\\/sunupost\\\/\",\"https:\\\/\\\/www.youtube.com\\\/channel\\\/UCd7V7bCkLDOee8yr7CW4Dpw\"]},{\"@type\":\"Person\",\"@id\":\"https:\\\/\\\/sunupost.com\\\/#\\\/schema\\\/person\\\/9c04c80a48c29cd2be004cf57947ebb0\",\"name\":\"La R\u00e9daction\",\"image\":{\"@type\":\"ImageObject\",\"inLanguage\":\"fr-FR\",\"@id\":\"https:\\\/\\\/secure.gravatar.com\\\/avatar\\\/1dc7c1ffd136391c1a6d8806c3431e1a2dd9445015e3f66472e3c63e9c80807e?s=96&d=mm&r=g\",\"url\":\"https:\\\/\\\/secure.gravatar.com\\\/avatar\\\/1dc7c1ffd136391c1a6d8806c3431e1a2dd9445015e3f66472e3c63e9c80807e?s=96&d=mm&r=g\",\"contentUrl\":\"https:\\\/\\\/secure.gravatar.com\\\/avatar\\\/1dc7c1ffd136391c1a6d8806c3431e1a2dd9445015e3f66472e3c63e9c80807e?s=96&d=mm&r=g\",\"caption\":\"La R\u00e9daction\"},\"url\":\"https:\\\/\\\/sunupost.com\\\/?author=10\"}]}<\/script>\n<!-- \/ Yoast SEO plugin. -->","yoast_head_json":{"title":"Les locaux du quotidien \u00ab\u00a0Les Echos\u00a0\u00bb attaqu\u00e9s, le forum civil et Amnesty condamnent. - SUNUPOST","robots":{"index":"index","follow":"follow","max-snippet":"max-snippet:-1","max-image-preview":"max-image-preview:large","max-video-preview":"max-video-preview:-1"},"canonical":"https:\/\/sunupost.com\/?p=3148","og_locale":"fr_FR","og_type":"article","og_title":"Les locaux du quotidien \u00ab\u00a0Les Echos\u00a0\u00bb attaqu\u00e9s, le forum civil et Amnesty condamnent. - SUNUPOST","og_description":"Les locaux du quotidien \u00ab\u00a0Les Echos\u00a0\u00bb, ont \u00e9t\u00e9 attaqu\u00e9s et saccag\u00e9s ce lundi. Un acte \u00ab\u00a0l\u00e2che\u00a0\u00bb, qui n\u2019est pas \u00e9tranger \u00e0 la publication, par ledit...","og_url":"https:\/\/sunupost.com\/?p=3148","og_site_name":"SUNUPOST","article_publisher":"https:\/\/web.facebook.com\/Sunupost-101026658237468\/","article_published_time":"2020-08-03T19:36:44+00:00","og_image":[{"width":666,"height":481,"url":"https:\/\/secureservercdn.net\/198.71.233.69\/17w.044.myftpupload.com\/wp-content\/uploads\/2020\/08\/Screenshot_20200803-191458_GFM-VOUS-1.jpg?time=1663107028","type":"image\/jpeg"}],"author":"La R\u00e9daction","twitter_card":"summary_large_image","twitter_creator":"@sunupost","twitter_site":"@sunupost","twitter_misc":{"\u00c9crit par":"La R\u00e9daction","Dur\u00e9e de lecture estim\u00e9e":"1 minute"},"schema":{"@context":"https:\/\/schema.org","@graph":[{"@type":"Article","@id":"https:\/\/sunupost.com\/?p=3148#article","isPartOf":{"@id":"https:\/\/sunupost.com\/?p=3148"},"author":{"name":"La R\u00e9daction","@id":"https:\/\/sunupost.com\/#\/schema\/person\/9c04c80a48c29cd2be004cf57947ebb0"},"headline":"Les locaux du quotidien \u00ab\u00a0Les Echos\u00a0\u00bb attaqu\u00e9s, le forum civil et Amnesty condamnent.","datePublished":"2020-08-03T19:36:44+00:00","mainEntityOfPage":{"@id":"https:\/\/sunupost.com\/?p=3148"},"wordCount":245,"commentCount":518,"publisher":{"@id":"https:\/\/sunupost.com\/#organization"},"image":{"@id":"https:\/\/sunupost.com\/?p=3148#primaryimage"},"thumbnailUrl":"https:\/\/sunupost.com\/wp-content\/uploads\/2020\/08\/Screenshot_20200803-191458_GFM-VOUS-1.jpg","articleSection":["SOCIETE"],"inLanguage":"fr-FR","potentialAction":[{"@type":"CommentAction","name":"Comment","target":["https:\/\/sunupost.com\/?p=3148#respond"]}]},{"@type":"WebPage","@id":"https:\/\/sunupost.com\/?p=3148","url":"https:\/\/sunupost.com\/?p=3148","name":"Les locaux du quotidien \u00ab\u00a0Les Echos\u00a0\u00bb attaqu\u00e9s, le forum civil et Amnesty condamnent. - SUNUPOST","isPartOf":{"@id":"https:\/\/sunupost.com\/#website"},"primaryImageOfPage":{"@id":"https:\/\/sunupost.com\/?p=3148#primaryimage"},"image":{"@id":"https:\/\/sunupost.com\/?p=3148#primaryimage"},"thumbnailUrl":"https:\/\/sunupost.com\/wp-content\/uploads\/2020\/08\/Screenshot_20200803-191458_GFM-VOUS-1.jpg","datePublished":"2020-08-03T19:36:44+00:00","breadcrumb":{"@id":"https:\/\/sunupost.com\/?p=3148#breadcrumb"},"inLanguage":"fr-FR","potentialAction":[{"@type":"ReadAction","target":["https:\/\/sunupost.com\/?p=3148"]}]},{"@type":"ImageObject","inLanguage":"fr-FR","@id":"https:\/\/sunupost.com\/?p=3148#primaryimage","url":"https:\/\/sunupost.com\/wp-content\/uploads\/2020\/08\/Screenshot_20200803-191458_GFM-VOUS-1.jpg","contentUrl":"https:\/\/sunupost.com\/wp-content\/uploads\/2020\/08\/Screenshot_20200803-191458_GFM-VOUS-1.jpg","width":666,"height":481},{"@type":"BreadcrumbList","@id":"https:\/\/sunupost.com\/?p=3148#breadcrumb","itemListElement":[{"@type":"ListItem","position":1,"name":"Home","item":"https:\/\/sunupost.com\/"},{"@type":"ListItem","position":2,"name":"Les locaux du quotidien \u00ab\u00a0Les Echos\u00a0\u00bb attaqu\u00e9s, le forum civil et Amnesty condamnent."}]},{"@type":"WebSite","@id":"https:\/\/sunupost.com\/#website","url":"https:\/\/sunupost.com\/","name":"SUNUPOST","description":"Pens\u00e9e libre","publisher":{"@id":"https:\/\/sunupost.com\/#organization"},"potentialAction":[{"@type":"SearchAction","target":{"@type":"EntryPoint","urlTemplate":"https:\/\/sunupost.com\/?s={search_term_string}"},"query-input":{"@type":"PropertyValueSpecification","valueRequired":true,"valueName":"search_term_string"}}],"inLanguage":"fr-FR"},{"@type":"Organization","@id":"https:\/\/sunupost.com\/#organization","name":"SUNUPOST","url":"https:\/\/sunupost.com\/","logo":{"@type":"ImageObject","inLanguage":"fr-FR","@id":"https:\/\/sunupost.com\/#\/schema\/logo\/image\/","url":"https:\/\/secureservercdn.net\/198.71.233.206\/17w.044.myftpupload.com\/wp-content\/uploads\/2020\/05\/Lancement.jpg?time=1639052812","contentUrl":"https:\/\/secureservercdn.net\/198.71.233.206\/17w.044.myftpupload.com\/wp-content\/uploads\/2020\/05\/Lancement.jpg?time=1639052812","width":300,"height":100,"caption":"SUNUPOST"},"image":{"@id":"https:\/\/sunupost.com\/#\/schema\/logo\/image\/"},"sameAs":["https:\/\/web.facebook.com\/Sunupost-101026658237468\/","https:\/\/x.com\/sunupost","https:\/\/www.instagram.com\/sunupost\/","https:\/\/www.youtube.com\/channel\/UCd7V7bCkLDOee8yr7CW4Dpw"]},{"@type":"Person","@id":"https:\/\/sunupost.com\/#\/schema\/person\/9c04c80a48c29cd2be004cf57947ebb0","name":"La R\u00e9daction","image":{"@type":"ImageObject","inLanguage":"fr-FR","@id":"https:\/\/secure.gravatar.com\/avatar\/1dc7c1ffd136391c1a6d8806c3431e1a2dd9445015e3f66472e3c63e9c80807e?s=96&d=mm&r=g","url":"https:\/\/secure.gravatar.com\/avatar\/1dc7c1ffd136391c1a6d8806c3431e1a2dd9445015e3f66472e3c63e9c80807e?s=96&d=mm&r=g","contentUrl":"https:\/\/secure.gravatar.com\/avatar\/1dc7c1ffd136391c1a6d8806c3431e1a2dd9445015e3f66472e3c63e9c80807e?s=96&d=mm&r=g","caption":"La R\u00e9daction"},"url":"https:\/\/sunupost.com\/?author=10"}]}},"_links":{"self":[{"href":"https:\/\/sunupost.com\/index.php?rest_route=\/wp\/v2\/posts\/3148","targetHints":{"allow":["GET"]}}],"collection":[{"href":"https:\/\/sunupost.com\/index.php?rest_route=\/wp\/v2\/posts"}],"about":[{"href":"https:\/\/sunupost.com\/index.php?rest_route=\/wp\/v2\/types\/post"}],"author":[{"embeddable":true,"href":"https:\/\/sunupost.com\/index.php?rest_route=\/wp\/v2\/users\/10"}],"replies":[{"embeddable":true,"href":"https:\/\/sunupost.com\/index.php?rest_route=%2Fwp%2Fv2%2Fcomments&post=3148"}],"version-history":[{"count":0,"href":"https:\/\/sunupost.com\/index.php?rest_route=\/wp\/v2\/posts\/3148\/revisions"}],"wp:featuredmedia":[{"embeddable":true,"href":"https:\/\/sunupost.com\/index.php?rest_route=\/wp\/v2\/media\/3149"}],"wp:attachment":[{"href":"https:\/\/sunupost.com\/index.php?rest_route=%2Fwp%2Fv2%2Fmedia&parent=3148"}],"wp:term":[{"taxonomy":"category","embeddable":true,"href":"https:\/\/sunupost.com\/index.php?rest_route=%2Fwp%2Fv2%2Fcategories&post=3148"},{"taxonomy":"post_tag","embeddable":true,"href":"https:\/\/sunupost.com\/index.php?rest_route=%2Fwp%2Fv2%2Ftags&post=3148"}],"curies":[{"name":"wp","href":"https:\/\/api.w.org\/{rel}","templated":true}]}}