{"id":3184,"date":"2020-08-05T13:07:58","date_gmt":"2020-08-05T13:07:58","guid":{"rendered":"https:\/\/sunupost.com\/?p=3184"},"modified":"2020-08-05T13:07:58","modified_gmt":"2020-08-05T13:07:58","slug":"le-4-aout-1984-thomas-sankara-renommait-lancienne-haute-volta-en-burkina-faso","status":"publish","type":"post","link":"https:\/\/sunupost.com\/?p=3184","title":{"rendered":"Le 4 ao\u00fbt 1984, Thomas Sankara renommait l\u2019ancienne Haute-Volta en Burkina-Faso"},"content":{"rendered":"<p>Le 4 ao\u00fbt 1984, Thomas Sankara renommait l\u2019ancienne Haute-Volta en Burkina-Faso, le \u00ab\u00a0Pays des hommes int\u00e8gres\u00a0\u00bb. Un changement de nom officiel et tr\u00e8s symbolique, destin\u00e9 \u00e0 rompre avec le pass\u00e9 colonial et \u00e0 concr\u00e9tiser les objectifs de la r\u00e9volution sankariste.<\/p>\n<p>En vertu d\u2019une ordonnance du 2 ao\u00fbt 1984, le capitaine Thomas Sankara, d\u00e9sireux de faire table rase du \u00ab\u00a0pass\u00e9 r\u00e9actionnaire et n\u00e9ocolonial\u00a0\u00bb, rebaptise la Haute-Volta en R\u00e9publique d\u00e9mocratique et populaire du Bourkina F\u00e2so (orthographe originelle). Le premier mot signifie \u00ab\u00a0homme int\u00e8gre\u00a0\u00bb en langue moor\u00e9 et le second \u00ab\u00a0terre natale\u00a0\u00bb en dioula, soit \u00ab\u00a0le pays des hommes int\u00e8gres\u00a0\u00bb. Ses sept millions d\u2019habitants ne sont plus des Volta\u00efques mais des Bourkinab\u00e8.<\/p>\n<p>Le drapeau de l\u2019ancienne Haute-Volta, compos\u00e9 de trois bandes noire, blanche et rouge, est aussi remplac\u00e9. Le nouvel \u00e9tendard national est d\u00e9sormais compos\u00e9 de deux bandes horizontales rouge et verte, frapp\u00e9es d\u2019une \u00e9toile jaune \u00e0 cinq branches. Le tout repr\u00e9sentant respectivement les id\u00e9aux de r\u00e9volution, de travail de la terre, et d\u2019esp\u00e9rance. Autre transformation\u00a0: l\u2019hymne national. La chanson Volta laisse la place au Ditanie, ou \u00ab\u00a0chant de la victoire\u00a0\u00bb. La devise nationale est elle aussi modifi\u00e9e, passant de \u00ab\u00a0Unit\u00e9-travail-justice\u00a0\u00bb \u00e0 \u00ab\u00a0La patrie ou la mort, nous vaincrons\u00a0\u00bb.<\/p>\n<p>Sankara \u00e0 la guitare<\/p>\n<p>Ce changement de nom de l\u2019ancienne colonie fran\u00e7aise est c\u00e9l\u00e9br\u00e9 deux jours plus tard, le 4 ao\u00fbt, jour du premier anniversaire de la r\u00e9volution de Thomas Sankara. Ce jour-l\u00e0, le Conseil national r\u00e9volutionnaire (CNR) organise des festivit\u00e9s dans tout le pays en l\u2019honneur du nouveau Bourkina F\u00e2so. Outre les c\u00e9r\u00e9monies officielles, des matchs de football et de boxe, ainsi qu\u2019une course cycliste, sont organis\u00e9s.<\/p>\n<p>\u00c0 Ouagadougou, les festivit\u00e9s sont men\u00e9es par le capitaine Sankara en personne. Le jeune leader de 36 ans, qui a pris le pouvoir avec un groupe d\u2019officiers un an plus t\u00f4t, jubile. Au petit matin du 4 ao\u00fbt, apr\u00e8s une nuit de f\u00eate avec une vingtaine de proches dans son quartier g\u00e9n\u00e9ral, il attrape une guitare dont il commence \u00e0 gratter les cordes. Un de ses ministres et un sergent-chef lui embo\u00eetent le pas. Le petit groupe tire l\u2019assembl\u00e9e de sa somnolence. Parmi les convives, un invit\u00e9 de marque\u00a0: le pr\u00e9sident ghan\u00e9en John Jerry Rawlings, dont les grandes lunettes sombres ne masquent pas l\u2019\u00e9tonnement face aux talents cach\u00e9s de son h\u00f4te. Comme l\u2019\u00e9crit Mohamed Selhami, alors envoy\u00e9 sp\u00e9cial de Jeune Afrique, \u00ab\u00a0la r\u00e9volution n\u2019est pas seulement cette chose qui immobilise l\u2019esprit, elle sait aussi l\u2019\u00e9gayer, surtout lorsque Thomas Sankara s\u2019en occupe\u00a0\u00bb.<\/p>\n<p>\u00ab\u00a0Il fallait prendre des initiatives audacieuses et radicales\u00a0\u00bb<\/p>\n<p>Muni de son ins\u00e9parable revolver incrust\u00e9 d\u2019argent et d\u2019ivoire, le capitaine anti-imp\u00e9rialiste expliquera \u00e0 notre ancien collaborateur avoir chang\u00e9 le nom de son pays \u00ab\u00a0pour mieux appliquer notre conception r\u00e9volutionnaire\u00a0\u00bb. Selon lui, \u00ab\u00a0il fallait prendre des initiatives audacieuses et radicales, entre autres effacer les traces du colonialisme. \u00c0 commencer par l\u2019appellation donn\u00e9e par celui-ci \u00e0 notre pays. Le nom Haute-Volta ne r\u00e9pondait ni \u00e0 des crit\u00e8res g\u00e9ographiques ni \u00e0 des crit\u00e8res sociologiques ou culturels\u00a0\u00bb.<\/p>\n<p style=\"text-align: justify;\">Trente ans plus tard, le Burkina Faso reste connu dans le monde entier comme le \u00ab\u00a0Pays des hommes int\u00e8gres\u00a0\u00bb. Le capitaine Thomas Sankara, assassin\u00e9 le 15 octobre 1987 dans des circonstances troubles, est lui devenu une l\u00e9gende, adul\u00e9 bien au del\u00e0 des fronti\u00e8res de l\u2019ancien berceau de la r\u00e9volution sankariste.<\/p>\n","protected":false},"excerpt":{"rendered":"<p>Le 4 ao\u00fbt 1984, Thomas Sankara renommait l\u2019ancienne Haute-Volta en Burkina-Faso, le \u00ab\u00a0Pays des hommes int\u00e8gres\u00a0\u00bb. Un changement de nom officiel et tr\u00e8s symbolique, destin\u00e9&#8230;<\/p>\n","protected":false},"author":10,"featured_media":3185,"comment_status":"open","ping_status":"open","sticky":false,"template":"","format":"standard","meta":{"_coblocks_attr":"","_coblocks_dimensions":"","_coblocks_responsive_height":"","_coblocks_accordion_ie_support":"","_monsterinsights_skip_tracking":false,"_monsterinsights_sitenote_active":false,"_monsterinsights_sitenote_note":"","_monsterinsights_sitenote_category":0,"h5ap_radio_sources":[],"footnotes":""},"categories":[2],"tags":[],"class_list":["post-3184","post","type-post","status-publish","format-standard","has-post-thumbnail","hentry","category-international","wpcat-2-id"],"yoast_head":"<!-- This site is optimized with the Yoast SEO plugin v27.4 - https:\/\/yoast.com\/product\/yoast-seo-wordpress\/ -->\n<title>Le 4 ao\u00fbt 1984, Thomas Sankara renommait l\u2019ancienne Haute-Volta en Burkina-Faso - SUNUPOST<\/title>\n<meta name=\"robots\" content=\"index, follow, max-snippet:-1, max-image-preview:large, max-video-preview:-1\" \/>\n<link rel=\"canonical\" href=\"https:\/\/sunupost.com\/?p=3184\" \/>\n<meta property=\"og:locale\" content=\"fr_FR\" \/>\n<meta property=\"og:type\" content=\"article\" \/>\n<meta property=\"og:title\" content=\"Le 4 ao\u00fbt 1984, Thomas Sankara renommait l\u2019ancienne Haute-Volta en Burkina-Faso - SUNUPOST\" \/>\n<meta property=\"og:description\" content=\"Le 4 ao\u00fbt 1984, Thomas Sankara renommait l\u2019ancienne Haute-Volta en Burkina-Faso, le \u00ab\u00a0Pays des hommes int\u00e8gres\u00a0\u00bb. Un changement de nom officiel et tr\u00e8s symbolique, destin\u00e9...\" \/>\n<meta property=\"og:url\" content=\"https:\/\/sunupost.com\/?p=3184\" \/>\n<meta property=\"og:site_name\" content=\"SUNUPOST\" \/>\n<meta property=\"article:publisher\" content=\"https:\/\/web.facebook.com\/Sunupost-101026658237468\/\" \/>\n<meta property=\"article:published_time\" content=\"2020-08-05T13:07:58+00:00\" \/>\n<meta property=\"og:image\" content=\"https:\/\/secureservercdn.net\/198.71.233.69\/17w.044.myftpupload.com\/wp-content\/uploads\/2020\/08\/file-20171212-9416-11n5xsz.jpg?time=1663145480\" \/>\n\t<meta property=\"og:image:width\" content=\"926\" \/>\n\t<meta property=\"og:image:height\" content=\"624\" \/>\n\t<meta property=\"og:image:type\" content=\"image\/jpeg\" \/>\n<meta name=\"author\" content=\"La R\u00e9daction\" \/>\n<meta name=\"twitter:card\" content=\"summary_large_image\" \/>\n<meta name=\"twitter:creator\" content=\"@sunupost\" \/>\n<meta name=\"twitter:site\" content=\"@sunupost\" \/>\n<meta name=\"twitter:label1\" content=\"\u00c9crit par\" \/>\n\t<meta name=\"twitter:data1\" content=\"La R\u00e9daction\" \/>\n\t<meta name=\"twitter:label2\" content=\"Dur\u00e9e de lecture estim\u00e9e\" \/>\n\t<meta name=\"twitter:data2\" content=\"3 minutes\" \/>\n<script type=\"application\/ld+json\" class=\"yoast-schema-graph\">{\"@context\":\"https:\\\/\\\/schema.org\",\"@graph\":[{\"@type\":\"Article\",\"@id\":\"https:\\\/\\\/sunupost.com\\\/?p=3184#article\",\"isPartOf\":{\"@id\":\"https:\\\/\\\/sunupost.com\\\/?p=3184\"},\"author\":{\"name\":\"La R\u00e9daction\",\"@id\":\"https:\\\/\\\/sunupost.com\\\/#\\\/schema\\\/person\\\/9c04c80a48c29cd2be004cf57947ebb0\"},\"headline\":\"Le 4 ao\u00fbt 1984, Thomas Sankara renommait l\u2019ancienne Haute-Volta en Burkina-Faso\",\"datePublished\":\"2020-08-05T13:07:58+00:00\",\"mainEntityOfPage\":{\"@id\":\"https:\\\/\\\/sunupost.com\\\/?p=3184\"},\"wordCount\":611,\"commentCount\":306,\"publisher\":{\"@id\":\"https:\\\/\\\/sunupost.com\\\/#organization\"},\"image\":{\"@id\":\"https:\\\/\\\/sunupost.com\\\/?p=3184#primaryimage\"},\"thumbnailUrl\":\"https:\\\/\\\/sunupost.com\\\/wp-content\\\/uploads\\\/2020\\\/08\\\/file-20171212-9416-11n5xsz.jpg\",\"articleSection\":[\"INTERNATIONAL\"],\"inLanguage\":\"fr-FR\",\"potentialAction\":[{\"@type\":\"CommentAction\",\"name\":\"Comment\",\"target\":[\"https:\\\/\\\/sunupost.com\\\/?p=3184#respond\"]}]},{\"@type\":\"WebPage\",\"@id\":\"https:\\\/\\\/sunupost.com\\\/?p=3184\",\"url\":\"https:\\\/\\\/sunupost.com\\\/?p=3184\",\"name\":\"Le 4 ao\u00fbt 1984, Thomas Sankara renommait l\u2019ancienne Haute-Volta en Burkina-Faso - SUNUPOST\",\"isPartOf\":{\"@id\":\"https:\\\/\\\/sunupost.com\\\/#website\"},\"primaryImageOfPage\":{\"@id\":\"https:\\\/\\\/sunupost.com\\\/?p=3184#primaryimage\"},\"image\":{\"@id\":\"https:\\\/\\\/sunupost.com\\\/?p=3184#primaryimage\"},\"thumbnailUrl\":\"https:\\\/\\\/sunupost.com\\\/wp-content\\\/uploads\\\/2020\\\/08\\\/file-20171212-9416-11n5xsz.jpg\",\"datePublished\":\"2020-08-05T13:07:58+00:00\",\"breadcrumb\":{\"@id\":\"https:\\\/\\\/sunupost.com\\\/?p=3184#breadcrumb\"},\"inLanguage\":\"fr-FR\",\"potentialAction\":[{\"@type\":\"ReadAction\",\"target\":[\"https:\\\/\\\/sunupost.com\\\/?p=3184\"]}]},{\"@type\":\"ImageObject\",\"inLanguage\":\"fr-FR\",\"@id\":\"https:\\\/\\\/sunupost.com\\\/?p=3184#primaryimage\",\"url\":\"https:\\\/\\\/sunupost.com\\\/wp-content\\\/uploads\\\/2020\\\/08\\\/file-20171212-9416-11n5xsz.jpg\",\"contentUrl\":\"https:\\\/\\\/sunupost.com\\\/wp-content\\\/uploads\\\/2020\\\/08\\\/file-20171212-9416-11n5xsz.jpg\",\"width\":926,\"height\":624},{\"@type\":\"BreadcrumbList\",\"@id\":\"https:\\\/\\\/sunupost.com\\\/?p=3184#breadcrumb\",\"itemListElement\":[{\"@type\":\"ListItem\",\"position\":1,\"name\":\"Home\",\"item\":\"https:\\\/\\\/sunupost.com\\\/\"},{\"@type\":\"ListItem\",\"position\":2,\"name\":\"Le 4 ao\u00fbt 1984, Thomas Sankara renommait l\u2019ancienne Haute-Volta en Burkina-Faso\"}]},{\"@type\":\"WebSite\",\"@id\":\"https:\\\/\\\/sunupost.com\\\/#website\",\"url\":\"https:\\\/\\\/sunupost.com\\\/\",\"name\":\"SUNUPOST\",\"description\":\"Pens\u00e9e libre\",\"publisher\":{\"@id\":\"https:\\\/\\\/sunupost.com\\\/#organization\"},\"potentialAction\":[{\"@type\":\"SearchAction\",\"target\":{\"@type\":\"EntryPoint\",\"urlTemplate\":\"https:\\\/\\\/sunupost.com\\\/?s={search_term_string}\"},\"query-input\":{\"@type\":\"PropertyValueSpecification\",\"valueRequired\":true,\"valueName\":\"search_term_string\"}}],\"inLanguage\":\"fr-FR\"},{\"@type\":\"Organization\",\"@id\":\"https:\\\/\\\/sunupost.com\\\/#organization\",\"name\":\"SUNUPOST\",\"url\":\"https:\\\/\\\/sunupost.com\\\/\",\"logo\":{\"@type\":\"ImageObject\",\"inLanguage\":\"fr-FR\",\"@id\":\"https:\\\/\\\/sunupost.com\\\/#\\\/schema\\\/logo\\\/image\\\/\",\"url\":\"https:\\\/\\\/secureservercdn.net\\\/198.71.233.206\\\/17w.044.myftpupload.com\\\/wp-content\\\/uploads\\\/2020\\\/05\\\/Lancement.jpg?time=1639052812\",\"contentUrl\":\"https:\\\/\\\/secureservercdn.net\\\/198.71.233.206\\\/17w.044.myftpupload.com\\\/wp-content\\\/uploads\\\/2020\\\/05\\\/Lancement.jpg?time=1639052812\",\"width\":300,\"height\":100,\"caption\":\"SUNUPOST\"},\"image\":{\"@id\":\"https:\\\/\\\/sunupost.com\\\/#\\\/schema\\\/logo\\\/image\\\/\"},\"sameAs\":[\"https:\\\/\\\/web.facebook.com\\\/Sunupost-101026658237468\\\/\",\"https:\\\/\\\/x.com\\\/sunupost\",\"https:\\\/\\\/www.instagram.com\\\/sunupost\\\/\",\"https:\\\/\\\/www.youtube.com\\\/channel\\\/UCd7V7bCkLDOee8yr7CW4Dpw\"]},{\"@type\":\"Person\",\"@id\":\"https:\\\/\\\/sunupost.com\\\/#\\\/schema\\\/person\\\/9c04c80a48c29cd2be004cf57947ebb0\",\"name\":\"La R\u00e9daction\",\"image\":{\"@type\":\"ImageObject\",\"inLanguage\":\"fr-FR\",\"@id\":\"https:\\\/\\\/secure.gravatar.com\\\/avatar\\\/1dc7c1ffd136391c1a6d8806c3431e1a2dd9445015e3f66472e3c63e9c80807e?s=96&d=mm&r=g\",\"url\":\"https:\\\/\\\/secure.gravatar.com\\\/avatar\\\/1dc7c1ffd136391c1a6d8806c3431e1a2dd9445015e3f66472e3c63e9c80807e?s=96&d=mm&r=g\",\"contentUrl\":\"https:\\\/\\\/secure.gravatar.com\\\/avatar\\\/1dc7c1ffd136391c1a6d8806c3431e1a2dd9445015e3f66472e3c63e9c80807e?s=96&d=mm&r=g\",\"caption\":\"La R\u00e9daction\"},\"url\":\"https:\\\/\\\/sunupost.com\\\/?author=10\"}]}<\/script>\n<!-- \/ Yoast SEO plugin. -->","yoast_head_json":{"title":"Le 4 ao\u00fbt 1984, Thomas Sankara renommait l\u2019ancienne Haute-Volta en Burkina-Faso - SUNUPOST","robots":{"index":"index","follow":"follow","max-snippet":"max-snippet:-1","max-image-preview":"max-image-preview:large","max-video-preview":"max-video-preview:-1"},"canonical":"https:\/\/sunupost.com\/?p=3184","og_locale":"fr_FR","og_type":"article","og_title":"Le 4 ao\u00fbt 1984, Thomas Sankara renommait l\u2019ancienne Haute-Volta en Burkina-Faso - SUNUPOST","og_description":"Le 4 ao\u00fbt 1984, Thomas Sankara renommait l\u2019ancienne Haute-Volta en Burkina-Faso, le \u00ab\u00a0Pays des hommes int\u00e8gres\u00a0\u00bb. Un changement de nom officiel et tr\u00e8s symbolique, destin\u00e9...","og_url":"https:\/\/sunupost.com\/?p=3184","og_site_name":"SUNUPOST","article_publisher":"https:\/\/web.facebook.com\/Sunupost-101026658237468\/","article_published_time":"2020-08-05T13:07:58+00:00","og_image":[{"width":926,"height":624,"url":"https:\/\/secureservercdn.net\/198.71.233.69\/17w.044.myftpupload.com\/wp-content\/uploads\/2020\/08\/file-20171212-9416-11n5xsz.jpg?time=1663145480","type":"image\/jpeg"}],"author":"La R\u00e9daction","twitter_card":"summary_large_image","twitter_creator":"@sunupost","twitter_site":"@sunupost","twitter_misc":{"\u00c9crit par":"La R\u00e9daction","Dur\u00e9e de lecture estim\u00e9e":"3 minutes"},"schema":{"@context":"https:\/\/schema.org","@graph":[{"@type":"Article","@id":"https:\/\/sunupost.com\/?p=3184#article","isPartOf":{"@id":"https:\/\/sunupost.com\/?p=3184"},"author":{"name":"La R\u00e9daction","@id":"https:\/\/sunupost.com\/#\/schema\/person\/9c04c80a48c29cd2be004cf57947ebb0"},"headline":"Le 4 ao\u00fbt 1984, Thomas Sankara renommait l\u2019ancienne Haute-Volta en Burkina-Faso","datePublished":"2020-08-05T13:07:58+00:00","mainEntityOfPage":{"@id":"https:\/\/sunupost.com\/?p=3184"},"wordCount":611,"commentCount":306,"publisher":{"@id":"https:\/\/sunupost.com\/#organization"},"image":{"@id":"https:\/\/sunupost.com\/?p=3184#primaryimage"},"thumbnailUrl":"https:\/\/sunupost.com\/wp-content\/uploads\/2020\/08\/file-20171212-9416-11n5xsz.jpg","articleSection":["INTERNATIONAL"],"inLanguage":"fr-FR","potentialAction":[{"@type":"CommentAction","name":"Comment","target":["https:\/\/sunupost.com\/?p=3184#respond"]}]},{"@type":"WebPage","@id":"https:\/\/sunupost.com\/?p=3184","url":"https:\/\/sunupost.com\/?p=3184","name":"Le 4 ao\u00fbt 1984, Thomas Sankara renommait l\u2019ancienne Haute-Volta en Burkina-Faso - SUNUPOST","isPartOf":{"@id":"https:\/\/sunupost.com\/#website"},"primaryImageOfPage":{"@id":"https:\/\/sunupost.com\/?p=3184#primaryimage"},"image":{"@id":"https:\/\/sunupost.com\/?p=3184#primaryimage"},"thumbnailUrl":"https:\/\/sunupost.com\/wp-content\/uploads\/2020\/08\/file-20171212-9416-11n5xsz.jpg","datePublished":"2020-08-05T13:07:58+00:00","breadcrumb":{"@id":"https:\/\/sunupost.com\/?p=3184#breadcrumb"},"inLanguage":"fr-FR","potentialAction":[{"@type":"ReadAction","target":["https:\/\/sunupost.com\/?p=3184"]}]},{"@type":"ImageObject","inLanguage":"fr-FR","@id":"https:\/\/sunupost.com\/?p=3184#primaryimage","url":"https:\/\/sunupost.com\/wp-content\/uploads\/2020\/08\/file-20171212-9416-11n5xsz.jpg","contentUrl":"https:\/\/sunupost.com\/wp-content\/uploads\/2020\/08\/file-20171212-9416-11n5xsz.jpg","width":926,"height":624},{"@type":"BreadcrumbList","@id":"https:\/\/sunupost.com\/?p=3184#breadcrumb","itemListElement":[{"@type":"ListItem","position":1,"name":"Home","item":"https:\/\/sunupost.com\/"},{"@type":"ListItem","position":2,"name":"Le 4 ao\u00fbt 1984, Thomas Sankara renommait l\u2019ancienne Haute-Volta en Burkina-Faso"}]},{"@type":"WebSite","@id":"https:\/\/sunupost.com\/#website","url":"https:\/\/sunupost.com\/","name":"SUNUPOST","description":"Pens\u00e9e libre","publisher":{"@id":"https:\/\/sunupost.com\/#organization"},"potentialAction":[{"@type":"SearchAction","target":{"@type":"EntryPoint","urlTemplate":"https:\/\/sunupost.com\/?s={search_term_string}"},"query-input":{"@type":"PropertyValueSpecification","valueRequired":true,"valueName":"search_term_string"}}],"inLanguage":"fr-FR"},{"@type":"Organization","@id":"https:\/\/sunupost.com\/#organization","name":"SUNUPOST","url":"https:\/\/sunupost.com\/","logo":{"@type":"ImageObject","inLanguage":"fr-FR","@id":"https:\/\/sunupost.com\/#\/schema\/logo\/image\/","url":"https:\/\/secureservercdn.net\/198.71.233.206\/17w.044.myftpupload.com\/wp-content\/uploads\/2020\/05\/Lancement.jpg?time=1639052812","contentUrl":"https:\/\/secureservercdn.net\/198.71.233.206\/17w.044.myftpupload.com\/wp-content\/uploads\/2020\/05\/Lancement.jpg?time=1639052812","width":300,"height":100,"caption":"SUNUPOST"},"image":{"@id":"https:\/\/sunupost.com\/#\/schema\/logo\/image\/"},"sameAs":["https:\/\/web.facebook.com\/Sunupost-101026658237468\/","https:\/\/x.com\/sunupost","https:\/\/www.instagram.com\/sunupost\/","https:\/\/www.youtube.com\/channel\/UCd7V7bCkLDOee8yr7CW4Dpw"]},{"@type":"Person","@id":"https:\/\/sunupost.com\/#\/schema\/person\/9c04c80a48c29cd2be004cf57947ebb0","name":"La R\u00e9daction","image":{"@type":"ImageObject","inLanguage":"fr-FR","@id":"https:\/\/secure.gravatar.com\/avatar\/1dc7c1ffd136391c1a6d8806c3431e1a2dd9445015e3f66472e3c63e9c80807e?s=96&d=mm&r=g","url":"https:\/\/secure.gravatar.com\/avatar\/1dc7c1ffd136391c1a6d8806c3431e1a2dd9445015e3f66472e3c63e9c80807e?s=96&d=mm&r=g","contentUrl":"https:\/\/secure.gravatar.com\/avatar\/1dc7c1ffd136391c1a6d8806c3431e1a2dd9445015e3f66472e3c63e9c80807e?s=96&d=mm&r=g","caption":"La R\u00e9daction"},"url":"https:\/\/sunupost.com\/?author=10"}]}},"_links":{"self":[{"href":"https:\/\/sunupost.com\/index.php?rest_route=\/wp\/v2\/posts\/3184","targetHints":{"allow":["GET"]}}],"collection":[{"href":"https:\/\/sunupost.com\/index.php?rest_route=\/wp\/v2\/posts"}],"about":[{"href":"https:\/\/sunupost.com\/index.php?rest_route=\/wp\/v2\/types\/post"}],"author":[{"embeddable":true,"href":"https:\/\/sunupost.com\/index.php?rest_route=\/wp\/v2\/users\/10"}],"replies":[{"embeddable":true,"href":"https:\/\/sunupost.com\/index.php?rest_route=%2Fwp%2Fv2%2Fcomments&post=3184"}],"version-history":[{"count":0,"href":"https:\/\/sunupost.com\/index.php?rest_route=\/wp\/v2\/posts\/3184\/revisions"}],"wp:featuredmedia":[{"embeddable":true,"href":"https:\/\/sunupost.com\/index.php?rest_route=\/wp\/v2\/media\/3185"}],"wp:attachment":[{"href":"https:\/\/sunupost.com\/index.php?rest_route=%2Fwp%2Fv2%2Fmedia&parent=3184"}],"wp:term":[{"taxonomy":"category","embeddable":true,"href":"https:\/\/sunupost.com\/index.php?rest_route=%2Fwp%2Fv2%2Fcategories&post=3184"},{"taxonomy":"post_tag","embeddable":true,"href":"https:\/\/sunupost.com\/index.php?rest_route=%2Fwp%2Fv2%2Ftags&post=3184"}],"curies":[{"name":"wp","href":"https:\/\/api.w.org\/{rel}","templated":true}]}}