{"id":3199,"date":"2020-08-05T23:33:26","date_gmt":"2020-08-05T23:33:26","guid":{"rendered":"https:\/\/sunupost.com\/?p=3199"},"modified":"2020-08-05T23:33:26","modified_gmt":"2020-08-05T23:33:26","slug":"gestion-de-la-covid-19-thierno-bocoum-prend-le-contre-pied-de-jules-diop","status":"publish","type":"post","link":"https:\/\/sunupost.com\/?p=3199","title":{"rendered":"Gestion De La Covid-19 Thierno Bocoum Prend le Contre-Pied De Jules  Diop."},"content":{"rendered":"<p style=\"text-align: justify;\">Le leader du mouvement AGIR \u00e0 semblablement pris le contre-pied de Souleymane Jules Diop en ce qui concerne la gestion de la Covid19. Pour lui, l\u2019\u00c9tat devrait accompagner les populations en les dotant de masques avant de leur en exiger le port syst\u00e9matique.<\/p>\n<p style=\"text-align: justify;\">Voici in extenso son propos<\/p>\n<p style=\"text-align: justify;\">Cette propension de certains membres du pouvoir \u00e0 tout mettre sur le dos des populations dans l\u2019\u00e9chec de la gestion chaotique de la COVID-19 est inacceptable.<\/p>\n<p style=\"text-align: justify;\">Les populations ont bon dos. Qui peut r\u00e9pondre au nom des populations ? Personne. Ils pr\u00e9f\u00e8rent s\u2019adresser \u00e0 une entit\u00e9 qui ne parlera pas et qui ne d\u00e9signera pas son porte-parole de sit\u00f4t.<\/p>\n<p style=\"text-align: justify;\">Quand l\u2019Etat est en pleine noyade dans le lac du mim\u00e9tisme en ignorant ses r\u00e9alit\u00e9s socio-\u00e9conomiques, il ne peut se pr\u00e9valoir de sa propre turpitude.<\/p>\n<p style=\"text-align: justify;\">Quand l\u2019Etat ne met en \u0153uvre aucune mesure d\u2019accompagnement pour un secteur priv\u00e9 occupant 90% de l\u2019activit\u00e9 \u00e9conomique, il ne doit pas s\u2019\u00e9tonner que des S\u00e9n\u00e9galais crient famine.<\/p>\n<p style=\"text-align: justify;\">Quand l\u2019Etat cr\u00e9e des march\u00e9s n\u00e9buleux autour de la pand\u00e9mie et enrichit des privil\u00e9gi\u00e9s, il ne doit s\u2019\u00e9tonner que les frustrations s\u2019agrandissent au moment o\u00f9 le plus petit franc du S\u00e9n\u00e9galais est r\u00e9clam\u00e9 pour constituer une manne financi\u00e8re de lutte contre la pand\u00e9mie.<\/p>\n<p style=\"text-align: justify;\">Quand on demande \u00e0 ses compatriotes de vivre avec le virus sans les pr\u00e9munir du risque de mourir du virus en prenant des dispositions exigeant le respect des mesures barri\u00e8res et le port syst\u00e9matique du masque, on ne doit pas s\u2019\u00e9tonner du nombre de morts important que nous recensons, presque quotidiennement.<\/p>\n<p style=\"text-align: justify;\">Quel est ce pays s\u00e9rieux qui a d\u00e9cid\u00e9 de vivre avec le virus sans mettre en place un m\u00e9canisme de sanction contre les citoyens r\u00e9calcitrants aux mesures barri\u00e8res ? Il n\u2019existe pas.<\/p>\n<p style=\"text-align: justify;\">Quelle est cette population au monde qui respecte scrupuleusement toutes les mesures d\u2019un gouvernement sur simple recommandation ? Elle n\u2019existe pas.<\/p>\n<p style=\"text-align: justify;\">Quel est aussi cet \u00c9tat s\u00e9rieux qui exige le port du masque sans en distribuer en quantit\u00e9 industrielle, qui veut sanctionner les r\u00e9calcitrants sans donner des moyens de d\u00e9ploiement \u00e0 ses forces de s\u00e9curit\u00e9 et de d\u00e9fense ?<\/p>\n<p style=\"text-align: justify;\">Vivre avec le virus doit \u00eatre accompagn\u00e9 de la pr\u00e9sence r\u00e9galienne de l\u2019\u00c9tat avec des mesures qui s\u2019appliquent erga omnes.<\/p>\n<p style=\"text-align: justify;\">Quand un \u00c9tat finit par faire comprendre qu\u2019il est incapable de g\u00e9rer une crise et qu\u2019il n\u2019est passable que dans la gestion courante d\u2019un pouvoir, cela d\u00e9note un mal profond.<\/p>\n<p style=\"text-align: justify;\">C\u2019est ce mal qu\u2019il faut soigner, corriger.<\/p>\n<p style=\"text-align: justify;\">Respectons tous ces s\u00e9n\u00e9galais qui n\u2019attendaient que des mesures coh\u00e9rentes pour s\u2019en accommoder.<\/p>\n<p style=\"text-align: justify;\">Il n\u2019y a pas eu d\u2019Etat dans la gestion de cette pand\u00e9mie. Ni les structures de sant\u00e9 ni le personnel de sant\u00e9 ne l\u2019a senti si ce n\u2019est du saupoudrage qui a vite montr\u00e9 ses limites. Seuls les march\u00e9s de riz et autres int\u00e9ressaient ceux qui nous gouvernent.<\/p>\n<p style=\"text-align: justify;\">Les march\u00e9s sont finis, les bras sont crois\u00e9s.<br \/>\nDe gr\u00e2ce qu\u2019ils ne les d\u00e9croisent pas juste pour pointer d\u2019un doigt accusateur les populations.<\/p>\n<p style=\"text-align: justify;\">\u00c7a suffit !<\/p>\n<p style=\"text-align: justify;\">Thierno Bocoum<br \/>\nPresident du mouvement AGIR<\/p>\n","protected":false},"excerpt":{"rendered":"<p>Le leader du mouvement AGIR \u00e0 semblablement pris le contre-pied de Souleymane Jules Diop en ce qui concerne la gestion de la Covid19. Pour lui,&#8230;<\/p>\n","protected":false},"author":10,"featured_media":3200,"comment_status":"open","ping_status":"open","sticky":false,"template":"","format":"standard","meta":{"_coblocks_attr":"","_coblocks_dimensions":"","_coblocks_responsive_height":"","_coblocks_accordion_ie_support":"","_monsterinsights_skip_tracking":false,"_monsterinsights_sitenote_active":false,"_monsterinsights_sitenote_note":"","_monsterinsights_sitenote_category":0,"h5ap_radio_sources":[],"footnotes":""},"categories":[10],"tags":[],"class_list":["post-3199","post","type-post","status-publish","format-standard","has-post-thumbnail","hentry","category-contribution","wpcat-10-id"],"yoast_head":"<!-- This site is optimized with the Yoast SEO plugin v27.4 - https:\/\/yoast.com\/product\/yoast-seo-wordpress\/ -->\n<title>Gestion De La Covid-19 Thierno Bocoum Prend le Contre-Pied De Jules Diop. - SUNUPOST<\/title>\n<meta name=\"robots\" content=\"index, follow, max-snippet:-1, max-image-preview:large, max-video-preview:-1\" \/>\n<link rel=\"canonical\" href=\"https:\/\/sunupost.com\/?p=3199\" \/>\n<meta property=\"og:locale\" content=\"fr_FR\" \/>\n<meta property=\"og:type\" content=\"article\" \/>\n<meta property=\"og:title\" content=\"Gestion De La Covid-19 Thierno Bocoum Prend le Contre-Pied De Jules Diop. - SUNUPOST\" \/>\n<meta property=\"og:description\" content=\"Le leader du mouvement AGIR \u00e0 semblablement pris le contre-pied de Souleymane Jules Diop en ce qui concerne la gestion de la Covid19. Pour lui,...\" \/>\n<meta property=\"og:url\" content=\"https:\/\/sunupost.com\/?p=3199\" \/>\n<meta property=\"og:site_name\" content=\"SUNUPOST\" \/>\n<meta property=\"article:publisher\" content=\"https:\/\/web.facebook.com\/Sunupost-101026658237468\/\" \/>\n<meta property=\"article:published_time\" content=\"2020-08-05T23:33:26+00:00\" \/>\n<meta property=\"og:image\" content=\"https:\/\/secureservercdn.net\/198.71.233.69\/17w.044.myftpupload.com\/wp-content\/uploads\/2020\/08\/5f9d35ce0d2b700dbe0ac2234dba6f5735f1bf11.jpg?time=1663112222\" \/>\n\t<meta property=\"og:image:width\" content=\"612\" \/>\n\t<meta property=\"og:image:height\" content=\"298\" \/>\n\t<meta property=\"og:image:type\" content=\"image\/jpeg\" \/>\n<meta name=\"author\" content=\"La R\u00e9daction\" \/>\n<meta name=\"twitter:card\" content=\"summary_large_image\" \/>\n<meta name=\"twitter:creator\" content=\"@sunupost\" \/>\n<meta name=\"twitter:site\" content=\"@sunupost\" \/>\n<meta name=\"twitter:label1\" content=\"\u00c9crit par\" \/>\n\t<meta name=\"twitter:data1\" content=\"La R\u00e9daction\" \/>\n\t<meta name=\"twitter:label2\" content=\"Dur\u00e9e de lecture estim\u00e9e\" \/>\n\t<meta name=\"twitter:data2\" content=\"3 minutes\" \/>\n<script type=\"application\/ld+json\" class=\"yoast-schema-graph\">{\"@context\":\"https:\\\/\\\/schema.org\",\"@graph\":[{\"@type\":\"Article\",\"@id\":\"https:\\\/\\\/sunupost.com\\\/?p=3199#article\",\"isPartOf\":{\"@id\":\"https:\\\/\\\/sunupost.com\\\/?p=3199\"},\"author\":{\"name\":\"La R\u00e9daction\",\"@id\":\"https:\\\/\\\/sunupost.com\\\/#\\\/schema\\\/person\\\/9c04c80a48c29cd2be004cf57947ebb0\"},\"headline\":\"Gestion De La Covid-19 Thierno Bocoum Prend le Contre-Pied De Jules Diop.\",\"datePublished\":\"2020-08-05T23:33:26+00:00\",\"mainEntityOfPage\":{\"@id\":\"https:\\\/\\\/sunupost.com\\\/?p=3199\"},\"wordCount\":578,\"commentCount\":290,\"publisher\":{\"@id\":\"https:\\\/\\\/sunupost.com\\\/#organization\"},\"image\":{\"@id\":\"https:\\\/\\\/sunupost.com\\\/?p=3199#primaryimage\"},\"thumbnailUrl\":\"https:\\\/\\\/sunupost.com\\\/wp-content\\\/uploads\\\/2020\\\/08\\\/5f9d35ce0d2b700dbe0ac2234dba6f5735f1bf11.jpg\",\"articleSection\":[\"CONTRIBUTION\"],\"inLanguage\":\"fr-FR\",\"potentialAction\":[{\"@type\":\"CommentAction\",\"name\":\"Comment\",\"target\":[\"https:\\\/\\\/sunupost.com\\\/?p=3199#respond\"]}]},{\"@type\":\"WebPage\",\"@id\":\"https:\\\/\\\/sunupost.com\\\/?p=3199\",\"url\":\"https:\\\/\\\/sunupost.com\\\/?p=3199\",\"name\":\"Gestion De La Covid-19 Thierno Bocoum Prend le Contre-Pied De Jules Diop. - SUNUPOST\",\"isPartOf\":{\"@id\":\"https:\\\/\\\/sunupost.com\\\/#website\"},\"primaryImageOfPage\":{\"@id\":\"https:\\\/\\\/sunupost.com\\\/?p=3199#primaryimage\"},\"image\":{\"@id\":\"https:\\\/\\\/sunupost.com\\\/?p=3199#primaryimage\"},\"thumbnailUrl\":\"https:\\\/\\\/sunupost.com\\\/wp-content\\\/uploads\\\/2020\\\/08\\\/5f9d35ce0d2b700dbe0ac2234dba6f5735f1bf11.jpg\",\"datePublished\":\"2020-08-05T23:33:26+00:00\",\"breadcrumb\":{\"@id\":\"https:\\\/\\\/sunupost.com\\\/?p=3199#breadcrumb\"},\"inLanguage\":\"fr-FR\",\"potentialAction\":[{\"@type\":\"ReadAction\",\"target\":[\"https:\\\/\\\/sunupost.com\\\/?p=3199\"]}]},{\"@type\":\"ImageObject\",\"inLanguage\":\"fr-FR\",\"@id\":\"https:\\\/\\\/sunupost.com\\\/?p=3199#primaryimage\",\"url\":\"https:\\\/\\\/sunupost.com\\\/wp-content\\\/uploads\\\/2020\\\/08\\\/5f9d35ce0d2b700dbe0ac2234dba6f5735f1bf11.jpg\",\"contentUrl\":\"https:\\\/\\\/sunupost.com\\\/wp-content\\\/uploads\\\/2020\\\/08\\\/5f9d35ce0d2b700dbe0ac2234dba6f5735f1bf11.jpg\",\"width\":612,\"height\":298},{\"@type\":\"BreadcrumbList\",\"@id\":\"https:\\\/\\\/sunupost.com\\\/?p=3199#breadcrumb\",\"itemListElement\":[{\"@type\":\"ListItem\",\"position\":1,\"name\":\"Home\",\"item\":\"https:\\\/\\\/sunupost.com\\\/\"},{\"@type\":\"ListItem\",\"position\":2,\"name\":\"Gestion De La Covid-19 Thierno Bocoum Prend le Contre-Pied De Jules Diop.\"}]},{\"@type\":\"WebSite\",\"@id\":\"https:\\\/\\\/sunupost.com\\\/#website\",\"url\":\"https:\\\/\\\/sunupost.com\\\/\",\"name\":\"SUNUPOST\",\"description\":\"Pens\u00e9e libre\",\"publisher\":{\"@id\":\"https:\\\/\\\/sunupost.com\\\/#organization\"},\"potentialAction\":[{\"@type\":\"SearchAction\",\"target\":{\"@type\":\"EntryPoint\",\"urlTemplate\":\"https:\\\/\\\/sunupost.com\\\/?s={search_term_string}\"},\"query-input\":{\"@type\":\"PropertyValueSpecification\",\"valueRequired\":true,\"valueName\":\"search_term_string\"}}],\"inLanguage\":\"fr-FR\"},{\"@type\":\"Organization\",\"@id\":\"https:\\\/\\\/sunupost.com\\\/#organization\",\"name\":\"SUNUPOST\",\"url\":\"https:\\\/\\\/sunupost.com\\\/\",\"logo\":{\"@type\":\"ImageObject\",\"inLanguage\":\"fr-FR\",\"@id\":\"https:\\\/\\\/sunupost.com\\\/#\\\/schema\\\/logo\\\/image\\\/\",\"url\":\"https:\\\/\\\/secureservercdn.net\\\/198.71.233.206\\\/17w.044.myftpupload.com\\\/wp-content\\\/uploads\\\/2020\\\/05\\\/Lancement.jpg?time=1639052812\",\"contentUrl\":\"https:\\\/\\\/secureservercdn.net\\\/198.71.233.206\\\/17w.044.myftpupload.com\\\/wp-content\\\/uploads\\\/2020\\\/05\\\/Lancement.jpg?time=1639052812\",\"width\":300,\"height\":100,\"caption\":\"SUNUPOST\"},\"image\":{\"@id\":\"https:\\\/\\\/sunupost.com\\\/#\\\/schema\\\/logo\\\/image\\\/\"},\"sameAs\":[\"https:\\\/\\\/web.facebook.com\\\/Sunupost-101026658237468\\\/\",\"https:\\\/\\\/x.com\\\/sunupost\",\"https:\\\/\\\/www.instagram.com\\\/sunupost\\\/\",\"https:\\\/\\\/www.youtube.com\\\/channel\\\/UCd7V7bCkLDOee8yr7CW4Dpw\"]},{\"@type\":\"Person\",\"@id\":\"https:\\\/\\\/sunupost.com\\\/#\\\/schema\\\/person\\\/9c04c80a48c29cd2be004cf57947ebb0\",\"name\":\"La R\u00e9daction\",\"image\":{\"@type\":\"ImageObject\",\"inLanguage\":\"fr-FR\",\"@id\":\"https:\\\/\\\/secure.gravatar.com\\\/avatar\\\/1dc7c1ffd136391c1a6d8806c3431e1a2dd9445015e3f66472e3c63e9c80807e?s=96&d=mm&r=g\",\"url\":\"https:\\\/\\\/secure.gravatar.com\\\/avatar\\\/1dc7c1ffd136391c1a6d8806c3431e1a2dd9445015e3f66472e3c63e9c80807e?s=96&d=mm&r=g\",\"contentUrl\":\"https:\\\/\\\/secure.gravatar.com\\\/avatar\\\/1dc7c1ffd136391c1a6d8806c3431e1a2dd9445015e3f66472e3c63e9c80807e?s=96&d=mm&r=g\",\"caption\":\"La R\u00e9daction\"},\"url\":\"https:\\\/\\\/sunupost.com\\\/?author=10\"}]}<\/script>\n<!-- \/ Yoast SEO plugin. -->","yoast_head_json":{"title":"Gestion De La Covid-19 Thierno Bocoum Prend le Contre-Pied De Jules Diop. - SUNUPOST","robots":{"index":"index","follow":"follow","max-snippet":"max-snippet:-1","max-image-preview":"max-image-preview:large","max-video-preview":"max-video-preview:-1"},"canonical":"https:\/\/sunupost.com\/?p=3199","og_locale":"fr_FR","og_type":"article","og_title":"Gestion De La Covid-19 Thierno Bocoum Prend le Contre-Pied De Jules Diop. - SUNUPOST","og_description":"Le leader du mouvement AGIR \u00e0 semblablement pris le contre-pied de Souleymane Jules Diop en ce qui concerne la gestion de la Covid19. Pour lui,...","og_url":"https:\/\/sunupost.com\/?p=3199","og_site_name":"SUNUPOST","article_publisher":"https:\/\/web.facebook.com\/Sunupost-101026658237468\/","article_published_time":"2020-08-05T23:33:26+00:00","og_image":[{"width":612,"height":298,"url":"https:\/\/secureservercdn.net\/198.71.233.69\/17w.044.myftpupload.com\/wp-content\/uploads\/2020\/08\/5f9d35ce0d2b700dbe0ac2234dba6f5735f1bf11.jpg?time=1663112222","type":"image\/jpeg"}],"author":"La R\u00e9daction","twitter_card":"summary_large_image","twitter_creator":"@sunupost","twitter_site":"@sunupost","twitter_misc":{"\u00c9crit par":"La R\u00e9daction","Dur\u00e9e de lecture estim\u00e9e":"3 minutes"},"schema":{"@context":"https:\/\/schema.org","@graph":[{"@type":"Article","@id":"https:\/\/sunupost.com\/?p=3199#article","isPartOf":{"@id":"https:\/\/sunupost.com\/?p=3199"},"author":{"name":"La R\u00e9daction","@id":"https:\/\/sunupost.com\/#\/schema\/person\/9c04c80a48c29cd2be004cf57947ebb0"},"headline":"Gestion De La Covid-19 Thierno Bocoum Prend le Contre-Pied De Jules Diop.","datePublished":"2020-08-05T23:33:26+00:00","mainEntityOfPage":{"@id":"https:\/\/sunupost.com\/?p=3199"},"wordCount":578,"commentCount":290,"publisher":{"@id":"https:\/\/sunupost.com\/#organization"},"image":{"@id":"https:\/\/sunupost.com\/?p=3199#primaryimage"},"thumbnailUrl":"https:\/\/sunupost.com\/wp-content\/uploads\/2020\/08\/5f9d35ce0d2b700dbe0ac2234dba6f5735f1bf11.jpg","articleSection":["CONTRIBUTION"],"inLanguage":"fr-FR","potentialAction":[{"@type":"CommentAction","name":"Comment","target":["https:\/\/sunupost.com\/?p=3199#respond"]}]},{"@type":"WebPage","@id":"https:\/\/sunupost.com\/?p=3199","url":"https:\/\/sunupost.com\/?p=3199","name":"Gestion De La Covid-19 Thierno Bocoum Prend le Contre-Pied De Jules Diop. - SUNUPOST","isPartOf":{"@id":"https:\/\/sunupost.com\/#website"},"primaryImageOfPage":{"@id":"https:\/\/sunupost.com\/?p=3199#primaryimage"},"image":{"@id":"https:\/\/sunupost.com\/?p=3199#primaryimage"},"thumbnailUrl":"https:\/\/sunupost.com\/wp-content\/uploads\/2020\/08\/5f9d35ce0d2b700dbe0ac2234dba6f5735f1bf11.jpg","datePublished":"2020-08-05T23:33:26+00:00","breadcrumb":{"@id":"https:\/\/sunupost.com\/?p=3199#breadcrumb"},"inLanguage":"fr-FR","potentialAction":[{"@type":"ReadAction","target":["https:\/\/sunupost.com\/?p=3199"]}]},{"@type":"ImageObject","inLanguage":"fr-FR","@id":"https:\/\/sunupost.com\/?p=3199#primaryimage","url":"https:\/\/sunupost.com\/wp-content\/uploads\/2020\/08\/5f9d35ce0d2b700dbe0ac2234dba6f5735f1bf11.jpg","contentUrl":"https:\/\/sunupost.com\/wp-content\/uploads\/2020\/08\/5f9d35ce0d2b700dbe0ac2234dba6f5735f1bf11.jpg","width":612,"height":298},{"@type":"BreadcrumbList","@id":"https:\/\/sunupost.com\/?p=3199#breadcrumb","itemListElement":[{"@type":"ListItem","position":1,"name":"Home","item":"https:\/\/sunupost.com\/"},{"@type":"ListItem","position":2,"name":"Gestion De La Covid-19 Thierno Bocoum Prend le Contre-Pied De Jules Diop."}]},{"@type":"WebSite","@id":"https:\/\/sunupost.com\/#website","url":"https:\/\/sunupost.com\/","name":"SUNUPOST","description":"Pens\u00e9e libre","publisher":{"@id":"https:\/\/sunupost.com\/#organization"},"potentialAction":[{"@type":"SearchAction","target":{"@type":"EntryPoint","urlTemplate":"https:\/\/sunupost.com\/?s={search_term_string}"},"query-input":{"@type":"PropertyValueSpecification","valueRequired":true,"valueName":"search_term_string"}}],"inLanguage":"fr-FR"},{"@type":"Organization","@id":"https:\/\/sunupost.com\/#organization","name":"SUNUPOST","url":"https:\/\/sunupost.com\/","logo":{"@type":"ImageObject","inLanguage":"fr-FR","@id":"https:\/\/sunupost.com\/#\/schema\/logo\/image\/","url":"https:\/\/secureservercdn.net\/198.71.233.206\/17w.044.myftpupload.com\/wp-content\/uploads\/2020\/05\/Lancement.jpg?time=1639052812","contentUrl":"https:\/\/secureservercdn.net\/198.71.233.206\/17w.044.myftpupload.com\/wp-content\/uploads\/2020\/05\/Lancement.jpg?time=1639052812","width":300,"height":100,"caption":"SUNUPOST"},"image":{"@id":"https:\/\/sunupost.com\/#\/schema\/logo\/image\/"},"sameAs":["https:\/\/web.facebook.com\/Sunupost-101026658237468\/","https:\/\/x.com\/sunupost","https:\/\/www.instagram.com\/sunupost\/","https:\/\/www.youtube.com\/channel\/UCd7V7bCkLDOee8yr7CW4Dpw"]},{"@type":"Person","@id":"https:\/\/sunupost.com\/#\/schema\/person\/9c04c80a48c29cd2be004cf57947ebb0","name":"La R\u00e9daction","image":{"@type":"ImageObject","inLanguage":"fr-FR","@id":"https:\/\/secure.gravatar.com\/avatar\/1dc7c1ffd136391c1a6d8806c3431e1a2dd9445015e3f66472e3c63e9c80807e?s=96&d=mm&r=g","url":"https:\/\/secure.gravatar.com\/avatar\/1dc7c1ffd136391c1a6d8806c3431e1a2dd9445015e3f66472e3c63e9c80807e?s=96&d=mm&r=g","contentUrl":"https:\/\/secure.gravatar.com\/avatar\/1dc7c1ffd136391c1a6d8806c3431e1a2dd9445015e3f66472e3c63e9c80807e?s=96&d=mm&r=g","caption":"La R\u00e9daction"},"url":"https:\/\/sunupost.com\/?author=10"}]}},"_links":{"self":[{"href":"https:\/\/sunupost.com\/index.php?rest_route=\/wp\/v2\/posts\/3199","targetHints":{"allow":["GET"]}}],"collection":[{"href":"https:\/\/sunupost.com\/index.php?rest_route=\/wp\/v2\/posts"}],"about":[{"href":"https:\/\/sunupost.com\/index.php?rest_route=\/wp\/v2\/types\/post"}],"author":[{"embeddable":true,"href":"https:\/\/sunupost.com\/index.php?rest_route=\/wp\/v2\/users\/10"}],"replies":[{"embeddable":true,"href":"https:\/\/sunupost.com\/index.php?rest_route=%2Fwp%2Fv2%2Fcomments&post=3199"}],"version-history":[{"count":0,"href":"https:\/\/sunupost.com\/index.php?rest_route=\/wp\/v2\/posts\/3199\/revisions"}],"wp:featuredmedia":[{"embeddable":true,"href":"https:\/\/sunupost.com\/index.php?rest_route=\/wp\/v2\/media\/3200"}],"wp:attachment":[{"href":"https:\/\/sunupost.com\/index.php?rest_route=%2Fwp%2Fv2%2Fmedia&parent=3199"}],"wp:term":[{"taxonomy":"category","embeddable":true,"href":"https:\/\/sunupost.com\/index.php?rest_route=%2Fwp%2Fv2%2Fcategories&post=3199"},{"taxonomy":"post_tag","embeddable":true,"href":"https:\/\/sunupost.com\/index.php?rest_route=%2Fwp%2Fv2%2Ftags&post=3199"}],"curies":[{"name":"wp","href":"https:\/\/api.w.org\/{rel}","templated":true}]}}