{"id":3220,"date":"2020-08-07T10:24:13","date_gmt":"2020-08-07T10:24:13","guid":{"rendered":"https:\/\/sunupost.com\/?p=3220"},"modified":"2020-08-07T10:24:13","modified_gmt":"2020-08-07T10:24:13","slug":"3e-candidature-en-cote-divoire-le-celebre-chanteur-meiway-previent-ado","status":"publish","type":"post","link":"https:\/\/sunupost.com\/?p=3220","title":{"rendered":"3e CANDIDATURE EN C\u00d4TE D&rsquo;IVOIRE : Le C\u00e9l\u00e8bre Chanteur MEIWAY Pr\u00e9vient ADO"},"content":{"rendered":"<p style=\"text-align: justify;\"><strong>Le c\u00e9l\u00e8bre chanteur ivoirien semble outr\u00e9 par l&rsquo;annonce faite par le pr\u00e9sident Alassane OUATTARA, de participer aux prochaines \u00e9lections pr\u00e9sidentielles.. Celui qui dans son message adress\u00e9 \u00e0 la nation avait \u00e9mis le v\u0153u de ne pas briguer un mandat de plus, a finalement fait machine arri\u00e8re, hier, dans son discours traditionnel \u00e0 l&rsquo;occasion de la f\u00eate de l&rsquo;ind\u00e9pendance en C\u00f4te d&rsquo;Ivoire.<\/strong><\/p>\n<p style=\"text-align: justify;\">FR\u00c9D\u00c9RIC EHUI MEIWAY dit \u2039\u2039MEIWAY\u203a\u203a a adress\u00e9 son message (ci dessous) \u00e0 ADO..<\/p>\n<p style=\"text-align: justify;\">\u2039\u2039 Mr le Pr\u00e9sident, on ne b\u00e2tit pas un pays sur un r\u00e9gime de peur , on ne b\u00e2tit pas un pays en exilant ses fils et en emprisonnant les porteurs d\u2019id\u00e9es oppos\u00e9es&#8230;<\/p>\n<p style=\"text-align: justify;\">En succombant \u00e0 la tentation et \u00e0 l\u2019\u00e9ternit\u00e9 politique , vous risquez de faire sombrer la C\u00f4te d\u2019Ivoire dans un K.O que nous croyions \u00e9loign\u00e9 \u00e0 jamais &#8230;<\/p>\n<p style=\"text-align: justify;\">Allez vous sacrifier tout ce que vous avez b\u00e2ti pour vous classer du mauvais c\u00f4t\u00e9 de l\u2019histoire de notre pays ? Allez vous tomber sans r\u00e9sister dans le destin tragique des Chefs d\u2019Etats Africains obs\u00e9d\u00e9s par le pouvoir ?<\/p>\n<p style=\"text-align: justify;\">Mr le Pr\u00e9sident vous avez encore une chance d\u2019\u00e9chapper aux pr\u00e9dateurs qui s\u2019agitent autour de vous pour leurs int\u00e9r\u00eats et non pour le v\u00f4tre&#8230;<\/p>\n<p style=\"text-align: justify;\">S\u2019il n\u2019y a aucune personne dans la jeune g\u00e9n\u00e9ration comp\u00e9tente pour vous succ\u00e9der, vous avez d\u00e8s lors Monsieur le Pr\u00e9sident \u00c9CHOU\u00c9, et il faut le reconna\u00eetre en renon\u00e7ant \u00e0 ce 3 ieme Mandat qui sera le mandant de trop , car le peuple Ivoirien qui vous a port\u00e9 , qui vous a accompagn\u00e9 \u00e0 la magistrature supr\u00eame pourrait vous manquer de respect. \u203a\u203a<\/p>\n","protected":false},"excerpt":{"rendered":"<p>Le c\u00e9l\u00e8bre chanteur ivoirien semble outr\u00e9 par l&rsquo;annonce faite par le pr\u00e9sident Alassane OUATTARA, de participer aux prochaines \u00e9lections pr\u00e9sidentielles.. Celui qui dans son message&#8230;<\/p>\n","protected":false},"author":10,"featured_media":0,"comment_status":"open","ping_status":"open","sticky":false,"template":"","format":"standard","meta":{"_coblocks_attr":"","_coblocks_dimensions":"","_coblocks_responsive_height":"","_coblocks_accordion_ie_support":"","_monsterinsights_skip_tracking":false,"_monsterinsights_sitenote_active":false,"_monsterinsights_sitenote_note":"","_monsterinsights_sitenote_category":0,"h5ap_radio_sources":[],"footnotes":""},"categories":[2],"tags":[],"class_list":["post-3220","post","type-post","status-publish","format-standard","hentry","category-international","wpcat-2-id"],"yoast_head":"<!-- This site is optimized with the Yoast SEO plugin v27.4 - https:\/\/yoast.com\/product\/yoast-seo-wordpress\/ -->\n<title>3e CANDIDATURE EN C\u00d4TE D&#039;IVOIRE : Le C\u00e9l\u00e8bre Chanteur MEIWAY Pr\u00e9vient ADO - SUNUPOST<\/title>\n<meta name=\"robots\" content=\"index, follow, max-snippet:-1, max-image-preview:large, max-video-preview:-1\" \/>\n<link rel=\"canonical\" href=\"https:\/\/sunupost.com\/?p=3220\" \/>\n<meta property=\"og:locale\" content=\"fr_FR\" \/>\n<meta property=\"og:type\" content=\"article\" \/>\n<meta property=\"og:title\" content=\"3e CANDIDATURE EN C\u00d4TE D&#039;IVOIRE : Le C\u00e9l\u00e8bre Chanteur MEIWAY Pr\u00e9vient ADO - SUNUPOST\" \/>\n<meta property=\"og:description\" content=\"Le c\u00e9l\u00e8bre chanteur ivoirien semble outr\u00e9 par l&rsquo;annonce faite par le pr\u00e9sident Alassane OUATTARA, de participer aux prochaines \u00e9lections pr\u00e9sidentielles.. Celui qui dans son message...\" \/>\n<meta property=\"og:url\" content=\"https:\/\/sunupost.com\/?p=3220\" \/>\n<meta property=\"og:site_name\" content=\"SUNUPOST\" \/>\n<meta property=\"article:publisher\" content=\"https:\/\/web.facebook.com\/Sunupost-101026658237468\/\" \/>\n<meta property=\"article:published_time\" content=\"2020-08-07T10:24:13+00:00\" \/>\n<meta name=\"author\" content=\"La R\u00e9daction\" \/>\n<meta name=\"twitter:card\" content=\"summary_large_image\" \/>\n<meta name=\"twitter:creator\" content=\"@sunupost\" \/>\n<meta name=\"twitter:site\" content=\"@sunupost\" \/>\n<meta name=\"twitter:label1\" content=\"\u00c9crit par\" \/>\n\t<meta name=\"twitter:data1\" content=\"La R\u00e9daction\" \/>\n\t<meta name=\"twitter:label2\" content=\"Dur\u00e9e de lecture estim\u00e9e\" \/>\n\t<meta name=\"twitter:data2\" content=\"1 minute\" \/>\n<script type=\"application\/ld+json\" class=\"yoast-schema-graph\">{\"@context\":\"https:\\\/\\\/schema.org\",\"@graph\":[{\"@type\":\"Article\",\"@id\":\"https:\\\/\\\/sunupost.com\\\/?p=3220#article\",\"isPartOf\":{\"@id\":\"https:\\\/\\\/sunupost.com\\\/?p=3220\"},\"author\":{\"name\":\"La R\u00e9daction\",\"@id\":\"https:\\\/\\\/sunupost.com\\\/#\\\/schema\\\/person\\\/9c04c80a48c29cd2be004cf57947ebb0\"},\"headline\":\"3e CANDIDATURE EN C\u00d4TE D&rsquo;IVOIRE : Le C\u00e9l\u00e8bre Chanteur MEIWAY Pr\u00e9vient ADO\",\"datePublished\":\"2020-08-07T10:24:13+00:00\",\"mainEntityOfPage\":{\"@id\":\"https:\\\/\\\/sunupost.com\\\/?p=3220\"},\"wordCount\":310,\"commentCount\":156,\"publisher\":{\"@id\":\"https:\\\/\\\/sunupost.com\\\/#organization\"},\"articleSection\":[\"INTERNATIONAL\"],\"inLanguage\":\"fr-FR\",\"potentialAction\":[{\"@type\":\"CommentAction\",\"name\":\"Comment\",\"target\":[\"https:\\\/\\\/sunupost.com\\\/?p=3220#respond\"]}]},{\"@type\":\"WebPage\",\"@id\":\"https:\\\/\\\/sunupost.com\\\/?p=3220\",\"url\":\"https:\\\/\\\/sunupost.com\\\/?p=3220\",\"name\":\"3e CANDIDATURE EN C\u00d4TE D'IVOIRE : Le C\u00e9l\u00e8bre Chanteur MEIWAY Pr\u00e9vient ADO - SUNUPOST\",\"isPartOf\":{\"@id\":\"https:\\\/\\\/sunupost.com\\\/#website\"},\"datePublished\":\"2020-08-07T10:24:13+00:00\",\"breadcrumb\":{\"@id\":\"https:\\\/\\\/sunupost.com\\\/?p=3220#breadcrumb\"},\"inLanguage\":\"fr-FR\",\"potentialAction\":[{\"@type\":\"ReadAction\",\"target\":[\"https:\\\/\\\/sunupost.com\\\/?p=3220\"]}]},{\"@type\":\"BreadcrumbList\",\"@id\":\"https:\\\/\\\/sunupost.com\\\/?p=3220#breadcrumb\",\"itemListElement\":[{\"@type\":\"ListItem\",\"position\":1,\"name\":\"Home\",\"item\":\"https:\\\/\\\/sunupost.com\\\/\"},{\"@type\":\"ListItem\",\"position\":2,\"name\":\"3e CANDIDATURE EN C\u00d4TE D&rsquo;IVOIRE : Le C\u00e9l\u00e8bre Chanteur MEIWAY Pr\u00e9vient ADO\"}]},{\"@type\":\"WebSite\",\"@id\":\"https:\\\/\\\/sunupost.com\\\/#website\",\"url\":\"https:\\\/\\\/sunupost.com\\\/\",\"name\":\"SUNUPOST\",\"description\":\"Pens\u00e9e libre\",\"publisher\":{\"@id\":\"https:\\\/\\\/sunupost.com\\\/#organization\"},\"potentialAction\":[{\"@type\":\"SearchAction\",\"target\":{\"@type\":\"EntryPoint\",\"urlTemplate\":\"https:\\\/\\\/sunupost.com\\\/?s={search_term_string}\"},\"query-input\":{\"@type\":\"PropertyValueSpecification\",\"valueRequired\":true,\"valueName\":\"search_term_string\"}}],\"inLanguage\":\"fr-FR\"},{\"@type\":\"Organization\",\"@id\":\"https:\\\/\\\/sunupost.com\\\/#organization\",\"name\":\"SUNUPOST\",\"url\":\"https:\\\/\\\/sunupost.com\\\/\",\"logo\":{\"@type\":\"ImageObject\",\"inLanguage\":\"fr-FR\",\"@id\":\"https:\\\/\\\/sunupost.com\\\/#\\\/schema\\\/logo\\\/image\\\/\",\"url\":\"https:\\\/\\\/secureservercdn.net\\\/198.71.233.206\\\/17w.044.myftpupload.com\\\/wp-content\\\/uploads\\\/2020\\\/05\\\/Lancement.jpg?time=1639052812\",\"contentUrl\":\"https:\\\/\\\/secureservercdn.net\\\/198.71.233.206\\\/17w.044.myftpupload.com\\\/wp-content\\\/uploads\\\/2020\\\/05\\\/Lancement.jpg?time=1639052812\",\"width\":300,\"height\":100,\"caption\":\"SUNUPOST\"},\"image\":{\"@id\":\"https:\\\/\\\/sunupost.com\\\/#\\\/schema\\\/logo\\\/image\\\/\"},\"sameAs\":[\"https:\\\/\\\/web.facebook.com\\\/Sunupost-101026658237468\\\/\",\"https:\\\/\\\/x.com\\\/sunupost\",\"https:\\\/\\\/www.instagram.com\\\/sunupost\\\/\",\"https:\\\/\\\/www.youtube.com\\\/channel\\\/UCd7V7bCkLDOee8yr7CW4Dpw\"]},{\"@type\":\"Person\",\"@id\":\"https:\\\/\\\/sunupost.com\\\/#\\\/schema\\\/person\\\/9c04c80a48c29cd2be004cf57947ebb0\",\"name\":\"La R\u00e9daction\",\"image\":{\"@type\":\"ImageObject\",\"inLanguage\":\"fr-FR\",\"@id\":\"https:\\\/\\\/secure.gravatar.com\\\/avatar\\\/1dc7c1ffd136391c1a6d8806c3431e1a2dd9445015e3f66472e3c63e9c80807e?s=96&d=mm&r=g\",\"url\":\"https:\\\/\\\/secure.gravatar.com\\\/avatar\\\/1dc7c1ffd136391c1a6d8806c3431e1a2dd9445015e3f66472e3c63e9c80807e?s=96&d=mm&r=g\",\"contentUrl\":\"https:\\\/\\\/secure.gravatar.com\\\/avatar\\\/1dc7c1ffd136391c1a6d8806c3431e1a2dd9445015e3f66472e3c63e9c80807e?s=96&d=mm&r=g\",\"caption\":\"La R\u00e9daction\"},\"url\":\"https:\\\/\\\/sunupost.com\\\/?author=10\"}]}<\/script>\n<!-- \/ Yoast SEO plugin. -->","yoast_head_json":{"title":"3e CANDIDATURE EN C\u00d4TE D'IVOIRE : Le C\u00e9l\u00e8bre Chanteur MEIWAY Pr\u00e9vient ADO - SUNUPOST","robots":{"index":"index","follow":"follow","max-snippet":"max-snippet:-1","max-image-preview":"max-image-preview:large","max-video-preview":"max-video-preview:-1"},"canonical":"https:\/\/sunupost.com\/?p=3220","og_locale":"fr_FR","og_type":"article","og_title":"3e CANDIDATURE EN C\u00d4TE D'IVOIRE : Le C\u00e9l\u00e8bre Chanteur MEIWAY Pr\u00e9vient ADO - SUNUPOST","og_description":"Le c\u00e9l\u00e8bre chanteur ivoirien semble outr\u00e9 par l&rsquo;annonce faite par le pr\u00e9sident Alassane OUATTARA, de participer aux prochaines \u00e9lections pr\u00e9sidentielles.. Celui qui dans son message...","og_url":"https:\/\/sunupost.com\/?p=3220","og_site_name":"SUNUPOST","article_publisher":"https:\/\/web.facebook.com\/Sunupost-101026658237468\/","article_published_time":"2020-08-07T10:24:13+00:00","author":"La R\u00e9daction","twitter_card":"summary_large_image","twitter_creator":"@sunupost","twitter_site":"@sunupost","twitter_misc":{"\u00c9crit par":"La R\u00e9daction","Dur\u00e9e de lecture estim\u00e9e":"1 minute"},"schema":{"@context":"https:\/\/schema.org","@graph":[{"@type":"Article","@id":"https:\/\/sunupost.com\/?p=3220#article","isPartOf":{"@id":"https:\/\/sunupost.com\/?p=3220"},"author":{"name":"La R\u00e9daction","@id":"https:\/\/sunupost.com\/#\/schema\/person\/9c04c80a48c29cd2be004cf57947ebb0"},"headline":"3e CANDIDATURE EN C\u00d4TE D&rsquo;IVOIRE : Le C\u00e9l\u00e8bre Chanteur MEIWAY Pr\u00e9vient ADO","datePublished":"2020-08-07T10:24:13+00:00","mainEntityOfPage":{"@id":"https:\/\/sunupost.com\/?p=3220"},"wordCount":310,"commentCount":156,"publisher":{"@id":"https:\/\/sunupost.com\/#organization"},"articleSection":["INTERNATIONAL"],"inLanguage":"fr-FR","potentialAction":[{"@type":"CommentAction","name":"Comment","target":["https:\/\/sunupost.com\/?p=3220#respond"]}]},{"@type":"WebPage","@id":"https:\/\/sunupost.com\/?p=3220","url":"https:\/\/sunupost.com\/?p=3220","name":"3e CANDIDATURE EN C\u00d4TE D'IVOIRE : Le C\u00e9l\u00e8bre Chanteur MEIWAY Pr\u00e9vient ADO - SUNUPOST","isPartOf":{"@id":"https:\/\/sunupost.com\/#website"},"datePublished":"2020-08-07T10:24:13+00:00","breadcrumb":{"@id":"https:\/\/sunupost.com\/?p=3220#breadcrumb"},"inLanguage":"fr-FR","potentialAction":[{"@type":"ReadAction","target":["https:\/\/sunupost.com\/?p=3220"]}]},{"@type":"BreadcrumbList","@id":"https:\/\/sunupost.com\/?p=3220#breadcrumb","itemListElement":[{"@type":"ListItem","position":1,"name":"Home","item":"https:\/\/sunupost.com\/"},{"@type":"ListItem","position":2,"name":"3e CANDIDATURE EN C\u00d4TE D&rsquo;IVOIRE : Le C\u00e9l\u00e8bre Chanteur MEIWAY Pr\u00e9vient ADO"}]},{"@type":"WebSite","@id":"https:\/\/sunupost.com\/#website","url":"https:\/\/sunupost.com\/","name":"SUNUPOST","description":"Pens\u00e9e libre","publisher":{"@id":"https:\/\/sunupost.com\/#organization"},"potentialAction":[{"@type":"SearchAction","target":{"@type":"EntryPoint","urlTemplate":"https:\/\/sunupost.com\/?s={search_term_string}"},"query-input":{"@type":"PropertyValueSpecification","valueRequired":true,"valueName":"search_term_string"}}],"inLanguage":"fr-FR"},{"@type":"Organization","@id":"https:\/\/sunupost.com\/#organization","name":"SUNUPOST","url":"https:\/\/sunupost.com\/","logo":{"@type":"ImageObject","inLanguage":"fr-FR","@id":"https:\/\/sunupost.com\/#\/schema\/logo\/image\/","url":"https:\/\/secureservercdn.net\/198.71.233.206\/17w.044.myftpupload.com\/wp-content\/uploads\/2020\/05\/Lancement.jpg?time=1639052812","contentUrl":"https:\/\/secureservercdn.net\/198.71.233.206\/17w.044.myftpupload.com\/wp-content\/uploads\/2020\/05\/Lancement.jpg?time=1639052812","width":300,"height":100,"caption":"SUNUPOST"},"image":{"@id":"https:\/\/sunupost.com\/#\/schema\/logo\/image\/"},"sameAs":["https:\/\/web.facebook.com\/Sunupost-101026658237468\/","https:\/\/x.com\/sunupost","https:\/\/www.instagram.com\/sunupost\/","https:\/\/www.youtube.com\/channel\/UCd7V7bCkLDOee8yr7CW4Dpw"]},{"@type":"Person","@id":"https:\/\/sunupost.com\/#\/schema\/person\/9c04c80a48c29cd2be004cf57947ebb0","name":"La R\u00e9daction","image":{"@type":"ImageObject","inLanguage":"fr-FR","@id":"https:\/\/secure.gravatar.com\/avatar\/1dc7c1ffd136391c1a6d8806c3431e1a2dd9445015e3f66472e3c63e9c80807e?s=96&d=mm&r=g","url":"https:\/\/secure.gravatar.com\/avatar\/1dc7c1ffd136391c1a6d8806c3431e1a2dd9445015e3f66472e3c63e9c80807e?s=96&d=mm&r=g","contentUrl":"https:\/\/secure.gravatar.com\/avatar\/1dc7c1ffd136391c1a6d8806c3431e1a2dd9445015e3f66472e3c63e9c80807e?s=96&d=mm&r=g","caption":"La R\u00e9daction"},"url":"https:\/\/sunupost.com\/?author=10"}]}},"_links":{"self":[{"href":"https:\/\/sunupost.com\/index.php?rest_route=\/wp\/v2\/posts\/3220","targetHints":{"allow":["GET"]}}],"collection":[{"href":"https:\/\/sunupost.com\/index.php?rest_route=\/wp\/v2\/posts"}],"about":[{"href":"https:\/\/sunupost.com\/index.php?rest_route=\/wp\/v2\/types\/post"}],"author":[{"embeddable":true,"href":"https:\/\/sunupost.com\/index.php?rest_route=\/wp\/v2\/users\/10"}],"replies":[{"embeddable":true,"href":"https:\/\/sunupost.com\/index.php?rest_route=%2Fwp%2Fv2%2Fcomments&post=3220"}],"version-history":[{"count":0,"href":"https:\/\/sunupost.com\/index.php?rest_route=\/wp\/v2\/posts\/3220\/revisions"}],"wp:attachment":[{"href":"https:\/\/sunupost.com\/index.php?rest_route=%2Fwp%2Fv2%2Fmedia&parent=3220"}],"wp:term":[{"taxonomy":"category","embeddable":true,"href":"https:\/\/sunupost.com\/index.php?rest_route=%2Fwp%2Fv2%2Fcategories&post=3220"},{"taxonomy":"post_tag","embeddable":true,"href":"https:\/\/sunupost.com\/index.php?rest_route=%2Fwp%2Fv2%2Ftags&post=3220"}],"curies":[{"name":"wp","href":"https:\/\/api.w.org\/{rel}","templated":true}]}}