{"id":3468,"date":"2020-08-18T13:43:40","date_gmt":"2020-08-18T13:43:40","guid":{"rendered":"https:\/\/sunupost.com\/?p=3468"},"modified":"2020-08-18T13:43:40","modified_gmt":"2020-08-18T13:43:40","slug":"meutre-du-taximan-i-samb-ousseynou-diop-condamne-a-15-ans-de-reclusion-criminelle","status":"publish","type":"post","link":"https:\/\/sunupost.com\/?p=3468","title":{"rendered":"Meutre Du Taximan I. Samb &#8211; Ousseynou Diop Condamn\u00e9  \u00e0 15 Ans De R\u00e9clusion Criminelle"},"content":{"rendered":"<p style=\"text-align: justify;\">\u00a0La sentence est tomb\u00e9e tel un couperet sur la t\u00eate de Ousseynou Diop qui, reconnu coupable du meurtre du chauffeur de taxi Ibrahima Samb, a \u00e9t\u00e9 condamn\u00e9 \u00e0 15 ans de r\u00e9clusion criminelle. La Chambre n\u2019a pas suivi le r\u00e9quisitoire de l\u2019Avocat g\u00e9n\u00e9ral. Ce dernier avait demand\u00e9 \u00e0 ce que l\u2019accus\u00e9 soit condamn\u00e9 \u00e0 20 ans de r\u00e9clusion criminelle. La Chambre a \u00e9cart\u00e9 la pr\u00e9m\u00e9ditation. S\u2019agissant des int\u00e9r\u00eats civils, les parties civiles, en l\u2019occurrence la m\u00e8re et les deux s\u0153urs du d\u00e9funt, avaient r\u00e9clam\u00e9 500 millions de francs. Mais la Chambre a revu cela \u00e0 la baisse en leur allouant le montant de 75 millions de francs CFA (50 millions pour la m\u00e8re et 25 millions de francs CFA aux deux s\u0153urs). La chambre a d\u00e9bout\u00e9 le regroupement des chauffeurs qui s\u2019\u00e9tait constitu\u00e9 partie civile dans cette affaire.<\/p>\n<p>Les faits imput\u00e9s \u00e0 Ousseynou Diop remontent le 27 octobre 2016. Ce jour-l\u00e0, les deux hommes se sont rencontr\u00e9s hasardeusement \u00e0 la station Shell de Yoff pour remplir leur r\u00e9servoir d\u2019essence. Leurs deux v\u00e9hicules se sont touch\u00e9s. Mais, Ousseynou Diop qui \u00e9tait \u00e0 bord de sa rutilante voiture de marque Mercedes n\u2019a pas su dig\u00e9rer cela. Il descend de sa voiture pour aller se plaindre aupr\u00e8s du taximan Ibrahima Samb.<\/p>\n<p>L\u2019incompr\u00e9hension s\u2019installe entre les deux hommes. Ils s\u2019\u00e9changent des propos aigres doux. Les nerfs s\u2019\u00e9chauffent. Le ton monte et les insultes volent en l\u2019air. S\u2019en est suivi une altercation sold\u00e9e par la mort du conducteur de taxi. Devant le pr\u00e9toire, l\u2019accus\u00e9 avait ni\u00e9 les charges. Il soutenait que la balle \u00e9tait sortie accidentellement de sa g\u00e2chette mais, il n\u2019avait point l\u2019intention de le tuer. Toutefois, sa version \u00e9tait contradictoire \u00e0 celle donn\u00e9e par les t\u00e9moins, les pompistes de la station Shell. Ces derniers l\u2019avaient tous charg\u00e9.<\/p>\n","protected":false},"excerpt":{"rendered":"<p>\u00a0La sentence est tomb\u00e9e tel un couperet sur la t\u00eate de Ousseynou Diop qui, reconnu coupable du meurtre du chauffeur de taxi Ibrahima Samb, a&#8230;<\/p>\n","protected":false},"author":10,"featured_media":3469,"comment_status":"open","ping_status":"open","sticky":false,"template":"","format":"standard","meta":{"_coblocks_attr":"","_coblocks_dimensions":"","_coblocks_responsive_height":"","_coblocks_accordion_ie_support":"","_monsterinsights_skip_tracking":false,"_monsterinsights_sitenote_active":false,"_monsterinsights_sitenote_note":"","_monsterinsights_sitenote_category":0,"h5ap_radio_sources":[],"footnotes":""},"categories":[11],"tags":[],"class_list":["post-3468","post","type-post","status-publish","format-standard","has-post-thumbnail","hentry","category-societe","wpcat-11-id"],"yoast_head":"<!-- This site is optimized with the Yoast SEO plugin v27.4 - https:\/\/yoast.com\/product\/yoast-seo-wordpress\/ -->\n<title>Meutre Du Taximan I. Samb - Ousseynou Diop Condamn\u00e9 \u00e0 15 Ans De R\u00e9clusion Criminelle - SUNUPOST<\/title>\n<meta name=\"robots\" content=\"index, follow, max-snippet:-1, max-image-preview:large, max-video-preview:-1\" \/>\n<link rel=\"canonical\" href=\"https:\/\/sunupost.com\/?p=3468\" \/>\n<meta property=\"og:locale\" content=\"fr_FR\" \/>\n<meta property=\"og:type\" content=\"article\" \/>\n<meta property=\"og:title\" content=\"Meutre Du Taximan I. Samb - Ousseynou Diop Condamn\u00e9 \u00e0 15 Ans De R\u00e9clusion Criminelle - SUNUPOST\" \/>\n<meta property=\"og:description\" content=\"\u00a0La sentence est tomb\u00e9e tel un couperet sur la t\u00eate de Ousseynou Diop qui, reconnu coupable du meurtre du chauffeur de taxi Ibrahima Samb, a...\" \/>\n<meta property=\"og:url\" content=\"https:\/\/sunupost.com\/?p=3468\" \/>\n<meta property=\"og:site_name\" content=\"SUNUPOST\" \/>\n<meta property=\"article:publisher\" content=\"https:\/\/web.facebook.com\/Sunupost-101026658237468\/\" \/>\n<meta property=\"article:published_time\" content=\"2020-08-18T13:43:40+00:00\" \/>\n<meta property=\"og:image\" content=\"https:\/\/secureservercdn.net\/198.71.233.69\/17w.044.myftpupload.com\/wp-content\/uploads\/2020\/08\/ousseynoudiop_3.jpg?time=1663107718\" \/>\n\t<meta property=\"og:image:width\" content=\"700\" \/>\n\t<meta property=\"og:image:height\" content=\"436\" \/>\n\t<meta property=\"og:image:type\" content=\"image\/jpeg\" \/>\n<meta name=\"author\" content=\"La R\u00e9daction\" \/>\n<meta name=\"twitter:card\" content=\"summary_large_image\" \/>\n<meta name=\"twitter:creator\" content=\"@sunupost\" \/>\n<meta name=\"twitter:site\" content=\"@sunupost\" \/>\n<meta name=\"twitter:label1\" content=\"\u00c9crit par\" \/>\n\t<meta name=\"twitter:data1\" content=\"La R\u00e9daction\" \/>\n\t<meta name=\"twitter:label2\" content=\"Dur\u00e9e de lecture estim\u00e9e\" \/>\n\t<meta name=\"twitter:data2\" content=\"2 minutes\" \/>\n<script type=\"application\/ld+json\" class=\"yoast-schema-graph\">{\"@context\":\"https:\\\/\\\/schema.org\",\"@graph\":[{\"@type\":\"Article\",\"@id\":\"https:\\\/\\\/sunupost.com\\\/?p=3468#article\",\"isPartOf\":{\"@id\":\"https:\\\/\\\/sunupost.com\\\/?p=3468\"},\"author\":{\"name\":\"La R\u00e9daction\",\"@id\":\"https:\\\/\\\/sunupost.com\\\/#\\\/schema\\\/person\\\/9c04c80a48c29cd2be004cf57947ebb0\"},\"headline\":\"Meutre Du Taximan I. Samb &#8211; Ousseynou Diop Condamn\u00e9 \u00e0 15 Ans De R\u00e9clusion Criminelle\",\"datePublished\":\"2020-08-18T13:43:40+00:00\",\"mainEntityOfPage\":{\"@id\":\"https:\\\/\\\/sunupost.com\\\/?p=3468\"},\"wordCount\":341,\"commentCount\":367,\"publisher\":{\"@id\":\"https:\\\/\\\/sunupost.com\\\/#organization\"},\"image\":{\"@id\":\"https:\\\/\\\/sunupost.com\\\/?p=3468#primaryimage\"},\"thumbnailUrl\":\"https:\\\/\\\/sunupost.com\\\/wp-content\\\/uploads\\\/2020\\\/08\\\/ousseynoudiop_3.jpg\",\"articleSection\":[\"SOCIETE\"],\"inLanguage\":\"fr-FR\",\"potentialAction\":[{\"@type\":\"CommentAction\",\"name\":\"Comment\",\"target\":[\"https:\\\/\\\/sunupost.com\\\/?p=3468#respond\"]}]},{\"@type\":\"WebPage\",\"@id\":\"https:\\\/\\\/sunupost.com\\\/?p=3468\",\"url\":\"https:\\\/\\\/sunupost.com\\\/?p=3468\",\"name\":\"Meutre Du Taximan I. Samb - Ousseynou Diop Condamn\u00e9 \u00e0 15 Ans De R\u00e9clusion Criminelle - SUNUPOST\",\"isPartOf\":{\"@id\":\"https:\\\/\\\/sunupost.com\\\/#website\"},\"primaryImageOfPage\":{\"@id\":\"https:\\\/\\\/sunupost.com\\\/?p=3468#primaryimage\"},\"image\":{\"@id\":\"https:\\\/\\\/sunupost.com\\\/?p=3468#primaryimage\"},\"thumbnailUrl\":\"https:\\\/\\\/sunupost.com\\\/wp-content\\\/uploads\\\/2020\\\/08\\\/ousseynoudiop_3.jpg\",\"datePublished\":\"2020-08-18T13:43:40+00:00\",\"breadcrumb\":{\"@id\":\"https:\\\/\\\/sunupost.com\\\/?p=3468#breadcrumb\"},\"inLanguage\":\"fr-FR\",\"potentialAction\":[{\"@type\":\"ReadAction\",\"target\":[\"https:\\\/\\\/sunupost.com\\\/?p=3468\"]}]},{\"@type\":\"ImageObject\",\"inLanguage\":\"fr-FR\",\"@id\":\"https:\\\/\\\/sunupost.com\\\/?p=3468#primaryimage\",\"url\":\"https:\\\/\\\/sunupost.com\\\/wp-content\\\/uploads\\\/2020\\\/08\\\/ousseynoudiop_3.jpg\",\"contentUrl\":\"https:\\\/\\\/sunupost.com\\\/wp-content\\\/uploads\\\/2020\\\/08\\\/ousseynoudiop_3.jpg\",\"width\":700,\"height\":436},{\"@type\":\"BreadcrumbList\",\"@id\":\"https:\\\/\\\/sunupost.com\\\/?p=3468#breadcrumb\",\"itemListElement\":[{\"@type\":\"ListItem\",\"position\":1,\"name\":\"Home\",\"item\":\"https:\\\/\\\/sunupost.com\\\/\"},{\"@type\":\"ListItem\",\"position\":2,\"name\":\"Meutre Du Taximan I. Samb &#8211; Ousseynou Diop Condamn\u00e9 \u00e0 15 Ans De R\u00e9clusion Criminelle\"}]},{\"@type\":\"WebSite\",\"@id\":\"https:\\\/\\\/sunupost.com\\\/#website\",\"url\":\"https:\\\/\\\/sunupost.com\\\/\",\"name\":\"SUNUPOST\",\"description\":\"Pens\u00e9e libre\",\"publisher\":{\"@id\":\"https:\\\/\\\/sunupost.com\\\/#organization\"},\"potentialAction\":[{\"@type\":\"SearchAction\",\"target\":{\"@type\":\"EntryPoint\",\"urlTemplate\":\"https:\\\/\\\/sunupost.com\\\/?s={search_term_string}\"},\"query-input\":{\"@type\":\"PropertyValueSpecification\",\"valueRequired\":true,\"valueName\":\"search_term_string\"}}],\"inLanguage\":\"fr-FR\"},{\"@type\":\"Organization\",\"@id\":\"https:\\\/\\\/sunupost.com\\\/#organization\",\"name\":\"SUNUPOST\",\"url\":\"https:\\\/\\\/sunupost.com\\\/\",\"logo\":{\"@type\":\"ImageObject\",\"inLanguage\":\"fr-FR\",\"@id\":\"https:\\\/\\\/sunupost.com\\\/#\\\/schema\\\/logo\\\/image\\\/\",\"url\":\"https:\\\/\\\/secureservercdn.net\\\/198.71.233.206\\\/17w.044.myftpupload.com\\\/wp-content\\\/uploads\\\/2020\\\/05\\\/Lancement.jpg?time=1639052812\",\"contentUrl\":\"https:\\\/\\\/secureservercdn.net\\\/198.71.233.206\\\/17w.044.myftpupload.com\\\/wp-content\\\/uploads\\\/2020\\\/05\\\/Lancement.jpg?time=1639052812\",\"width\":300,\"height\":100,\"caption\":\"SUNUPOST\"},\"image\":{\"@id\":\"https:\\\/\\\/sunupost.com\\\/#\\\/schema\\\/logo\\\/image\\\/\"},\"sameAs\":[\"https:\\\/\\\/web.facebook.com\\\/Sunupost-101026658237468\\\/\",\"https:\\\/\\\/x.com\\\/sunupost\",\"https:\\\/\\\/www.instagram.com\\\/sunupost\\\/\",\"https:\\\/\\\/www.youtube.com\\\/channel\\\/UCd7V7bCkLDOee8yr7CW4Dpw\"]},{\"@type\":\"Person\",\"@id\":\"https:\\\/\\\/sunupost.com\\\/#\\\/schema\\\/person\\\/9c04c80a48c29cd2be004cf57947ebb0\",\"name\":\"La R\u00e9daction\",\"image\":{\"@type\":\"ImageObject\",\"inLanguage\":\"fr-FR\",\"@id\":\"https:\\\/\\\/secure.gravatar.com\\\/avatar\\\/1dc7c1ffd136391c1a6d8806c3431e1a2dd9445015e3f66472e3c63e9c80807e?s=96&d=mm&r=g\",\"url\":\"https:\\\/\\\/secure.gravatar.com\\\/avatar\\\/1dc7c1ffd136391c1a6d8806c3431e1a2dd9445015e3f66472e3c63e9c80807e?s=96&d=mm&r=g\",\"contentUrl\":\"https:\\\/\\\/secure.gravatar.com\\\/avatar\\\/1dc7c1ffd136391c1a6d8806c3431e1a2dd9445015e3f66472e3c63e9c80807e?s=96&d=mm&r=g\",\"caption\":\"La R\u00e9daction\"},\"url\":\"https:\\\/\\\/sunupost.com\\\/?author=10\"}]}<\/script>\n<!-- \/ Yoast SEO plugin. -->","yoast_head_json":{"title":"Meutre Du Taximan I. Samb - Ousseynou Diop Condamn\u00e9 \u00e0 15 Ans De R\u00e9clusion Criminelle - SUNUPOST","robots":{"index":"index","follow":"follow","max-snippet":"max-snippet:-1","max-image-preview":"max-image-preview:large","max-video-preview":"max-video-preview:-1"},"canonical":"https:\/\/sunupost.com\/?p=3468","og_locale":"fr_FR","og_type":"article","og_title":"Meutre Du Taximan I. Samb - Ousseynou Diop Condamn\u00e9 \u00e0 15 Ans De R\u00e9clusion Criminelle - SUNUPOST","og_description":"\u00a0La sentence est tomb\u00e9e tel un couperet sur la t\u00eate de Ousseynou Diop qui, reconnu coupable du meurtre du chauffeur de taxi Ibrahima Samb, a...","og_url":"https:\/\/sunupost.com\/?p=3468","og_site_name":"SUNUPOST","article_publisher":"https:\/\/web.facebook.com\/Sunupost-101026658237468\/","article_published_time":"2020-08-18T13:43:40+00:00","og_image":[{"width":700,"height":436,"url":"https:\/\/secureservercdn.net\/198.71.233.69\/17w.044.myftpupload.com\/wp-content\/uploads\/2020\/08\/ousseynoudiop_3.jpg?time=1663107718","type":"image\/jpeg"}],"author":"La R\u00e9daction","twitter_card":"summary_large_image","twitter_creator":"@sunupost","twitter_site":"@sunupost","twitter_misc":{"\u00c9crit par":"La R\u00e9daction","Dur\u00e9e de lecture estim\u00e9e":"2 minutes"},"schema":{"@context":"https:\/\/schema.org","@graph":[{"@type":"Article","@id":"https:\/\/sunupost.com\/?p=3468#article","isPartOf":{"@id":"https:\/\/sunupost.com\/?p=3468"},"author":{"name":"La R\u00e9daction","@id":"https:\/\/sunupost.com\/#\/schema\/person\/9c04c80a48c29cd2be004cf57947ebb0"},"headline":"Meutre Du Taximan I. Samb &#8211; Ousseynou Diop Condamn\u00e9 \u00e0 15 Ans De R\u00e9clusion Criminelle","datePublished":"2020-08-18T13:43:40+00:00","mainEntityOfPage":{"@id":"https:\/\/sunupost.com\/?p=3468"},"wordCount":341,"commentCount":367,"publisher":{"@id":"https:\/\/sunupost.com\/#organization"},"image":{"@id":"https:\/\/sunupost.com\/?p=3468#primaryimage"},"thumbnailUrl":"https:\/\/sunupost.com\/wp-content\/uploads\/2020\/08\/ousseynoudiop_3.jpg","articleSection":["SOCIETE"],"inLanguage":"fr-FR","potentialAction":[{"@type":"CommentAction","name":"Comment","target":["https:\/\/sunupost.com\/?p=3468#respond"]}]},{"@type":"WebPage","@id":"https:\/\/sunupost.com\/?p=3468","url":"https:\/\/sunupost.com\/?p=3468","name":"Meutre Du Taximan I. Samb - Ousseynou Diop Condamn\u00e9 \u00e0 15 Ans De R\u00e9clusion Criminelle - SUNUPOST","isPartOf":{"@id":"https:\/\/sunupost.com\/#website"},"primaryImageOfPage":{"@id":"https:\/\/sunupost.com\/?p=3468#primaryimage"},"image":{"@id":"https:\/\/sunupost.com\/?p=3468#primaryimage"},"thumbnailUrl":"https:\/\/sunupost.com\/wp-content\/uploads\/2020\/08\/ousseynoudiop_3.jpg","datePublished":"2020-08-18T13:43:40+00:00","breadcrumb":{"@id":"https:\/\/sunupost.com\/?p=3468#breadcrumb"},"inLanguage":"fr-FR","potentialAction":[{"@type":"ReadAction","target":["https:\/\/sunupost.com\/?p=3468"]}]},{"@type":"ImageObject","inLanguage":"fr-FR","@id":"https:\/\/sunupost.com\/?p=3468#primaryimage","url":"https:\/\/sunupost.com\/wp-content\/uploads\/2020\/08\/ousseynoudiop_3.jpg","contentUrl":"https:\/\/sunupost.com\/wp-content\/uploads\/2020\/08\/ousseynoudiop_3.jpg","width":700,"height":436},{"@type":"BreadcrumbList","@id":"https:\/\/sunupost.com\/?p=3468#breadcrumb","itemListElement":[{"@type":"ListItem","position":1,"name":"Home","item":"https:\/\/sunupost.com\/"},{"@type":"ListItem","position":2,"name":"Meutre Du Taximan I. Samb &#8211; Ousseynou Diop Condamn\u00e9 \u00e0 15 Ans De R\u00e9clusion Criminelle"}]},{"@type":"WebSite","@id":"https:\/\/sunupost.com\/#website","url":"https:\/\/sunupost.com\/","name":"SUNUPOST","description":"Pens\u00e9e libre","publisher":{"@id":"https:\/\/sunupost.com\/#organization"},"potentialAction":[{"@type":"SearchAction","target":{"@type":"EntryPoint","urlTemplate":"https:\/\/sunupost.com\/?s={search_term_string}"},"query-input":{"@type":"PropertyValueSpecification","valueRequired":true,"valueName":"search_term_string"}}],"inLanguage":"fr-FR"},{"@type":"Organization","@id":"https:\/\/sunupost.com\/#organization","name":"SUNUPOST","url":"https:\/\/sunupost.com\/","logo":{"@type":"ImageObject","inLanguage":"fr-FR","@id":"https:\/\/sunupost.com\/#\/schema\/logo\/image\/","url":"https:\/\/secureservercdn.net\/198.71.233.206\/17w.044.myftpupload.com\/wp-content\/uploads\/2020\/05\/Lancement.jpg?time=1639052812","contentUrl":"https:\/\/secureservercdn.net\/198.71.233.206\/17w.044.myftpupload.com\/wp-content\/uploads\/2020\/05\/Lancement.jpg?time=1639052812","width":300,"height":100,"caption":"SUNUPOST"},"image":{"@id":"https:\/\/sunupost.com\/#\/schema\/logo\/image\/"},"sameAs":["https:\/\/web.facebook.com\/Sunupost-101026658237468\/","https:\/\/x.com\/sunupost","https:\/\/www.instagram.com\/sunupost\/","https:\/\/www.youtube.com\/channel\/UCd7V7bCkLDOee8yr7CW4Dpw"]},{"@type":"Person","@id":"https:\/\/sunupost.com\/#\/schema\/person\/9c04c80a48c29cd2be004cf57947ebb0","name":"La R\u00e9daction","image":{"@type":"ImageObject","inLanguage":"fr-FR","@id":"https:\/\/secure.gravatar.com\/avatar\/1dc7c1ffd136391c1a6d8806c3431e1a2dd9445015e3f66472e3c63e9c80807e?s=96&d=mm&r=g","url":"https:\/\/secure.gravatar.com\/avatar\/1dc7c1ffd136391c1a6d8806c3431e1a2dd9445015e3f66472e3c63e9c80807e?s=96&d=mm&r=g","contentUrl":"https:\/\/secure.gravatar.com\/avatar\/1dc7c1ffd136391c1a6d8806c3431e1a2dd9445015e3f66472e3c63e9c80807e?s=96&d=mm&r=g","caption":"La R\u00e9daction"},"url":"https:\/\/sunupost.com\/?author=10"}]}},"_links":{"self":[{"href":"https:\/\/sunupost.com\/index.php?rest_route=\/wp\/v2\/posts\/3468","targetHints":{"allow":["GET"]}}],"collection":[{"href":"https:\/\/sunupost.com\/index.php?rest_route=\/wp\/v2\/posts"}],"about":[{"href":"https:\/\/sunupost.com\/index.php?rest_route=\/wp\/v2\/types\/post"}],"author":[{"embeddable":true,"href":"https:\/\/sunupost.com\/index.php?rest_route=\/wp\/v2\/users\/10"}],"replies":[{"embeddable":true,"href":"https:\/\/sunupost.com\/index.php?rest_route=%2Fwp%2Fv2%2Fcomments&post=3468"}],"version-history":[{"count":0,"href":"https:\/\/sunupost.com\/index.php?rest_route=\/wp\/v2\/posts\/3468\/revisions"}],"wp:featuredmedia":[{"embeddable":true,"href":"https:\/\/sunupost.com\/index.php?rest_route=\/wp\/v2\/media\/3469"}],"wp:attachment":[{"href":"https:\/\/sunupost.com\/index.php?rest_route=%2Fwp%2Fv2%2Fmedia&parent=3468"}],"wp:term":[{"taxonomy":"category","embeddable":true,"href":"https:\/\/sunupost.com\/index.php?rest_route=%2Fwp%2Fv2%2Fcategories&post=3468"},{"taxonomy":"post_tag","embeddable":true,"href":"https:\/\/sunupost.com\/index.php?rest_route=%2Fwp%2Fv2%2Ftags&post=3468"}],"curies":[{"name":"wp","href":"https:\/\/api.w.org\/{rel}","templated":true}]}}