{"id":3509,"date":"2020-08-19T12:57:56","date_gmt":"2020-08-19T12:57:56","guid":{"rendered":"https:\/\/sunupost.com\/?p=3509"},"modified":"2020-08-19T12:57:56","modified_gmt":"2020-08-19T12:57:56","slug":"justice-demission-du-premier-president-la-cour-dappel-de-kaolack-de-lums","status":"publish","type":"post","link":"https:\/\/sunupost.com\/?p=3509","title":{"rendered":"Justice : D\u00e9mission Du Premier Pr\u00e9sident La Cour d\u2019Appel De Kaolack De l&rsquo;UMS"},"content":{"rendered":"<p style=\"text-align: justify;\">\u00a0L&rsquo;acte est sign\u00e9. Le Premier pr\u00e9sident de la Cour d&rsquo;appel (CA) de Kaolack, Ousmane Kane, n&rsquo;est plus membre de l&rsquo;Union des magistrats s\u00e9n\u00e9galais dirig\u00e9e par Souleymane T\u00e9liko. Il l&rsquo;a fait savoir dans un communiqu\u00e9 re\u00e7u, ce mercredi 19 ao\u00fbt. \u00ab Le combat pour le changement du syst\u00e8me ne sera pas gagn\u00e9 par I&rsquo;Ums seule, encore moins par des invectives \u00e0 l&rsquo;endroit des magistrats de la hi\u00e9rarchie qui ne sont pas eux-m\u00eames \u00e0 l&rsquo;abri d&rsquo;abus de ce syst\u00e8me dont j&rsquo;ai \u00e9t\u00e9 moi-m\u00eame victime en1994 d\u00e9j\u00e0. Les chefs de la hi\u00e9rarchie judiciaire, conspu\u00e9s et insult\u00e9s par des coll\u00e8gues dont ils ont contribu\u00e9 de la formation, vous seraient d&rsquo;un apport d\u00e9cisif si les magistrats apprenaient enfin \u00e0 les respecter. En ce qui me concerne, ne pouvant plus supporter ces insultes, je vous pr\u00e9sente ma d\u00e9mission de I&rsquo;Ums \u00bb, a-t-il d\u00e9clar\u00e9.\u00ab L&rsquo;affaire Ngor Diop a \u00e9t\u00e9 l&rsquo;occasion pour les magistrats insulteurs de leurs ain\u00e9s de la hi\u00e9rarchie de reprendre du service \u00bbRevenant toujours sur les raisons de sa d\u00e9mission, le magistrat a renseign\u00e9 : \u00ab L&rsquo;affectation controvers\u00e9e de notre coll\u00e8gue Ngor Diop a \u00e9t\u00e9 l&rsquo;occasion pour les magistrats insulteurs de leurs ain\u00e9s de la hi\u00e9rarchie de reprendre du service; comme ce fut le cas lors de l&rsquo;assembl\u00e9e g\u00e9n\u00e9rale extraordinaire de I&rsquo;Ums, \u00e0 Dakar, il y a quelques ann\u00e9es, au cours de laquelle de jeunes coll\u00e8gues ont pass\u00e9 leur temps \u00e0 abreuver d&rsquo;insultes les hauts magistrats qui avaient os\u00e9 prendre la parole, ignorant certainement que l&rsquo;ergonomie de la salle rendait les insanit\u00e9s qu&rsquo;ils prof\u00e9raient parfaitement audibles \u00bbAvant d&rsquo;avancer : \u00ab Au-del\u00e0 de l&rsquo;impolitesse inacceptable dont certains coll\u00e8gues ont fait montre dans les \u00e9changes \u00e0 la suite du communiqu\u00e9 de I&rsquo;Ums, c&rsquo;est la gratuit\u00e9 des attaques et le silence du bureau qui sont insoutenables \u00bb.\u00a0Selon le Premier pr\u00e9sident de la CA de Kaolack, \u00ab la fiche de consultation du coll\u00e8gue Ngor Diop a \u00e9t\u00e9 pass\u00e9e le 8 juillet 2020, dans un lot de l0 mesures, alors que le mobile de l&rsquo;affectation du coll\u00e8gue invoqu\u00e9 par le bureau n&rsquo;a \u00e9t\u00e9 r\u00e9v\u00e9l\u00e9 que dans le communiqu\u00e9 interne du 9 ao\u00fbt 2020, soit 30 jours plus tard \u00bb.\u00ab Par quelle alchimie les membres du Conseil sup\u00e9rieur de la magistrature, loin du ressort de la Cour d&rsquo;appel de Saint Louis, pouvaient avoir\u2026\u00bb\u00a0Il se pose, dit-il, alors la question de savoir par quelle alchimie les membres du Conseil sup\u00e9rieur de la magistrature, loin du ressort de la Cour d&rsquo;appel de Saint-Louis, pouvaient avoir la moindre connaissance de la raison qui sous tendrait la mesure frappant le coll\u00e8gue.\u00ab Le probl\u00e8me du magistrat Ngor Diop, si l&rsquo;information donn\u00e9e par le bureau est av\u00e9r\u00e9e, ne saurait se r\u00e9duire \u00e0 sa seule personne. C&rsquo;est plut\u00f4t le syst\u00e8me qui l&rsquo;aurait permis qu&rsquo;il faut corriger, \u00e0 savoir le pouvoir discr\u00e9tionnaire du Ministre de la Justice dans la gestion de la carri\u00e8re du magistrat, qui lui permet d&rsquo;affecter un magistrat pour le sanctionner ou lui octroyer une promotion indue \u00bb, a soutenu Ousmane Kane.Tout en insistant : \u00ab Je dois \u00e0 la v\u00e9rit\u00e9 de dire, notamment \u00e0 l&rsquo;intention des coll\u00e8gues qui trouvent le Conseil sup\u00e9rieur de la magistrature inutile, sans violer le secret de nos d\u00e9lib\u00e9rations, qu&rsquo;\u00e0 chaque fois qu&rsquo;une mesure propos\u00e9e par le Ministre a fait l&rsquo;objet de contestation, notamment de la part des magistrats \u00e9lus, ne serait-ce que pour un d\u00e9faut de consultation du magistrat concern\u00e9, le Pr\u00e9sident de la R\u00e9publique a demand\u00e9 qu&rsquo;elle soit ajourn\u00e9e; tout comme il avait accept\u00e9 le principe de la mise en comp\u00e9tition des postes, sauf pour certaines fonctions \u00bb.\u00ab Des consultations \u00e0 domicile \u00e0 celles am\u00e9lior\u00e9es \u00bbPour lui, \u00ab ces discussions majeures avaient connu un d\u00e9but d&rsquo;ex\u00e9cution par le pr\u00e9c\u00e9dent Garde des Sceaux, qui avait initi\u00e9 la pratique de ce qu&rsquo;il avait appel\u00e9 les consultations am\u00e9lior\u00e9es, qui permettaient de discuter des mesures envisag\u00e9es, sous sa pr\u00e9sidence, avant leur pr\u00e9sentation de la signature du Pr\u00e9sident de la R\u00e9publique, ce qui sonnait la fin des consultations \u00e0 domicile si d\u00e9cri\u00e9es \u00bb.Le d\u00e9missionnaire de laisser entendre : \u00ab C&rsquo;est cette dynamique qu&rsquo;il importe de reprendre, en soumettant le probl\u00e8me \u00e0 qui de droit, avec le sens de la mesure, la d\u00e9licatesse et la courtoisie qui conviennent, qualit\u00e9s par lesquelles le magistrat doit se distinguer et qui nous ont permis de faire des avanc\u00e9es remarquables dans l&rsquo;am\u00e9lioration de nos conditions mat\u00e9rielles de travail \u00bb.<\/p>\n","protected":false},"excerpt":{"rendered":"<p>\u00a0L&rsquo;acte est sign\u00e9. Le Premier pr\u00e9sident de la Cour d&rsquo;appel (CA) de Kaolack, Ousmane Kane, n&rsquo;est plus membre de l&rsquo;Union des magistrats s\u00e9n\u00e9galais dirig\u00e9e par&#8230;<\/p>\n","protected":false},"author":10,"featured_media":3510,"comment_status":"open","ping_status":"open","sticky":false,"template":"","format":"standard","meta":{"_coblocks_attr":"","_coblocks_dimensions":"","_coblocks_responsive_height":"","_coblocks_accordion_ie_support":"","_monsterinsights_skip_tracking":false,"_monsterinsights_sitenote_active":false,"_monsterinsights_sitenote_note":"","_monsterinsights_sitenote_category":0,"h5ap_radio_sources":[],"footnotes":""},"categories":[11],"tags":[],"class_list":["post-3509","post","type-post","status-publish","format-standard","has-post-thumbnail","hentry","category-societe","wpcat-11-id"],"yoast_head":"<!-- This site is optimized with the Yoast SEO plugin v27.4 - https:\/\/yoast.com\/product\/yoast-seo-wordpress\/ -->\n<title>Justice : D\u00e9mission Du Premier Pr\u00e9sident La Cour d\u2019Appel De Kaolack De l&#039;UMS - SUNUPOST<\/title>\n<meta name=\"robots\" content=\"index, follow, max-snippet:-1, max-image-preview:large, max-video-preview:-1\" \/>\n<link rel=\"canonical\" href=\"https:\/\/sunupost.com\/?p=3509\" \/>\n<meta property=\"og:locale\" content=\"fr_FR\" \/>\n<meta property=\"og:type\" content=\"article\" \/>\n<meta property=\"og:title\" content=\"Justice : D\u00e9mission Du Premier Pr\u00e9sident La Cour d\u2019Appel De Kaolack De l&#039;UMS - SUNUPOST\" \/>\n<meta property=\"og:description\" content=\"\u00a0L&rsquo;acte est sign\u00e9. Le Premier pr\u00e9sident de la Cour d&rsquo;appel (CA) de Kaolack, Ousmane Kane, n&rsquo;est plus membre de l&rsquo;Union des magistrats s\u00e9n\u00e9galais dirig\u00e9e par...\" \/>\n<meta property=\"og:url\" content=\"https:\/\/sunupost.com\/?p=3509\" \/>\n<meta property=\"og:site_name\" content=\"SUNUPOST\" \/>\n<meta property=\"article:publisher\" content=\"https:\/\/web.facebook.com\/Sunupost-101026658237468\/\" \/>\n<meta property=\"article:published_time\" content=\"2020-08-19T12:57:56+00:00\" \/>\n<meta property=\"og:image\" content=\"https:\/\/secureservercdn.net\/198.71.233.69\/17w.044.myftpupload.com\/wp-content\/uploads\/2020\/08\/22753401-25313936.jpg?time=1663109317\" \/>\n\t<meta property=\"og:image:width\" content=\"900\" \/>\n\t<meta property=\"og:image:height\" content=\"600\" \/>\n\t<meta property=\"og:image:type\" content=\"image\/jpeg\" \/>\n<meta name=\"author\" content=\"La R\u00e9daction\" \/>\n<meta name=\"twitter:card\" content=\"summary_large_image\" \/>\n<meta name=\"twitter:creator\" content=\"@sunupost\" \/>\n<meta name=\"twitter:site\" content=\"@sunupost\" \/>\n<meta name=\"twitter:label1\" content=\"\u00c9crit par\" \/>\n\t<meta name=\"twitter:data1\" content=\"La R\u00e9daction\" \/>\n\t<meta name=\"twitter:label2\" content=\"Dur\u00e9e de lecture estim\u00e9e\" \/>\n\t<meta name=\"twitter:data2\" content=\"4 minutes\" \/>\n<script type=\"application\/ld+json\" class=\"yoast-schema-graph\">{\"@context\":\"https:\\\/\\\/schema.org\",\"@graph\":[{\"@type\":\"Article\",\"@id\":\"https:\\\/\\\/sunupost.com\\\/?p=3509#article\",\"isPartOf\":{\"@id\":\"https:\\\/\\\/sunupost.com\\\/?p=3509\"},\"author\":{\"name\":\"La R\u00e9daction\",\"@id\":\"https:\\\/\\\/sunupost.com\\\/#\\\/schema\\\/person\\\/9c04c80a48c29cd2be004cf57947ebb0\"},\"headline\":\"Justice : D\u00e9mission Du Premier Pr\u00e9sident La Cour d\u2019Appel De Kaolack De l&rsquo;UMS\",\"datePublished\":\"2020-08-19T12:57:56+00:00\",\"mainEntityOfPage\":{\"@id\":\"https:\\\/\\\/sunupost.com\\\/?p=3509\"},\"wordCount\":823,\"commentCount\":180,\"publisher\":{\"@id\":\"https:\\\/\\\/sunupost.com\\\/#organization\"},\"image\":{\"@id\":\"https:\\\/\\\/sunupost.com\\\/?p=3509#primaryimage\"},\"thumbnailUrl\":\"https:\\\/\\\/sunupost.com\\\/wp-content\\\/uploads\\\/2020\\\/08\\\/22753401-25313936.jpg\",\"articleSection\":[\"SOCIETE\"],\"inLanguage\":\"fr-FR\",\"potentialAction\":[{\"@type\":\"CommentAction\",\"name\":\"Comment\",\"target\":[\"https:\\\/\\\/sunupost.com\\\/?p=3509#respond\"]}]},{\"@type\":\"WebPage\",\"@id\":\"https:\\\/\\\/sunupost.com\\\/?p=3509\",\"url\":\"https:\\\/\\\/sunupost.com\\\/?p=3509\",\"name\":\"Justice : D\u00e9mission Du Premier Pr\u00e9sident La Cour d\u2019Appel De Kaolack De l'UMS - SUNUPOST\",\"isPartOf\":{\"@id\":\"https:\\\/\\\/sunupost.com\\\/#website\"},\"primaryImageOfPage\":{\"@id\":\"https:\\\/\\\/sunupost.com\\\/?p=3509#primaryimage\"},\"image\":{\"@id\":\"https:\\\/\\\/sunupost.com\\\/?p=3509#primaryimage\"},\"thumbnailUrl\":\"https:\\\/\\\/sunupost.com\\\/wp-content\\\/uploads\\\/2020\\\/08\\\/22753401-25313936.jpg\",\"datePublished\":\"2020-08-19T12:57:56+00:00\",\"breadcrumb\":{\"@id\":\"https:\\\/\\\/sunupost.com\\\/?p=3509#breadcrumb\"},\"inLanguage\":\"fr-FR\",\"potentialAction\":[{\"@type\":\"ReadAction\",\"target\":[\"https:\\\/\\\/sunupost.com\\\/?p=3509\"]}]},{\"@type\":\"ImageObject\",\"inLanguage\":\"fr-FR\",\"@id\":\"https:\\\/\\\/sunupost.com\\\/?p=3509#primaryimage\",\"url\":\"https:\\\/\\\/sunupost.com\\\/wp-content\\\/uploads\\\/2020\\\/08\\\/22753401-25313936.jpg\",\"contentUrl\":\"https:\\\/\\\/sunupost.com\\\/wp-content\\\/uploads\\\/2020\\\/08\\\/22753401-25313936.jpg\",\"width\":900,\"height\":600},{\"@type\":\"BreadcrumbList\",\"@id\":\"https:\\\/\\\/sunupost.com\\\/?p=3509#breadcrumb\",\"itemListElement\":[{\"@type\":\"ListItem\",\"position\":1,\"name\":\"Home\",\"item\":\"https:\\\/\\\/sunupost.com\\\/\"},{\"@type\":\"ListItem\",\"position\":2,\"name\":\"Justice : D\u00e9mission Du Premier Pr\u00e9sident La Cour d\u2019Appel De Kaolack De l&rsquo;UMS\"}]},{\"@type\":\"WebSite\",\"@id\":\"https:\\\/\\\/sunupost.com\\\/#website\",\"url\":\"https:\\\/\\\/sunupost.com\\\/\",\"name\":\"SUNUPOST\",\"description\":\"Pens\u00e9e libre\",\"publisher\":{\"@id\":\"https:\\\/\\\/sunupost.com\\\/#organization\"},\"potentialAction\":[{\"@type\":\"SearchAction\",\"target\":{\"@type\":\"EntryPoint\",\"urlTemplate\":\"https:\\\/\\\/sunupost.com\\\/?s={search_term_string}\"},\"query-input\":{\"@type\":\"PropertyValueSpecification\",\"valueRequired\":true,\"valueName\":\"search_term_string\"}}],\"inLanguage\":\"fr-FR\"},{\"@type\":\"Organization\",\"@id\":\"https:\\\/\\\/sunupost.com\\\/#organization\",\"name\":\"SUNUPOST\",\"url\":\"https:\\\/\\\/sunupost.com\\\/\",\"logo\":{\"@type\":\"ImageObject\",\"inLanguage\":\"fr-FR\",\"@id\":\"https:\\\/\\\/sunupost.com\\\/#\\\/schema\\\/logo\\\/image\\\/\",\"url\":\"https:\\\/\\\/secureservercdn.net\\\/198.71.233.206\\\/17w.044.myftpupload.com\\\/wp-content\\\/uploads\\\/2020\\\/05\\\/Lancement.jpg?time=1639052812\",\"contentUrl\":\"https:\\\/\\\/secureservercdn.net\\\/198.71.233.206\\\/17w.044.myftpupload.com\\\/wp-content\\\/uploads\\\/2020\\\/05\\\/Lancement.jpg?time=1639052812\",\"width\":300,\"height\":100,\"caption\":\"SUNUPOST\"},\"image\":{\"@id\":\"https:\\\/\\\/sunupost.com\\\/#\\\/schema\\\/logo\\\/image\\\/\"},\"sameAs\":[\"https:\\\/\\\/web.facebook.com\\\/Sunupost-101026658237468\\\/\",\"https:\\\/\\\/x.com\\\/sunupost\",\"https:\\\/\\\/www.instagram.com\\\/sunupost\\\/\",\"https:\\\/\\\/www.youtube.com\\\/channel\\\/UCd7V7bCkLDOee8yr7CW4Dpw\"]},{\"@type\":\"Person\",\"@id\":\"https:\\\/\\\/sunupost.com\\\/#\\\/schema\\\/person\\\/9c04c80a48c29cd2be004cf57947ebb0\",\"name\":\"La R\u00e9daction\",\"image\":{\"@type\":\"ImageObject\",\"inLanguage\":\"fr-FR\",\"@id\":\"https:\\\/\\\/secure.gravatar.com\\\/avatar\\\/1dc7c1ffd136391c1a6d8806c3431e1a2dd9445015e3f66472e3c63e9c80807e?s=96&d=mm&r=g\",\"url\":\"https:\\\/\\\/secure.gravatar.com\\\/avatar\\\/1dc7c1ffd136391c1a6d8806c3431e1a2dd9445015e3f66472e3c63e9c80807e?s=96&d=mm&r=g\",\"contentUrl\":\"https:\\\/\\\/secure.gravatar.com\\\/avatar\\\/1dc7c1ffd136391c1a6d8806c3431e1a2dd9445015e3f66472e3c63e9c80807e?s=96&d=mm&r=g\",\"caption\":\"La R\u00e9daction\"},\"url\":\"https:\\\/\\\/sunupost.com\\\/?author=10\"}]}<\/script>\n<!-- \/ Yoast SEO plugin. -->","yoast_head_json":{"title":"Justice : D\u00e9mission Du Premier Pr\u00e9sident La Cour d\u2019Appel De Kaolack De l'UMS - SUNUPOST","robots":{"index":"index","follow":"follow","max-snippet":"max-snippet:-1","max-image-preview":"max-image-preview:large","max-video-preview":"max-video-preview:-1"},"canonical":"https:\/\/sunupost.com\/?p=3509","og_locale":"fr_FR","og_type":"article","og_title":"Justice : D\u00e9mission Du Premier Pr\u00e9sident La Cour d\u2019Appel De Kaolack De l'UMS - SUNUPOST","og_description":"\u00a0L&rsquo;acte est sign\u00e9. Le Premier pr\u00e9sident de la Cour d&rsquo;appel (CA) de Kaolack, Ousmane Kane, n&rsquo;est plus membre de l&rsquo;Union des magistrats s\u00e9n\u00e9galais dirig\u00e9e par...","og_url":"https:\/\/sunupost.com\/?p=3509","og_site_name":"SUNUPOST","article_publisher":"https:\/\/web.facebook.com\/Sunupost-101026658237468\/","article_published_time":"2020-08-19T12:57:56+00:00","og_image":[{"width":900,"height":600,"url":"https:\/\/secureservercdn.net\/198.71.233.69\/17w.044.myftpupload.com\/wp-content\/uploads\/2020\/08\/22753401-25313936.jpg?time=1663109317","type":"image\/jpeg"}],"author":"La R\u00e9daction","twitter_card":"summary_large_image","twitter_creator":"@sunupost","twitter_site":"@sunupost","twitter_misc":{"\u00c9crit par":"La R\u00e9daction","Dur\u00e9e de lecture estim\u00e9e":"4 minutes"},"schema":{"@context":"https:\/\/schema.org","@graph":[{"@type":"Article","@id":"https:\/\/sunupost.com\/?p=3509#article","isPartOf":{"@id":"https:\/\/sunupost.com\/?p=3509"},"author":{"name":"La R\u00e9daction","@id":"https:\/\/sunupost.com\/#\/schema\/person\/9c04c80a48c29cd2be004cf57947ebb0"},"headline":"Justice : D\u00e9mission Du Premier Pr\u00e9sident La Cour d\u2019Appel De Kaolack De l&rsquo;UMS","datePublished":"2020-08-19T12:57:56+00:00","mainEntityOfPage":{"@id":"https:\/\/sunupost.com\/?p=3509"},"wordCount":823,"commentCount":180,"publisher":{"@id":"https:\/\/sunupost.com\/#organization"},"image":{"@id":"https:\/\/sunupost.com\/?p=3509#primaryimage"},"thumbnailUrl":"https:\/\/sunupost.com\/wp-content\/uploads\/2020\/08\/22753401-25313936.jpg","articleSection":["SOCIETE"],"inLanguage":"fr-FR","potentialAction":[{"@type":"CommentAction","name":"Comment","target":["https:\/\/sunupost.com\/?p=3509#respond"]}]},{"@type":"WebPage","@id":"https:\/\/sunupost.com\/?p=3509","url":"https:\/\/sunupost.com\/?p=3509","name":"Justice : D\u00e9mission Du Premier Pr\u00e9sident La Cour d\u2019Appel De Kaolack De l'UMS - SUNUPOST","isPartOf":{"@id":"https:\/\/sunupost.com\/#website"},"primaryImageOfPage":{"@id":"https:\/\/sunupost.com\/?p=3509#primaryimage"},"image":{"@id":"https:\/\/sunupost.com\/?p=3509#primaryimage"},"thumbnailUrl":"https:\/\/sunupost.com\/wp-content\/uploads\/2020\/08\/22753401-25313936.jpg","datePublished":"2020-08-19T12:57:56+00:00","breadcrumb":{"@id":"https:\/\/sunupost.com\/?p=3509#breadcrumb"},"inLanguage":"fr-FR","potentialAction":[{"@type":"ReadAction","target":["https:\/\/sunupost.com\/?p=3509"]}]},{"@type":"ImageObject","inLanguage":"fr-FR","@id":"https:\/\/sunupost.com\/?p=3509#primaryimage","url":"https:\/\/sunupost.com\/wp-content\/uploads\/2020\/08\/22753401-25313936.jpg","contentUrl":"https:\/\/sunupost.com\/wp-content\/uploads\/2020\/08\/22753401-25313936.jpg","width":900,"height":600},{"@type":"BreadcrumbList","@id":"https:\/\/sunupost.com\/?p=3509#breadcrumb","itemListElement":[{"@type":"ListItem","position":1,"name":"Home","item":"https:\/\/sunupost.com\/"},{"@type":"ListItem","position":2,"name":"Justice : D\u00e9mission Du Premier Pr\u00e9sident La Cour d\u2019Appel De Kaolack De l&rsquo;UMS"}]},{"@type":"WebSite","@id":"https:\/\/sunupost.com\/#website","url":"https:\/\/sunupost.com\/","name":"SUNUPOST","description":"Pens\u00e9e libre","publisher":{"@id":"https:\/\/sunupost.com\/#organization"},"potentialAction":[{"@type":"SearchAction","target":{"@type":"EntryPoint","urlTemplate":"https:\/\/sunupost.com\/?s={search_term_string}"},"query-input":{"@type":"PropertyValueSpecification","valueRequired":true,"valueName":"search_term_string"}}],"inLanguage":"fr-FR"},{"@type":"Organization","@id":"https:\/\/sunupost.com\/#organization","name":"SUNUPOST","url":"https:\/\/sunupost.com\/","logo":{"@type":"ImageObject","inLanguage":"fr-FR","@id":"https:\/\/sunupost.com\/#\/schema\/logo\/image\/","url":"https:\/\/secureservercdn.net\/198.71.233.206\/17w.044.myftpupload.com\/wp-content\/uploads\/2020\/05\/Lancement.jpg?time=1639052812","contentUrl":"https:\/\/secureservercdn.net\/198.71.233.206\/17w.044.myftpupload.com\/wp-content\/uploads\/2020\/05\/Lancement.jpg?time=1639052812","width":300,"height":100,"caption":"SUNUPOST"},"image":{"@id":"https:\/\/sunupost.com\/#\/schema\/logo\/image\/"},"sameAs":["https:\/\/web.facebook.com\/Sunupost-101026658237468\/","https:\/\/x.com\/sunupost","https:\/\/www.instagram.com\/sunupost\/","https:\/\/www.youtube.com\/channel\/UCd7V7bCkLDOee8yr7CW4Dpw"]},{"@type":"Person","@id":"https:\/\/sunupost.com\/#\/schema\/person\/9c04c80a48c29cd2be004cf57947ebb0","name":"La R\u00e9daction","image":{"@type":"ImageObject","inLanguage":"fr-FR","@id":"https:\/\/secure.gravatar.com\/avatar\/1dc7c1ffd136391c1a6d8806c3431e1a2dd9445015e3f66472e3c63e9c80807e?s=96&d=mm&r=g","url":"https:\/\/secure.gravatar.com\/avatar\/1dc7c1ffd136391c1a6d8806c3431e1a2dd9445015e3f66472e3c63e9c80807e?s=96&d=mm&r=g","contentUrl":"https:\/\/secure.gravatar.com\/avatar\/1dc7c1ffd136391c1a6d8806c3431e1a2dd9445015e3f66472e3c63e9c80807e?s=96&d=mm&r=g","caption":"La R\u00e9daction"},"url":"https:\/\/sunupost.com\/?author=10"}]}},"_links":{"self":[{"href":"https:\/\/sunupost.com\/index.php?rest_route=\/wp\/v2\/posts\/3509","targetHints":{"allow":["GET"]}}],"collection":[{"href":"https:\/\/sunupost.com\/index.php?rest_route=\/wp\/v2\/posts"}],"about":[{"href":"https:\/\/sunupost.com\/index.php?rest_route=\/wp\/v2\/types\/post"}],"author":[{"embeddable":true,"href":"https:\/\/sunupost.com\/index.php?rest_route=\/wp\/v2\/users\/10"}],"replies":[{"embeddable":true,"href":"https:\/\/sunupost.com\/index.php?rest_route=%2Fwp%2Fv2%2Fcomments&post=3509"}],"version-history":[{"count":0,"href":"https:\/\/sunupost.com\/index.php?rest_route=\/wp\/v2\/posts\/3509\/revisions"}],"wp:featuredmedia":[{"embeddable":true,"href":"https:\/\/sunupost.com\/index.php?rest_route=\/wp\/v2\/media\/3510"}],"wp:attachment":[{"href":"https:\/\/sunupost.com\/index.php?rest_route=%2Fwp%2Fv2%2Fmedia&parent=3509"}],"wp:term":[{"taxonomy":"category","embeddable":true,"href":"https:\/\/sunupost.com\/index.php?rest_route=%2Fwp%2Fv2%2Fcategories&post=3509"},{"taxonomy":"post_tag","embeddable":true,"href":"https:\/\/sunupost.com\/index.php?rest_route=%2Fwp%2Fv2%2Ftags&post=3509"}],"curies":[{"name":"wp","href":"https:\/\/api.w.org\/{rel}","templated":true}]}}