{"id":3748,"date":"2020-08-27T18:22:42","date_gmt":"2020-08-27T18:22:42","guid":{"rendered":"https:\/\/sunupost.com\/?p=3748"},"modified":"2020-08-27T18:22:42","modified_gmt":"2020-08-27T18:22:42","slug":"putsch-au-mali-karim-keita-aurait-trouve-refus-en-cote-divoire","status":"publish","type":"post","link":"https:\/\/sunupost.com\/?p=3748","title":{"rendered":"Putsch Au Mali : Karim Ke\u00efta Aurait Trouv\u00e9 Refus En C\u00f4te D&rsquo;Ivoire"},"content":{"rendered":"<p style=\"text-align: justify;\">Le fils du pr\u00e9sident malien Ibrahim Ke\u00efta, Karim, l\u2019une des personnalit\u00e9s sur lesquelles s\u2019\u00e9tait concentr\u00e9e la contestation du pouvoir de son p\u00e8re, renvers\u00e9 par un coup d\u2019Etat, a trouv\u00e9 refuge dans un pays voisin a-t-on appris jeudi de source diplomatique et dans son entourage.<\/p>\n<p>Les militaires qui ont pris le pouvoir le 18 ao\u00fbt \u00e0 Bamako avaient arr\u00eat\u00e9 le chef de l\u2019Etat, son Premier ministre et plusieurs membres du gouvernement, le chef d\u2019\u00e9tat-major de l\u2019arm\u00e9e ou encore le pr\u00e9sident de l\u2019Assembl\u00e9e nationale.<\/p>\n<p>Consid\u00e9r\u00e9 par de nombreux Maliens comme personnifiant la corruption du r\u00e9gime, son fils Karim avait \u00e9chapp\u00e9 \u00e0 l\u2019arrestation et l\u2019on \u00e9tait sans nouvelle officielle de lui depuis lors.<\/p>\n<p>La junte, dirig\u00e9e par le colonel Assimi Go\u00efta, a assur\u00e9 jeudi avoir lib\u00e9r\u00e9 Ibrahim Boubacar Ke\u00efta.<\/p>\n<p>Craignant pour sa s\u00e9curit\u00e9, Karim Ke\u00efta, \u00e9lu d\u00e9put\u00e9 en 2013, l\u2019ann\u00e9e de l\u2019arriv\u00e9e au pouvoir de son p\u00e8re, et r\u00e9\u00e9lu en 2020, a pour sa part \u00ab\u00a0quitt\u00e9 le Mali par route il y a deux jours\u00a0\u00bb, a dit jeudi \u00e0 l\u2019AFP un d\u00e9put\u00e9 consid\u00e9r\u00e9 comme tr\u00e8s proche de lui.<\/p>\n<p>\u00ab\u00a0Il m\u2019a appel\u00e9. Il se porte bien\u00a0\u00bb, a ajout\u00e9 cette source sous le couvert de l\u2019anonymat, en laissant entendre qu\u2019il pourrait se trouver au Burkina Faso ou en C\u00f4te d\u2019Ivoire.<\/p>\n<p>\u00ab\u00a0Karim a pu gr\u00e2ce \u00e0 Dieu quitter le Mali. Je ne dirai pas o\u00f9 il est pour des raisons de s\u00e9curit\u00e9, mais je peux dire qu\u2019il n\u2019est pas au Maroc. Des militaires sont venus arr\u00eater son garde du corps. On a compris qu\u2019il \u00e9tait en danger. Il a quitt\u00e9 le Mali depuis deux jours\u00a0\u00bb, a confirm\u00e9 un membre de sa famille, s\u2019exprimant \u00e9galement anonymement.<\/p>\n<p>\u00ab\u00a0Karim Ke\u00efta est actuellement dans un pays voisin du Mali\u00a0\u00bb, a pour sa part indiqu\u00e9 \u00e0 l\u2019AFP une source diplomatique africaine, sans plus de pr\u00e9cision.<\/p>\n<p>En juillet, alors que la contestation contre le r\u00e9gime battait son plein, Karim Ke\u00efta avait d\u00e9missionn\u00e9 de la puissante pr\u00e9sidence de la commission de la D\u00e9fense de l\u2019Assembl\u00e9e nationale.<\/p>\n<p>Lors de grands rassemblements, des manifestants ont utilis\u00e9 sous forme de posters des images le montrant lors de joyeuses f\u00eates \u00e0 l\u2019\u00e9tranger avec des amis, en compagnie de jeunes femmes peu v\u00eatues, pour le pr\u00e9senter comme un personnage aux moeurs l\u00e9g\u00e8res pouvant se payer du bon temps alors que son pays souffrait.<\/p>\n<p>Karim Ke\u00efta avait assur\u00e9 qu\u2019il n\u2019avait pas \u00e9t\u00e9 charg\u00e9 de la liste des invit\u00e9s et que ce d\u00e9placement priv\u00e9 n\u2019avait rien co\u00fbt\u00e9 au contribuable<\/p>\n","protected":false},"excerpt":{"rendered":"<p>Le fils du pr\u00e9sident malien Ibrahim Ke\u00efta, Karim, l\u2019une des personnalit\u00e9s sur lesquelles s\u2019\u00e9tait concentr\u00e9e la contestation du pouvoir de son p\u00e8re, renvers\u00e9 par un&#8230;<\/p>\n","protected":false},"author":10,"featured_media":3749,"comment_status":"open","ping_status":"open","sticky":false,"template":"","format":"standard","meta":{"_coblocks_attr":"","_coblocks_dimensions":"","_coblocks_responsive_height":"","_coblocks_accordion_ie_support":"","_monsterinsights_skip_tracking":false,"_monsterinsights_sitenote_active":false,"_monsterinsights_sitenote_note":"","_monsterinsights_sitenote_category":0,"h5ap_radio_sources":[],"footnotes":""},"categories":[2],"tags":[],"class_list":["post-3748","post","type-post","status-publish","format-standard","has-post-thumbnail","hentry","category-international","wpcat-2-id"],"yoast_head":"<!-- This site is optimized with the Yoast SEO plugin v27.4 - https:\/\/yoast.com\/product\/yoast-seo-wordpress\/ -->\n<title>Putsch Au Mali : Karim Ke\u00efta Aurait Trouv\u00e9 Refus En C\u00f4te D&#039;Ivoire - SUNUPOST<\/title>\n<meta name=\"robots\" content=\"index, follow, max-snippet:-1, max-image-preview:large, max-video-preview:-1\" \/>\n<link rel=\"canonical\" href=\"https:\/\/sunupost.com\/?p=3748\" \/>\n<meta property=\"og:locale\" content=\"fr_FR\" \/>\n<meta property=\"og:type\" content=\"article\" \/>\n<meta property=\"og:title\" content=\"Putsch Au Mali : Karim Ke\u00efta Aurait Trouv\u00e9 Refus En C\u00f4te D&#039;Ivoire - SUNUPOST\" \/>\n<meta property=\"og:description\" content=\"Le fils du pr\u00e9sident malien Ibrahim Ke\u00efta, Karim, l\u2019une des personnalit\u00e9s sur lesquelles s\u2019\u00e9tait concentr\u00e9e la contestation du pouvoir de son p\u00e8re, renvers\u00e9 par un...\" \/>\n<meta property=\"og:url\" content=\"https:\/\/sunupost.com\/?p=3748\" \/>\n<meta property=\"og:site_name\" content=\"SUNUPOST\" \/>\n<meta property=\"article:publisher\" content=\"https:\/\/web.facebook.com\/Sunupost-101026658237468\/\" \/>\n<meta property=\"article:published_time\" content=\"2020-08-27T18:22:42+00:00\" \/>\n<meta property=\"og:image\" content=\"https:\/\/secureservercdn.net\/198.71.233.69\/17w.044.myftpupload.com\/wp-content\/uploads\/2020\/08\/karim-keita-1960-1306871.jpg?time=1663111455\" \/>\n\t<meta property=\"og:image:width\" content=\"1306\" \/>\n\t<meta property=\"og:image:height\" content=\"871\" \/>\n\t<meta property=\"og:image:type\" content=\"image\/jpeg\" \/>\n<meta name=\"author\" content=\"La R\u00e9daction\" \/>\n<meta name=\"twitter:card\" content=\"summary_large_image\" \/>\n<meta name=\"twitter:creator\" content=\"@sunupost\" \/>\n<meta name=\"twitter:site\" content=\"@sunupost\" \/>\n<meta name=\"twitter:label1\" content=\"\u00c9crit par\" \/>\n\t<meta name=\"twitter:data1\" content=\"La R\u00e9daction\" \/>\n\t<meta name=\"twitter:label2\" content=\"Dur\u00e9e de lecture estim\u00e9e\" \/>\n\t<meta name=\"twitter:data2\" content=\"2 minutes\" \/>\n<script type=\"application\/ld+json\" class=\"yoast-schema-graph\">{\"@context\":\"https:\\\/\\\/schema.org\",\"@graph\":[{\"@type\":\"Article\",\"@id\":\"https:\\\/\\\/sunupost.com\\\/?p=3748#article\",\"isPartOf\":{\"@id\":\"https:\\\/\\\/sunupost.com\\\/?p=3748\"},\"author\":{\"name\":\"La R\u00e9daction\",\"@id\":\"https:\\\/\\\/sunupost.com\\\/#\\\/schema\\\/person\\\/9c04c80a48c29cd2be004cf57947ebb0\"},\"headline\":\"Putsch Au Mali : Karim Ke\u00efta Aurait Trouv\u00e9 Refus En C\u00f4te D&rsquo;Ivoire\",\"datePublished\":\"2020-08-27T18:22:42+00:00\",\"mainEntityOfPage\":{\"@id\":\"https:\\\/\\\/sunupost.com\\\/?p=3748\"},\"wordCount\":477,\"commentCount\":297,\"publisher\":{\"@id\":\"https:\\\/\\\/sunupost.com\\\/#organization\"},\"image\":{\"@id\":\"https:\\\/\\\/sunupost.com\\\/?p=3748#primaryimage\"},\"thumbnailUrl\":\"https:\\\/\\\/sunupost.com\\\/wp-content\\\/uploads\\\/2020\\\/08\\\/karim-keita-1960-1306871.jpg\",\"articleSection\":[\"INTERNATIONAL\"],\"inLanguage\":\"fr-FR\",\"potentialAction\":[{\"@type\":\"CommentAction\",\"name\":\"Comment\",\"target\":[\"https:\\\/\\\/sunupost.com\\\/?p=3748#respond\"]}]},{\"@type\":\"WebPage\",\"@id\":\"https:\\\/\\\/sunupost.com\\\/?p=3748\",\"url\":\"https:\\\/\\\/sunupost.com\\\/?p=3748\",\"name\":\"Putsch Au Mali : Karim Ke\u00efta Aurait Trouv\u00e9 Refus En C\u00f4te D'Ivoire - SUNUPOST\",\"isPartOf\":{\"@id\":\"https:\\\/\\\/sunupost.com\\\/#website\"},\"primaryImageOfPage\":{\"@id\":\"https:\\\/\\\/sunupost.com\\\/?p=3748#primaryimage\"},\"image\":{\"@id\":\"https:\\\/\\\/sunupost.com\\\/?p=3748#primaryimage\"},\"thumbnailUrl\":\"https:\\\/\\\/sunupost.com\\\/wp-content\\\/uploads\\\/2020\\\/08\\\/karim-keita-1960-1306871.jpg\",\"datePublished\":\"2020-08-27T18:22:42+00:00\",\"breadcrumb\":{\"@id\":\"https:\\\/\\\/sunupost.com\\\/?p=3748#breadcrumb\"},\"inLanguage\":\"fr-FR\",\"potentialAction\":[{\"@type\":\"ReadAction\",\"target\":[\"https:\\\/\\\/sunupost.com\\\/?p=3748\"]}]},{\"@type\":\"ImageObject\",\"inLanguage\":\"fr-FR\",\"@id\":\"https:\\\/\\\/sunupost.com\\\/?p=3748#primaryimage\",\"url\":\"https:\\\/\\\/sunupost.com\\\/wp-content\\\/uploads\\\/2020\\\/08\\\/karim-keita-1960-1306871.jpg\",\"contentUrl\":\"https:\\\/\\\/sunupost.com\\\/wp-content\\\/uploads\\\/2020\\\/08\\\/karim-keita-1960-1306871.jpg\",\"width\":1306,\"height\":871},{\"@type\":\"BreadcrumbList\",\"@id\":\"https:\\\/\\\/sunupost.com\\\/?p=3748#breadcrumb\",\"itemListElement\":[{\"@type\":\"ListItem\",\"position\":1,\"name\":\"Home\",\"item\":\"https:\\\/\\\/sunupost.com\\\/\"},{\"@type\":\"ListItem\",\"position\":2,\"name\":\"Putsch Au Mali : Karim Ke\u00efta Aurait Trouv\u00e9 Refus En C\u00f4te D&rsquo;Ivoire\"}]},{\"@type\":\"WebSite\",\"@id\":\"https:\\\/\\\/sunupost.com\\\/#website\",\"url\":\"https:\\\/\\\/sunupost.com\\\/\",\"name\":\"SUNUPOST\",\"description\":\"Pens\u00e9e libre\",\"publisher\":{\"@id\":\"https:\\\/\\\/sunupost.com\\\/#organization\"},\"potentialAction\":[{\"@type\":\"SearchAction\",\"target\":{\"@type\":\"EntryPoint\",\"urlTemplate\":\"https:\\\/\\\/sunupost.com\\\/?s={search_term_string}\"},\"query-input\":{\"@type\":\"PropertyValueSpecification\",\"valueRequired\":true,\"valueName\":\"search_term_string\"}}],\"inLanguage\":\"fr-FR\"},{\"@type\":\"Organization\",\"@id\":\"https:\\\/\\\/sunupost.com\\\/#organization\",\"name\":\"SUNUPOST\",\"url\":\"https:\\\/\\\/sunupost.com\\\/\",\"logo\":{\"@type\":\"ImageObject\",\"inLanguage\":\"fr-FR\",\"@id\":\"https:\\\/\\\/sunupost.com\\\/#\\\/schema\\\/logo\\\/image\\\/\",\"url\":\"https:\\\/\\\/secureservercdn.net\\\/198.71.233.206\\\/17w.044.myftpupload.com\\\/wp-content\\\/uploads\\\/2020\\\/05\\\/Lancement.jpg?time=1639052812\",\"contentUrl\":\"https:\\\/\\\/secureservercdn.net\\\/198.71.233.206\\\/17w.044.myftpupload.com\\\/wp-content\\\/uploads\\\/2020\\\/05\\\/Lancement.jpg?time=1639052812\",\"width\":300,\"height\":100,\"caption\":\"SUNUPOST\"},\"image\":{\"@id\":\"https:\\\/\\\/sunupost.com\\\/#\\\/schema\\\/logo\\\/image\\\/\"},\"sameAs\":[\"https:\\\/\\\/web.facebook.com\\\/Sunupost-101026658237468\\\/\",\"https:\\\/\\\/x.com\\\/sunupost\",\"https:\\\/\\\/www.instagram.com\\\/sunupost\\\/\",\"https:\\\/\\\/www.youtube.com\\\/channel\\\/UCd7V7bCkLDOee8yr7CW4Dpw\"]},{\"@type\":\"Person\",\"@id\":\"https:\\\/\\\/sunupost.com\\\/#\\\/schema\\\/person\\\/9c04c80a48c29cd2be004cf57947ebb0\",\"name\":\"La R\u00e9daction\",\"image\":{\"@type\":\"ImageObject\",\"inLanguage\":\"fr-FR\",\"@id\":\"https:\\\/\\\/secure.gravatar.com\\\/avatar\\\/1dc7c1ffd136391c1a6d8806c3431e1a2dd9445015e3f66472e3c63e9c80807e?s=96&d=mm&r=g\",\"url\":\"https:\\\/\\\/secure.gravatar.com\\\/avatar\\\/1dc7c1ffd136391c1a6d8806c3431e1a2dd9445015e3f66472e3c63e9c80807e?s=96&d=mm&r=g\",\"contentUrl\":\"https:\\\/\\\/secure.gravatar.com\\\/avatar\\\/1dc7c1ffd136391c1a6d8806c3431e1a2dd9445015e3f66472e3c63e9c80807e?s=96&d=mm&r=g\",\"caption\":\"La R\u00e9daction\"},\"url\":\"https:\\\/\\\/sunupost.com\\\/?author=10\"}]}<\/script>\n<!-- \/ Yoast SEO plugin. -->","yoast_head_json":{"title":"Putsch Au Mali : Karim Ke\u00efta Aurait Trouv\u00e9 Refus En C\u00f4te D'Ivoire - SUNUPOST","robots":{"index":"index","follow":"follow","max-snippet":"max-snippet:-1","max-image-preview":"max-image-preview:large","max-video-preview":"max-video-preview:-1"},"canonical":"https:\/\/sunupost.com\/?p=3748","og_locale":"fr_FR","og_type":"article","og_title":"Putsch Au Mali : Karim Ke\u00efta Aurait Trouv\u00e9 Refus En C\u00f4te D'Ivoire - SUNUPOST","og_description":"Le fils du pr\u00e9sident malien Ibrahim Ke\u00efta, Karim, l\u2019une des personnalit\u00e9s sur lesquelles s\u2019\u00e9tait concentr\u00e9e la contestation du pouvoir de son p\u00e8re, renvers\u00e9 par un...","og_url":"https:\/\/sunupost.com\/?p=3748","og_site_name":"SUNUPOST","article_publisher":"https:\/\/web.facebook.com\/Sunupost-101026658237468\/","article_published_time":"2020-08-27T18:22:42+00:00","og_image":[{"width":1306,"height":871,"url":"https:\/\/secureservercdn.net\/198.71.233.69\/17w.044.myftpupload.com\/wp-content\/uploads\/2020\/08\/karim-keita-1960-1306871.jpg?time=1663111455","type":"image\/jpeg"}],"author":"La R\u00e9daction","twitter_card":"summary_large_image","twitter_creator":"@sunupost","twitter_site":"@sunupost","twitter_misc":{"\u00c9crit par":"La R\u00e9daction","Dur\u00e9e de lecture estim\u00e9e":"2 minutes"},"schema":{"@context":"https:\/\/schema.org","@graph":[{"@type":"Article","@id":"https:\/\/sunupost.com\/?p=3748#article","isPartOf":{"@id":"https:\/\/sunupost.com\/?p=3748"},"author":{"name":"La R\u00e9daction","@id":"https:\/\/sunupost.com\/#\/schema\/person\/9c04c80a48c29cd2be004cf57947ebb0"},"headline":"Putsch Au Mali : Karim Ke\u00efta Aurait Trouv\u00e9 Refus En C\u00f4te D&rsquo;Ivoire","datePublished":"2020-08-27T18:22:42+00:00","mainEntityOfPage":{"@id":"https:\/\/sunupost.com\/?p=3748"},"wordCount":477,"commentCount":297,"publisher":{"@id":"https:\/\/sunupost.com\/#organization"},"image":{"@id":"https:\/\/sunupost.com\/?p=3748#primaryimage"},"thumbnailUrl":"https:\/\/sunupost.com\/wp-content\/uploads\/2020\/08\/karim-keita-1960-1306871.jpg","articleSection":["INTERNATIONAL"],"inLanguage":"fr-FR","potentialAction":[{"@type":"CommentAction","name":"Comment","target":["https:\/\/sunupost.com\/?p=3748#respond"]}]},{"@type":"WebPage","@id":"https:\/\/sunupost.com\/?p=3748","url":"https:\/\/sunupost.com\/?p=3748","name":"Putsch Au Mali : Karim Ke\u00efta Aurait Trouv\u00e9 Refus En C\u00f4te D'Ivoire - SUNUPOST","isPartOf":{"@id":"https:\/\/sunupost.com\/#website"},"primaryImageOfPage":{"@id":"https:\/\/sunupost.com\/?p=3748#primaryimage"},"image":{"@id":"https:\/\/sunupost.com\/?p=3748#primaryimage"},"thumbnailUrl":"https:\/\/sunupost.com\/wp-content\/uploads\/2020\/08\/karim-keita-1960-1306871.jpg","datePublished":"2020-08-27T18:22:42+00:00","breadcrumb":{"@id":"https:\/\/sunupost.com\/?p=3748#breadcrumb"},"inLanguage":"fr-FR","potentialAction":[{"@type":"ReadAction","target":["https:\/\/sunupost.com\/?p=3748"]}]},{"@type":"ImageObject","inLanguage":"fr-FR","@id":"https:\/\/sunupost.com\/?p=3748#primaryimage","url":"https:\/\/sunupost.com\/wp-content\/uploads\/2020\/08\/karim-keita-1960-1306871.jpg","contentUrl":"https:\/\/sunupost.com\/wp-content\/uploads\/2020\/08\/karim-keita-1960-1306871.jpg","width":1306,"height":871},{"@type":"BreadcrumbList","@id":"https:\/\/sunupost.com\/?p=3748#breadcrumb","itemListElement":[{"@type":"ListItem","position":1,"name":"Home","item":"https:\/\/sunupost.com\/"},{"@type":"ListItem","position":2,"name":"Putsch Au Mali : Karim Ke\u00efta Aurait Trouv\u00e9 Refus En C\u00f4te D&rsquo;Ivoire"}]},{"@type":"WebSite","@id":"https:\/\/sunupost.com\/#website","url":"https:\/\/sunupost.com\/","name":"SUNUPOST","description":"Pens\u00e9e libre","publisher":{"@id":"https:\/\/sunupost.com\/#organization"},"potentialAction":[{"@type":"SearchAction","target":{"@type":"EntryPoint","urlTemplate":"https:\/\/sunupost.com\/?s={search_term_string}"},"query-input":{"@type":"PropertyValueSpecification","valueRequired":true,"valueName":"search_term_string"}}],"inLanguage":"fr-FR"},{"@type":"Organization","@id":"https:\/\/sunupost.com\/#organization","name":"SUNUPOST","url":"https:\/\/sunupost.com\/","logo":{"@type":"ImageObject","inLanguage":"fr-FR","@id":"https:\/\/sunupost.com\/#\/schema\/logo\/image\/","url":"https:\/\/secureservercdn.net\/198.71.233.206\/17w.044.myftpupload.com\/wp-content\/uploads\/2020\/05\/Lancement.jpg?time=1639052812","contentUrl":"https:\/\/secureservercdn.net\/198.71.233.206\/17w.044.myftpupload.com\/wp-content\/uploads\/2020\/05\/Lancement.jpg?time=1639052812","width":300,"height":100,"caption":"SUNUPOST"},"image":{"@id":"https:\/\/sunupost.com\/#\/schema\/logo\/image\/"},"sameAs":["https:\/\/web.facebook.com\/Sunupost-101026658237468\/","https:\/\/x.com\/sunupost","https:\/\/www.instagram.com\/sunupost\/","https:\/\/www.youtube.com\/channel\/UCd7V7bCkLDOee8yr7CW4Dpw"]},{"@type":"Person","@id":"https:\/\/sunupost.com\/#\/schema\/person\/9c04c80a48c29cd2be004cf57947ebb0","name":"La R\u00e9daction","image":{"@type":"ImageObject","inLanguage":"fr-FR","@id":"https:\/\/secure.gravatar.com\/avatar\/1dc7c1ffd136391c1a6d8806c3431e1a2dd9445015e3f66472e3c63e9c80807e?s=96&d=mm&r=g","url":"https:\/\/secure.gravatar.com\/avatar\/1dc7c1ffd136391c1a6d8806c3431e1a2dd9445015e3f66472e3c63e9c80807e?s=96&d=mm&r=g","contentUrl":"https:\/\/secure.gravatar.com\/avatar\/1dc7c1ffd136391c1a6d8806c3431e1a2dd9445015e3f66472e3c63e9c80807e?s=96&d=mm&r=g","caption":"La R\u00e9daction"},"url":"https:\/\/sunupost.com\/?author=10"}]}},"_links":{"self":[{"href":"https:\/\/sunupost.com\/index.php?rest_route=\/wp\/v2\/posts\/3748","targetHints":{"allow":["GET"]}}],"collection":[{"href":"https:\/\/sunupost.com\/index.php?rest_route=\/wp\/v2\/posts"}],"about":[{"href":"https:\/\/sunupost.com\/index.php?rest_route=\/wp\/v2\/types\/post"}],"author":[{"embeddable":true,"href":"https:\/\/sunupost.com\/index.php?rest_route=\/wp\/v2\/users\/10"}],"replies":[{"embeddable":true,"href":"https:\/\/sunupost.com\/index.php?rest_route=%2Fwp%2Fv2%2Fcomments&post=3748"}],"version-history":[{"count":0,"href":"https:\/\/sunupost.com\/index.php?rest_route=\/wp\/v2\/posts\/3748\/revisions"}],"wp:featuredmedia":[{"embeddable":true,"href":"https:\/\/sunupost.com\/index.php?rest_route=\/wp\/v2\/media\/3749"}],"wp:attachment":[{"href":"https:\/\/sunupost.com\/index.php?rest_route=%2Fwp%2Fv2%2Fmedia&parent=3748"}],"wp:term":[{"taxonomy":"category","embeddable":true,"href":"https:\/\/sunupost.com\/index.php?rest_route=%2Fwp%2Fv2%2Fcategories&post=3748"},{"taxonomy":"post_tag","embeddable":true,"href":"https:\/\/sunupost.com\/index.php?rest_route=%2Fwp%2Fv2%2Ftags&post=3748"}],"curies":[{"name":"wp","href":"https:\/\/api.w.org\/{rel}","templated":true}]}}