{"id":3752,"date":"2020-08-27T22:09:38","date_gmt":"2020-08-27T22:09:38","guid":{"rendered":"https:\/\/sunupost.com\/?p=3752"},"modified":"2020-08-27T22:09:38","modified_gmt":"2020-08-27T22:09:38","slug":"mali-le-colonel-assimi-goita-investit-des-fonctions-de-chef-detat-du-mali","status":"publish","type":"post","link":"https:\/\/sunupost.com\/?p=3752","title":{"rendered":"Mali : Le Colonel Assimi Goita Investit Des Fonctions De Chef D\u2019Etat Du Mali"},"content":{"rendered":"<p style=\"text-align: justify;\">La Loi vient d\u2019\u00eatre publi\u00e9e au Journal Officiel du Mali ce jeudi 27 aout.<br \/>\nLe Colonel Assimi Goita, pr\u00e9sident du Comit\u00e9 National pour le Salut du Peuple (CNSP), est investi officiellement des fonctions de chef d\u2019Etat.<\/p>\n<p>Ce statut est reconnu dans l\u2019article 32 du titre III de l\u2019acte qui stipule que \u00ab le comit\u00e9 national pour le salut du peuple d\u00e9signe en son sein un pr\u00e9sident qui assure les fonctions de Chef de l\u2019ETAT \u00bb.<\/p>\n<p>Le colonel Assimi Goita, 37 ans, ayant \u00e9t\u00e9 d\u00e9sign\u00e9 pr\u00e9sident du CNSP, il assure donc les fonctions de chef de l\u2019Etat.<\/p>\n<p>Selon l\u2019acte fondamental, \u00ab lorsqu\u2019il est emp\u00each\u00e9 de remplir ses fonctions, de fa\u00e7on temporaire ou d\u00e9finitive, ses pouvoirs sont exerc\u00e9s par un Vice-pr\u00e9sident suivant l\u2019ordre d\u00e9termin\u00e9 par le Comit\u00e9 \u00bb.<\/p>\n<p>Le Colonel Malick Diaw est le premier vice-pr\u00e9sident du CNSP. Il assurera les fonctions de pr\u00e9sident en cas de vacances du pouvoir.<\/p>\n<p>Selon l\u2019article 33, le pr\u00e9sident du CNSP incarne l\u2019unit\u00e9 nationale et est le garant de l\u2019Ind\u00e9pendance nationale, de l\u2019Int\u00e9grit\u00e9 territoriale, du respect des trait\u00e9s et accords internationaux auxquels le Mali est partie.<\/p>\n<p>Il rel\u00e8ve de son pouvoir de veiller au fonctionnement r\u00e9gulier des pouvoirs publics ainsi qu\u2019\u00e0 la continuit\u00e9 de l\u2019Etat.<\/p>\n<p>Dans l\u2019article 34, il est indiqu\u00e9 que le pr\u00e9sident du CNSP signe les ordonnances et les d\u00e9crets adopt\u00e9s par le CNSP.<\/p>\n<p>Il revient aussi au Pr\u00e9sident du CNSP, comme le fait remarquer l\u2019article 36 d\u2019accr\u00e9diter les ambassadeurs et les envoy\u00e9s extraordinaires aupr\u00e8s des puissances \u00e9trang\u00e8res. De la m\u00eame mani\u00e8re, les ambassadeurs et les envoy\u00e9s extraordinaires sont accr\u00e9dit\u00e9s aupr\u00e8s de lui.<\/p>\n<p>L\u2019article 41 stipule que les dispositions de l\u2019acte fondamental s\u2019appliquent comme dispositions constitutionnelles, compl\u00e8tent ou suppl\u00e9ent celles de la Constitution du 25 f\u00e9vrier 1992. Ces nouvelles dispositions peuvent \u00eatre caduques apr\u00e8s l\u2019adoption d\u2019une charte pour la transition.<\/p>\n<p>D\u2019ici, l\u00e0, les r\u00eanes du Mali sont entre les mains de la junte militaire qui juge que la dur\u00e9e de la transition doit \u00eatre d\u00e9finie en interne<\/p>\n","protected":false},"excerpt":{"rendered":"<p>La Loi vient d\u2019\u00eatre publi\u00e9e au Journal Officiel du Mali ce jeudi 27 aout. Le Colonel Assimi Goita, pr\u00e9sident du Comit\u00e9 National pour le Salut&#8230;<\/p>\n","protected":false},"author":10,"featured_media":3753,"comment_status":"open","ping_status":"open","sticky":false,"template":"","format":"standard","meta":{"_coblocks_attr":"","_coblocks_dimensions":"","_coblocks_responsive_height":"","_coblocks_accordion_ie_support":"","_monsterinsights_skip_tracking":false,"_monsterinsights_sitenote_active":false,"_monsterinsights_sitenote_note":"","_monsterinsights_sitenote_category":0,"h5ap_radio_sources":[],"footnotes":""},"categories":[2],"tags":[],"class_list":["post-3752","post","type-post","status-publish","format-standard","has-post-thumbnail","hentry","category-international","wpcat-2-id"],"yoast_head":"<!-- This site is optimized with the Yoast SEO plugin v27.4 - https:\/\/yoast.com\/product\/yoast-seo-wordpress\/ -->\n<title>Mali : Le Colonel Assimi Goita Investit Des Fonctions De Chef D\u2019Etat Du Mali - SUNUPOST<\/title>\n<meta name=\"robots\" content=\"index, follow, max-snippet:-1, max-image-preview:large, max-video-preview:-1\" \/>\n<link rel=\"canonical\" href=\"https:\/\/sunupost.com\/?p=3752\" \/>\n<meta property=\"og:locale\" content=\"fr_FR\" \/>\n<meta property=\"og:type\" content=\"article\" \/>\n<meta property=\"og:title\" content=\"Mali : Le Colonel Assimi Goita Investit Des Fonctions De Chef D\u2019Etat Du Mali - SUNUPOST\" \/>\n<meta property=\"og:description\" content=\"La Loi vient d\u2019\u00eatre publi\u00e9e au Journal Officiel du Mali ce jeudi 27 aout. Le Colonel Assimi Goita, pr\u00e9sident du Comit\u00e9 National pour le Salut...\" \/>\n<meta property=\"og:url\" content=\"https:\/\/sunupost.com\/?p=3752\" \/>\n<meta property=\"og:site_name\" content=\"SUNUPOST\" \/>\n<meta property=\"article:publisher\" content=\"https:\/\/web.facebook.com\/Sunupost-101026658237468\/\" \/>\n<meta property=\"article:published_time\" content=\"2020-08-27T22:09:38+00:00\" \/>\n<meta property=\"og:image\" content=\"https:\/\/secureservercdn.net\/198.71.233.69\/17w.044.myftpupload.com\/wp-content\/uploads\/2020\/08\/file7c02n59o73a1cx7mxbtj.jpg?time=1663162795\" \/>\n\t<meta property=\"og:image:width\" content=\"450\" \/>\n\t<meta property=\"og:image:height\" content=\"245\" \/>\n\t<meta property=\"og:image:type\" content=\"image\/jpeg\" \/>\n<meta name=\"author\" content=\"La R\u00e9daction\" \/>\n<meta name=\"twitter:card\" content=\"summary_large_image\" \/>\n<meta name=\"twitter:creator\" content=\"@sunupost\" \/>\n<meta name=\"twitter:site\" content=\"@sunupost\" \/>\n<meta name=\"twitter:label1\" content=\"\u00c9crit par\" \/>\n\t<meta name=\"twitter:data1\" content=\"La R\u00e9daction\" \/>\n\t<meta name=\"twitter:label2\" content=\"Dur\u00e9e de lecture estim\u00e9e\" \/>\n\t<meta name=\"twitter:data2\" content=\"2 minutes\" \/>\n<script type=\"application\/ld+json\" class=\"yoast-schema-graph\">{\"@context\":\"https:\\\/\\\/schema.org\",\"@graph\":[{\"@type\":\"Article\",\"@id\":\"https:\\\/\\\/sunupost.com\\\/?p=3752#article\",\"isPartOf\":{\"@id\":\"https:\\\/\\\/sunupost.com\\\/?p=3752\"},\"author\":{\"name\":\"La R\u00e9daction\",\"@id\":\"https:\\\/\\\/sunupost.com\\\/#\\\/schema\\\/person\\\/9c04c80a48c29cd2be004cf57947ebb0\"},\"headline\":\"Mali : Le Colonel Assimi Goita Investit Des Fonctions De Chef D\u2019Etat Du Mali\",\"datePublished\":\"2020-08-27T22:09:38+00:00\",\"mainEntityOfPage\":{\"@id\":\"https:\\\/\\\/sunupost.com\\\/?p=3752\"},\"wordCount\":388,\"commentCount\":276,\"publisher\":{\"@id\":\"https:\\\/\\\/sunupost.com\\\/#organization\"},\"image\":{\"@id\":\"https:\\\/\\\/sunupost.com\\\/?p=3752#primaryimage\"},\"thumbnailUrl\":\"https:\\\/\\\/sunupost.com\\\/wp-content\\\/uploads\\\/2020\\\/08\\\/file7c02n59o73a1cx7mxbtj.jpg\",\"articleSection\":[\"INTERNATIONAL\"],\"inLanguage\":\"fr-FR\",\"potentialAction\":[{\"@type\":\"CommentAction\",\"name\":\"Comment\",\"target\":[\"https:\\\/\\\/sunupost.com\\\/?p=3752#respond\"]}]},{\"@type\":\"WebPage\",\"@id\":\"https:\\\/\\\/sunupost.com\\\/?p=3752\",\"url\":\"https:\\\/\\\/sunupost.com\\\/?p=3752\",\"name\":\"Mali : Le Colonel Assimi Goita Investit Des Fonctions De Chef D\u2019Etat Du Mali - SUNUPOST\",\"isPartOf\":{\"@id\":\"https:\\\/\\\/sunupost.com\\\/#website\"},\"primaryImageOfPage\":{\"@id\":\"https:\\\/\\\/sunupost.com\\\/?p=3752#primaryimage\"},\"image\":{\"@id\":\"https:\\\/\\\/sunupost.com\\\/?p=3752#primaryimage\"},\"thumbnailUrl\":\"https:\\\/\\\/sunupost.com\\\/wp-content\\\/uploads\\\/2020\\\/08\\\/file7c02n59o73a1cx7mxbtj.jpg\",\"datePublished\":\"2020-08-27T22:09:38+00:00\",\"breadcrumb\":{\"@id\":\"https:\\\/\\\/sunupost.com\\\/?p=3752#breadcrumb\"},\"inLanguage\":\"fr-FR\",\"potentialAction\":[{\"@type\":\"ReadAction\",\"target\":[\"https:\\\/\\\/sunupost.com\\\/?p=3752\"]}]},{\"@type\":\"ImageObject\",\"inLanguage\":\"fr-FR\",\"@id\":\"https:\\\/\\\/sunupost.com\\\/?p=3752#primaryimage\",\"url\":\"https:\\\/\\\/sunupost.com\\\/wp-content\\\/uploads\\\/2020\\\/08\\\/file7c02n59o73a1cx7mxbtj.jpg\",\"contentUrl\":\"https:\\\/\\\/sunupost.com\\\/wp-content\\\/uploads\\\/2020\\\/08\\\/file7c02n59o73a1cx7mxbtj.jpg\",\"width\":450,\"height\":245},{\"@type\":\"BreadcrumbList\",\"@id\":\"https:\\\/\\\/sunupost.com\\\/?p=3752#breadcrumb\",\"itemListElement\":[{\"@type\":\"ListItem\",\"position\":1,\"name\":\"Home\",\"item\":\"https:\\\/\\\/sunupost.com\\\/\"},{\"@type\":\"ListItem\",\"position\":2,\"name\":\"Mali : Le Colonel Assimi Goita Investit Des Fonctions De Chef D\u2019Etat Du Mali\"}]},{\"@type\":\"WebSite\",\"@id\":\"https:\\\/\\\/sunupost.com\\\/#website\",\"url\":\"https:\\\/\\\/sunupost.com\\\/\",\"name\":\"SUNUPOST\",\"description\":\"Pens\u00e9e libre\",\"publisher\":{\"@id\":\"https:\\\/\\\/sunupost.com\\\/#organization\"},\"potentialAction\":[{\"@type\":\"SearchAction\",\"target\":{\"@type\":\"EntryPoint\",\"urlTemplate\":\"https:\\\/\\\/sunupost.com\\\/?s={search_term_string}\"},\"query-input\":{\"@type\":\"PropertyValueSpecification\",\"valueRequired\":true,\"valueName\":\"search_term_string\"}}],\"inLanguage\":\"fr-FR\"},{\"@type\":\"Organization\",\"@id\":\"https:\\\/\\\/sunupost.com\\\/#organization\",\"name\":\"SUNUPOST\",\"url\":\"https:\\\/\\\/sunupost.com\\\/\",\"logo\":{\"@type\":\"ImageObject\",\"inLanguage\":\"fr-FR\",\"@id\":\"https:\\\/\\\/sunupost.com\\\/#\\\/schema\\\/logo\\\/image\\\/\",\"url\":\"https:\\\/\\\/secureservercdn.net\\\/198.71.233.206\\\/17w.044.myftpupload.com\\\/wp-content\\\/uploads\\\/2020\\\/05\\\/Lancement.jpg?time=1639052812\",\"contentUrl\":\"https:\\\/\\\/secureservercdn.net\\\/198.71.233.206\\\/17w.044.myftpupload.com\\\/wp-content\\\/uploads\\\/2020\\\/05\\\/Lancement.jpg?time=1639052812\",\"width\":300,\"height\":100,\"caption\":\"SUNUPOST\"},\"image\":{\"@id\":\"https:\\\/\\\/sunupost.com\\\/#\\\/schema\\\/logo\\\/image\\\/\"},\"sameAs\":[\"https:\\\/\\\/web.facebook.com\\\/Sunupost-101026658237468\\\/\",\"https:\\\/\\\/x.com\\\/sunupost\",\"https:\\\/\\\/www.instagram.com\\\/sunupost\\\/\",\"https:\\\/\\\/www.youtube.com\\\/channel\\\/UCd7V7bCkLDOee8yr7CW4Dpw\"]},{\"@type\":\"Person\",\"@id\":\"https:\\\/\\\/sunupost.com\\\/#\\\/schema\\\/person\\\/9c04c80a48c29cd2be004cf57947ebb0\",\"name\":\"La R\u00e9daction\",\"image\":{\"@type\":\"ImageObject\",\"inLanguage\":\"fr-FR\",\"@id\":\"https:\\\/\\\/secure.gravatar.com\\\/avatar\\\/1dc7c1ffd136391c1a6d8806c3431e1a2dd9445015e3f66472e3c63e9c80807e?s=96&d=mm&r=g\",\"url\":\"https:\\\/\\\/secure.gravatar.com\\\/avatar\\\/1dc7c1ffd136391c1a6d8806c3431e1a2dd9445015e3f66472e3c63e9c80807e?s=96&d=mm&r=g\",\"contentUrl\":\"https:\\\/\\\/secure.gravatar.com\\\/avatar\\\/1dc7c1ffd136391c1a6d8806c3431e1a2dd9445015e3f66472e3c63e9c80807e?s=96&d=mm&r=g\",\"caption\":\"La R\u00e9daction\"},\"url\":\"https:\\\/\\\/sunupost.com\\\/?author=10\"}]}<\/script>\n<!-- \/ Yoast SEO plugin. -->","yoast_head_json":{"title":"Mali : Le Colonel Assimi Goita Investit Des Fonctions De Chef D\u2019Etat Du Mali - SUNUPOST","robots":{"index":"index","follow":"follow","max-snippet":"max-snippet:-1","max-image-preview":"max-image-preview:large","max-video-preview":"max-video-preview:-1"},"canonical":"https:\/\/sunupost.com\/?p=3752","og_locale":"fr_FR","og_type":"article","og_title":"Mali : Le Colonel Assimi Goita Investit Des Fonctions De Chef D\u2019Etat Du Mali - SUNUPOST","og_description":"La Loi vient d\u2019\u00eatre publi\u00e9e au Journal Officiel du Mali ce jeudi 27 aout. Le Colonel Assimi Goita, pr\u00e9sident du Comit\u00e9 National pour le Salut...","og_url":"https:\/\/sunupost.com\/?p=3752","og_site_name":"SUNUPOST","article_publisher":"https:\/\/web.facebook.com\/Sunupost-101026658237468\/","article_published_time":"2020-08-27T22:09:38+00:00","og_image":[{"width":450,"height":245,"url":"https:\/\/secureservercdn.net\/198.71.233.69\/17w.044.myftpupload.com\/wp-content\/uploads\/2020\/08\/file7c02n59o73a1cx7mxbtj.jpg?time=1663162795","type":"image\/jpeg"}],"author":"La R\u00e9daction","twitter_card":"summary_large_image","twitter_creator":"@sunupost","twitter_site":"@sunupost","twitter_misc":{"\u00c9crit par":"La R\u00e9daction","Dur\u00e9e de lecture estim\u00e9e":"2 minutes"},"schema":{"@context":"https:\/\/schema.org","@graph":[{"@type":"Article","@id":"https:\/\/sunupost.com\/?p=3752#article","isPartOf":{"@id":"https:\/\/sunupost.com\/?p=3752"},"author":{"name":"La R\u00e9daction","@id":"https:\/\/sunupost.com\/#\/schema\/person\/9c04c80a48c29cd2be004cf57947ebb0"},"headline":"Mali : Le Colonel Assimi Goita Investit Des Fonctions De Chef D\u2019Etat Du Mali","datePublished":"2020-08-27T22:09:38+00:00","mainEntityOfPage":{"@id":"https:\/\/sunupost.com\/?p=3752"},"wordCount":388,"commentCount":276,"publisher":{"@id":"https:\/\/sunupost.com\/#organization"},"image":{"@id":"https:\/\/sunupost.com\/?p=3752#primaryimage"},"thumbnailUrl":"https:\/\/sunupost.com\/wp-content\/uploads\/2020\/08\/file7c02n59o73a1cx7mxbtj.jpg","articleSection":["INTERNATIONAL"],"inLanguage":"fr-FR","potentialAction":[{"@type":"CommentAction","name":"Comment","target":["https:\/\/sunupost.com\/?p=3752#respond"]}]},{"@type":"WebPage","@id":"https:\/\/sunupost.com\/?p=3752","url":"https:\/\/sunupost.com\/?p=3752","name":"Mali : Le Colonel Assimi Goita Investit Des Fonctions De Chef D\u2019Etat Du Mali - SUNUPOST","isPartOf":{"@id":"https:\/\/sunupost.com\/#website"},"primaryImageOfPage":{"@id":"https:\/\/sunupost.com\/?p=3752#primaryimage"},"image":{"@id":"https:\/\/sunupost.com\/?p=3752#primaryimage"},"thumbnailUrl":"https:\/\/sunupost.com\/wp-content\/uploads\/2020\/08\/file7c02n59o73a1cx7mxbtj.jpg","datePublished":"2020-08-27T22:09:38+00:00","breadcrumb":{"@id":"https:\/\/sunupost.com\/?p=3752#breadcrumb"},"inLanguage":"fr-FR","potentialAction":[{"@type":"ReadAction","target":["https:\/\/sunupost.com\/?p=3752"]}]},{"@type":"ImageObject","inLanguage":"fr-FR","@id":"https:\/\/sunupost.com\/?p=3752#primaryimage","url":"https:\/\/sunupost.com\/wp-content\/uploads\/2020\/08\/file7c02n59o73a1cx7mxbtj.jpg","contentUrl":"https:\/\/sunupost.com\/wp-content\/uploads\/2020\/08\/file7c02n59o73a1cx7mxbtj.jpg","width":450,"height":245},{"@type":"BreadcrumbList","@id":"https:\/\/sunupost.com\/?p=3752#breadcrumb","itemListElement":[{"@type":"ListItem","position":1,"name":"Home","item":"https:\/\/sunupost.com\/"},{"@type":"ListItem","position":2,"name":"Mali : Le Colonel Assimi Goita Investit Des Fonctions De Chef D\u2019Etat Du Mali"}]},{"@type":"WebSite","@id":"https:\/\/sunupost.com\/#website","url":"https:\/\/sunupost.com\/","name":"SUNUPOST","description":"Pens\u00e9e libre","publisher":{"@id":"https:\/\/sunupost.com\/#organization"},"potentialAction":[{"@type":"SearchAction","target":{"@type":"EntryPoint","urlTemplate":"https:\/\/sunupost.com\/?s={search_term_string}"},"query-input":{"@type":"PropertyValueSpecification","valueRequired":true,"valueName":"search_term_string"}}],"inLanguage":"fr-FR"},{"@type":"Organization","@id":"https:\/\/sunupost.com\/#organization","name":"SUNUPOST","url":"https:\/\/sunupost.com\/","logo":{"@type":"ImageObject","inLanguage":"fr-FR","@id":"https:\/\/sunupost.com\/#\/schema\/logo\/image\/","url":"https:\/\/secureservercdn.net\/198.71.233.206\/17w.044.myftpupload.com\/wp-content\/uploads\/2020\/05\/Lancement.jpg?time=1639052812","contentUrl":"https:\/\/secureservercdn.net\/198.71.233.206\/17w.044.myftpupload.com\/wp-content\/uploads\/2020\/05\/Lancement.jpg?time=1639052812","width":300,"height":100,"caption":"SUNUPOST"},"image":{"@id":"https:\/\/sunupost.com\/#\/schema\/logo\/image\/"},"sameAs":["https:\/\/web.facebook.com\/Sunupost-101026658237468\/","https:\/\/x.com\/sunupost","https:\/\/www.instagram.com\/sunupost\/","https:\/\/www.youtube.com\/channel\/UCd7V7bCkLDOee8yr7CW4Dpw"]},{"@type":"Person","@id":"https:\/\/sunupost.com\/#\/schema\/person\/9c04c80a48c29cd2be004cf57947ebb0","name":"La R\u00e9daction","image":{"@type":"ImageObject","inLanguage":"fr-FR","@id":"https:\/\/secure.gravatar.com\/avatar\/1dc7c1ffd136391c1a6d8806c3431e1a2dd9445015e3f66472e3c63e9c80807e?s=96&d=mm&r=g","url":"https:\/\/secure.gravatar.com\/avatar\/1dc7c1ffd136391c1a6d8806c3431e1a2dd9445015e3f66472e3c63e9c80807e?s=96&d=mm&r=g","contentUrl":"https:\/\/secure.gravatar.com\/avatar\/1dc7c1ffd136391c1a6d8806c3431e1a2dd9445015e3f66472e3c63e9c80807e?s=96&d=mm&r=g","caption":"La R\u00e9daction"},"url":"https:\/\/sunupost.com\/?author=10"}]}},"_links":{"self":[{"href":"https:\/\/sunupost.com\/index.php?rest_route=\/wp\/v2\/posts\/3752","targetHints":{"allow":["GET"]}}],"collection":[{"href":"https:\/\/sunupost.com\/index.php?rest_route=\/wp\/v2\/posts"}],"about":[{"href":"https:\/\/sunupost.com\/index.php?rest_route=\/wp\/v2\/types\/post"}],"author":[{"embeddable":true,"href":"https:\/\/sunupost.com\/index.php?rest_route=\/wp\/v2\/users\/10"}],"replies":[{"embeddable":true,"href":"https:\/\/sunupost.com\/index.php?rest_route=%2Fwp%2Fv2%2Fcomments&post=3752"}],"version-history":[{"count":0,"href":"https:\/\/sunupost.com\/index.php?rest_route=\/wp\/v2\/posts\/3752\/revisions"}],"wp:featuredmedia":[{"embeddable":true,"href":"https:\/\/sunupost.com\/index.php?rest_route=\/wp\/v2\/media\/3753"}],"wp:attachment":[{"href":"https:\/\/sunupost.com\/index.php?rest_route=%2Fwp%2Fv2%2Fmedia&parent=3752"}],"wp:term":[{"taxonomy":"category","embeddable":true,"href":"https:\/\/sunupost.com\/index.php?rest_route=%2Fwp%2Fv2%2Fcategories&post=3752"},{"taxonomy":"post_tag","embeddable":true,"href":"https:\/\/sunupost.com\/index.php?rest_route=%2Fwp%2Fv2%2Ftags&post=3752"}],"curies":[{"name":"wp","href":"https:\/\/api.w.org\/{rel}","templated":true}]}}