{"id":3971,"date":"2020-09-04T22:18:15","date_gmt":"2020-09-04T22:18:15","guid":{"rendered":"https:\/\/sunupost.com\/?p=3971"},"modified":"2020-09-04T22:18:15","modified_gmt":"2020-09-04T22:18:15","slug":"mali-la-junte-demarre-la-concertation-nationale-ce-samedi","status":"publish","type":"post","link":"https:\/\/sunupost.com\/?p=3971","title":{"rendered":"Mali : La Junte D\u00e9marre La Concertation Nationale, Ce Samedi"},"content":{"rendered":"<p style=\"text-align: justify;\">Apr\u00e8s le faux d\u00e9part not\u00e9 le week-end dernier, le nouveau calendrier des concertations sur la transition d\u00e9voil\u00e9. Les discussions vont d\u00e9buter demain samedi, 5 septembre, \u00e0 Centre international de conf\u00e9rence de Bamako (CICB), par un atelier de validation des termes de r\u00e9f\u00e9rence sous la direction des gouverneurs<\/p>\n<p>L\u2019annonce est faite, au cours d\u2019un point de presse, par le porte-parole du Comit\u00e9 national pour le salut du peuple (CNSP), Ismael Wagu\u00e9. Qui ajoute que la concertation nationale se poursuivra du 10 au 12 septembre 2020 avec la participation des d\u00e9l\u00e9gu\u00e9s r\u00e9gionaux et ceux de la diaspora.<\/p>\n<p>Apr\u00e8s ce point de presse, et en pr\u00e9lude \u00e0 ces concertations, le CNSP a rencontr\u00e9, pour la 3e fois, le mouvement du 5 juin, qui sera, cette fois-ci, de la partie, contrairement \u00e0 la semaine derni\u00e8re o\u00f9 le mouvement dirig\u00e9 par l\u2019imam Mahmoud Dicko avait brill\u00e9 par son absence programm\u00e9e.<\/p>\n","protected":false},"excerpt":{"rendered":"<p>Apr\u00e8s le faux d\u00e9part not\u00e9 le week-end dernier, le nouveau calendrier des concertations sur la transition d\u00e9voil\u00e9. Les discussions vont d\u00e9buter demain samedi, 5 septembre,&#8230;<\/p>\n","protected":false},"author":10,"featured_media":3972,"comment_status":"open","ping_status":"open","sticky":false,"template":"","format":"standard","meta":{"_coblocks_attr":"","_coblocks_dimensions":"","_coblocks_responsive_height":"","_coblocks_accordion_ie_support":"","_monsterinsights_skip_tracking":false,"_monsterinsights_sitenote_active":false,"_monsterinsights_sitenote_note":"","_monsterinsights_sitenote_category":0,"h5ap_radio_sources":[],"footnotes":""},"categories":[2],"tags":[],"class_list":["post-3971","post","type-post","status-publish","format-standard","has-post-thumbnail","hentry","category-international","wpcat-2-id"],"yoast_head":"<!-- This site is optimized with the Yoast SEO plugin v27.5 - https:\/\/yoast.com\/product\/yoast-seo-wordpress\/ -->\n<title>Mali : La Junte D\u00e9marre La Concertation Nationale, Ce Samedi - SUNUPOST<\/title>\n<meta name=\"robots\" content=\"index, follow, max-snippet:-1, max-image-preview:large, max-video-preview:-1\" \/>\n<link rel=\"canonical\" href=\"https:\/\/sunupost.com\/?p=3971\" \/>\n<meta property=\"og:locale\" content=\"fr_FR\" \/>\n<meta property=\"og:type\" content=\"article\" \/>\n<meta property=\"og:title\" content=\"Mali : La Junte D\u00e9marre La Concertation Nationale, Ce Samedi - SUNUPOST\" \/>\n<meta property=\"og:description\" content=\"Apr\u00e8s le faux d\u00e9part not\u00e9 le week-end dernier, le nouveau calendrier des concertations sur la transition d\u00e9voil\u00e9. Les discussions vont d\u00e9buter demain samedi, 5 septembre,...\" \/>\n<meta property=\"og:url\" content=\"https:\/\/sunupost.com\/?p=3971\" \/>\n<meta property=\"og:site_name\" content=\"SUNUPOST\" \/>\n<meta property=\"article:publisher\" content=\"https:\/\/web.facebook.com\/Sunupost-101026658237468\/\" \/>\n<meta property=\"article:published_time\" content=\"2020-09-04T22:18:15+00:00\" \/>\n<meta property=\"og:image\" content=\"https:\/\/secureservercdn.net\/198.71.233.69\/17w.044.myftpupload.com\/wp-content\/uploads\/2020\/09\/Screenshot_20200904-221023_SeneNews.jpg?time=1663155827\" \/>\n\t<meta property=\"og:image:width\" content=\"706\" \/>\n\t<meta property=\"og:image:height\" content=\"433\" \/>\n\t<meta property=\"og:image:type\" content=\"image\/jpeg\" \/>\n<meta name=\"author\" content=\"La R\u00e9daction\" \/>\n<meta name=\"twitter:card\" content=\"summary_large_image\" \/>\n<meta name=\"twitter:creator\" content=\"@sunupost\" \/>\n<meta name=\"twitter:site\" content=\"@sunupost\" \/>\n<meta name=\"twitter:label1\" content=\"\u00c9crit par\" \/>\n\t<meta name=\"twitter:data1\" content=\"La R\u00e9daction\" \/>\n\t<meta name=\"twitter:label2\" content=\"Dur\u00e9e de lecture estim\u00e9e\" \/>\n\t<meta name=\"twitter:data2\" content=\"1 minute\" \/>\n<script type=\"application\/ld+json\" class=\"yoast-schema-graph\">{\"@context\":\"https:\\\/\\\/schema.org\",\"@graph\":[{\"@type\":\"Article\",\"@id\":\"https:\\\/\\\/sunupost.com\\\/?p=3971#article\",\"isPartOf\":{\"@id\":\"https:\\\/\\\/sunupost.com\\\/?p=3971\"},\"author\":{\"name\":\"La R\u00e9daction\",\"@id\":\"https:\\\/\\\/sunupost.com\\\/#\\\/schema\\\/person\\\/9c04c80a48c29cd2be004cf57947ebb0\"},\"headline\":\"Mali : La Junte D\u00e9marre La Concertation Nationale, Ce Samedi\",\"datePublished\":\"2020-09-04T22:18:15+00:00\",\"mainEntityOfPage\":{\"@id\":\"https:\\\/\\\/sunupost.com\\\/?p=3971\"},\"wordCount\":165,\"commentCount\":286,\"publisher\":{\"@id\":\"https:\\\/\\\/sunupost.com\\\/#organization\"},\"image\":{\"@id\":\"https:\\\/\\\/sunupost.com\\\/?p=3971#primaryimage\"},\"thumbnailUrl\":\"https:\\\/\\\/sunupost.com\\\/wp-content\\\/uploads\\\/2020\\\/09\\\/Screenshot_20200904-221023_SeneNews.jpg\",\"articleSection\":[\"INTERNATIONAL\"],\"inLanguage\":\"fr-FR\",\"potentialAction\":[{\"@type\":\"CommentAction\",\"name\":\"Comment\",\"target\":[\"https:\\\/\\\/sunupost.com\\\/?p=3971#respond\"]}]},{\"@type\":\"WebPage\",\"@id\":\"https:\\\/\\\/sunupost.com\\\/?p=3971\",\"url\":\"https:\\\/\\\/sunupost.com\\\/?p=3971\",\"name\":\"Mali : La Junte D\u00e9marre La Concertation Nationale, Ce Samedi - SUNUPOST\",\"isPartOf\":{\"@id\":\"https:\\\/\\\/sunupost.com\\\/#website\"},\"primaryImageOfPage\":{\"@id\":\"https:\\\/\\\/sunupost.com\\\/?p=3971#primaryimage\"},\"image\":{\"@id\":\"https:\\\/\\\/sunupost.com\\\/?p=3971#primaryimage\"},\"thumbnailUrl\":\"https:\\\/\\\/sunupost.com\\\/wp-content\\\/uploads\\\/2020\\\/09\\\/Screenshot_20200904-221023_SeneNews.jpg\",\"datePublished\":\"2020-09-04T22:18:15+00:00\",\"breadcrumb\":{\"@id\":\"https:\\\/\\\/sunupost.com\\\/?p=3971#breadcrumb\"},\"inLanguage\":\"fr-FR\",\"potentialAction\":[{\"@type\":\"ReadAction\",\"target\":[\"https:\\\/\\\/sunupost.com\\\/?p=3971\"]}]},{\"@type\":\"ImageObject\",\"inLanguage\":\"fr-FR\",\"@id\":\"https:\\\/\\\/sunupost.com\\\/?p=3971#primaryimage\",\"url\":\"https:\\\/\\\/sunupost.com\\\/wp-content\\\/uploads\\\/2020\\\/09\\\/Screenshot_20200904-221023_SeneNews.jpg\",\"contentUrl\":\"https:\\\/\\\/sunupost.com\\\/wp-content\\\/uploads\\\/2020\\\/09\\\/Screenshot_20200904-221023_SeneNews.jpg\",\"width\":706,\"height\":433},{\"@type\":\"BreadcrumbList\",\"@id\":\"https:\\\/\\\/sunupost.com\\\/?p=3971#breadcrumb\",\"itemListElement\":[{\"@type\":\"ListItem\",\"position\":1,\"name\":\"Home\",\"item\":\"https:\\\/\\\/sunupost.com\\\/\"},{\"@type\":\"ListItem\",\"position\":2,\"name\":\"Mali : La Junte D\u00e9marre La Concertation Nationale, Ce Samedi\"}]},{\"@type\":\"WebSite\",\"@id\":\"https:\\\/\\\/sunupost.com\\\/#website\",\"url\":\"https:\\\/\\\/sunupost.com\\\/\",\"name\":\"SUNUPOST\",\"description\":\"Pens\u00e9e libre\",\"publisher\":{\"@id\":\"https:\\\/\\\/sunupost.com\\\/#organization\"},\"potentialAction\":[{\"@type\":\"SearchAction\",\"target\":{\"@type\":\"EntryPoint\",\"urlTemplate\":\"https:\\\/\\\/sunupost.com\\\/?s={search_term_string}\"},\"query-input\":{\"@type\":\"PropertyValueSpecification\",\"valueRequired\":true,\"valueName\":\"search_term_string\"}}],\"inLanguage\":\"fr-FR\"},{\"@type\":\"Organization\",\"@id\":\"https:\\\/\\\/sunupost.com\\\/#organization\",\"name\":\"SUNUPOST\",\"url\":\"https:\\\/\\\/sunupost.com\\\/\",\"logo\":{\"@type\":\"ImageObject\",\"inLanguage\":\"fr-FR\",\"@id\":\"https:\\\/\\\/sunupost.com\\\/#\\\/schema\\\/logo\\\/image\\\/\",\"url\":\"https:\\\/\\\/secureservercdn.net\\\/198.71.233.206\\\/17w.044.myftpupload.com\\\/wp-content\\\/uploads\\\/2020\\\/05\\\/Lancement.jpg?time=1639052812\",\"contentUrl\":\"https:\\\/\\\/secureservercdn.net\\\/198.71.233.206\\\/17w.044.myftpupload.com\\\/wp-content\\\/uploads\\\/2020\\\/05\\\/Lancement.jpg?time=1639052812\",\"width\":300,\"height\":100,\"caption\":\"SUNUPOST\"},\"image\":{\"@id\":\"https:\\\/\\\/sunupost.com\\\/#\\\/schema\\\/logo\\\/image\\\/\"},\"sameAs\":[\"https:\\\/\\\/web.facebook.com\\\/Sunupost-101026658237468\\\/\",\"https:\\\/\\\/x.com\\\/sunupost\",\"https:\\\/\\\/www.instagram.com\\\/sunupost\\\/\",\"https:\\\/\\\/www.youtube.com\\\/channel\\\/UCd7V7bCkLDOee8yr7CW4Dpw\"]},{\"@type\":\"Person\",\"@id\":\"https:\\\/\\\/sunupost.com\\\/#\\\/schema\\\/person\\\/9c04c80a48c29cd2be004cf57947ebb0\",\"name\":\"La R\u00e9daction\",\"image\":{\"@type\":\"ImageObject\",\"inLanguage\":\"fr-FR\",\"@id\":\"https:\\\/\\\/secure.gravatar.com\\\/avatar\\\/1dc7c1ffd136391c1a6d8806c3431e1a2dd9445015e3f66472e3c63e9c80807e?s=96&d=mm&r=g\",\"url\":\"https:\\\/\\\/secure.gravatar.com\\\/avatar\\\/1dc7c1ffd136391c1a6d8806c3431e1a2dd9445015e3f66472e3c63e9c80807e?s=96&d=mm&r=g\",\"contentUrl\":\"https:\\\/\\\/secure.gravatar.com\\\/avatar\\\/1dc7c1ffd136391c1a6d8806c3431e1a2dd9445015e3f66472e3c63e9c80807e?s=96&d=mm&r=g\",\"caption\":\"La R\u00e9daction\"},\"url\":\"https:\\\/\\\/sunupost.com\\\/?author=10\"}]}<\/script>\n<!-- \/ Yoast SEO plugin. -->","yoast_head_json":{"title":"Mali : La Junte D\u00e9marre La Concertation Nationale, Ce Samedi - SUNUPOST","robots":{"index":"index","follow":"follow","max-snippet":"max-snippet:-1","max-image-preview":"max-image-preview:large","max-video-preview":"max-video-preview:-1"},"canonical":"https:\/\/sunupost.com\/?p=3971","og_locale":"fr_FR","og_type":"article","og_title":"Mali : La Junte D\u00e9marre La Concertation Nationale, Ce Samedi - SUNUPOST","og_description":"Apr\u00e8s le faux d\u00e9part not\u00e9 le week-end dernier, le nouveau calendrier des concertations sur la transition d\u00e9voil\u00e9. Les discussions vont d\u00e9buter demain samedi, 5 septembre,...","og_url":"https:\/\/sunupost.com\/?p=3971","og_site_name":"SUNUPOST","article_publisher":"https:\/\/web.facebook.com\/Sunupost-101026658237468\/","article_published_time":"2020-09-04T22:18:15+00:00","og_image":[{"width":706,"height":433,"url":"https:\/\/secureservercdn.net\/198.71.233.69\/17w.044.myftpupload.com\/wp-content\/uploads\/2020\/09\/Screenshot_20200904-221023_SeneNews.jpg?time=1663155827","type":"image\/jpeg"}],"author":"La R\u00e9daction","twitter_card":"summary_large_image","twitter_creator":"@sunupost","twitter_site":"@sunupost","twitter_misc":{"\u00c9crit par":"La R\u00e9daction","Dur\u00e9e de lecture estim\u00e9e":"1 minute"},"schema":{"@context":"https:\/\/schema.org","@graph":[{"@type":"Article","@id":"https:\/\/sunupost.com\/?p=3971#article","isPartOf":{"@id":"https:\/\/sunupost.com\/?p=3971"},"author":{"name":"La R\u00e9daction","@id":"https:\/\/sunupost.com\/#\/schema\/person\/9c04c80a48c29cd2be004cf57947ebb0"},"headline":"Mali : La Junte D\u00e9marre La Concertation Nationale, Ce Samedi","datePublished":"2020-09-04T22:18:15+00:00","mainEntityOfPage":{"@id":"https:\/\/sunupost.com\/?p=3971"},"wordCount":165,"commentCount":286,"publisher":{"@id":"https:\/\/sunupost.com\/#organization"},"image":{"@id":"https:\/\/sunupost.com\/?p=3971#primaryimage"},"thumbnailUrl":"https:\/\/sunupost.com\/wp-content\/uploads\/2020\/09\/Screenshot_20200904-221023_SeneNews.jpg","articleSection":["INTERNATIONAL"],"inLanguage":"fr-FR","potentialAction":[{"@type":"CommentAction","name":"Comment","target":["https:\/\/sunupost.com\/?p=3971#respond"]}]},{"@type":"WebPage","@id":"https:\/\/sunupost.com\/?p=3971","url":"https:\/\/sunupost.com\/?p=3971","name":"Mali : La Junte D\u00e9marre La Concertation Nationale, Ce Samedi - SUNUPOST","isPartOf":{"@id":"https:\/\/sunupost.com\/#website"},"primaryImageOfPage":{"@id":"https:\/\/sunupost.com\/?p=3971#primaryimage"},"image":{"@id":"https:\/\/sunupost.com\/?p=3971#primaryimage"},"thumbnailUrl":"https:\/\/sunupost.com\/wp-content\/uploads\/2020\/09\/Screenshot_20200904-221023_SeneNews.jpg","datePublished":"2020-09-04T22:18:15+00:00","breadcrumb":{"@id":"https:\/\/sunupost.com\/?p=3971#breadcrumb"},"inLanguage":"fr-FR","potentialAction":[{"@type":"ReadAction","target":["https:\/\/sunupost.com\/?p=3971"]}]},{"@type":"ImageObject","inLanguage":"fr-FR","@id":"https:\/\/sunupost.com\/?p=3971#primaryimage","url":"https:\/\/sunupost.com\/wp-content\/uploads\/2020\/09\/Screenshot_20200904-221023_SeneNews.jpg","contentUrl":"https:\/\/sunupost.com\/wp-content\/uploads\/2020\/09\/Screenshot_20200904-221023_SeneNews.jpg","width":706,"height":433},{"@type":"BreadcrumbList","@id":"https:\/\/sunupost.com\/?p=3971#breadcrumb","itemListElement":[{"@type":"ListItem","position":1,"name":"Home","item":"https:\/\/sunupost.com\/"},{"@type":"ListItem","position":2,"name":"Mali : La Junte D\u00e9marre La Concertation Nationale, Ce Samedi"}]},{"@type":"WebSite","@id":"https:\/\/sunupost.com\/#website","url":"https:\/\/sunupost.com\/","name":"SUNUPOST","description":"Pens\u00e9e libre","publisher":{"@id":"https:\/\/sunupost.com\/#organization"},"potentialAction":[{"@type":"SearchAction","target":{"@type":"EntryPoint","urlTemplate":"https:\/\/sunupost.com\/?s={search_term_string}"},"query-input":{"@type":"PropertyValueSpecification","valueRequired":true,"valueName":"search_term_string"}}],"inLanguage":"fr-FR"},{"@type":"Organization","@id":"https:\/\/sunupost.com\/#organization","name":"SUNUPOST","url":"https:\/\/sunupost.com\/","logo":{"@type":"ImageObject","inLanguage":"fr-FR","@id":"https:\/\/sunupost.com\/#\/schema\/logo\/image\/","url":"https:\/\/secureservercdn.net\/198.71.233.206\/17w.044.myftpupload.com\/wp-content\/uploads\/2020\/05\/Lancement.jpg?time=1639052812","contentUrl":"https:\/\/secureservercdn.net\/198.71.233.206\/17w.044.myftpupload.com\/wp-content\/uploads\/2020\/05\/Lancement.jpg?time=1639052812","width":300,"height":100,"caption":"SUNUPOST"},"image":{"@id":"https:\/\/sunupost.com\/#\/schema\/logo\/image\/"},"sameAs":["https:\/\/web.facebook.com\/Sunupost-101026658237468\/","https:\/\/x.com\/sunupost","https:\/\/www.instagram.com\/sunupost\/","https:\/\/www.youtube.com\/channel\/UCd7V7bCkLDOee8yr7CW4Dpw"]},{"@type":"Person","@id":"https:\/\/sunupost.com\/#\/schema\/person\/9c04c80a48c29cd2be004cf57947ebb0","name":"La R\u00e9daction","image":{"@type":"ImageObject","inLanguage":"fr-FR","@id":"https:\/\/secure.gravatar.com\/avatar\/1dc7c1ffd136391c1a6d8806c3431e1a2dd9445015e3f66472e3c63e9c80807e?s=96&d=mm&r=g","url":"https:\/\/secure.gravatar.com\/avatar\/1dc7c1ffd136391c1a6d8806c3431e1a2dd9445015e3f66472e3c63e9c80807e?s=96&d=mm&r=g","contentUrl":"https:\/\/secure.gravatar.com\/avatar\/1dc7c1ffd136391c1a6d8806c3431e1a2dd9445015e3f66472e3c63e9c80807e?s=96&d=mm&r=g","caption":"La R\u00e9daction"},"url":"https:\/\/sunupost.com\/?author=10"}]}},"_links":{"self":[{"href":"https:\/\/sunupost.com\/index.php?rest_route=\/wp\/v2\/posts\/3971","targetHints":{"allow":["GET"]}}],"collection":[{"href":"https:\/\/sunupost.com\/index.php?rest_route=\/wp\/v2\/posts"}],"about":[{"href":"https:\/\/sunupost.com\/index.php?rest_route=\/wp\/v2\/types\/post"}],"author":[{"embeddable":true,"href":"https:\/\/sunupost.com\/index.php?rest_route=\/wp\/v2\/users\/10"}],"replies":[{"embeddable":true,"href":"https:\/\/sunupost.com\/index.php?rest_route=%2Fwp%2Fv2%2Fcomments&post=3971"}],"version-history":[{"count":0,"href":"https:\/\/sunupost.com\/index.php?rest_route=\/wp\/v2\/posts\/3971\/revisions"}],"wp:featuredmedia":[{"embeddable":true,"href":"https:\/\/sunupost.com\/index.php?rest_route=\/wp\/v2\/media\/3972"}],"wp:attachment":[{"href":"https:\/\/sunupost.com\/index.php?rest_route=%2Fwp%2Fv2%2Fmedia&parent=3971"}],"wp:term":[{"taxonomy":"category","embeddable":true,"href":"https:\/\/sunupost.com\/index.php?rest_route=%2Fwp%2Fv2%2Fcategories&post=3971"},{"taxonomy":"post_tag","embeddable":true,"href":"https:\/\/sunupost.com\/index.php?rest_route=%2Fwp%2Fv2%2Ftags&post=3971"}],"curies":[{"name":"wp","href":"https:\/\/api.w.org\/{rel}","templated":true}]}}