{"id":4121,"date":"2020-09-12T10:43:37","date_gmt":"2020-09-12T10:43:37","guid":{"rendered":"https:\/\/sunupost.com\/?p=4121"},"modified":"2020-09-12T10:43:37","modified_gmt":"2020-09-12T10:43:37","slug":"note-de-lecture-protocole-de-lelysee-abdoulaye-wade-cheikh-amar-et-ndongo-diao-le-trio-qui-fit-de-lartp-leur-vache-a-lait","status":"publish","type":"post","link":"https:\/\/sunupost.com\/?p=4121","title":{"rendered":"NOTE DE LECTURE \u00abProtocole De L\u2019Elys\u00e9e\u00bb Abdoulaye WADE, Cheikh AMAR et Ndongo DIAO : Le Trio Qui Fit De L\u2019ARTP Leur Vache \u00c0 Lait"},"content":{"rendered":"<p style=\"text-align: justify;\">( <em><strong>Par Valdiodio NDIAYE DIOUF<\/strong><\/em> )<\/p>\n<p style=\"text-align: justify;\">Thierno Alassane Sall a \u00e9crit son livre avant tout pour ses contemporains afin qu\u2019ils aient conscience de la gravit\u00e9 de la situation et daignent enfin prendre leur destin en main. Mais, il a pris la plume aussi pour permettre \u00e0 ce que le jugement de l\u2019histoire s\u2019op\u00e8re \u00e0 l\u2019endroit de tous les protagonistes de ce syst\u00e8me mafieux qui n\u2019ont pas pu \u00eatre entendus par la justice \u00e9tatique pour des raisons que nul n\u2019ignore. Dans ce sens, les \u0153uvres du trio Abdoulaye Wade, Cheikh Amar et Ndongo Diao pr\u00e9textant doter l\u2019ARTP de deux immeubles m\u00e9ritent d\u2019\u00eatre mises sur la place publique. Au moment des faits, Abdoulaye fut Pr\u00e9sident de la R\u00e9publique, Cheikh Amar prit part \u00e0 l\u2019affaire en tant qu\u2019op\u00e9rateur \u00e9conomique (dont les int\u00e9r\u00eats sont li\u00e9s \u00e0 deux entreprises intervenant dans le dossier que sont TRE et AHG) et Ndongo Diao agissant en qualit\u00e9 de DG de l\u2019ARTP. Il importe de pr\u00e9ciser d\u2019embl\u00e9e que le r\u00e9cit relat\u00e9 dans le livre de TAS sur cette affaire, comme pour toutes les autres affaires d\u2019ailleurs, est suffisamment document\u00e9 notamment par des \u00e9crits de Notaires (le nom qui revient le plus souvent \u00e9tant celui de Me Amadou Moustapha Ndiaye).<\/p>\n<p style=\"text-align: justify;\">Nomm\u00e9 DG de l\u2019ARTP en avril 2012, TAS nourrissait d\u00e9j\u00e0 de grandes ambitions pour ce secteur et c\u2019est ce qui d\u00e9termina d\u2019ailleurs son choix pour l\u2019ARTP parmi les agences et soci\u00e9t\u00e9s nationales qui lui ont \u00e9t\u00e9 propos\u00e9es par le Pr\u00e9sident Macky Sall nouvellement \u00e9lu. Il le confesse dans le livre : \u00ab Je choisis avec l\u2019assentiment du Pr\u00e9sident une agence dont le r\u00f4le dans la transformation de l\u2019\u00e9conomie du S\u00e9n\u00e9gal pouvait \u00eatre cruciale sans \u00eatre au centre d\u2019\u00e9normes enjeux financiers, l\u2019ARTP \u00bb (p. 127). Sit\u00f4t apr\u00e8s sa prise de fonction, TAS dut faire face \u00e0 une bande de pr\u00e9dateurs dans plusieurs affaires (r\u00e9duisant l\u2019ARTP en une vache \u00e0 lait au d\u00e9triment d\u2019une politique s\u00e9rieuse relative au domaine du Num\u00e9rique) dont \u00ab l\u2019affaire des immeubles de l\u2019ARTP \u00bb qui est l\u2019objet du chapitre VIII du livre.<\/p>\n<p style=\"text-align: justify;\">C\u2019est l\u2019ancien DG de l\u2019ARTP (Ndongo Diao) qui mit la puce \u00e0 l\u2019oreille de TAS lors de la c\u00e9r\u00e9monie de passation de services en d\u00e9clarant : \u00ab je vous laisse un patrimoine consid\u00e9rable : [\u2026] vous allez bient\u00f4t r\u00e9ceptionner deux nouvelles acquisitions \u00bb (p. 161). En fait, le pr\u00e9d\u00e9cesseur de TAS faisait allusion aux deux immeubles command\u00e9s par l\u2019ARTP en mai 2011 aupr\u00e8s de TRE et AHG (deux soci\u00e9t\u00e9s appartenant \u00e0 Cheikh Amar) dans des conditions des plus scandaleuses. Afin de mieux comprendre ce montage complexe de la \u00ab galaxie wadienne \u00bb, comme l\u2019appelle TAS, il convient de la scinder en deux parties : chaque immeuble ayant fait l\u2019objet d\u2019une op\u00e9ration ponctu\u00e9e d\u2019ill\u00e9galit\u00e9s et de n\u00e9bulosit\u00e9.<br \/>\n\uf0e0 Premi\u00e8re op\u00e9ration : le second membre du titre du chapitre VIII traitant de l\u2019affaire r\u00e9sume parfaitement le montage scandaleux : \u00ab un courtier nomm\u00e9 Wade \u00bb. En effet, le Pr\u00e9sident Wade avait litt\u00e9ralement jou\u00e9 le r\u00f4le de courtier au service de l\u2019homme d\u2019affaires Cheikh Amar. \u00c9tant choisi par Wade comme le promoteur du projet, Cheikh Amar devait vendre \u00e0 l\u2019ARTP une parcelle de terrain de 2000 m2 pour \u00e9riger son immeuble. Un fait quelque peu curieux, cette parcelle de terrain figurait dans un lot de 18 ha que l\u2019\u00c9tat du S\u00e9n\u00e9gal, toujours sous le r\u00e9gime de Wade, avait c\u00e9d\u00e9 \u00e0 Cheikh Amar. Ainsi, alors que le m\u00e8tre carr\u00e9 dans la zone \u00e9tait estim\u00e9 \u00e0 4 200 FCFA au moment de la cession, Cheikh Amar revendit la parcelle de terrain \u00e0 l\u2019ARTP (qui est un organe de l\u2019\u00c9tat du S\u00e9n\u00e9gal) \u00e0 raison de 300 000 FCFA le m\u00e8tre carr\u00e9. En v\u00e9rit\u00e9, ces deux op\u00e9rations (\u00c9tat \uf0e0 Cheikh Amar &amp; Cheikh Amar \uf0e0 ARTP) ne sont que les deux phases d\u2019un plan de d\u00e9pouillement orchestr\u00e9 par Wade aux fins de sp\u00e9culations et d\u2019enrichissement personnel. Cette phrase de TAS d\u00e9crit parfaitement ce plan : \u00ab apr\u00e8s avoir si g\u00e9n\u00e9reusement dot\u00e9 le promoteur Papa Cheikh Amadou Amar, Wade se transforma en son courtier, sommant les structures de l\u2019\u00c9tat d\u2019acqu\u00e9rir \u00e0 prix d\u2019or les terrains c\u00e9d\u00e9s par l\u2019\u00c9tat \u00bb (p. 167). Le pire dans l\u2019histoire est que Wade a pris un d\u00e9cret pour passer outre les dispositions du Code de la construction relatives au mode de paiement du prix de vente en mati\u00e8re d\u2019immeuble \u00e0 construire et l\u2019article 2 dudit d\u00e9cret dispose : \u00ab le Directeur g\u00e9n\u00e9ral de l\u2019ARTP est autoris\u00e9 \u00e0 pr\u00e9lever directement le montant allou\u00e9 et \u00e0 assurer les versements au promoteur Touba Real Estate (TRE) selon l\u2019\u00e9ch\u00e9ancier convenu d\u2019accord partie \u00bb (p. 168). Le deal b\u00e9ni par Wade ne devait ainsi \u00eatre connu que par Ndongo Diao et Cheikh Amar. La facture fut int\u00e9gralement r\u00e9gl\u00e9e par l\u2019ARTP alors m\u00eame que la soci\u00e9t\u00e9 TRE n\u2019avait pas encore pos\u00e9 les fondations de l\u2019immeuble command\u00e9 \uf0e0 Co\u00fbt total de cette premi\u00e8re op\u00e9ration pour l\u2019ARTP : parcelle de terrain (2000 m2)+ construction = 3 500 000 000 FCFA.<\/p>\n<p style=\"text-align: justify;\">\uf0e0 Seconde op\u00e9ration : le promoteur choisi pour le second immeuble est toujours Cheikh Amar, cette fois \u00e0 travers la soci\u00e9t\u00e9 AHG (Amar Holding Group). Cette op\u00e9ration fut plus juteuse car portant sur une parcelle d\u2019une superficie de 3000 m2 contre 2000 m2 pour le premier immeuble. Et pour montrer que la \u00ab galaxie wadienne \u00bb n\u2019avait que faire de la loi, Cheikh Amar et Ndongo Diao sign\u00e8rent devant un Notaire une transaction portant sur un immeuble R+4 alors que le premier nomm\u00e9 (Cheikh Amar) \u00ab ne disposait que d\u2019une autorisation de construire d\u2019un immeuble R+1 \u00bb (p. 171). Le Notaire Me Amadou Moustapha Ndiaye dut faire signer un document \u00e0 Ndongo Diao pour se prot\u00e9ger d\u2019\u00e9ventuelles poursuites au regard des ill\u00e9galit\u00e9s grotesques dans la transaction qu\u2019il avait vainement essay\u00e9 de faire remarquer le repr\u00e9sentant de l\u2019ARTP. NB : TAS a \u00e9galement cit\u00e9 dans cette affaire un autre maillon important de la dynastie wadienne, l\u2019architecte Pierre At\u00e9pa Goudiaby qui se vit sous-traiter par Cheikh Amar (comme une famille qui se partage un festin, ici la \u00ab galaxie wadienne \u00bb) les \u00e9tudes architecturales \u00ab pour l\u2019un des immeubles au moins \u00bb (p. 166) \uf0e0 Co\u00fbt total de cette seconde op\u00e9ration : parcelle de terrain (3000 m2 ) + construction = 4 700 000 000 FCFA.<\/p>\n<p style=\"text-align: justify;\">Les deux immeubles devaient \u00eatre livr\u00e9s dans un d\u00e9lai de six mois \u00e0 compter de la date de signature du contrat entre l\u2019ARTP et le promoteur, donc TRE et AHG. TAS constata \u00e0 son arriv\u00e9e cependant qu\u2019aucun contrat n\u2019a \u00e9t\u00e9 r\u00e9guli\u00e8rement sign\u00e9. En d\u2019autres termes, l\u2019ARTP avait r\u00e9gl\u00e9 les factures des deux immeubles sans avoir m\u00eame sign\u00e9 de contrat. Les d\u00e9crets ill\u00e9gaux de Wade \u00e9taient les seuls actes juridiques existants concernant les deux transactions. Aussi, TAS remarqua qu\u2019aucun des deux immeubles n\u2019a \u00e9t\u00e9 livr\u00e9 alors qu\u2019un d\u00e9lai d\u2019un an s\u2019\u00e9tait d\u00e9j\u00e0 \u00e9coul\u00e9 depuis le r\u00e8glement des factures. Il adressa alors un courrier \u00e0 Cheikh Amar le 29 mai 2012 \u00ab lui enjoignant de restituer les sommes injustement per\u00e7ues \u00bb (p. 178) et tint une conf\u00e9rence de presse le lendemain pour infirmer les S\u00e9n\u00e9galaises et les S\u00e9n\u00e9galais de l\u2019affaire.<\/p>\n<p style=\"text-align: justify;\">En lisant la suite de cette histoire, l\u2019on est saisi de col\u00e8re en apprenant tout le monde qui s\u2019est \u00e9rig\u00e9 en bouclier pour d\u00e9fendre Cheikh Amar. TAS note que Macky Sall ne l\u2019avait pas soutenu dans cette affaire (p. 180). On en d\u00e9duit qu\u2019il n\u2019\u00e9tait tout simplement pas favorable \u00e0 l\u2019\u00e9viction de Cheikh Amar. N\u00e9anmoins, TAS mit en exergue sa pugnacit\u00e9, en soldat solitaire ayant l\u2019honneur en bandouli\u00e8re, afin que les auteurs du crime soient punis. Il indique le ressort qui l\u2019aida \u00e0 r\u00e9sister \u00e0 la pression n\u00e9gative : \u00ab en choisissant d\u2019entrer en Politique (on notera le P capital utilis\u00e9 par l\u2019auteur), je m\u2019\u00e9tais fait le serment de ne jamais sacrifier les int\u00e9r\u00eats du Pays pour des consid\u00e9rations partisanes ou personnelles \u00bb (p. 180).<br \/>\nDeux semaines plus tard, TAS sera nomm\u00e9 Ministre des infrastructures et des transports, alors qu\u2019il n\u2019avait pu obtenir que l\u2019emprisonnement de Ndongo Diao au moment de quitter l\u2019ARTP (dessaisissement inassum\u00e9 du dossier Cheikh Amar ?). Il apprendra au cours de l\u2019ann\u00e9e 2013 que l\u2019affaire a \u00e9t\u00e9 class\u00e9e sans suite. La justice expiatrice sous fond de corruption \u00e9tait pass\u00e9e par-l\u00e0. Pourtant (TAS cite un journal) Abdou Karim Sall qui a \u00e9t\u00e9 nomm\u00e9 DG de l\u2019ARTP en mai 2014 a h\u00e9rit\u00e9 du dossier et d\u00fb se r\u00e9soudre \u00e0 faire appel \u00e0 une autre entreprise (CDE) pour achever les travaux en 2018. \u00c0 tout le moins, l\u2019ARTP aura continu\u00e9 \u00e0 payer un loyer pendant sept ans, alors qu\u2019elle avait command\u00e9 (depuis fin mai 2011) des immeubles qui devaient \u00eatre livr\u00e9s dans un d\u00e9lai de six mois.<\/p>\n<p style=\"text-align: justify;\">Au total, la \u00ab galaxie wadienne \u00bb aura impun\u00e9ment grug\u00e9 la somme de 8,2 milliards FCFA \u00e0 l\u2019\u00c9tat du S\u00e9n\u00e9gal. Mieux, le principal concern\u00e9, Cheikh Amar, est en odeur de saintet\u00e9 avec le Pr\u00e9sident Macky Sall. La justice et le parlement \u00e9tant paralys\u00e9s, il appartient aux S\u00e9n\u00e9galaises et aux S\u00e9n\u00e9galais de mettre un terme \u00e0 cette mafia.<\/p>\n","protected":false},"excerpt":{"rendered":"<p>( Par Valdiodio NDIAYE DIOUF ) Thierno Alassane Sall a \u00e9crit son livre avant tout pour ses contemporains afin qu\u2019ils aient conscience de la gravit\u00e9&#8230;<\/p>\n","protected":false},"author":10,"featured_media":0,"comment_status":"open","ping_status":"open","sticky":false,"template":"","format":"standard","meta":{"_coblocks_attr":"","_coblocks_dimensions":"","_coblocks_responsive_height":"","_coblocks_accordion_ie_support":"","_monsterinsights_skip_tracking":false,"_monsterinsights_sitenote_active":false,"_monsterinsights_sitenote_note":"","_monsterinsights_sitenote_category":0,"h5ap_radio_sources":[],"footnotes":""},"categories":[15,6],"tags":[],"class_list":["post-4121","post","type-post","status-publish","format-standard","hentry","category-a-la-une","category-politique","wpcat-15-id","wpcat-6-id"],"yoast_head":"<!-- This site is optimized with the Yoast SEO plugin v27.5 - https:\/\/yoast.com\/product\/yoast-seo-wordpress\/ -->\n<title>NOTE DE LECTURE \u00abProtocole De L\u2019Elys\u00e9e\u00bb Abdoulaye WADE, Cheikh AMAR et Ndongo DIAO : Le Trio Qui Fit De L\u2019ARTP Leur Vache \u00c0 Lait - SUNUPOST<\/title>\n<meta name=\"robots\" content=\"index, follow, max-snippet:-1, max-image-preview:large, max-video-preview:-1\" \/>\n<link rel=\"canonical\" href=\"https:\/\/sunupost.com\/?p=4121\" \/>\n<meta property=\"og:locale\" content=\"fr_FR\" \/>\n<meta property=\"og:type\" content=\"article\" \/>\n<meta property=\"og:title\" content=\"NOTE DE LECTURE \u00abProtocole De L\u2019Elys\u00e9e\u00bb Abdoulaye WADE, Cheikh AMAR et Ndongo DIAO : Le Trio Qui Fit De L\u2019ARTP Leur Vache \u00c0 Lait - SUNUPOST\" \/>\n<meta property=\"og:description\" content=\"( Par Valdiodio NDIAYE DIOUF ) Thierno Alassane Sall a \u00e9crit son livre avant tout pour ses contemporains afin qu\u2019ils aient conscience de la gravit\u00e9...\" \/>\n<meta property=\"og:url\" content=\"https:\/\/sunupost.com\/?p=4121\" \/>\n<meta property=\"og:site_name\" content=\"SUNUPOST\" \/>\n<meta property=\"article:publisher\" content=\"https:\/\/web.facebook.com\/Sunupost-101026658237468\/\" \/>\n<meta property=\"article:published_time\" content=\"2020-09-12T10:43:37+00:00\" \/>\n<meta name=\"author\" content=\"La R\u00e9daction\" \/>\n<meta name=\"twitter:card\" content=\"summary_large_image\" \/>\n<meta name=\"twitter:creator\" content=\"@sunupost\" \/>\n<meta name=\"twitter:site\" content=\"@sunupost\" \/>\n<meta name=\"twitter:label1\" content=\"\u00c9crit par\" \/>\n\t<meta name=\"twitter:data1\" content=\"La R\u00e9daction\" \/>\n\t<meta name=\"twitter:label2\" content=\"Dur\u00e9e de lecture estim\u00e9e\" \/>\n\t<meta name=\"twitter:data2\" content=\"8 minutes\" \/>\n<script type=\"application\/ld+json\" class=\"yoast-schema-graph\">{\"@context\":\"https:\\\/\\\/schema.org\",\"@graph\":[{\"@type\":\"Article\",\"@id\":\"https:\\\/\\\/sunupost.com\\\/?p=4121#article\",\"isPartOf\":{\"@id\":\"https:\\\/\\\/sunupost.com\\\/?p=4121\"},\"author\":{\"name\":\"La R\u00e9daction\",\"@id\":\"https:\\\/\\\/sunupost.com\\\/#\\\/schema\\\/person\\\/9c04c80a48c29cd2be004cf57947ebb0\"},\"headline\":\"NOTE DE LECTURE \u00abProtocole De L\u2019Elys\u00e9e\u00bb Abdoulaye WADE, Cheikh AMAR et Ndongo DIAO : Le Trio Qui Fit De L\u2019ARTP Leur Vache \u00c0 Lait\",\"datePublished\":\"2020-09-12T10:43:37+00:00\",\"mainEntityOfPage\":{\"@id\":\"https:\\\/\\\/sunupost.com\\\/?p=4121\"},\"wordCount\":1625,\"commentCount\":421,\"publisher\":{\"@id\":\"https:\\\/\\\/sunupost.com\\\/#organization\"},\"articleSection\":[\"A LA UNE\",\"POLITIQUE\"],\"inLanguage\":\"fr-FR\",\"potentialAction\":[{\"@type\":\"CommentAction\",\"name\":\"Comment\",\"target\":[\"https:\\\/\\\/sunupost.com\\\/?p=4121#respond\"]}]},{\"@type\":\"WebPage\",\"@id\":\"https:\\\/\\\/sunupost.com\\\/?p=4121\",\"url\":\"https:\\\/\\\/sunupost.com\\\/?p=4121\",\"name\":\"NOTE DE LECTURE \u00abProtocole De L\u2019Elys\u00e9e\u00bb Abdoulaye WADE, Cheikh AMAR et Ndongo DIAO : Le Trio Qui Fit De L\u2019ARTP Leur Vache \u00c0 Lait - SUNUPOST\",\"isPartOf\":{\"@id\":\"https:\\\/\\\/sunupost.com\\\/#website\"},\"datePublished\":\"2020-09-12T10:43:37+00:00\",\"breadcrumb\":{\"@id\":\"https:\\\/\\\/sunupost.com\\\/?p=4121#breadcrumb\"},\"inLanguage\":\"fr-FR\",\"potentialAction\":[{\"@type\":\"ReadAction\",\"target\":[\"https:\\\/\\\/sunupost.com\\\/?p=4121\"]}]},{\"@type\":\"BreadcrumbList\",\"@id\":\"https:\\\/\\\/sunupost.com\\\/?p=4121#breadcrumb\",\"itemListElement\":[{\"@type\":\"ListItem\",\"position\":1,\"name\":\"Home\",\"item\":\"https:\\\/\\\/sunupost.com\\\/\"},{\"@type\":\"ListItem\",\"position\":2,\"name\":\"NOTE DE LECTURE \u00abProtocole De L\u2019Elys\u00e9e\u00bb Abdoulaye WADE, Cheikh AMAR et Ndongo DIAO : Le Trio Qui Fit De L\u2019ARTP Leur Vache \u00c0 Lait\"}]},{\"@type\":\"WebSite\",\"@id\":\"https:\\\/\\\/sunupost.com\\\/#website\",\"url\":\"https:\\\/\\\/sunupost.com\\\/\",\"name\":\"SUNUPOST\",\"description\":\"Pens\u00e9e libre\",\"publisher\":{\"@id\":\"https:\\\/\\\/sunupost.com\\\/#organization\"},\"potentialAction\":[{\"@type\":\"SearchAction\",\"target\":{\"@type\":\"EntryPoint\",\"urlTemplate\":\"https:\\\/\\\/sunupost.com\\\/?s={search_term_string}\"},\"query-input\":{\"@type\":\"PropertyValueSpecification\",\"valueRequired\":true,\"valueName\":\"search_term_string\"}}],\"inLanguage\":\"fr-FR\"},{\"@type\":\"Organization\",\"@id\":\"https:\\\/\\\/sunupost.com\\\/#organization\",\"name\":\"SUNUPOST\",\"url\":\"https:\\\/\\\/sunupost.com\\\/\",\"logo\":{\"@type\":\"ImageObject\",\"inLanguage\":\"fr-FR\",\"@id\":\"https:\\\/\\\/sunupost.com\\\/#\\\/schema\\\/logo\\\/image\\\/\",\"url\":\"https:\\\/\\\/secureservercdn.net\\\/198.71.233.206\\\/17w.044.myftpupload.com\\\/wp-content\\\/uploads\\\/2020\\\/05\\\/Lancement.jpg?time=1639052812\",\"contentUrl\":\"https:\\\/\\\/secureservercdn.net\\\/198.71.233.206\\\/17w.044.myftpupload.com\\\/wp-content\\\/uploads\\\/2020\\\/05\\\/Lancement.jpg?time=1639052812\",\"width\":300,\"height\":100,\"caption\":\"SUNUPOST\"},\"image\":{\"@id\":\"https:\\\/\\\/sunupost.com\\\/#\\\/schema\\\/logo\\\/image\\\/\"},\"sameAs\":[\"https:\\\/\\\/web.facebook.com\\\/Sunupost-101026658237468\\\/\",\"https:\\\/\\\/x.com\\\/sunupost\",\"https:\\\/\\\/www.instagram.com\\\/sunupost\\\/\",\"https:\\\/\\\/www.youtube.com\\\/channel\\\/UCd7V7bCkLDOee8yr7CW4Dpw\"]},{\"@type\":\"Person\",\"@id\":\"https:\\\/\\\/sunupost.com\\\/#\\\/schema\\\/person\\\/9c04c80a48c29cd2be004cf57947ebb0\",\"name\":\"La R\u00e9daction\",\"image\":{\"@type\":\"ImageObject\",\"inLanguage\":\"fr-FR\",\"@id\":\"https:\\\/\\\/secure.gravatar.com\\\/avatar\\\/1dc7c1ffd136391c1a6d8806c3431e1a2dd9445015e3f66472e3c63e9c80807e?s=96&d=mm&r=g\",\"url\":\"https:\\\/\\\/secure.gravatar.com\\\/avatar\\\/1dc7c1ffd136391c1a6d8806c3431e1a2dd9445015e3f66472e3c63e9c80807e?s=96&d=mm&r=g\",\"contentUrl\":\"https:\\\/\\\/secure.gravatar.com\\\/avatar\\\/1dc7c1ffd136391c1a6d8806c3431e1a2dd9445015e3f66472e3c63e9c80807e?s=96&d=mm&r=g\",\"caption\":\"La R\u00e9daction\"},\"url\":\"https:\\\/\\\/sunupost.com\\\/?author=10\"}]}<\/script>\n<!-- \/ Yoast SEO plugin. -->","yoast_head_json":{"title":"NOTE DE LECTURE \u00abProtocole De L\u2019Elys\u00e9e\u00bb Abdoulaye WADE, Cheikh AMAR et Ndongo DIAO : Le Trio Qui Fit De L\u2019ARTP Leur Vache \u00c0 Lait - SUNUPOST","robots":{"index":"index","follow":"follow","max-snippet":"max-snippet:-1","max-image-preview":"max-image-preview:large","max-video-preview":"max-video-preview:-1"},"canonical":"https:\/\/sunupost.com\/?p=4121","og_locale":"fr_FR","og_type":"article","og_title":"NOTE DE LECTURE \u00abProtocole De L\u2019Elys\u00e9e\u00bb Abdoulaye WADE, Cheikh AMAR et Ndongo DIAO : Le Trio Qui Fit De L\u2019ARTP Leur Vache \u00c0 Lait - SUNUPOST","og_description":"( Par Valdiodio NDIAYE DIOUF ) Thierno Alassane Sall a \u00e9crit son livre avant tout pour ses contemporains afin qu\u2019ils aient conscience de la gravit\u00e9...","og_url":"https:\/\/sunupost.com\/?p=4121","og_site_name":"SUNUPOST","article_publisher":"https:\/\/web.facebook.com\/Sunupost-101026658237468\/","article_published_time":"2020-09-12T10:43:37+00:00","author":"La R\u00e9daction","twitter_card":"summary_large_image","twitter_creator":"@sunupost","twitter_site":"@sunupost","twitter_misc":{"\u00c9crit par":"La R\u00e9daction","Dur\u00e9e de lecture estim\u00e9e":"8 minutes"},"schema":{"@context":"https:\/\/schema.org","@graph":[{"@type":"Article","@id":"https:\/\/sunupost.com\/?p=4121#article","isPartOf":{"@id":"https:\/\/sunupost.com\/?p=4121"},"author":{"name":"La R\u00e9daction","@id":"https:\/\/sunupost.com\/#\/schema\/person\/9c04c80a48c29cd2be004cf57947ebb0"},"headline":"NOTE DE LECTURE \u00abProtocole De L\u2019Elys\u00e9e\u00bb Abdoulaye WADE, Cheikh AMAR et Ndongo DIAO : Le Trio Qui Fit De L\u2019ARTP Leur Vache \u00c0 Lait","datePublished":"2020-09-12T10:43:37+00:00","mainEntityOfPage":{"@id":"https:\/\/sunupost.com\/?p=4121"},"wordCount":1625,"commentCount":421,"publisher":{"@id":"https:\/\/sunupost.com\/#organization"},"articleSection":["A LA UNE","POLITIQUE"],"inLanguage":"fr-FR","potentialAction":[{"@type":"CommentAction","name":"Comment","target":["https:\/\/sunupost.com\/?p=4121#respond"]}]},{"@type":"WebPage","@id":"https:\/\/sunupost.com\/?p=4121","url":"https:\/\/sunupost.com\/?p=4121","name":"NOTE DE LECTURE \u00abProtocole De L\u2019Elys\u00e9e\u00bb Abdoulaye WADE, Cheikh AMAR et Ndongo DIAO : Le Trio Qui Fit De L\u2019ARTP Leur Vache \u00c0 Lait - SUNUPOST","isPartOf":{"@id":"https:\/\/sunupost.com\/#website"},"datePublished":"2020-09-12T10:43:37+00:00","breadcrumb":{"@id":"https:\/\/sunupost.com\/?p=4121#breadcrumb"},"inLanguage":"fr-FR","potentialAction":[{"@type":"ReadAction","target":["https:\/\/sunupost.com\/?p=4121"]}]},{"@type":"BreadcrumbList","@id":"https:\/\/sunupost.com\/?p=4121#breadcrumb","itemListElement":[{"@type":"ListItem","position":1,"name":"Home","item":"https:\/\/sunupost.com\/"},{"@type":"ListItem","position":2,"name":"NOTE DE LECTURE \u00abProtocole De L\u2019Elys\u00e9e\u00bb Abdoulaye WADE, Cheikh AMAR et Ndongo DIAO : Le Trio Qui Fit De L\u2019ARTP Leur Vache \u00c0 Lait"}]},{"@type":"WebSite","@id":"https:\/\/sunupost.com\/#website","url":"https:\/\/sunupost.com\/","name":"SUNUPOST","description":"Pens\u00e9e libre","publisher":{"@id":"https:\/\/sunupost.com\/#organization"},"potentialAction":[{"@type":"SearchAction","target":{"@type":"EntryPoint","urlTemplate":"https:\/\/sunupost.com\/?s={search_term_string}"},"query-input":{"@type":"PropertyValueSpecification","valueRequired":true,"valueName":"search_term_string"}}],"inLanguage":"fr-FR"},{"@type":"Organization","@id":"https:\/\/sunupost.com\/#organization","name":"SUNUPOST","url":"https:\/\/sunupost.com\/","logo":{"@type":"ImageObject","inLanguage":"fr-FR","@id":"https:\/\/sunupost.com\/#\/schema\/logo\/image\/","url":"https:\/\/secureservercdn.net\/198.71.233.206\/17w.044.myftpupload.com\/wp-content\/uploads\/2020\/05\/Lancement.jpg?time=1639052812","contentUrl":"https:\/\/secureservercdn.net\/198.71.233.206\/17w.044.myftpupload.com\/wp-content\/uploads\/2020\/05\/Lancement.jpg?time=1639052812","width":300,"height":100,"caption":"SUNUPOST"},"image":{"@id":"https:\/\/sunupost.com\/#\/schema\/logo\/image\/"},"sameAs":["https:\/\/web.facebook.com\/Sunupost-101026658237468\/","https:\/\/x.com\/sunupost","https:\/\/www.instagram.com\/sunupost\/","https:\/\/www.youtube.com\/channel\/UCd7V7bCkLDOee8yr7CW4Dpw"]},{"@type":"Person","@id":"https:\/\/sunupost.com\/#\/schema\/person\/9c04c80a48c29cd2be004cf57947ebb0","name":"La R\u00e9daction","image":{"@type":"ImageObject","inLanguage":"fr-FR","@id":"https:\/\/secure.gravatar.com\/avatar\/1dc7c1ffd136391c1a6d8806c3431e1a2dd9445015e3f66472e3c63e9c80807e?s=96&d=mm&r=g","url":"https:\/\/secure.gravatar.com\/avatar\/1dc7c1ffd136391c1a6d8806c3431e1a2dd9445015e3f66472e3c63e9c80807e?s=96&d=mm&r=g","contentUrl":"https:\/\/secure.gravatar.com\/avatar\/1dc7c1ffd136391c1a6d8806c3431e1a2dd9445015e3f66472e3c63e9c80807e?s=96&d=mm&r=g","caption":"La R\u00e9daction"},"url":"https:\/\/sunupost.com\/?author=10"}]}},"_links":{"self":[{"href":"https:\/\/sunupost.com\/index.php?rest_route=\/wp\/v2\/posts\/4121","targetHints":{"allow":["GET"]}}],"collection":[{"href":"https:\/\/sunupost.com\/index.php?rest_route=\/wp\/v2\/posts"}],"about":[{"href":"https:\/\/sunupost.com\/index.php?rest_route=\/wp\/v2\/types\/post"}],"author":[{"embeddable":true,"href":"https:\/\/sunupost.com\/index.php?rest_route=\/wp\/v2\/users\/10"}],"replies":[{"embeddable":true,"href":"https:\/\/sunupost.com\/index.php?rest_route=%2Fwp%2Fv2%2Fcomments&post=4121"}],"version-history":[{"count":0,"href":"https:\/\/sunupost.com\/index.php?rest_route=\/wp\/v2\/posts\/4121\/revisions"}],"wp:attachment":[{"href":"https:\/\/sunupost.com\/index.php?rest_route=%2Fwp%2Fv2%2Fmedia&parent=4121"}],"wp:term":[{"taxonomy":"category","embeddable":true,"href":"https:\/\/sunupost.com\/index.php?rest_route=%2Fwp%2Fv2%2Fcategories&post=4121"},{"taxonomy":"post_tag","embeddable":true,"href":"https:\/\/sunupost.com\/index.php?rest_route=%2Fwp%2Fv2%2Ftags&post=4121"}],"curies":[{"name":"wp","href":"https:\/\/api.w.org\/{rel}","templated":true}]}}