{"id":4254,"date":"2020-09-21T14:33:57","date_gmt":"2020-09-21T14:33:57","guid":{"rendered":"https:\/\/sunupost.com\/?p=4254"},"modified":"2020-09-21T14:33:57","modified_gmt":"2020-09-21T14:33:57","slug":"mali-dr-cheikh-tidiane-gadio-designe-envoye-special-de-la-francophonie","status":"publish","type":"post","link":"https:\/\/sunupost.com\/?p=4254","title":{"rendered":"Mali: Dr Cheikh Tidiane Gadio D\u00e9sign\u00e9 Envoy\u00e9 Sp\u00e9cial De La Francophonie"},"content":{"rendered":"<p style=\"text-align: justify;\">La crise malienne pr\u00e9occupe au premier lieu la communaut\u00e9 international. C\u2019est dans ce cadre que le secr\u00e9taire g\u00e9n\u00e9ral de la Francophonie a d\u00e9sign\u00e9 Dr cheikh Tidiane Gadio comme Envoy\u00e9 sp\u00e9cial au Mali.<\/p>\n<p>Dans un communiqu\u00e9 qui nous est parvenus, Son Excellence Madame Louise Mushikiwabo a d\u00e9sign\u00e9 \u00ab\u00a0Son Excellence\u00a0Monsieur Cheikh Tidiane Gadio, de la R\u00e9publique du S\u00e9n\u00e9gal, en qualit\u00e9 d\u2019Envoy\u00e9 sp\u00e9cial pour le suivi de la situation au Mali\u00a0\u00bb.<\/p>\n<p>Selon le document cette d\u00e9cision s\u2019inscrit \u00ab\u00a0dans le cadre de la r\u00e9solution adopt\u00e9e le 25 ao\u00fbt par la 111\u00e8me session extraordinaire du Conseil permanent de la Francophonie (CPF), pour soutenir le processus de restauration des institutions d\u00e9mocratiques au Mali et contribuer \u00e0 trouver des solutions de sortie de crise durables et cr\u00e9dibles prenant en consid\u00e9ration les attentes des citoyens maliens\u00a0\u00bb.<\/p>\n<p>Dans cette nouvelle mission Dr Cheikh Tidiane Gadio va travailler \u00ab\u00a0en \u00e9troite coordination avec les partenaires internationaux, tout principalement la CEDEAO et l\u2019Union Africaine\u00a0\u00bb. Il sera \u00e9galement \u00ab\u00a0charg\u00e9 d\u2019appuyer la Secr\u00e9taire g\u00e9n\u00e9rale de la Francophonie dans l\u2019accompagnement du processus de transition civile\u00a0\u00bb.<\/p>\n<p>L\u2019Envoy\u00e9 sp\u00e9cial va se mettre tout de sui au travail et va conduire dans les jour \u00e0 venir \u00ab\u00a0une mission de haut niveau \u00e0 Bamako\u00a0\u00bb. dans cette mission Dr Gadio sera accompagn\u00e9 \u00ab\u00a0de Madame Nadia El Yousfi, D\u00e9put\u00e9e au Parlement bruxellois et au Parlement de la F\u00e9d\u00e9ration Wallonie-Bruxelles, membre du Bureau de la Commission des affaires parlementaires de l\u2019Assembl\u00e9e parlementaire de la Francophonie (APF) et de son Excellence Monsieur Moha Ouali Tagma, Ambassadeur de Sa Majest\u00e9 le Roi du Maroc aupr\u00e8s de la R\u00e9publique f\u00e9d\u00e9rale du Nig\u00e9ria et de la CEDEAO \u00e0 Abuja\u00a0\u00bb.<\/p>\n<p>Dr. Cheikh Tidiane Gadio est ancien Ministre d\u2019Etat,\u00a0Ministre des Affaires \u00e9trang\u00e8res\u00a0de la R\u00e9publique du S\u00e9n\u00e9gal et actuellement Vice-pr\u00e9sident de l\u2019Assembl\u00e9e nationale. Il pr\u00e9side \u00e9galement l\u2019Institut Panafricain de Strat\u00e9gie Paix-S\u00e9curit\u00e9-Gouvernance (IPS).<\/p>\n","protected":false},"excerpt":{"rendered":"<p>La crise malienne pr\u00e9occupe au premier lieu la communaut\u00e9 international. C\u2019est dans ce cadre que le secr\u00e9taire g\u00e9n\u00e9ral de la Francophonie a d\u00e9sign\u00e9 Dr cheikh&#8230;<\/p>\n","protected":false},"author":10,"featured_media":4255,"comment_status":"open","ping_status":"open","sticky":false,"template":"","format":"standard","meta":{"_coblocks_attr":"","_coblocks_dimensions":"","_coblocks_responsive_height":"","_coblocks_accordion_ie_support":"","_monsterinsights_skip_tracking":false,"_monsterinsights_sitenote_active":false,"_monsterinsights_sitenote_note":"","_monsterinsights_sitenote_category":0,"h5ap_radio_sources":[],"footnotes":""},"categories":[6],"tags":[],"class_list":["post-4254","post","type-post","status-publish","format-standard","has-post-thumbnail","hentry","category-politique","wpcat-6-id"],"yoast_head":"<!-- This site is optimized with the Yoast SEO plugin v27.5 - https:\/\/yoast.com\/product\/yoast-seo-wordpress\/ -->\n<title>Mali: Dr Cheikh Tidiane Gadio D\u00e9sign\u00e9 Envoy\u00e9 Sp\u00e9cial De La Francophonie - SUNUPOST<\/title>\n<meta name=\"robots\" content=\"index, follow, max-snippet:-1, max-image-preview:large, max-video-preview:-1\" \/>\n<link rel=\"canonical\" href=\"https:\/\/sunupost.com\/?p=4254\" \/>\n<meta property=\"og:locale\" content=\"fr_FR\" \/>\n<meta property=\"og:type\" content=\"article\" \/>\n<meta property=\"og:title\" content=\"Mali: Dr Cheikh Tidiane Gadio D\u00e9sign\u00e9 Envoy\u00e9 Sp\u00e9cial De La Francophonie - SUNUPOST\" \/>\n<meta property=\"og:description\" content=\"La crise malienne pr\u00e9occupe au premier lieu la communaut\u00e9 international. C\u2019est dans ce cadre que le secr\u00e9taire g\u00e9n\u00e9ral de la Francophonie a d\u00e9sign\u00e9 Dr cheikh...\" \/>\n<meta property=\"og:url\" content=\"https:\/\/sunupost.com\/?p=4254\" \/>\n<meta property=\"og:site_name\" content=\"SUNUPOST\" \/>\n<meta property=\"article:publisher\" content=\"https:\/\/web.facebook.com\/Sunupost-101026658237468\/\" \/>\n<meta property=\"article:published_time\" content=\"2020-09-21T14:33:57+00:00\" \/>\n<meta property=\"og:image\" content=\"https:\/\/secureservercdn.net\/198.71.233.69\/17w.044.myftpupload.com\/wp-content\/uploads\/2020\/09\/38542698-33588129.jpg?time=1663107001\" \/>\n\t<meta property=\"og:image:width\" content=\"700\" \/>\n\t<meta property=\"og:image:height\" content=\"439\" \/>\n\t<meta property=\"og:image:type\" content=\"image\/jpeg\" \/>\n<meta name=\"author\" content=\"La R\u00e9daction\" \/>\n<meta name=\"twitter:card\" content=\"summary_large_image\" \/>\n<meta name=\"twitter:creator\" content=\"@sunupost\" \/>\n<meta name=\"twitter:site\" content=\"@sunupost\" \/>\n<meta name=\"twitter:label1\" content=\"\u00c9crit par\" \/>\n\t<meta name=\"twitter:data1\" content=\"La R\u00e9daction\" \/>\n\t<meta name=\"twitter:label2\" content=\"Dur\u00e9e de lecture estim\u00e9e\" \/>\n\t<meta name=\"twitter:data2\" content=\"2 minutes\" \/>\n<script type=\"application\/ld+json\" class=\"yoast-schema-graph\">{\"@context\":\"https:\\\/\\\/schema.org\",\"@graph\":[{\"@type\":\"Article\",\"@id\":\"https:\\\/\\\/sunupost.com\\\/?p=4254#article\",\"isPartOf\":{\"@id\":\"https:\\\/\\\/sunupost.com\\\/?p=4254\"},\"author\":{\"name\":\"La R\u00e9daction\",\"@id\":\"https:\\\/\\\/sunupost.com\\\/#\\\/schema\\\/person\\\/9c04c80a48c29cd2be004cf57947ebb0\"},\"headline\":\"Mali: Dr Cheikh Tidiane Gadio D\u00e9sign\u00e9 Envoy\u00e9 Sp\u00e9cial De La Francophonie\",\"datePublished\":\"2020-09-21T14:33:57+00:00\",\"mainEntityOfPage\":{\"@id\":\"https:\\\/\\\/sunupost.com\\\/?p=4254\"},\"wordCount\":357,\"commentCount\":539,\"publisher\":{\"@id\":\"https:\\\/\\\/sunupost.com\\\/#organization\"},\"image\":{\"@id\":\"https:\\\/\\\/sunupost.com\\\/?p=4254#primaryimage\"},\"thumbnailUrl\":\"https:\\\/\\\/sunupost.com\\\/wp-content\\\/uploads\\\/2020\\\/09\\\/38542698-33588129.jpg\",\"articleSection\":[\"POLITIQUE\"],\"inLanguage\":\"fr-FR\",\"potentialAction\":[{\"@type\":\"CommentAction\",\"name\":\"Comment\",\"target\":[\"https:\\\/\\\/sunupost.com\\\/?p=4254#respond\"]}]},{\"@type\":\"WebPage\",\"@id\":\"https:\\\/\\\/sunupost.com\\\/?p=4254\",\"url\":\"https:\\\/\\\/sunupost.com\\\/?p=4254\",\"name\":\"Mali: Dr Cheikh Tidiane Gadio D\u00e9sign\u00e9 Envoy\u00e9 Sp\u00e9cial De La Francophonie - SUNUPOST\",\"isPartOf\":{\"@id\":\"https:\\\/\\\/sunupost.com\\\/#website\"},\"primaryImageOfPage\":{\"@id\":\"https:\\\/\\\/sunupost.com\\\/?p=4254#primaryimage\"},\"image\":{\"@id\":\"https:\\\/\\\/sunupost.com\\\/?p=4254#primaryimage\"},\"thumbnailUrl\":\"https:\\\/\\\/sunupost.com\\\/wp-content\\\/uploads\\\/2020\\\/09\\\/38542698-33588129.jpg\",\"datePublished\":\"2020-09-21T14:33:57+00:00\",\"breadcrumb\":{\"@id\":\"https:\\\/\\\/sunupost.com\\\/?p=4254#breadcrumb\"},\"inLanguage\":\"fr-FR\",\"potentialAction\":[{\"@type\":\"ReadAction\",\"target\":[\"https:\\\/\\\/sunupost.com\\\/?p=4254\"]}]},{\"@type\":\"ImageObject\",\"inLanguage\":\"fr-FR\",\"@id\":\"https:\\\/\\\/sunupost.com\\\/?p=4254#primaryimage\",\"url\":\"https:\\\/\\\/sunupost.com\\\/wp-content\\\/uploads\\\/2020\\\/09\\\/38542698-33588129.jpg\",\"contentUrl\":\"https:\\\/\\\/sunupost.com\\\/wp-content\\\/uploads\\\/2020\\\/09\\\/38542698-33588129.jpg\",\"width\":700,\"height\":439},{\"@type\":\"BreadcrumbList\",\"@id\":\"https:\\\/\\\/sunupost.com\\\/?p=4254#breadcrumb\",\"itemListElement\":[{\"@type\":\"ListItem\",\"position\":1,\"name\":\"Home\",\"item\":\"https:\\\/\\\/sunupost.com\\\/\"},{\"@type\":\"ListItem\",\"position\":2,\"name\":\"Mali: Dr Cheikh Tidiane Gadio D\u00e9sign\u00e9 Envoy\u00e9 Sp\u00e9cial De La Francophonie\"}]},{\"@type\":\"WebSite\",\"@id\":\"https:\\\/\\\/sunupost.com\\\/#website\",\"url\":\"https:\\\/\\\/sunupost.com\\\/\",\"name\":\"SUNUPOST\",\"description\":\"Pens\u00e9e libre\",\"publisher\":{\"@id\":\"https:\\\/\\\/sunupost.com\\\/#organization\"},\"potentialAction\":[{\"@type\":\"SearchAction\",\"target\":{\"@type\":\"EntryPoint\",\"urlTemplate\":\"https:\\\/\\\/sunupost.com\\\/?s={search_term_string}\"},\"query-input\":{\"@type\":\"PropertyValueSpecification\",\"valueRequired\":true,\"valueName\":\"search_term_string\"}}],\"inLanguage\":\"fr-FR\"},{\"@type\":\"Organization\",\"@id\":\"https:\\\/\\\/sunupost.com\\\/#organization\",\"name\":\"SUNUPOST\",\"url\":\"https:\\\/\\\/sunupost.com\\\/\",\"logo\":{\"@type\":\"ImageObject\",\"inLanguage\":\"fr-FR\",\"@id\":\"https:\\\/\\\/sunupost.com\\\/#\\\/schema\\\/logo\\\/image\\\/\",\"url\":\"https:\\\/\\\/secureservercdn.net\\\/198.71.233.206\\\/17w.044.myftpupload.com\\\/wp-content\\\/uploads\\\/2020\\\/05\\\/Lancement.jpg?time=1639052812\",\"contentUrl\":\"https:\\\/\\\/secureservercdn.net\\\/198.71.233.206\\\/17w.044.myftpupload.com\\\/wp-content\\\/uploads\\\/2020\\\/05\\\/Lancement.jpg?time=1639052812\",\"width\":300,\"height\":100,\"caption\":\"SUNUPOST\"},\"image\":{\"@id\":\"https:\\\/\\\/sunupost.com\\\/#\\\/schema\\\/logo\\\/image\\\/\"},\"sameAs\":[\"https:\\\/\\\/web.facebook.com\\\/Sunupost-101026658237468\\\/\",\"https:\\\/\\\/x.com\\\/sunupost\",\"https:\\\/\\\/www.instagram.com\\\/sunupost\\\/\",\"https:\\\/\\\/www.youtube.com\\\/channel\\\/UCd7V7bCkLDOee8yr7CW4Dpw\"]},{\"@type\":\"Person\",\"@id\":\"https:\\\/\\\/sunupost.com\\\/#\\\/schema\\\/person\\\/9c04c80a48c29cd2be004cf57947ebb0\",\"name\":\"La R\u00e9daction\",\"image\":{\"@type\":\"ImageObject\",\"inLanguage\":\"fr-FR\",\"@id\":\"https:\\\/\\\/secure.gravatar.com\\\/avatar\\\/1dc7c1ffd136391c1a6d8806c3431e1a2dd9445015e3f66472e3c63e9c80807e?s=96&d=mm&r=g\",\"url\":\"https:\\\/\\\/secure.gravatar.com\\\/avatar\\\/1dc7c1ffd136391c1a6d8806c3431e1a2dd9445015e3f66472e3c63e9c80807e?s=96&d=mm&r=g\",\"contentUrl\":\"https:\\\/\\\/secure.gravatar.com\\\/avatar\\\/1dc7c1ffd136391c1a6d8806c3431e1a2dd9445015e3f66472e3c63e9c80807e?s=96&d=mm&r=g\",\"caption\":\"La R\u00e9daction\"},\"url\":\"https:\\\/\\\/sunupost.com\\\/?author=10\"}]}<\/script>\n<!-- \/ Yoast SEO plugin. -->","yoast_head_json":{"title":"Mali: Dr Cheikh Tidiane Gadio D\u00e9sign\u00e9 Envoy\u00e9 Sp\u00e9cial De La Francophonie - SUNUPOST","robots":{"index":"index","follow":"follow","max-snippet":"max-snippet:-1","max-image-preview":"max-image-preview:large","max-video-preview":"max-video-preview:-1"},"canonical":"https:\/\/sunupost.com\/?p=4254","og_locale":"fr_FR","og_type":"article","og_title":"Mali: Dr Cheikh Tidiane Gadio D\u00e9sign\u00e9 Envoy\u00e9 Sp\u00e9cial De La Francophonie - SUNUPOST","og_description":"La crise malienne pr\u00e9occupe au premier lieu la communaut\u00e9 international. C\u2019est dans ce cadre que le secr\u00e9taire g\u00e9n\u00e9ral de la Francophonie a d\u00e9sign\u00e9 Dr cheikh...","og_url":"https:\/\/sunupost.com\/?p=4254","og_site_name":"SUNUPOST","article_publisher":"https:\/\/web.facebook.com\/Sunupost-101026658237468\/","article_published_time":"2020-09-21T14:33:57+00:00","og_image":[{"width":700,"height":439,"url":"https:\/\/secureservercdn.net\/198.71.233.69\/17w.044.myftpupload.com\/wp-content\/uploads\/2020\/09\/38542698-33588129.jpg?time=1663107001","type":"image\/jpeg"}],"author":"La R\u00e9daction","twitter_card":"summary_large_image","twitter_creator":"@sunupost","twitter_site":"@sunupost","twitter_misc":{"\u00c9crit par":"La R\u00e9daction","Dur\u00e9e de lecture estim\u00e9e":"2 minutes"},"schema":{"@context":"https:\/\/schema.org","@graph":[{"@type":"Article","@id":"https:\/\/sunupost.com\/?p=4254#article","isPartOf":{"@id":"https:\/\/sunupost.com\/?p=4254"},"author":{"name":"La R\u00e9daction","@id":"https:\/\/sunupost.com\/#\/schema\/person\/9c04c80a48c29cd2be004cf57947ebb0"},"headline":"Mali: Dr Cheikh Tidiane Gadio D\u00e9sign\u00e9 Envoy\u00e9 Sp\u00e9cial De La Francophonie","datePublished":"2020-09-21T14:33:57+00:00","mainEntityOfPage":{"@id":"https:\/\/sunupost.com\/?p=4254"},"wordCount":357,"commentCount":539,"publisher":{"@id":"https:\/\/sunupost.com\/#organization"},"image":{"@id":"https:\/\/sunupost.com\/?p=4254#primaryimage"},"thumbnailUrl":"https:\/\/sunupost.com\/wp-content\/uploads\/2020\/09\/38542698-33588129.jpg","articleSection":["POLITIQUE"],"inLanguage":"fr-FR","potentialAction":[{"@type":"CommentAction","name":"Comment","target":["https:\/\/sunupost.com\/?p=4254#respond"]}]},{"@type":"WebPage","@id":"https:\/\/sunupost.com\/?p=4254","url":"https:\/\/sunupost.com\/?p=4254","name":"Mali: Dr Cheikh Tidiane Gadio D\u00e9sign\u00e9 Envoy\u00e9 Sp\u00e9cial De La Francophonie - SUNUPOST","isPartOf":{"@id":"https:\/\/sunupost.com\/#website"},"primaryImageOfPage":{"@id":"https:\/\/sunupost.com\/?p=4254#primaryimage"},"image":{"@id":"https:\/\/sunupost.com\/?p=4254#primaryimage"},"thumbnailUrl":"https:\/\/sunupost.com\/wp-content\/uploads\/2020\/09\/38542698-33588129.jpg","datePublished":"2020-09-21T14:33:57+00:00","breadcrumb":{"@id":"https:\/\/sunupost.com\/?p=4254#breadcrumb"},"inLanguage":"fr-FR","potentialAction":[{"@type":"ReadAction","target":["https:\/\/sunupost.com\/?p=4254"]}]},{"@type":"ImageObject","inLanguage":"fr-FR","@id":"https:\/\/sunupost.com\/?p=4254#primaryimage","url":"https:\/\/sunupost.com\/wp-content\/uploads\/2020\/09\/38542698-33588129.jpg","contentUrl":"https:\/\/sunupost.com\/wp-content\/uploads\/2020\/09\/38542698-33588129.jpg","width":700,"height":439},{"@type":"BreadcrumbList","@id":"https:\/\/sunupost.com\/?p=4254#breadcrumb","itemListElement":[{"@type":"ListItem","position":1,"name":"Home","item":"https:\/\/sunupost.com\/"},{"@type":"ListItem","position":2,"name":"Mali: Dr Cheikh Tidiane Gadio D\u00e9sign\u00e9 Envoy\u00e9 Sp\u00e9cial De La Francophonie"}]},{"@type":"WebSite","@id":"https:\/\/sunupost.com\/#website","url":"https:\/\/sunupost.com\/","name":"SUNUPOST","description":"Pens\u00e9e libre","publisher":{"@id":"https:\/\/sunupost.com\/#organization"},"potentialAction":[{"@type":"SearchAction","target":{"@type":"EntryPoint","urlTemplate":"https:\/\/sunupost.com\/?s={search_term_string}"},"query-input":{"@type":"PropertyValueSpecification","valueRequired":true,"valueName":"search_term_string"}}],"inLanguage":"fr-FR"},{"@type":"Organization","@id":"https:\/\/sunupost.com\/#organization","name":"SUNUPOST","url":"https:\/\/sunupost.com\/","logo":{"@type":"ImageObject","inLanguage":"fr-FR","@id":"https:\/\/sunupost.com\/#\/schema\/logo\/image\/","url":"https:\/\/secureservercdn.net\/198.71.233.206\/17w.044.myftpupload.com\/wp-content\/uploads\/2020\/05\/Lancement.jpg?time=1639052812","contentUrl":"https:\/\/secureservercdn.net\/198.71.233.206\/17w.044.myftpupload.com\/wp-content\/uploads\/2020\/05\/Lancement.jpg?time=1639052812","width":300,"height":100,"caption":"SUNUPOST"},"image":{"@id":"https:\/\/sunupost.com\/#\/schema\/logo\/image\/"},"sameAs":["https:\/\/web.facebook.com\/Sunupost-101026658237468\/","https:\/\/x.com\/sunupost","https:\/\/www.instagram.com\/sunupost\/","https:\/\/www.youtube.com\/channel\/UCd7V7bCkLDOee8yr7CW4Dpw"]},{"@type":"Person","@id":"https:\/\/sunupost.com\/#\/schema\/person\/9c04c80a48c29cd2be004cf57947ebb0","name":"La R\u00e9daction","image":{"@type":"ImageObject","inLanguage":"fr-FR","@id":"https:\/\/secure.gravatar.com\/avatar\/1dc7c1ffd136391c1a6d8806c3431e1a2dd9445015e3f66472e3c63e9c80807e?s=96&d=mm&r=g","url":"https:\/\/secure.gravatar.com\/avatar\/1dc7c1ffd136391c1a6d8806c3431e1a2dd9445015e3f66472e3c63e9c80807e?s=96&d=mm&r=g","contentUrl":"https:\/\/secure.gravatar.com\/avatar\/1dc7c1ffd136391c1a6d8806c3431e1a2dd9445015e3f66472e3c63e9c80807e?s=96&d=mm&r=g","caption":"La R\u00e9daction"},"url":"https:\/\/sunupost.com\/?author=10"}]}},"_links":{"self":[{"href":"https:\/\/sunupost.com\/index.php?rest_route=\/wp\/v2\/posts\/4254","targetHints":{"allow":["GET"]}}],"collection":[{"href":"https:\/\/sunupost.com\/index.php?rest_route=\/wp\/v2\/posts"}],"about":[{"href":"https:\/\/sunupost.com\/index.php?rest_route=\/wp\/v2\/types\/post"}],"author":[{"embeddable":true,"href":"https:\/\/sunupost.com\/index.php?rest_route=\/wp\/v2\/users\/10"}],"replies":[{"embeddable":true,"href":"https:\/\/sunupost.com\/index.php?rest_route=%2Fwp%2Fv2%2Fcomments&post=4254"}],"version-history":[{"count":0,"href":"https:\/\/sunupost.com\/index.php?rest_route=\/wp\/v2\/posts\/4254\/revisions"}],"wp:featuredmedia":[{"embeddable":true,"href":"https:\/\/sunupost.com\/index.php?rest_route=\/wp\/v2\/media\/4255"}],"wp:attachment":[{"href":"https:\/\/sunupost.com\/index.php?rest_route=%2Fwp%2Fv2%2Fmedia&parent=4254"}],"wp:term":[{"taxonomy":"category","embeddable":true,"href":"https:\/\/sunupost.com\/index.php?rest_route=%2Fwp%2Fv2%2Fcategories&post=4254"},{"taxonomy":"post_tag","embeddable":true,"href":"https:\/\/sunupost.com\/index.php?rest_route=%2Fwp%2Fv2%2Ftags&post=4254"}],"curies":[{"name":"wp","href":"https:\/\/api.w.org\/{rel}","templated":true}]}}