{"id":4275,"date":"2020-09-22T11:12:11","date_gmt":"2020-09-22T11:12:11","guid":{"rendered":"https:\/\/sunupost.com\/?p=4275"},"modified":"2020-09-22T11:12:11","modified_gmt":"2020-09-22T11:12:11","slug":"souvenir-22-septembre-2017-22-septembre-2020-3-ans-deja","status":"publish","type":"post","link":"https:\/\/sunupost.com\/?p=4275","title":{"rendered":"Souvenir : 22 Septembre 2017-22 Septembre 2020 ,3 Ans D\u00e9j\u00e0"},"content":{"rendered":"<p style=\"text-align: justify;\">Le 22 septembre 2017, El Hadji Abdoul Aziz Sy \u00ab\u00a0Al Amine\u00a0\u00bb, tirait sa r\u00e9v\u00e9rence une nuit du jeudi au vendredi \u00e0 l&rsquo;\u00e2ge de 89 ans. Il \u00e9tait le Khalife g\u00e9n\u00e9ral des Tidianes, en remplacement de son fr\u00e8re a\u00een\u00e9, Cheikh Ahmet Tidiane Sy. Trois ans apr\u00e8s, le S\u00e9n\u00e9gal pleure encore ce rassembleur.<\/p>\n<p>N\u00e9 en 1928 \u00e0 Tivaouane, le fils du 1er Khalife de Maodo, Serigne Babacar Sy (rta) et de Sokhna Astou Kane (rta), a fait ses premi\u00e8res classes en m\u00eame temps que ses fr\u00e8res, Serigne Mansour (Rta) et Serigne Cheikh, aupr\u00e8s de Serigine Alioune Alioune Gu\u00e8ye (rta).<\/p>\n<p>Tr\u00e8s t\u00f4t, son p\u00e8re Serigne Babacar Sy (ra) l\u2019avait choisi comme son bras droit en charge de l\u2019intendance de Tivaouane. Quand celui-ci fut rappel\u00e9 \u00e0 Dieu, Serigne Mansour Sy (rta) \u00abBoroom Daaradji\u00bb et Serigne Cheikh Tidiane Sy Al Makhtoum confirm\u00e8rent leur fr\u00e8re cadet \u00e0 ce poste.<\/p>\n<p>Par la suite, Dabakh Malick (rta) l\u2019a officiellement d\u00e9sign\u00e9 comme porte-parole de la confr\u00e9rie Tidjane du S\u00e9n\u00e9gal. Apr\u00e8s le d\u00e9c\u00e8s de celui-ci, Serigne Mansour Sy (ra) l\u2019a maintenu \u00e0 sa fonction. Il faudra toutefois rappeler la complicit\u00e9 qui a exist\u00e9 entre les deux hommes.<\/p>\n<p>Suite au rappel \u00e0 Dieu (swt) de Serigne Mansour Sy (rta), Mawlaya Cheikh Ahmed Tidiane Sy Al Maqtum\u00a0 a envoy\u00e9 son fr\u00e8re cadet Serigne Pape Malick Sy accompagn\u00e9 de Maodo Malick Sy et Abdourahmane Sarr Sy (tous les deux \u00a0fils de l&rsquo;actuel Khalife) pour confirmer la gestion de l&rsquo;intendance de Tivaouane par Mawlaya Abdou Aziz Sy Al Amin At Tidjani.<\/p>\n<p>Ce dernier est l\u2019initiateur du Coskas, \u00abmouvement permanent d\u2019avant-garde de la famille Sy\u00bb selon son mot, charg\u00e9 d\u2019assurer l\u2019organisation physique et financi\u00e8re du Mawlidou Nabie (sas). C\u2019\u00e9tait en 1968, confront\u00e9 \u00e0 la r\u00e9volte des \u00e9tudiants et des travailleurs, le gouvernement ne pouvait pas envoyer suffisamment d\u2019agents de s\u00e9curit\u00e9 \u00e0 Tivaouane. C\u2019est alors que \u00abAl-Amin\u00bb et son ami Ibrahima Samb eurent l\u2019id\u00e9e de monter une milice compos\u00e9e de 71 personnes. On pourrait affirmer sans risque de se tromper que Serigne Abdou Aziz \u00abAl-Amin\u00bb est l\u2019un des principaux facteurs d\u2019unification de la famille de El Hadji Malick Sy (rta) et de l\u2019Islam en g\u00e9n\u00e9ral.<\/p>\n<p>Son esprit d\u2019ouverture, son sens des relations humaines, son esprit de citoyennet\u00e9 et sa perception de la R\u00e9publique sont en permanence raffermis par son patriotisme inextricable \u00e0 l\u2019enseignement islamique. \u00ab Khutbul watane, minal imaan \u00bb, (aimer et croire en son pays est un acte de foi), est le paradigme qui a toujours \u00e9t\u00e9 son viatique. M\u00e9diateur, mod\u00e9rateur, conciliateur et unificateur, il fait de l\u2019unit\u00e9 de la famille de Maodo, de la communaut\u00e9 musulmane et de la Nation la finalit\u00e9 de son action.<\/p>\n<p>Al Amine \u00e9tait \u00e9galement un unificateur, un rassembleur. On se souvient de ces m\u00e9diations entre l&rsquo;ancien pr\u00e9sident Abdoulaye Wade et son ex-premier ministre Idrissa Seck, en 2017. Il avait par ailleurs \u0153uvr\u00e9 pour la lib\u00e9ration de Karim Wade aupr\u00e8s du pr\u00e9sident Macky Sall.<\/p>\n","protected":false},"excerpt":{"rendered":"<p>Le 22 septembre 2017, El Hadji Abdoul Aziz Sy \u00ab\u00a0Al Amine\u00a0\u00bb, tirait sa r\u00e9v\u00e9rence une nuit du jeudi au vendredi \u00e0 l&rsquo;\u00e2ge de 89 ans&#8230;.<\/p>\n","protected":false},"author":10,"featured_media":4276,"comment_status":"open","ping_status":"open","sticky":false,"template":"","format":"standard","meta":{"_coblocks_attr":"","_coblocks_dimensions":"","_coblocks_responsive_height":"","_coblocks_accordion_ie_support":"","_monsterinsights_skip_tracking":false,"_monsterinsights_sitenote_active":false,"_monsterinsights_sitenote_note":"","_monsterinsights_sitenote_category":0,"h5ap_radio_sources":[],"footnotes":""},"categories":[11],"tags":[],"class_list":["post-4275","post","type-post","status-publish","format-standard","has-post-thumbnail","hentry","category-societe","wpcat-11-id"],"yoast_head":"<!-- This site is optimized with the Yoast SEO plugin v27.5 - https:\/\/yoast.com\/product\/yoast-seo-wordpress\/ -->\n<title>Souvenir : 22 Septembre 2017-22 Septembre 2020 ,3 Ans D\u00e9j\u00e0 - SUNUPOST<\/title>\n<meta name=\"robots\" content=\"index, follow, max-snippet:-1, max-image-preview:large, max-video-preview:-1\" \/>\n<link rel=\"canonical\" href=\"https:\/\/sunupost.com\/?p=4275\" \/>\n<meta property=\"og:locale\" content=\"fr_FR\" \/>\n<meta property=\"og:type\" content=\"article\" \/>\n<meta property=\"og:title\" content=\"Souvenir : 22 Septembre 2017-22 Septembre 2020 ,3 Ans D\u00e9j\u00e0 - SUNUPOST\" \/>\n<meta property=\"og:description\" content=\"Le 22 septembre 2017, El Hadji Abdoul Aziz Sy \u00ab\u00a0Al Amine\u00a0\u00bb, tirait sa r\u00e9v\u00e9rence une nuit du jeudi au vendredi \u00e0 l&rsquo;\u00e2ge de 89 ans....\" \/>\n<meta property=\"og:url\" content=\"https:\/\/sunupost.com\/?p=4275\" \/>\n<meta property=\"og:site_name\" content=\"SUNUPOST\" \/>\n<meta property=\"article:publisher\" content=\"https:\/\/web.facebook.com\/Sunupost-101026658237468\/\" \/>\n<meta property=\"article:published_time\" content=\"2020-09-22T11:12:11+00:00\" \/>\n<meta property=\"og:image\" content=\"https:\/\/secureservercdn.net\/198.71.233.69\/17w.044.myftpupload.com\/wp-content\/uploads\/2020\/09\/6226154-9302281.jpg?time=1663120763\" \/>\n\t<meta property=\"og:image:width\" content=\"800\" \/>\n\t<meta property=\"og:image:height\" content=\"531\" \/>\n\t<meta property=\"og:image:type\" content=\"image\/jpeg\" \/>\n<meta name=\"author\" content=\"La R\u00e9daction\" \/>\n<meta name=\"twitter:card\" content=\"summary_large_image\" \/>\n<meta name=\"twitter:creator\" content=\"@sunupost\" \/>\n<meta name=\"twitter:site\" content=\"@sunupost\" \/>\n<meta name=\"twitter:label1\" content=\"\u00c9crit par\" \/>\n\t<meta name=\"twitter:data1\" content=\"La R\u00e9daction\" \/>\n\t<meta name=\"twitter:label2\" content=\"Dur\u00e9e de lecture estim\u00e9e\" \/>\n\t<meta name=\"twitter:data2\" content=\"3 minutes\" \/>\n<script type=\"application\/ld+json\" class=\"yoast-schema-graph\">{\"@context\":\"https:\\\/\\\/schema.org\",\"@graph\":[{\"@type\":\"Article\",\"@id\":\"https:\\\/\\\/sunupost.com\\\/?p=4275#article\",\"isPartOf\":{\"@id\":\"https:\\\/\\\/sunupost.com\\\/?p=4275\"},\"author\":{\"name\":\"La R\u00e9daction\",\"@id\":\"https:\\\/\\\/sunupost.com\\\/#\\\/schema\\\/person\\\/9c04c80a48c29cd2be004cf57947ebb0\"},\"headline\":\"Souvenir : 22 Septembre 2017-22 Septembre 2020 ,3 Ans D\u00e9j\u00e0\",\"datePublished\":\"2020-09-22T11:12:11+00:00\",\"mainEntityOfPage\":{\"@id\":\"https:\\\/\\\/sunupost.com\\\/?p=4275\"},\"wordCount\":527,\"commentCount\":282,\"publisher\":{\"@id\":\"https:\\\/\\\/sunupost.com\\\/#organization\"},\"image\":{\"@id\":\"https:\\\/\\\/sunupost.com\\\/?p=4275#primaryimage\"},\"thumbnailUrl\":\"https:\\\/\\\/sunupost.com\\\/wp-content\\\/uploads\\\/2020\\\/09\\\/6226154-9302281.jpg\",\"articleSection\":[\"SOCIETE\"],\"inLanguage\":\"fr-FR\",\"potentialAction\":[{\"@type\":\"CommentAction\",\"name\":\"Comment\",\"target\":[\"https:\\\/\\\/sunupost.com\\\/?p=4275#respond\"]}]},{\"@type\":\"WebPage\",\"@id\":\"https:\\\/\\\/sunupost.com\\\/?p=4275\",\"url\":\"https:\\\/\\\/sunupost.com\\\/?p=4275\",\"name\":\"Souvenir : 22 Septembre 2017-22 Septembre 2020 ,3 Ans D\u00e9j\u00e0 - SUNUPOST\",\"isPartOf\":{\"@id\":\"https:\\\/\\\/sunupost.com\\\/#website\"},\"primaryImageOfPage\":{\"@id\":\"https:\\\/\\\/sunupost.com\\\/?p=4275#primaryimage\"},\"image\":{\"@id\":\"https:\\\/\\\/sunupost.com\\\/?p=4275#primaryimage\"},\"thumbnailUrl\":\"https:\\\/\\\/sunupost.com\\\/wp-content\\\/uploads\\\/2020\\\/09\\\/6226154-9302281.jpg\",\"datePublished\":\"2020-09-22T11:12:11+00:00\",\"breadcrumb\":{\"@id\":\"https:\\\/\\\/sunupost.com\\\/?p=4275#breadcrumb\"},\"inLanguage\":\"fr-FR\",\"potentialAction\":[{\"@type\":\"ReadAction\",\"target\":[\"https:\\\/\\\/sunupost.com\\\/?p=4275\"]}]},{\"@type\":\"ImageObject\",\"inLanguage\":\"fr-FR\",\"@id\":\"https:\\\/\\\/sunupost.com\\\/?p=4275#primaryimage\",\"url\":\"https:\\\/\\\/sunupost.com\\\/wp-content\\\/uploads\\\/2020\\\/09\\\/6226154-9302281.jpg\",\"contentUrl\":\"https:\\\/\\\/sunupost.com\\\/wp-content\\\/uploads\\\/2020\\\/09\\\/6226154-9302281.jpg\",\"width\":800,\"height\":531},{\"@type\":\"BreadcrumbList\",\"@id\":\"https:\\\/\\\/sunupost.com\\\/?p=4275#breadcrumb\",\"itemListElement\":[{\"@type\":\"ListItem\",\"position\":1,\"name\":\"Home\",\"item\":\"https:\\\/\\\/sunupost.com\\\/\"},{\"@type\":\"ListItem\",\"position\":2,\"name\":\"Souvenir : 22 Septembre 2017-22 Septembre 2020 ,3 Ans D\u00e9j\u00e0\"}]},{\"@type\":\"WebSite\",\"@id\":\"https:\\\/\\\/sunupost.com\\\/#website\",\"url\":\"https:\\\/\\\/sunupost.com\\\/\",\"name\":\"SUNUPOST\",\"description\":\"Pens\u00e9e libre\",\"publisher\":{\"@id\":\"https:\\\/\\\/sunupost.com\\\/#organization\"},\"potentialAction\":[{\"@type\":\"SearchAction\",\"target\":{\"@type\":\"EntryPoint\",\"urlTemplate\":\"https:\\\/\\\/sunupost.com\\\/?s={search_term_string}\"},\"query-input\":{\"@type\":\"PropertyValueSpecification\",\"valueRequired\":true,\"valueName\":\"search_term_string\"}}],\"inLanguage\":\"fr-FR\"},{\"@type\":\"Organization\",\"@id\":\"https:\\\/\\\/sunupost.com\\\/#organization\",\"name\":\"SUNUPOST\",\"url\":\"https:\\\/\\\/sunupost.com\\\/\",\"logo\":{\"@type\":\"ImageObject\",\"inLanguage\":\"fr-FR\",\"@id\":\"https:\\\/\\\/sunupost.com\\\/#\\\/schema\\\/logo\\\/image\\\/\",\"url\":\"https:\\\/\\\/secureservercdn.net\\\/198.71.233.206\\\/17w.044.myftpupload.com\\\/wp-content\\\/uploads\\\/2020\\\/05\\\/Lancement.jpg?time=1639052812\",\"contentUrl\":\"https:\\\/\\\/secureservercdn.net\\\/198.71.233.206\\\/17w.044.myftpupload.com\\\/wp-content\\\/uploads\\\/2020\\\/05\\\/Lancement.jpg?time=1639052812\",\"width\":300,\"height\":100,\"caption\":\"SUNUPOST\"},\"image\":{\"@id\":\"https:\\\/\\\/sunupost.com\\\/#\\\/schema\\\/logo\\\/image\\\/\"},\"sameAs\":[\"https:\\\/\\\/web.facebook.com\\\/Sunupost-101026658237468\\\/\",\"https:\\\/\\\/x.com\\\/sunupost\",\"https:\\\/\\\/www.instagram.com\\\/sunupost\\\/\",\"https:\\\/\\\/www.youtube.com\\\/channel\\\/UCd7V7bCkLDOee8yr7CW4Dpw\"]},{\"@type\":\"Person\",\"@id\":\"https:\\\/\\\/sunupost.com\\\/#\\\/schema\\\/person\\\/9c04c80a48c29cd2be004cf57947ebb0\",\"name\":\"La R\u00e9daction\",\"image\":{\"@type\":\"ImageObject\",\"inLanguage\":\"fr-FR\",\"@id\":\"https:\\\/\\\/secure.gravatar.com\\\/avatar\\\/1dc7c1ffd136391c1a6d8806c3431e1a2dd9445015e3f66472e3c63e9c80807e?s=96&d=mm&r=g\",\"url\":\"https:\\\/\\\/secure.gravatar.com\\\/avatar\\\/1dc7c1ffd136391c1a6d8806c3431e1a2dd9445015e3f66472e3c63e9c80807e?s=96&d=mm&r=g\",\"contentUrl\":\"https:\\\/\\\/secure.gravatar.com\\\/avatar\\\/1dc7c1ffd136391c1a6d8806c3431e1a2dd9445015e3f66472e3c63e9c80807e?s=96&d=mm&r=g\",\"caption\":\"La R\u00e9daction\"},\"url\":\"https:\\\/\\\/sunupost.com\\\/?author=10\"}]}<\/script>\n<!-- \/ Yoast SEO plugin. -->","yoast_head_json":{"title":"Souvenir : 22 Septembre 2017-22 Septembre 2020 ,3 Ans D\u00e9j\u00e0 - SUNUPOST","robots":{"index":"index","follow":"follow","max-snippet":"max-snippet:-1","max-image-preview":"max-image-preview:large","max-video-preview":"max-video-preview:-1"},"canonical":"https:\/\/sunupost.com\/?p=4275","og_locale":"fr_FR","og_type":"article","og_title":"Souvenir : 22 Septembre 2017-22 Septembre 2020 ,3 Ans D\u00e9j\u00e0 - SUNUPOST","og_description":"Le 22 septembre 2017, El Hadji Abdoul Aziz Sy \u00ab\u00a0Al Amine\u00a0\u00bb, tirait sa r\u00e9v\u00e9rence une nuit du jeudi au vendredi \u00e0 l&rsquo;\u00e2ge de 89 ans....","og_url":"https:\/\/sunupost.com\/?p=4275","og_site_name":"SUNUPOST","article_publisher":"https:\/\/web.facebook.com\/Sunupost-101026658237468\/","article_published_time":"2020-09-22T11:12:11+00:00","og_image":[{"width":800,"height":531,"url":"https:\/\/secureservercdn.net\/198.71.233.69\/17w.044.myftpupload.com\/wp-content\/uploads\/2020\/09\/6226154-9302281.jpg?time=1663120763","type":"image\/jpeg"}],"author":"La R\u00e9daction","twitter_card":"summary_large_image","twitter_creator":"@sunupost","twitter_site":"@sunupost","twitter_misc":{"\u00c9crit par":"La R\u00e9daction","Dur\u00e9e de lecture estim\u00e9e":"3 minutes"},"schema":{"@context":"https:\/\/schema.org","@graph":[{"@type":"Article","@id":"https:\/\/sunupost.com\/?p=4275#article","isPartOf":{"@id":"https:\/\/sunupost.com\/?p=4275"},"author":{"name":"La R\u00e9daction","@id":"https:\/\/sunupost.com\/#\/schema\/person\/9c04c80a48c29cd2be004cf57947ebb0"},"headline":"Souvenir : 22 Septembre 2017-22 Septembre 2020 ,3 Ans D\u00e9j\u00e0","datePublished":"2020-09-22T11:12:11+00:00","mainEntityOfPage":{"@id":"https:\/\/sunupost.com\/?p=4275"},"wordCount":527,"commentCount":282,"publisher":{"@id":"https:\/\/sunupost.com\/#organization"},"image":{"@id":"https:\/\/sunupost.com\/?p=4275#primaryimage"},"thumbnailUrl":"https:\/\/sunupost.com\/wp-content\/uploads\/2020\/09\/6226154-9302281.jpg","articleSection":["SOCIETE"],"inLanguage":"fr-FR","potentialAction":[{"@type":"CommentAction","name":"Comment","target":["https:\/\/sunupost.com\/?p=4275#respond"]}]},{"@type":"WebPage","@id":"https:\/\/sunupost.com\/?p=4275","url":"https:\/\/sunupost.com\/?p=4275","name":"Souvenir : 22 Septembre 2017-22 Septembre 2020 ,3 Ans D\u00e9j\u00e0 - SUNUPOST","isPartOf":{"@id":"https:\/\/sunupost.com\/#website"},"primaryImageOfPage":{"@id":"https:\/\/sunupost.com\/?p=4275#primaryimage"},"image":{"@id":"https:\/\/sunupost.com\/?p=4275#primaryimage"},"thumbnailUrl":"https:\/\/sunupost.com\/wp-content\/uploads\/2020\/09\/6226154-9302281.jpg","datePublished":"2020-09-22T11:12:11+00:00","breadcrumb":{"@id":"https:\/\/sunupost.com\/?p=4275#breadcrumb"},"inLanguage":"fr-FR","potentialAction":[{"@type":"ReadAction","target":["https:\/\/sunupost.com\/?p=4275"]}]},{"@type":"ImageObject","inLanguage":"fr-FR","@id":"https:\/\/sunupost.com\/?p=4275#primaryimage","url":"https:\/\/sunupost.com\/wp-content\/uploads\/2020\/09\/6226154-9302281.jpg","contentUrl":"https:\/\/sunupost.com\/wp-content\/uploads\/2020\/09\/6226154-9302281.jpg","width":800,"height":531},{"@type":"BreadcrumbList","@id":"https:\/\/sunupost.com\/?p=4275#breadcrumb","itemListElement":[{"@type":"ListItem","position":1,"name":"Home","item":"https:\/\/sunupost.com\/"},{"@type":"ListItem","position":2,"name":"Souvenir : 22 Septembre 2017-22 Septembre 2020 ,3 Ans D\u00e9j\u00e0"}]},{"@type":"WebSite","@id":"https:\/\/sunupost.com\/#website","url":"https:\/\/sunupost.com\/","name":"SUNUPOST","description":"Pens\u00e9e libre","publisher":{"@id":"https:\/\/sunupost.com\/#organization"},"potentialAction":[{"@type":"SearchAction","target":{"@type":"EntryPoint","urlTemplate":"https:\/\/sunupost.com\/?s={search_term_string}"},"query-input":{"@type":"PropertyValueSpecification","valueRequired":true,"valueName":"search_term_string"}}],"inLanguage":"fr-FR"},{"@type":"Organization","@id":"https:\/\/sunupost.com\/#organization","name":"SUNUPOST","url":"https:\/\/sunupost.com\/","logo":{"@type":"ImageObject","inLanguage":"fr-FR","@id":"https:\/\/sunupost.com\/#\/schema\/logo\/image\/","url":"https:\/\/secureservercdn.net\/198.71.233.206\/17w.044.myftpupload.com\/wp-content\/uploads\/2020\/05\/Lancement.jpg?time=1639052812","contentUrl":"https:\/\/secureservercdn.net\/198.71.233.206\/17w.044.myftpupload.com\/wp-content\/uploads\/2020\/05\/Lancement.jpg?time=1639052812","width":300,"height":100,"caption":"SUNUPOST"},"image":{"@id":"https:\/\/sunupost.com\/#\/schema\/logo\/image\/"},"sameAs":["https:\/\/web.facebook.com\/Sunupost-101026658237468\/","https:\/\/x.com\/sunupost","https:\/\/www.instagram.com\/sunupost\/","https:\/\/www.youtube.com\/channel\/UCd7V7bCkLDOee8yr7CW4Dpw"]},{"@type":"Person","@id":"https:\/\/sunupost.com\/#\/schema\/person\/9c04c80a48c29cd2be004cf57947ebb0","name":"La R\u00e9daction","image":{"@type":"ImageObject","inLanguage":"fr-FR","@id":"https:\/\/secure.gravatar.com\/avatar\/1dc7c1ffd136391c1a6d8806c3431e1a2dd9445015e3f66472e3c63e9c80807e?s=96&d=mm&r=g","url":"https:\/\/secure.gravatar.com\/avatar\/1dc7c1ffd136391c1a6d8806c3431e1a2dd9445015e3f66472e3c63e9c80807e?s=96&d=mm&r=g","contentUrl":"https:\/\/secure.gravatar.com\/avatar\/1dc7c1ffd136391c1a6d8806c3431e1a2dd9445015e3f66472e3c63e9c80807e?s=96&d=mm&r=g","caption":"La R\u00e9daction"},"url":"https:\/\/sunupost.com\/?author=10"}]}},"_links":{"self":[{"href":"https:\/\/sunupost.com\/index.php?rest_route=\/wp\/v2\/posts\/4275","targetHints":{"allow":["GET"]}}],"collection":[{"href":"https:\/\/sunupost.com\/index.php?rest_route=\/wp\/v2\/posts"}],"about":[{"href":"https:\/\/sunupost.com\/index.php?rest_route=\/wp\/v2\/types\/post"}],"author":[{"embeddable":true,"href":"https:\/\/sunupost.com\/index.php?rest_route=\/wp\/v2\/users\/10"}],"replies":[{"embeddable":true,"href":"https:\/\/sunupost.com\/index.php?rest_route=%2Fwp%2Fv2%2Fcomments&post=4275"}],"version-history":[{"count":0,"href":"https:\/\/sunupost.com\/index.php?rest_route=\/wp\/v2\/posts\/4275\/revisions"}],"wp:featuredmedia":[{"embeddable":true,"href":"https:\/\/sunupost.com\/index.php?rest_route=\/wp\/v2\/media\/4276"}],"wp:attachment":[{"href":"https:\/\/sunupost.com\/index.php?rest_route=%2Fwp%2Fv2%2Fmedia&parent=4275"}],"wp:term":[{"taxonomy":"category","embeddable":true,"href":"https:\/\/sunupost.com\/index.php?rest_route=%2Fwp%2Fv2%2Fcategories&post=4275"},{"taxonomy":"post_tag","embeddable":true,"href":"https:\/\/sunupost.com\/index.php?rest_route=%2Fwp%2Fv2%2Ftags&post=4275"}],"curies":[{"name":"wp","href":"https:\/\/api.w.org\/{rel}","templated":true}]}}