{"id":4289,"date":"2020-09-22T19:21:51","date_gmt":"2020-09-22T19:21:51","guid":{"rendered":"https:\/\/sunupost.com\/?p=4289"},"modified":"2020-09-22T19:21:51","modified_gmt":"2020-09-22T19:21:51","slug":"justice-karim-wade-retrouve-son-droit-detre-electeur-et-eligible","status":"publish","type":"post","link":"https:\/\/sunupost.com\/?p=4289","title":{"rendered":"Justice : Karim Wade Retrouve Son Droit D\u2019\u00catre \u00c9lecteur Et \u00c9ligible"},"content":{"rendered":"<p style=\"text-align: justify;\">Le Collectif des avocats de Karim Wade, informe l\u2019opinion publique nationale et internationale que, depuis le 21 ao\u00fbt 2020, le code \u00e9lectoral ne peut plus \u00eatre invoqu\u00e9 par l\u2019Etat du S\u00e9n\u00e9gal pour faire obstacle \u00e0 l\u2019inscription de leur client sur les listes \u00e9lectorales et \u00e0 sa candidature \u00e0 toute \u00e9lection.<\/p>\n<p>Alors que la Cour de r\u00e9pression de l\u2019enrichissement illicite (CREI), juridiction d\u2019exception, n\u2019\u00e9tait pas all\u00e9e jusqu\u2019\u00e0 priver Karim Wade de ses droits civils et politiques, l\u2019Etat du S\u00e9n\u00e9gal a arbitrairement, sans aucune base l\u00e9gale, radi\u00e9 notre client des listes \u00e9lectorales en se pr\u00e9valant de l\u2019article L.31 du code \u00e9lectoral qui interdit l\u2019inscription aux personnes condamn\u00e9es.<\/p>\n<p>Toutefois, l\u2019article L32 du code \u00e9lectoral limite cette interdiction d\u2019inscription sur les listes \u00e0 une dur\u00e9e de 5 ans. Ainsi, depuis le 21 Ao\u00fbt 2020, Karim Wade devient \u00e9lecteur et \u00e9ligible en vertu de la loi \u00e9lectorale et par l\u2019expiration du d\u00e9lai de 5 ans suivant la d\u00e9cision de la Cour supr\u00eame du 20 Ao\u00fbt 2015 qui avait rejet\u00e9 son pourvoi contre l\u2019arr\u00eat de condamnation par la CREI.<\/p>\n<p>Le collectif rappelle que l\u2019\u00c9tat du S\u00e9n\u00e9gal a gravement et de mani\u00e8re persistante bafou\u00e9 les droits de Karim Wade et refus\u00e9 d\u2019appliquer la d\u00e9cision du Comit\u00e9 des droits de l\u2019homme des Nations Unies qui a jug\u00e9, en 2018, que l\u2019arr\u00eat de la CREI violait le Pacte international relatif aux droits civils et politiques et que l\u2019\u00c9tat du S\u00e9n\u00e9gal \u00e9tait tenu de faire r\u00e9examiner la condamnation de Karim Wade. Par ailleurs, le 31 octobre 2019, le Comit\u00e9 avait solennellement d\u00e9clar\u00e9 qu\u2019il \u00e9tait \u00abpr\u00e9occup\u00e9 par le fait que la d\u00e9cision du Conseil constitutionnel intervenue le 20 janvier 2019 (&#8230;) a invalid\u00e9 la candidature de celui-ci au motif qu\u2019il avait \u00e9t\u00e9 condamn\u00e9\u00bb.<\/p>\n<p>Le Collectif rappelle \u00e0 l\u2019\u00c9tat du S\u00e9n\u00e9gal qu\u2019il est tenu de se conformer strictement au respect de la Constitution et des trait\u00e9s internationaux qui garantissent les droits de Karim Wade, viol\u00e9s par les autorit\u00e9s de son pays depuis 2012.<\/p>\n<p>Il lui demande de proc\u00e9der sans d\u00e9lai \u00e0 la r\u00e9inscription de Karim Wade sur les listes \u00e9lectorales et r\u00e9affirme sa d\u00e9termination \u00e0 faire r\u00e9viser son proc\u00e8s, comme l\u2019exigent le Comit\u00e9 des droits de l\u2019homme des Nations Unies ainsi que de nombreuses organisations qui agissent pour la d\u00e9fense des droits de l\u2019homme et le respect des libert\u00e9s et de la d\u00e9mocratie au S\u00e9n\u00e9gal<\/p>\n","protected":false},"excerpt":{"rendered":"<p>Le Collectif des avocats de Karim Wade, informe l\u2019opinion publique nationale et internationale que, depuis le 21 ao\u00fbt 2020, le code \u00e9lectoral ne peut plus&#8230;<\/p>\n","protected":false},"author":10,"featured_media":4290,"comment_status":"open","ping_status":"open","sticky":false,"template":"","format":"standard","meta":{"_coblocks_attr":"","_coblocks_dimensions":"","_coblocks_responsive_height":"","_coblocks_accordion_ie_support":"","_monsterinsights_skip_tracking":false,"_monsterinsights_sitenote_active":false,"_monsterinsights_sitenote_note":"","_monsterinsights_sitenote_category":0,"h5ap_radio_sources":[],"footnotes":""},"categories":[6],"tags":[],"class_list":["post-4289","post","type-post","status-publish","format-standard","has-post-thumbnail","hentry","category-politique","wpcat-6-id"],"yoast_head":"<!-- This site is optimized with the Yoast SEO plugin v27.5 - https:\/\/yoast.com\/product\/yoast-seo-wordpress\/ -->\n<title>Justice : Karim Wade Retrouve Son Droit D\u2019\u00catre \u00c9lecteur Et \u00c9ligible - SUNUPOST<\/title>\n<meta name=\"robots\" content=\"index, follow, max-snippet:-1, max-image-preview:large, max-video-preview:-1\" \/>\n<link rel=\"canonical\" href=\"https:\/\/sunupost.com\/?p=4289\" \/>\n<meta property=\"og:locale\" content=\"fr_FR\" \/>\n<meta property=\"og:type\" content=\"article\" \/>\n<meta property=\"og:title\" content=\"Justice : Karim Wade Retrouve Son Droit D\u2019\u00catre \u00c9lecteur Et \u00c9ligible - SUNUPOST\" \/>\n<meta property=\"og:description\" content=\"Le Collectif des avocats de Karim Wade, informe l\u2019opinion publique nationale et internationale que, depuis le 21 ao\u00fbt 2020, le code \u00e9lectoral ne peut plus...\" \/>\n<meta property=\"og:url\" content=\"https:\/\/sunupost.com\/?p=4289\" \/>\n<meta property=\"og:site_name\" content=\"SUNUPOST\" \/>\n<meta property=\"article:publisher\" content=\"https:\/\/web.facebook.com\/Sunupost-101026658237468\/\" \/>\n<meta property=\"article:published_time\" content=\"2020-09-22T19:21:51+00:00\" \/>\n<meta property=\"og:image\" content=\"https:\/\/secureservercdn.net\/198.71.233.69\/17w.044.myftpupload.com\/wp-content\/uploads\/2020\/09\/20200922_191521.jpg?time=1663116218\" \/>\n\t<meta property=\"og:image:width\" content=\"1000\" \/>\n\t<meta property=\"og:image:height\" content=\"579\" \/>\n\t<meta property=\"og:image:type\" content=\"image\/jpeg\" \/>\n<meta name=\"author\" content=\"La R\u00e9daction\" \/>\n<meta name=\"twitter:card\" content=\"summary_large_image\" \/>\n<meta name=\"twitter:creator\" content=\"@sunupost\" \/>\n<meta name=\"twitter:site\" content=\"@sunupost\" \/>\n<meta name=\"twitter:label1\" content=\"\u00c9crit par\" \/>\n\t<meta name=\"twitter:data1\" content=\"La R\u00e9daction\" \/>\n\t<meta name=\"twitter:label2\" content=\"Dur\u00e9e de lecture estim\u00e9e\" \/>\n\t<meta name=\"twitter:data2\" content=\"2 minutes\" \/>\n<script type=\"application\/ld+json\" class=\"yoast-schema-graph\">{\"@context\":\"https:\\\/\\\/schema.org\",\"@graph\":[{\"@type\":\"Article\",\"@id\":\"https:\\\/\\\/sunupost.com\\\/?p=4289#article\",\"isPartOf\":{\"@id\":\"https:\\\/\\\/sunupost.com\\\/?p=4289\"},\"author\":{\"name\":\"La R\u00e9daction\",\"@id\":\"https:\\\/\\\/sunupost.com\\\/#\\\/schema\\\/person\\\/9c04c80a48c29cd2be004cf57947ebb0\"},\"headline\":\"Justice : Karim Wade Retrouve Son Droit D\u2019\u00catre \u00c9lecteur Et \u00c9ligible\",\"datePublished\":\"2020-09-22T19:21:51+00:00\",\"mainEntityOfPage\":{\"@id\":\"https:\\\/\\\/sunupost.com\\\/?p=4289\"},\"wordCount\":442,\"commentCount\":1908,\"publisher\":{\"@id\":\"https:\\\/\\\/sunupost.com\\\/#organization\"},\"image\":{\"@id\":\"https:\\\/\\\/sunupost.com\\\/?p=4289#primaryimage\"},\"thumbnailUrl\":\"https:\\\/\\\/sunupost.com\\\/wp-content\\\/uploads\\\/2020\\\/09\\\/20200922_191521.jpg\",\"articleSection\":[\"POLITIQUE\"],\"inLanguage\":\"fr-FR\",\"potentialAction\":[{\"@type\":\"CommentAction\",\"name\":\"Comment\",\"target\":[\"https:\\\/\\\/sunupost.com\\\/?p=4289#respond\"]}]},{\"@type\":\"WebPage\",\"@id\":\"https:\\\/\\\/sunupost.com\\\/?p=4289\",\"url\":\"https:\\\/\\\/sunupost.com\\\/?p=4289\",\"name\":\"Justice : Karim Wade Retrouve Son Droit D\u2019\u00catre \u00c9lecteur Et \u00c9ligible - SUNUPOST\",\"isPartOf\":{\"@id\":\"https:\\\/\\\/sunupost.com\\\/#website\"},\"primaryImageOfPage\":{\"@id\":\"https:\\\/\\\/sunupost.com\\\/?p=4289#primaryimage\"},\"image\":{\"@id\":\"https:\\\/\\\/sunupost.com\\\/?p=4289#primaryimage\"},\"thumbnailUrl\":\"https:\\\/\\\/sunupost.com\\\/wp-content\\\/uploads\\\/2020\\\/09\\\/20200922_191521.jpg\",\"datePublished\":\"2020-09-22T19:21:51+00:00\",\"breadcrumb\":{\"@id\":\"https:\\\/\\\/sunupost.com\\\/?p=4289#breadcrumb\"},\"inLanguage\":\"fr-FR\",\"potentialAction\":[{\"@type\":\"ReadAction\",\"target\":[\"https:\\\/\\\/sunupost.com\\\/?p=4289\"]}]},{\"@type\":\"ImageObject\",\"inLanguage\":\"fr-FR\",\"@id\":\"https:\\\/\\\/sunupost.com\\\/?p=4289#primaryimage\",\"url\":\"https:\\\/\\\/sunupost.com\\\/wp-content\\\/uploads\\\/2020\\\/09\\\/20200922_191521.jpg\",\"contentUrl\":\"https:\\\/\\\/sunupost.com\\\/wp-content\\\/uploads\\\/2020\\\/09\\\/20200922_191521.jpg\",\"width\":1000,\"height\":579},{\"@type\":\"BreadcrumbList\",\"@id\":\"https:\\\/\\\/sunupost.com\\\/?p=4289#breadcrumb\",\"itemListElement\":[{\"@type\":\"ListItem\",\"position\":1,\"name\":\"Home\",\"item\":\"https:\\\/\\\/sunupost.com\\\/\"},{\"@type\":\"ListItem\",\"position\":2,\"name\":\"Justice : Karim Wade Retrouve Son Droit D\u2019\u00catre \u00c9lecteur Et \u00c9ligible\"}]},{\"@type\":\"WebSite\",\"@id\":\"https:\\\/\\\/sunupost.com\\\/#website\",\"url\":\"https:\\\/\\\/sunupost.com\\\/\",\"name\":\"SUNUPOST\",\"description\":\"Pens\u00e9e libre\",\"publisher\":{\"@id\":\"https:\\\/\\\/sunupost.com\\\/#organization\"},\"potentialAction\":[{\"@type\":\"SearchAction\",\"target\":{\"@type\":\"EntryPoint\",\"urlTemplate\":\"https:\\\/\\\/sunupost.com\\\/?s={search_term_string}\"},\"query-input\":{\"@type\":\"PropertyValueSpecification\",\"valueRequired\":true,\"valueName\":\"search_term_string\"}}],\"inLanguage\":\"fr-FR\"},{\"@type\":\"Organization\",\"@id\":\"https:\\\/\\\/sunupost.com\\\/#organization\",\"name\":\"SUNUPOST\",\"url\":\"https:\\\/\\\/sunupost.com\\\/\",\"logo\":{\"@type\":\"ImageObject\",\"inLanguage\":\"fr-FR\",\"@id\":\"https:\\\/\\\/sunupost.com\\\/#\\\/schema\\\/logo\\\/image\\\/\",\"url\":\"https:\\\/\\\/secureservercdn.net\\\/198.71.233.206\\\/17w.044.myftpupload.com\\\/wp-content\\\/uploads\\\/2020\\\/05\\\/Lancement.jpg?time=1639052812\",\"contentUrl\":\"https:\\\/\\\/secureservercdn.net\\\/198.71.233.206\\\/17w.044.myftpupload.com\\\/wp-content\\\/uploads\\\/2020\\\/05\\\/Lancement.jpg?time=1639052812\",\"width\":300,\"height\":100,\"caption\":\"SUNUPOST\"},\"image\":{\"@id\":\"https:\\\/\\\/sunupost.com\\\/#\\\/schema\\\/logo\\\/image\\\/\"},\"sameAs\":[\"https:\\\/\\\/web.facebook.com\\\/Sunupost-101026658237468\\\/\",\"https:\\\/\\\/x.com\\\/sunupost\",\"https:\\\/\\\/www.instagram.com\\\/sunupost\\\/\",\"https:\\\/\\\/www.youtube.com\\\/channel\\\/UCd7V7bCkLDOee8yr7CW4Dpw\"]},{\"@type\":\"Person\",\"@id\":\"https:\\\/\\\/sunupost.com\\\/#\\\/schema\\\/person\\\/9c04c80a48c29cd2be004cf57947ebb0\",\"name\":\"La R\u00e9daction\",\"image\":{\"@type\":\"ImageObject\",\"inLanguage\":\"fr-FR\",\"@id\":\"https:\\\/\\\/secure.gravatar.com\\\/avatar\\\/1dc7c1ffd136391c1a6d8806c3431e1a2dd9445015e3f66472e3c63e9c80807e?s=96&d=mm&r=g\",\"url\":\"https:\\\/\\\/secure.gravatar.com\\\/avatar\\\/1dc7c1ffd136391c1a6d8806c3431e1a2dd9445015e3f66472e3c63e9c80807e?s=96&d=mm&r=g\",\"contentUrl\":\"https:\\\/\\\/secure.gravatar.com\\\/avatar\\\/1dc7c1ffd136391c1a6d8806c3431e1a2dd9445015e3f66472e3c63e9c80807e?s=96&d=mm&r=g\",\"caption\":\"La R\u00e9daction\"},\"url\":\"https:\\\/\\\/sunupost.com\\\/?author=10\"}]}<\/script>\n<!-- \/ Yoast SEO plugin. -->","yoast_head_json":{"title":"Justice : Karim Wade Retrouve Son Droit D\u2019\u00catre \u00c9lecteur Et \u00c9ligible - SUNUPOST","robots":{"index":"index","follow":"follow","max-snippet":"max-snippet:-1","max-image-preview":"max-image-preview:large","max-video-preview":"max-video-preview:-1"},"canonical":"https:\/\/sunupost.com\/?p=4289","og_locale":"fr_FR","og_type":"article","og_title":"Justice : Karim Wade Retrouve Son Droit D\u2019\u00catre \u00c9lecteur Et \u00c9ligible - SUNUPOST","og_description":"Le Collectif des avocats de Karim Wade, informe l\u2019opinion publique nationale et internationale que, depuis le 21 ao\u00fbt 2020, le code \u00e9lectoral ne peut plus...","og_url":"https:\/\/sunupost.com\/?p=4289","og_site_name":"SUNUPOST","article_publisher":"https:\/\/web.facebook.com\/Sunupost-101026658237468\/","article_published_time":"2020-09-22T19:21:51+00:00","og_image":[{"width":1000,"height":579,"url":"https:\/\/secureservercdn.net\/198.71.233.69\/17w.044.myftpupload.com\/wp-content\/uploads\/2020\/09\/20200922_191521.jpg?time=1663116218","type":"image\/jpeg"}],"author":"La R\u00e9daction","twitter_card":"summary_large_image","twitter_creator":"@sunupost","twitter_site":"@sunupost","twitter_misc":{"\u00c9crit par":"La R\u00e9daction","Dur\u00e9e de lecture estim\u00e9e":"2 minutes"},"schema":{"@context":"https:\/\/schema.org","@graph":[{"@type":"Article","@id":"https:\/\/sunupost.com\/?p=4289#article","isPartOf":{"@id":"https:\/\/sunupost.com\/?p=4289"},"author":{"name":"La R\u00e9daction","@id":"https:\/\/sunupost.com\/#\/schema\/person\/9c04c80a48c29cd2be004cf57947ebb0"},"headline":"Justice : Karim Wade Retrouve Son Droit D\u2019\u00catre \u00c9lecteur Et \u00c9ligible","datePublished":"2020-09-22T19:21:51+00:00","mainEntityOfPage":{"@id":"https:\/\/sunupost.com\/?p=4289"},"wordCount":442,"commentCount":1908,"publisher":{"@id":"https:\/\/sunupost.com\/#organization"},"image":{"@id":"https:\/\/sunupost.com\/?p=4289#primaryimage"},"thumbnailUrl":"https:\/\/sunupost.com\/wp-content\/uploads\/2020\/09\/20200922_191521.jpg","articleSection":["POLITIQUE"],"inLanguage":"fr-FR","potentialAction":[{"@type":"CommentAction","name":"Comment","target":["https:\/\/sunupost.com\/?p=4289#respond"]}]},{"@type":"WebPage","@id":"https:\/\/sunupost.com\/?p=4289","url":"https:\/\/sunupost.com\/?p=4289","name":"Justice : Karim Wade Retrouve Son Droit D\u2019\u00catre \u00c9lecteur Et \u00c9ligible - SUNUPOST","isPartOf":{"@id":"https:\/\/sunupost.com\/#website"},"primaryImageOfPage":{"@id":"https:\/\/sunupost.com\/?p=4289#primaryimage"},"image":{"@id":"https:\/\/sunupost.com\/?p=4289#primaryimage"},"thumbnailUrl":"https:\/\/sunupost.com\/wp-content\/uploads\/2020\/09\/20200922_191521.jpg","datePublished":"2020-09-22T19:21:51+00:00","breadcrumb":{"@id":"https:\/\/sunupost.com\/?p=4289#breadcrumb"},"inLanguage":"fr-FR","potentialAction":[{"@type":"ReadAction","target":["https:\/\/sunupost.com\/?p=4289"]}]},{"@type":"ImageObject","inLanguage":"fr-FR","@id":"https:\/\/sunupost.com\/?p=4289#primaryimage","url":"https:\/\/sunupost.com\/wp-content\/uploads\/2020\/09\/20200922_191521.jpg","contentUrl":"https:\/\/sunupost.com\/wp-content\/uploads\/2020\/09\/20200922_191521.jpg","width":1000,"height":579},{"@type":"BreadcrumbList","@id":"https:\/\/sunupost.com\/?p=4289#breadcrumb","itemListElement":[{"@type":"ListItem","position":1,"name":"Home","item":"https:\/\/sunupost.com\/"},{"@type":"ListItem","position":2,"name":"Justice : Karim Wade Retrouve Son Droit D\u2019\u00catre \u00c9lecteur Et \u00c9ligible"}]},{"@type":"WebSite","@id":"https:\/\/sunupost.com\/#website","url":"https:\/\/sunupost.com\/","name":"SUNUPOST","description":"Pens\u00e9e libre","publisher":{"@id":"https:\/\/sunupost.com\/#organization"},"potentialAction":[{"@type":"SearchAction","target":{"@type":"EntryPoint","urlTemplate":"https:\/\/sunupost.com\/?s={search_term_string}"},"query-input":{"@type":"PropertyValueSpecification","valueRequired":true,"valueName":"search_term_string"}}],"inLanguage":"fr-FR"},{"@type":"Organization","@id":"https:\/\/sunupost.com\/#organization","name":"SUNUPOST","url":"https:\/\/sunupost.com\/","logo":{"@type":"ImageObject","inLanguage":"fr-FR","@id":"https:\/\/sunupost.com\/#\/schema\/logo\/image\/","url":"https:\/\/secureservercdn.net\/198.71.233.206\/17w.044.myftpupload.com\/wp-content\/uploads\/2020\/05\/Lancement.jpg?time=1639052812","contentUrl":"https:\/\/secureservercdn.net\/198.71.233.206\/17w.044.myftpupload.com\/wp-content\/uploads\/2020\/05\/Lancement.jpg?time=1639052812","width":300,"height":100,"caption":"SUNUPOST"},"image":{"@id":"https:\/\/sunupost.com\/#\/schema\/logo\/image\/"},"sameAs":["https:\/\/web.facebook.com\/Sunupost-101026658237468\/","https:\/\/x.com\/sunupost","https:\/\/www.instagram.com\/sunupost\/","https:\/\/www.youtube.com\/channel\/UCd7V7bCkLDOee8yr7CW4Dpw"]},{"@type":"Person","@id":"https:\/\/sunupost.com\/#\/schema\/person\/9c04c80a48c29cd2be004cf57947ebb0","name":"La R\u00e9daction","image":{"@type":"ImageObject","inLanguage":"fr-FR","@id":"https:\/\/secure.gravatar.com\/avatar\/1dc7c1ffd136391c1a6d8806c3431e1a2dd9445015e3f66472e3c63e9c80807e?s=96&d=mm&r=g","url":"https:\/\/secure.gravatar.com\/avatar\/1dc7c1ffd136391c1a6d8806c3431e1a2dd9445015e3f66472e3c63e9c80807e?s=96&d=mm&r=g","contentUrl":"https:\/\/secure.gravatar.com\/avatar\/1dc7c1ffd136391c1a6d8806c3431e1a2dd9445015e3f66472e3c63e9c80807e?s=96&d=mm&r=g","caption":"La R\u00e9daction"},"url":"https:\/\/sunupost.com\/?author=10"}]}},"_links":{"self":[{"href":"https:\/\/sunupost.com\/index.php?rest_route=\/wp\/v2\/posts\/4289","targetHints":{"allow":["GET"]}}],"collection":[{"href":"https:\/\/sunupost.com\/index.php?rest_route=\/wp\/v2\/posts"}],"about":[{"href":"https:\/\/sunupost.com\/index.php?rest_route=\/wp\/v2\/types\/post"}],"author":[{"embeddable":true,"href":"https:\/\/sunupost.com\/index.php?rest_route=\/wp\/v2\/users\/10"}],"replies":[{"embeddable":true,"href":"https:\/\/sunupost.com\/index.php?rest_route=%2Fwp%2Fv2%2Fcomments&post=4289"}],"version-history":[{"count":0,"href":"https:\/\/sunupost.com\/index.php?rest_route=\/wp\/v2\/posts\/4289\/revisions"}],"wp:featuredmedia":[{"embeddable":true,"href":"https:\/\/sunupost.com\/index.php?rest_route=\/wp\/v2\/media\/4290"}],"wp:attachment":[{"href":"https:\/\/sunupost.com\/index.php?rest_route=%2Fwp%2Fv2%2Fmedia&parent=4289"}],"wp:term":[{"taxonomy":"category","embeddable":true,"href":"https:\/\/sunupost.com\/index.php?rest_route=%2Fwp%2Fv2%2Fcategories&post=4289"},{"taxonomy":"post_tag","embeddable":true,"href":"https:\/\/sunupost.com\/index.php?rest_route=%2Fwp%2Fv2%2Ftags&post=4289"}],"curies":[{"name":"wp","href":"https:\/\/api.w.org\/{rel}","templated":true}]}}