{"id":4426,"date":"2020-10-01T00:47:40","date_gmt":"2020-10-01T00:47:40","guid":{"rendered":"https:\/\/sunupost.com\/?p=4426"},"modified":"2020-10-01T00:47:40","modified_gmt":"2020-10-01T00:47:40","slug":"la-reelection-de-mamadou-dia-a-la-tete-daquadef-les-jeunes-de-podor-sen-felicitent","status":"publish","type":"post","link":"https:\/\/sunupost.com\/?p=4426","title":{"rendered":"La R\u00e9\u00e9lection De Mamadou Dia \u00c0 La T\u00eate D&rsquo;Aquadef Les Jeunes De Podor S&rsquo;En F\u00e9licitent"},"content":{"rendered":"<p>Mamadou Dia a \u00e9t\u00e9 r\u00e9\u00e9lu en tant que Pr\u00e9sident de la F\u00e9d\u00e9ration Internationale Des Op\u00e9rateurs Priv\u00e9s Des Services De L&rsquo;eau (Aquadef). Qui regroupe plus de 402 soci\u00e9t\u00e9s de 42 pays, lors de l\u2019Assembl\u00e9e g\u00e9n\u00e9rale tenue \u00e0 Paris la semaine derni\u00e8re.<\/p>\n<p>Cette r\u00e9\u00e9lection de Monsieur Mamadou Dia est, une reconnaissance par les pairs de son expertise et de sa grande exp\u00e9rience dans la gestion du service public d\u2019eau. En tant que Gouverneur du Conseil Mondial de l\u2019Eau il s\u2019\u00e9tait beaucoup investi pour que le S\u00e9n\u00e9gal soit d\u00e9sign\u00e9 pour accueillir en 2021 le 9\u00e8me Forum Mondial de l\u2019Eau.<\/p>\n<p>Directeur Eau et Assainissement du Groupe Eranove et vice-pr\u00e9sident de la S\u00e9n\u00e9galaise Des Eaux,\u00a0 (SDE), il est consid\u00e9r\u00e9 comme, l\u2019un des plus grands experts de l\u2019hydraulique urbaine au S\u00e9n\u00e9gal. Il a toujours mis son exp\u00e9rience au service du continent, en assurant, de 2006 \u00e0 2012, la pr\u00e9sidence de l\u2019Association Africaine de l\u2019Eau (Aae). Il est \u00e9galement le seul africain jusque-l\u00e0 membre du Comit\u00e9 ex\u00e9cutif de l\u2019International Water Association (Iwa).<\/p>\n<p>En politique l\u2019ancien maire de Demette appartient \u00e0 la majorit\u00e9 pr\u00e9sidentielle. Il a d\u2019ailleurs, \u00e9t\u00e9 t\u00eate de liste de la grande coalition Benno Bokk Yakaar (Bby) lors des \u00e9lections municipales et d\u00e9partementales de 2014, o\u00f9 il avait obtenu 55 voix sur les 56 votants, Mamdou Dia est aussi homme de confiance du ministre des finances et du budget Abdoulaye Daouda Diallo, qui lui voue un respect incommensurable.<\/p>\n<p>Tr\u00e8s courtois, M. Dia est consid\u00e9r\u00e9 comme le plus grand un r\u00e9gulateur social du d\u00e9partement, un homme honn\u00eate et tr\u00e8s sociable comme en attestent beaucoup de jeunes de Podor.<\/p>\n","protected":false},"excerpt":{"rendered":"<p>Mamadou Dia a \u00e9t\u00e9 r\u00e9\u00e9lu en tant que Pr\u00e9sident de la F\u00e9d\u00e9ration Internationale Des Op\u00e9rateurs Priv\u00e9s Des Services De L&rsquo;eau (Aquadef). Qui regroupe plus de&#8230;<\/p>\n","protected":false},"author":10,"featured_media":4427,"comment_status":"open","ping_status":"open","sticky":false,"template":"","format":"standard","meta":{"_coblocks_attr":"","_coblocks_dimensions":"","_coblocks_responsive_height":"","_coblocks_accordion_ie_support":"","_monsterinsights_skip_tracking":false,"_monsterinsights_sitenote_active":false,"_monsterinsights_sitenote_note":"","_monsterinsights_sitenote_category":0,"h5ap_radio_sources":[],"footnotes":""},"categories":[10],"tags":[],"class_list":["post-4426","post","type-post","status-publish","format-standard","has-post-thumbnail","hentry","category-contribution","wpcat-10-id"],"yoast_head":"<!-- This site is optimized with the Yoast SEO plugin v27.4 - https:\/\/yoast.com\/product\/yoast-seo-wordpress\/ -->\n<title>La R\u00e9\u00e9lection De Mamadou Dia \u00c0 La T\u00eate D&#039;Aquadef Les Jeunes De Podor S&#039;En F\u00e9licitent - SUNUPOST<\/title>\n<meta name=\"robots\" content=\"index, follow, max-snippet:-1, max-image-preview:large, max-video-preview:-1\" \/>\n<link rel=\"canonical\" href=\"https:\/\/sunupost.com\/?p=4426\" \/>\n<meta property=\"og:locale\" content=\"fr_FR\" \/>\n<meta property=\"og:type\" content=\"article\" \/>\n<meta property=\"og:title\" content=\"La R\u00e9\u00e9lection De Mamadou Dia \u00c0 La T\u00eate D&#039;Aquadef Les Jeunes De Podor S&#039;En F\u00e9licitent - SUNUPOST\" \/>\n<meta property=\"og:description\" content=\"Mamadou Dia a \u00e9t\u00e9 r\u00e9\u00e9lu en tant que Pr\u00e9sident de la F\u00e9d\u00e9ration Internationale Des Op\u00e9rateurs Priv\u00e9s Des Services De L&rsquo;eau (Aquadef). Qui regroupe plus de...\" \/>\n<meta property=\"og:url\" content=\"https:\/\/sunupost.com\/?p=4426\" \/>\n<meta property=\"og:site_name\" content=\"SUNUPOST\" \/>\n<meta property=\"article:publisher\" content=\"https:\/\/web.facebook.com\/Sunupost-101026658237468\/\" \/>\n<meta property=\"article:published_time\" content=\"2020-10-01T00:47:40+00:00\" \/>\n<meta property=\"og:image\" content=\"https:\/\/secureservercdn.net\/198.71.233.69\/17w.044.myftpupload.com\/wp-content\/uploads\/2020\/10\/IMG-20200930-WA0104-1.jpg?time=1663124113\" \/>\n\t<meta property=\"og:image:width\" content=\"720\" \/>\n\t<meta property=\"og:image:height\" content=\"410\" \/>\n\t<meta property=\"og:image:type\" content=\"image\/jpeg\" \/>\n<meta name=\"author\" content=\"La R\u00e9daction\" \/>\n<meta name=\"twitter:card\" content=\"summary_large_image\" \/>\n<meta name=\"twitter:creator\" content=\"@sunupost\" \/>\n<meta name=\"twitter:site\" content=\"@sunupost\" \/>\n<meta name=\"twitter:label1\" content=\"\u00c9crit par\" \/>\n\t<meta name=\"twitter:data1\" content=\"La R\u00e9daction\" \/>\n\t<meta name=\"twitter:label2\" content=\"Dur\u00e9e de lecture estim\u00e9e\" \/>\n\t<meta name=\"twitter:data2\" content=\"1 minute\" \/>\n<script type=\"application\/ld+json\" class=\"yoast-schema-graph\">{\"@context\":\"https:\\\/\\\/schema.org\",\"@graph\":[{\"@type\":\"Article\",\"@id\":\"https:\\\/\\\/sunupost.com\\\/?p=4426#article\",\"isPartOf\":{\"@id\":\"https:\\\/\\\/sunupost.com\\\/?p=4426\"},\"author\":{\"name\":\"La R\u00e9daction\",\"@id\":\"https:\\\/\\\/sunupost.com\\\/#\\\/schema\\\/person\\\/9c04c80a48c29cd2be004cf57947ebb0\"},\"headline\":\"La R\u00e9\u00e9lection De Mamadou Dia \u00c0 La T\u00eate D&rsquo;Aquadef Les Jeunes De Podor S&rsquo;En F\u00e9licitent\",\"datePublished\":\"2020-10-01T00:47:40+00:00\",\"mainEntityOfPage\":{\"@id\":\"https:\\\/\\\/sunupost.com\\\/?p=4426\"},\"wordCount\":317,\"commentCount\":271,\"publisher\":{\"@id\":\"https:\\\/\\\/sunupost.com\\\/#organization\"},\"image\":{\"@id\":\"https:\\\/\\\/sunupost.com\\\/?p=4426#primaryimage\"},\"thumbnailUrl\":\"https:\\\/\\\/sunupost.com\\\/wp-content\\\/uploads\\\/2020\\\/10\\\/IMG-20200930-WA0104-1.jpg\",\"articleSection\":[\"CONTRIBUTION\"],\"inLanguage\":\"fr-FR\",\"potentialAction\":[{\"@type\":\"CommentAction\",\"name\":\"Comment\",\"target\":[\"https:\\\/\\\/sunupost.com\\\/?p=4426#respond\"]}]},{\"@type\":\"WebPage\",\"@id\":\"https:\\\/\\\/sunupost.com\\\/?p=4426\",\"url\":\"https:\\\/\\\/sunupost.com\\\/?p=4426\",\"name\":\"La R\u00e9\u00e9lection De Mamadou Dia \u00c0 La T\u00eate D'Aquadef Les Jeunes De Podor S'En F\u00e9licitent - SUNUPOST\",\"isPartOf\":{\"@id\":\"https:\\\/\\\/sunupost.com\\\/#website\"},\"primaryImageOfPage\":{\"@id\":\"https:\\\/\\\/sunupost.com\\\/?p=4426#primaryimage\"},\"image\":{\"@id\":\"https:\\\/\\\/sunupost.com\\\/?p=4426#primaryimage\"},\"thumbnailUrl\":\"https:\\\/\\\/sunupost.com\\\/wp-content\\\/uploads\\\/2020\\\/10\\\/IMG-20200930-WA0104-1.jpg\",\"datePublished\":\"2020-10-01T00:47:40+00:00\",\"breadcrumb\":{\"@id\":\"https:\\\/\\\/sunupost.com\\\/?p=4426#breadcrumb\"},\"inLanguage\":\"fr-FR\",\"potentialAction\":[{\"@type\":\"ReadAction\",\"target\":[\"https:\\\/\\\/sunupost.com\\\/?p=4426\"]}]},{\"@type\":\"ImageObject\",\"inLanguage\":\"fr-FR\",\"@id\":\"https:\\\/\\\/sunupost.com\\\/?p=4426#primaryimage\",\"url\":\"https:\\\/\\\/sunupost.com\\\/wp-content\\\/uploads\\\/2020\\\/10\\\/IMG-20200930-WA0104-1.jpg\",\"contentUrl\":\"https:\\\/\\\/sunupost.com\\\/wp-content\\\/uploads\\\/2020\\\/10\\\/IMG-20200930-WA0104-1.jpg\",\"width\":720,\"height\":410},{\"@type\":\"BreadcrumbList\",\"@id\":\"https:\\\/\\\/sunupost.com\\\/?p=4426#breadcrumb\",\"itemListElement\":[{\"@type\":\"ListItem\",\"position\":1,\"name\":\"Home\",\"item\":\"https:\\\/\\\/sunupost.com\\\/\"},{\"@type\":\"ListItem\",\"position\":2,\"name\":\"La R\u00e9\u00e9lection De Mamadou Dia \u00c0 La T\u00eate D&rsquo;Aquadef Les Jeunes De Podor S&rsquo;En F\u00e9licitent\"}]},{\"@type\":\"WebSite\",\"@id\":\"https:\\\/\\\/sunupost.com\\\/#website\",\"url\":\"https:\\\/\\\/sunupost.com\\\/\",\"name\":\"SUNUPOST\",\"description\":\"Pens\u00e9e libre\",\"publisher\":{\"@id\":\"https:\\\/\\\/sunupost.com\\\/#organization\"},\"potentialAction\":[{\"@type\":\"SearchAction\",\"target\":{\"@type\":\"EntryPoint\",\"urlTemplate\":\"https:\\\/\\\/sunupost.com\\\/?s={search_term_string}\"},\"query-input\":{\"@type\":\"PropertyValueSpecification\",\"valueRequired\":true,\"valueName\":\"search_term_string\"}}],\"inLanguage\":\"fr-FR\"},{\"@type\":\"Organization\",\"@id\":\"https:\\\/\\\/sunupost.com\\\/#organization\",\"name\":\"SUNUPOST\",\"url\":\"https:\\\/\\\/sunupost.com\\\/\",\"logo\":{\"@type\":\"ImageObject\",\"inLanguage\":\"fr-FR\",\"@id\":\"https:\\\/\\\/sunupost.com\\\/#\\\/schema\\\/logo\\\/image\\\/\",\"url\":\"https:\\\/\\\/secureservercdn.net\\\/198.71.233.206\\\/17w.044.myftpupload.com\\\/wp-content\\\/uploads\\\/2020\\\/05\\\/Lancement.jpg?time=1639052812\",\"contentUrl\":\"https:\\\/\\\/secureservercdn.net\\\/198.71.233.206\\\/17w.044.myftpupload.com\\\/wp-content\\\/uploads\\\/2020\\\/05\\\/Lancement.jpg?time=1639052812\",\"width\":300,\"height\":100,\"caption\":\"SUNUPOST\"},\"image\":{\"@id\":\"https:\\\/\\\/sunupost.com\\\/#\\\/schema\\\/logo\\\/image\\\/\"},\"sameAs\":[\"https:\\\/\\\/web.facebook.com\\\/Sunupost-101026658237468\\\/\",\"https:\\\/\\\/x.com\\\/sunupost\",\"https:\\\/\\\/www.instagram.com\\\/sunupost\\\/\",\"https:\\\/\\\/www.youtube.com\\\/channel\\\/UCd7V7bCkLDOee8yr7CW4Dpw\"]},{\"@type\":\"Person\",\"@id\":\"https:\\\/\\\/sunupost.com\\\/#\\\/schema\\\/person\\\/9c04c80a48c29cd2be004cf57947ebb0\",\"name\":\"La R\u00e9daction\",\"image\":{\"@type\":\"ImageObject\",\"inLanguage\":\"fr-FR\",\"@id\":\"https:\\\/\\\/secure.gravatar.com\\\/avatar\\\/1dc7c1ffd136391c1a6d8806c3431e1a2dd9445015e3f66472e3c63e9c80807e?s=96&d=mm&r=g\",\"url\":\"https:\\\/\\\/secure.gravatar.com\\\/avatar\\\/1dc7c1ffd136391c1a6d8806c3431e1a2dd9445015e3f66472e3c63e9c80807e?s=96&d=mm&r=g\",\"contentUrl\":\"https:\\\/\\\/secure.gravatar.com\\\/avatar\\\/1dc7c1ffd136391c1a6d8806c3431e1a2dd9445015e3f66472e3c63e9c80807e?s=96&d=mm&r=g\",\"caption\":\"La R\u00e9daction\"},\"url\":\"https:\\\/\\\/sunupost.com\\\/?author=10\"}]}<\/script>\n<!-- \/ Yoast SEO plugin. -->","yoast_head_json":{"title":"La R\u00e9\u00e9lection De Mamadou Dia \u00c0 La T\u00eate D'Aquadef Les Jeunes De Podor S'En F\u00e9licitent - SUNUPOST","robots":{"index":"index","follow":"follow","max-snippet":"max-snippet:-1","max-image-preview":"max-image-preview:large","max-video-preview":"max-video-preview:-1"},"canonical":"https:\/\/sunupost.com\/?p=4426","og_locale":"fr_FR","og_type":"article","og_title":"La R\u00e9\u00e9lection De Mamadou Dia \u00c0 La T\u00eate D'Aquadef Les Jeunes De Podor S'En F\u00e9licitent - SUNUPOST","og_description":"Mamadou Dia a \u00e9t\u00e9 r\u00e9\u00e9lu en tant que Pr\u00e9sident de la F\u00e9d\u00e9ration Internationale Des Op\u00e9rateurs Priv\u00e9s Des Services De L&rsquo;eau (Aquadef). Qui regroupe plus de...","og_url":"https:\/\/sunupost.com\/?p=4426","og_site_name":"SUNUPOST","article_publisher":"https:\/\/web.facebook.com\/Sunupost-101026658237468\/","article_published_time":"2020-10-01T00:47:40+00:00","og_image":[{"width":720,"height":410,"url":"https:\/\/secureservercdn.net\/198.71.233.69\/17w.044.myftpupload.com\/wp-content\/uploads\/2020\/10\/IMG-20200930-WA0104-1.jpg?time=1663124113","type":"image\/jpeg"}],"author":"La R\u00e9daction","twitter_card":"summary_large_image","twitter_creator":"@sunupost","twitter_site":"@sunupost","twitter_misc":{"\u00c9crit par":"La R\u00e9daction","Dur\u00e9e de lecture estim\u00e9e":"1 minute"},"schema":{"@context":"https:\/\/schema.org","@graph":[{"@type":"Article","@id":"https:\/\/sunupost.com\/?p=4426#article","isPartOf":{"@id":"https:\/\/sunupost.com\/?p=4426"},"author":{"name":"La R\u00e9daction","@id":"https:\/\/sunupost.com\/#\/schema\/person\/9c04c80a48c29cd2be004cf57947ebb0"},"headline":"La R\u00e9\u00e9lection De Mamadou Dia \u00c0 La T\u00eate D&rsquo;Aquadef Les Jeunes De Podor S&rsquo;En F\u00e9licitent","datePublished":"2020-10-01T00:47:40+00:00","mainEntityOfPage":{"@id":"https:\/\/sunupost.com\/?p=4426"},"wordCount":317,"commentCount":271,"publisher":{"@id":"https:\/\/sunupost.com\/#organization"},"image":{"@id":"https:\/\/sunupost.com\/?p=4426#primaryimage"},"thumbnailUrl":"https:\/\/sunupost.com\/wp-content\/uploads\/2020\/10\/IMG-20200930-WA0104-1.jpg","articleSection":["CONTRIBUTION"],"inLanguage":"fr-FR","potentialAction":[{"@type":"CommentAction","name":"Comment","target":["https:\/\/sunupost.com\/?p=4426#respond"]}]},{"@type":"WebPage","@id":"https:\/\/sunupost.com\/?p=4426","url":"https:\/\/sunupost.com\/?p=4426","name":"La R\u00e9\u00e9lection De Mamadou Dia \u00c0 La T\u00eate D'Aquadef Les Jeunes De Podor S'En F\u00e9licitent - SUNUPOST","isPartOf":{"@id":"https:\/\/sunupost.com\/#website"},"primaryImageOfPage":{"@id":"https:\/\/sunupost.com\/?p=4426#primaryimage"},"image":{"@id":"https:\/\/sunupost.com\/?p=4426#primaryimage"},"thumbnailUrl":"https:\/\/sunupost.com\/wp-content\/uploads\/2020\/10\/IMG-20200930-WA0104-1.jpg","datePublished":"2020-10-01T00:47:40+00:00","breadcrumb":{"@id":"https:\/\/sunupost.com\/?p=4426#breadcrumb"},"inLanguage":"fr-FR","potentialAction":[{"@type":"ReadAction","target":["https:\/\/sunupost.com\/?p=4426"]}]},{"@type":"ImageObject","inLanguage":"fr-FR","@id":"https:\/\/sunupost.com\/?p=4426#primaryimage","url":"https:\/\/sunupost.com\/wp-content\/uploads\/2020\/10\/IMG-20200930-WA0104-1.jpg","contentUrl":"https:\/\/sunupost.com\/wp-content\/uploads\/2020\/10\/IMG-20200930-WA0104-1.jpg","width":720,"height":410},{"@type":"BreadcrumbList","@id":"https:\/\/sunupost.com\/?p=4426#breadcrumb","itemListElement":[{"@type":"ListItem","position":1,"name":"Home","item":"https:\/\/sunupost.com\/"},{"@type":"ListItem","position":2,"name":"La R\u00e9\u00e9lection De Mamadou Dia \u00c0 La T\u00eate D&rsquo;Aquadef Les Jeunes De Podor S&rsquo;En F\u00e9licitent"}]},{"@type":"WebSite","@id":"https:\/\/sunupost.com\/#website","url":"https:\/\/sunupost.com\/","name":"SUNUPOST","description":"Pens\u00e9e libre","publisher":{"@id":"https:\/\/sunupost.com\/#organization"},"potentialAction":[{"@type":"SearchAction","target":{"@type":"EntryPoint","urlTemplate":"https:\/\/sunupost.com\/?s={search_term_string}"},"query-input":{"@type":"PropertyValueSpecification","valueRequired":true,"valueName":"search_term_string"}}],"inLanguage":"fr-FR"},{"@type":"Organization","@id":"https:\/\/sunupost.com\/#organization","name":"SUNUPOST","url":"https:\/\/sunupost.com\/","logo":{"@type":"ImageObject","inLanguage":"fr-FR","@id":"https:\/\/sunupost.com\/#\/schema\/logo\/image\/","url":"https:\/\/secureservercdn.net\/198.71.233.206\/17w.044.myftpupload.com\/wp-content\/uploads\/2020\/05\/Lancement.jpg?time=1639052812","contentUrl":"https:\/\/secureservercdn.net\/198.71.233.206\/17w.044.myftpupload.com\/wp-content\/uploads\/2020\/05\/Lancement.jpg?time=1639052812","width":300,"height":100,"caption":"SUNUPOST"},"image":{"@id":"https:\/\/sunupost.com\/#\/schema\/logo\/image\/"},"sameAs":["https:\/\/web.facebook.com\/Sunupost-101026658237468\/","https:\/\/x.com\/sunupost","https:\/\/www.instagram.com\/sunupost\/","https:\/\/www.youtube.com\/channel\/UCd7V7bCkLDOee8yr7CW4Dpw"]},{"@type":"Person","@id":"https:\/\/sunupost.com\/#\/schema\/person\/9c04c80a48c29cd2be004cf57947ebb0","name":"La R\u00e9daction","image":{"@type":"ImageObject","inLanguage":"fr-FR","@id":"https:\/\/secure.gravatar.com\/avatar\/1dc7c1ffd136391c1a6d8806c3431e1a2dd9445015e3f66472e3c63e9c80807e?s=96&d=mm&r=g","url":"https:\/\/secure.gravatar.com\/avatar\/1dc7c1ffd136391c1a6d8806c3431e1a2dd9445015e3f66472e3c63e9c80807e?s=96&d=mm&r=g","contentUrl":"https:\/\/secure.gravatar.com\/avatar\/1dc7c1ffd136391c1a6d8806c3431e1a2dd9445015e3f66472e3c63e9c80807e?s=96&d=mm&r=g","caption":"La R\u00e9daction"},"url":"https:\/\/sunupost.com\/?author=10"}]}},"_links":{"self":[{"href":"https:\/\/sunupost.com\/index.php?rest_route=\/wp\/v2\/posts\/4426","targetHints":{"allow":["GET"]}}],"collection":[{"href":"https:\/\/sunupost.com\/index.php?rest_route=\/wp\/v2\/posts"}],"about":[{"href":"https:\/\/sunupost.com\/index.php?rest_route=\/wp\/v2\/types\/post"}],"author":[{"embeddable":true,"href":"https:\/\/sunupost.com\/index.php?rest_route=\/wp\/v2\/users\/10"}],"replies":[{"embeddable":true,"href":"https:\/\/sunupost.com\/index.php?rest_route=%2Fwp%2Fv2%2Fcomments&post=4426"}],"version-history":[{"count":0,"href":"https:\/\/sunupost.com\/index.php?rest_route=\/wp\/v2\/posts\/4426\/revisions"}],"wp:featuredmedia":[{"embeddable":true,"href":"https:\/\/sunupost.com\/index.php?rest_route=\/wp\/v2\/media\/4427"}],"wp:attachment":[{"href":"https:\/\/sunupost.com\/index.php?rest_route=%2Fwp%2Fv2%2Fmedia&parent=4426"}],"wp:term":[{"taxonomy":"category","embeddable":true,"href":"https:\/\/sunupost.com\/index.php?rest_route=%2Fwp%2Fv2%2Fcategories&post=4426"},{"taxonomy":"post_tag","embeddable":true,"href":"https:\/\/sunupost.com\/index.php?rest_route=%2Fwp%2Fv2%2Ftags&post=4426"}],"curies":[{"name":"wp","href":"https:\/\/api.w.org\/{rel}","templated":true}]}}