{"id":4637,"date":"2020-10-15T08:26:11","date_gmt":"2020-10-15T08:26:11","guid":{"rendered":"https:\/\/sunupost.com\/?p=4637"},"modified":"2020-10-15T08:26:11","modified_gmt":"2020-10-15T08:26:11","slug":"ejecte-du-poste-de-1er-vice-president-de-lassemblee-cisse-lo-reagit","status":"publish","type":"post","link":"https:\/\/sunupost.com\/?p=4637","title":{"rendered":"Eject\u00e9 Du Poste De 1er Vice-Pr\u00e9sident De L\u2019Assembl\u00e9e Ciss\u00e9 L\u00f4 R\u00e9agit"},"content":{"rendered":"<p>Quelques heures seulement apr\u00e8s avoir \u00e9t\u00e9 remplac\u00e9 par Abdou Mbow au poste de premier vice-pr\u00e9sident de l\u2019Assembl\u00e9e nationale du S\u00e9n\u00e9gal, Moustapha Ciss\u00e9 L\u00f4 r\u00e9agit.<\/p>\n<p>C\u2019est une r\u00e9action pour le moins inattendue. Joint au t\u00e9l\u00e9phoner par Rfm, Moustapha Ciss\u00e9 Lo n\u2019a pas souhait\u00e9 se faire enregistrer. Le d\u00e9put\u00e9 a d\u00e9clar\u00e9 que c\u2019est Dieu qui a fait qu\u2019il ne figure plus dans le nouveau bureau.<\/p>\n<p>Le d\u00e9sormais ancien\u00a0premier vice-pr\u00e9sident de l\u2019h\u00e9micycle a pr\u00e9cis\u00e9, par ailleurs, adh\u00e9rer au choix du pr\u00e9sident de la R\u00e9publique, Macky Sall.<\/p>\n<p>Pour rappel, la Commission de discipline de l\u2019Alliance pour la R\u00e9publique (APR, majorit\u00e9) avait prononc\u00e9, en juillet, l\u2019exclusion d\u00e9finitive de Moustapha Ciss\u00e9 Lo des rangs de la formation politique fond\u00e9e par le pr\u00e9sident Macky Sall en 2008<\/p>\n","protected":false},"excerpt":{"rendered":"<p>Quelques heures seulement apr\u00e8s avoir \u00e9t\u00e9 remplac\u00e9 par Abdou Mbow au poste de premier vice-pr\u00e9sident de l\u2019Assembl\u00e9e nationale du S\u00e9n\u00e9gal, Moustapha Ciss\u00e9 L\u00f4 r\u00e9agit. C\u2019est&#8230;<\/p>\n","protected":false},"author":10,"featured_media":4638,"comment_status":"open","ping_status":"open","sticky":false,"template":"","format":"standard","meta":{"_coblocks_attr":"","_coblocks_dimensions":"","_coblocks_responsive_height":"","_coblocks_accordion_ie_support":"","_monsterinsights_skip_tracking":false,"_monsterinsights_sitenote_active":false,"_monsterinsights_sitenote_note":"","_monsterinsights_sitenote_category":0,"h5ap_radio_sources":[],"footnotes":""},"categories":[6],"tags":[],"class_list":["post-4637","post","type-post","status-publish","format-standard","has-post-thumbnail","hentry","category-politique","wpcat-6-id"],"yoast_head":"<!-- This site is optimized with the Yoast SEO plugin v27.5 - https:\/\/yoast.com\/product\/yoast-seo-wordpress\/ -->\n<title>Eject\u00e9 Du Poste De 1er Vice-Pr\u00e9sident De L\u2019Assembl\u00e9e Ciss\u00e9 L\u00f4 R\u00e9agit - SUNUPOST<\/title>\n<meta name=\"robots\" content=\"index, follow, max-snippet:-1, max-image-preview:large, max-video-preview:-1\" \/>\n<link rel=\"canonical\" href=\"https:\/\/sunupost.com\/?p=4637\" \/>\n<meta property=\"og:locale\" content=\"fr_FR\" \/>\n<meta property=\"og:type\" content=\"article\" \/>\n<meta property=\"og:title\" content=\"Eject\u00e9 Du Poste De 1er Vice-Pr\u00e9sident De L\u2019Assembl\u00e9e Ciss\u00e9 L\u00f4 R\u00e9agit - SUNUPOST\" \/>\n<meta property=\"og:description\" content=\"Quelques heures seulement apr\u00e8s avoir \u00e9t\u00e9 remplac\u00e9 par Abdou Mbow au poste de premier vice-pr\u00e9sident de l\u2019Assembl\u00e9e nationale du S\u00e9n\u00e9gal, Moustapha Ciss\u00e9 L\u00f4 r\u00e9agit. C\u2019est...\" \/>\n<meta property=\"og:url\" content=\"https:\/\/sunupost.com\/?p=4637\" \/>\n<meta property=\"og:site_name\" content=\"SUNUPOST\" \/>\n<meta property=\"article:publisher\" content=\"https:\/\/web.facebook.com\/Sunupost-101026658237468\/\" \/>\n<meta property=\"article:published_time\" content=\"2020-10-15T08:26:11+00:00\" \/>\n<meta property=\"og:image\" content=\"https:\/\/secureservercdn.net\/198.71.233.69\/17w.044.myftpupload.com\/wp-content\/uploads\/2020\/10\/moustapha-cisse-lo.jpg?time=1663123273\" \/>\n\t<meta property=\"og:image:width\" content=\"620\" \/>\n\t<meta property=\"og:image:height\" content=\"400\" \/>\n\t<meta property=\"og:image:type\" content=\"image\/jpeg\" \/>\n<meta name=\"author\" content=\"La R\u00e9daction\" \/>\n<meta name=\"twitter:card\" content=\"summary_large_image\" \/>\n<meta name=\"twitter:creator\" content=\"@sunupost\" \/>\n<meta name=\"twitter:site\" content=\"@sunupost\" \/>\n<meta name=\"twitter:label1\" content=\"\u00c9crit par\" \/>\n\t<meta name=\"twitter:data1\" content=\"La R\u00e9daction\" \/>\n\t<meta name=\"twitter:label2\" content=\"Dur\u00e9e de lecture estim\u00e9e\" \/>\n\t<meta name=\"twitter:data2\" content=\"1 minute\" \/>\n<script type=\"application\/ld+json\" class=\"yoast-schema-graph\">{\"@context\":\"https:\\\/\\\/schema.org\",\"@graph\":[{\"@type\":\"Article\",\"@id\":\"https:\\\/\\\/sunupost.com\\\/?p=4637#article\",\"isPartOf\":{\"@id\":\"https:\\\/\\\/sunupost.com\\\/?p=4637\"},\"author\":{\"name\":\"La R\u00e9daction\",\"@id\":\"https:\\\/\\\/sunupost.com\\\/#\\\/schema\\\/person\\\/9c04c80a48c29cd2be004cf57947ebb0\"},\"headline\":\"Eject\u00e9 Du Poste De 1er Vice-Pr\u00e9sident De L\u2019Assembl\u00e9e Ciss\u00e9 L\u00f4 R\u00e9agit\",\"datePublished\":\"2020-10-15T08:26:11+00:00\",\"mainEntityOfPage\":{\"@id\":\"https:\\\/\\\/sunupost.com\\\/?p=4637\"},\"wordCount\":165,\"commentCount\":355,\"publisher\":{\"@id\":\"https:\\\/\\\/sunupost.com\\\/#organization\"},\"image\":{\"@id\":\"https:\\\/\\\/sunupost.com\\\/?p=4637#primaryimage\"},\"thumbnailUrl\":\"https:\\\/\\\/sunupost.com\\\/wp-content\\\/uploads\\\/2020\\\/10\\\/moustapha-cisse-lo.jpg\",\"articleSection\":[\"POLITIQUE\"],\"inLanguage\":\"fr-FR\",\"potentialAction\":[{\"@type\":\"CommentAction\",\"name\":\"Comment\",\"target\":[\"https:\\\/\\\/sunupost.com\\\/?p=4637#respond\"]}]},{\"@type\":\"WebPage\",\"@id\":\"https:\\\/\\\/sunupost.com\\\/?p=4637\",\"url\":\"https:\\\/\\\/sunupost.com\\\/?p=4637\",\"name\":\"Eject\u00e9 Du Poste De 1er Vice-Pr\u00e9sident De L\u2019Assembl\u00e9e Ciss\u00e9 L\u00f4 R\u00e9agit - SUNUPOST\",\"isPartOf\":{\"@id\":\"https:\\\/\\\/sunupost.com\\\/#website\"},\"primaryImageOfPage\":{\"@id\":\"https:\\\/\\\/sunupost.com\\\/?p=4637#primaryimage\"},\"image\":{\"@id\":\"https:\\\/\\\/sunupost.com\\\/?p=4637#primaryimage\"},\"thumbnailUrl\":\"https:\\\/\\\/sunupost.com\\\/wp-content\\\/uploads\\\/2020\\\/10\\\/moustapha-cisse-lo.jpg\",\"datePublished\":\"2020-10-15T08:26:11+00:00\",\"breadcrumb\":{\"@id\":\"https:\\\/\\\/sunupost.com\\\/?p=4637#breadcrumb\"},\"inLanguage\":\"fr-FR\",\"potentialAction\":[{\"@type\":\"ReadAction\",\"target\":[\"https:\\\/\\\/sunupost.com\\\/?p=4637\"]}]},{\"@type\":\"ImageObject\",\"inLanguage\":\"fr-FR\",\"@id\":\"https:\\\/\\\/sunupost.com\\\/?p=4637#primaryimage\",\"url\":\"https:\\\/\\\/sunupost.com\\\/wp-content\\\/uploads\\\/2020\\\/10\\\/moustapha-cisse-lo.jpg\",\"contentUrl\":\"https:\\\/\\\/sunupost.com\\\/wp-content\\\/uploads\\\/2020\\\/10\\\/moustapha-cisse-lo.jpg\",\"width\":620,\"height\":400},{\"@type\":\"BreadcrumbList\",\"@id\":\"https:\\\/\\\/sunupost.com\\\/?p=4637#breadcrumb\",\"itemListElement\":[{\"@type\":\"ListItem\",\"position\":1,\"name\":\"Home\",\"item\":\"https:\\\/\\\/sunupost.com\\\/\"},{\"@type\":\"ListItem\",\"position\":2,\"name\":\"Eject\u00e9 Du Poste De 1er Vice-Pr\u00e9sident De L\u2019Assembl\u00e9e Ciss\u00e9 L\u00f4 R\u00e9agit\"}]},{\"@type\":\"WebSite\",\"@id\":\"https:\\\/\\\/sunupost.com\\\/#website\",\"url\":\"https:\\\/\\\/sunupost.com\\\/\",\"name\":\"SUNUPOST\",\"description\":\"Pens\u00e9e libre\",\"publisher\":{\"@id\":\"https:\\\/\\\/sunupost.com\\\/#organization\"},\"potentialAction\":[{\"@type\":\"SearchAction\",\"target\":{\"@type\":\"EntryPoint\",\"urlTemplate\":\"https:\\\/\\\/sunupost.com\\\/?s={search_term_string}\"},\"query-input\":{\"@type\":\"PropertyValueSpecification\",\"valueRequired\":true,\"valueName\":\"search_term_string\"}}],\"inLanguage\":\"fr-FR\"},{\"@type\":\"Organization\",\"@id\":\"https:\\\/\\\/sunupost.com\\\/#organization\",\"name\":\"SUNUPOST\",\"url\":\"https:\\\/\\\/sunupost.com\\\/\",\"logo\":{\"@type\":\"ImageObject\",\"inLanguage\":\"fr-FR\",\"@id\":\"https:\\\/\\\/sunupost.com\\\/#\\\/schema\\\/logo\\\/image\\\/\",\"url\":\"https:\\\/\\\/secureservercdn.net\\\/198.71.233.206\\\/17w.044.myftpupload.com\\\/wp-content\\\/uploads\\\/2020\\\/05\\\/Lancement.jpg?time=1639052812\",\"contentUrl\":\"https:\\\/\\\/secureservercdn.net\\\/198.71.233.206\\\/17w.044.myftpupload.com\\\/wp-content\\\/uploads\\\/2020\\\/05\\\/Lancement.jpg?time=1639052812\",\"width\":300,\"height\":100,\"caption\":\"SUNUPOST\"},\"image\":{\"@id\":\"https:\\\/\\\/sunupost.com\\\/#\\\/schema\\\/logo\\\/image\\\/\"},\"sameAs\":[\"https:\\\/\\\/web.facebook.com\\\/Sunupost-101026658237468\\\/\",\"https:\\\/\\\/x.com\\\/sunupost\",\"https:\\\/\\\/www.instagram.com\\\/sunupost\\\/\",\"https:\\\/\\\/www.youtube.com\\\/channel\\\/UCd7V7bCkLDOee8yr7CW4Dpw\"]},{\"@type\":\"Person\",\"@id\":\"https:\\\/\\\/sunupost.com\\\/#\\\/schema\\\/person\\\/9c04c80a48c29cd2be004cf57947ebb0\",\"name\":\"La R\u00e9daction\",\"image\":{\"@type\":\"ImageObject\",\"inLanguage\":\"fr-FR\",\"@id\":\"https:\\\/\\\/secure.gravatar.com\\\/avatar\\\/1dc7c1ffd136391c1a6d8806c3431e1a2dd9445015e3f66472e3c63e9c80807e?s=96&d=mm&r=g\",\"url\":\"https:\\\/\\\/secure.gravatar.com\\\/avatar\\\/1dc7c1ffd136391c1a6d8806c3431e1a2dd9445015e3f66472e3c63e9c80807e?s=96&d=mm&r=g\",\"contentUrl\":\"https:\\\/\\\/secure.gravatar.com\\\/avatar\\\/1dc7c1ffd136391c1a6d8806c3431e1a2dd9445015e3f66472e3c63e9c80807e?s=96&d=mm&r=g\",\"caption\":\"La R\u00e9daction\"},\"url\":\"https:\\\/\\\/sunupost.com\\\/?author=10\"}]}<\/script>\n<!-- \/ Yoast SEO plugin. -->","yoast_head_json":{"title":"Eject\u00e9 Du Poste De 1er Vice-Pr\u00e9sident De L\u2019Assembl\u00e9e Ciss\u00e9 L\u00f4 R\u00e9agit - SUNUPOST","robots":{"index":"index","follow":"follow","max-snippet":"max-snippet:-1","max-image-preview":"max-image-preview:large","max-video-preview":"max-video-preview:-1"},"canonical":"https:\/\/sunupost.com\/?p=4637","og_locale":"fr_FR","og_type":"article","og_title":"Eject\u00e9 Du Poste De 1er Vice-Pr\u00e9sident De L\u2019Assembl\u00e9e Ciss\u00e9 L\u00f4 R\u00e9agit - SUNUPOST","og_description":"Quelques heures seulement apr\u00e8s avoir \u00e9t\u00e9 remplac\u00e9 par Abdou Mbow au poste de premier vice-pr\u00e9sident de l\u2019Assembl\u00e9e nationale du S\u00e9n\u00e9gal, Moustapha Ciss\u00e9 L\u00f4 r\u00e9agit. C\u2019est...","og_url":"https:\/\/sunupost.com\/?p=4637","og_site_name":"SUNUPOST","article_publisher":"https:\/\/web.facebook.com\/Sunupost-101026658237468\/","article_published_time":"2020-10-15T08:26:11+00:00","og_image":[{"width":620,"height":400,"url":"https:\/\/secureservercdn.net\/198.71.233.69\/17w.044.myftpupload.com\/wp-content\/uploads\/2020\/10\/moustapha-cisse-lo.jpg?time=1663123273","type":"image\/jpeg"}],"author":"La R\u00e9daction","twitter_card":"summary_large_image","twitter_creator":"@sunupost","twitter_site":"@sunupost","twitter_misc":{"\u00c9crit par":"La R\u00e9daction","Dur\u00e9e de lecture estim\u00e9e":"1 minute"},"schema":{"@context":"https:\/\/schema.org","@graph":[{"@type":"Article","@id":"https:\/\/sunupost.com\/?p=4637#article","isPartOf":{"@id":"https:\/\/sunupost.com\/?p=4637"},"author":{"name":"La R\u00e9daction","@id":"https:\/\/sunupost.com\/#\/schema\/person\/9c04c80a48c29cd2be004cf57947ebb0"},"headline":"Eject\u00e9 Du Poste De 1er Vice-Pr\u00e9sident De L\u2019Assembl\u00e9e Ciss\u00e9 L\u00f4 R\u00e9agit","datePublished":"2020-10-15T08:26:11+00:00","mainEntityOfPage":{"@id":"https:\/\/sunupost.com\/?p=4637"},"wordCount":165,"commentCount":355,"publisher":{"@id":"https:\/\/sunupost.com\/#organization"},"image":{"@id":"https:\/\/sunupost.com\/?p=4637#primaryimage"},"thumbnailUrl":"https:\/\/sunupost.com\/wp-content\/uploads\/2020\/10\/moustapha-cisse-lo.jpg","articleSection":["POLITIQUE"],"inLanguage":"fr-FR","potentialAction":[{"@type":"CommentAction","name":"Comment","target":["https:\/\/sunupost.com\/?p=4637#respond"]}]},{"@type":"WebPage","@id":"https:\/\/sunupost.com\/?p=4637","url":"https:\/\/sunupost.com\/?p=4637","name":"Eject\u00e9 Du Poste De 1er Vice-Pr\u00e9sident De L\u2019Assembl\u00e9e Ciss\u00e9 L\u00f4 R\u00e9agit - SUNUPOST","isPartOf":{"@id":"https:\/\/sunupost.com\/#website"},"primaryImageOfPage":{"@id":"https:\/\/sunupost.com\/?p=4637#primaryimage"},"image":{"@id":"https:\/\/sunupost.com\/?p=4637#primaryimage"},"thumbnailUrl":"https:\/\/sunupost.com\/wp-content\/uploads\/2020\/10\/moustapha-cisse-lo.jpg","datePublished":"2020-10-15T08:26:11+00:00","breadcrumb":{"@id":"https:\/\/sunupost.com\/?p=4637#breadcrumb"},"inLanguage":"fr-FR","potentialAction":[{"@type":"ReadAction","target":["https:\/\/sunupost.com\/?p=4637"]}]},{"@type":"ImageObject","inLanguage":"fr-FR","@id":"https:\/\/sunupost.com\/?p=4637#primaryimage","url":"https:\/\/sunupost.com\/wp-content\/uploads\/2020\/10\/moustapha-cisse-lo.jpg","contentUrl":"https:\/\/sunupost.com\/wp-content\/uploads\/2020\/10\/moustapha-cisse-lo.jpg","width":620,"height":400},{"@type":"BreadcrumbList","@id":"https:\/\/sunupost.com\/?p=4637#breadcrumb","itemListElement":[{"@type":"ListItem","position":1,"name":"Home","item":"https:\/\/sunupost.com\/"},{"@type":"ListItem","position":2,"name":"Eject\u00e9 Du Poste De 1er Vice-Pr\u00e9sident De L\u2019Assembl\u00e9e Ciss\u00e9 L\u00f4 R\u00e9agit"}]},{"@type":"WebSite","@id":"https:\/\/sunupost.com\/#website","url":"https:\/\/sunupost.com\/","name":"SUNUPOST","description":"Pens\u00e9e libre","publisher":{"@id":"https:\/\/sunupost.com\/#organization"},"potentialAction":[{"@type":"SearchAction","target":{"@type":"EntryPoint","urlTemplate":"https:\/\/sunupost.com\/?s={search_term_string}"},"query-input":{"@type":"PropertyValueSpecification","valueRequired":true,"valueName":"search_term_string"}}],"inLanguage":"fr-FR"},{"@type":"Organization","@id":"https:\/\/sunupost.com\/#organization","name":"SUNUPOST","url":"https:\/\/sunupost.com\/","logo":{"@type":"ImageObject","inLanguage":"fr-FR","@id":"https:\/\/sunupost.com\/#\/schema\/logo\/image\/","url":"https:\/\/secureservercdn.net\/198.71.233.206\/17w.044.myftpupload.com\/wp-content\/uploads\/2020\/05\/Lancement.jpg?time=1639052812","contentUrl":"https:\/\/secureservercdn.net\/198.71.233.206\/17w.044.myftpupload.com\/wp-content\/uploads\/2020\/05\/Lancement.jpg?time=1639052812","width":300,"height":100,"caption":"SUNUPOST"},"image":{"@id":"https:\/\/sunupost.com\/#\/schema\/logo\/image\/"},"sameAs":["https:\/\/web.facebook.com\/Sunupost-101026658237468\/","https:\/\/x.com\/sunupost","https:\/\/www.instagram.com\/sunupost\/","https:\/\/www.youtube.com\/channel\/UCd7V7bCkLDOee8yr7CW4Dpw"]},{"@type":"Person","@id":"https:\/\/sunupost.com\/#\/schema\/person\/9c04c80a48c29cd2be004cf57947ebb0","name":"La R\u00e9daction","image":{"@type":"ImageObject","inLanguage":"fr-FR","@id":"https:\/\/secure.gravatar.com\/avatar\/1dc7c1ffd136391c1a6d8806c3431e1a2dd9445015e3f66472e3c63e9c80807e?s=96&d=mm&r=g","url":"https:\/\/secure.gravatar.com\/avatar\/1dc7c1ffd136391c1a6d8806c3431e1a2dd9445015e3f66472e3c63e9c80807e?s=96&d=mm&r=g","contentUrl":"https:\/\/secure.gravatar.com\/avatar\/1dc7c1ffd136391c1a6d8806c3431e1a2dd9445015e3f66472e3c63e9c80807e?s=96&d=mm&r=g","caption":"La R\u00e9daction"},"url":"https:\/\/sunupost.com\/?author=10"}]}},"_links":{"self":[{"href":"https:\/\/sunupost.com\/index.php?rest_route=\/wp\/v2\/posts\/4637","targetHints":{"allow":["GET"]}}],"collection":[{"href":"https:\/\/sunupost.com\/index.php?rest_route=\/wp\/v2\/posts"}],"about":[{"href":"https:\/\/sunupost.com\/index.php?rest_route=\/wp\/v2\/types\/post"}],"author":[{"embeddable":true,"href":"https:\/\/sunupost.com\/index.php?rest_route=\/wp\/v2\/users\/10"}],"replies":[{"embeddable":true,"href":"https:\/\/sunupost.com\/index.php?rest_route=%2Fwp%2Fv2%2Fcomments&post=4637"}],"version-history":[{"count":0,"href":"https:\/\/sunupost.com\/index.php?rest_route=\/wp\/v2\/posts\/4637\/revisions"}],"wp:featuredmedia":[{"embeddable":true,"href":"https:\/\/sunupost.com\/index.php?rest_route=\/wp\/v2\/media\/4638"}],"wp:attachment":[{"href":"https:\/\/sunupost.com\/index.php?rest_route=%2Fwp%2Fv2%2Fmedia&parent=4637"}],"wp:term":[{"taxonomy":"category","embeddable":true,"href":"https:\/\/sunupost.com\/index.php?rest_route=%2Fwp%2Fv2%2Fcategories&post=4637"},{"taxonomy":"post_tag","embeddable":true,"href":"https:\/\/sunupost.com\/index.php?rest_route=%2Fwp%2Fv2%2Ftags&post=4637"}],"curies":[{"name":"wp","href":"https:\/\/api.w.org\/{rel}","templated":true}]}}