{"id":5429,"date":"2020-12-27T21:02:40","date_gmt":"2020-12-27T21:02:40","guid":{"rendered":"https:\/\/sunupost.com\/?p=5429"},"modified":"2020-12-27T21:02:40","modified_gmt":"2020-12-27T21:02:40","slug":"lettre-ouverte-de-la-coalition-des-acteurs-de-la-musique-et-ses-allies-au-chef-de-letat","status":"publish","type":"post","link":"https:\/\/sunupost.com\/?p=5429","title":{"rendered":"Lettre Ouverte De La Coalition Des Acteurs De La Musique Et Ses Alli\u00e9s Au Chef De L&rsquo;\u00c9tat"},"content":{"rendered":"<p>Monsieur le Pr\u00e9sident,<\/p>\n<p>Monsieur le Pr\u00e9sident, protecteur des arts, des lettres et des artistes, nous<br \/>\nvous adressons cette lettre qui constitue aujourd\u2019hui pour nous l\u2019unique et ultime moyen de se faire entendre apr\u00e8s les multiples audiences avec les diff\u00e9rentes autorit\u00e9s de tutelle.<\/p>\n<p>La pand\u00e9mie qui s\u00e9vit \u00e0 l\u2019\u00e9chelle mondiale a fortement perturb\u00e9 l\u2019\u00e9conomie mondiale et particuli\u00e8rement l\u2019industrie culturelle. Depuis pr\u00e9s de 10 mois nous, acteurs culturels au S\u00e9n\u00e9gal, en avons subi les contre-coups. Comme<br \/>\nnous savons si bien le faire, d\u00e9s l\u2019apparition de la pand\u00e9mie, dans un \u00e9lan citoyen, nous avons contribu\u00e9 \u00e0 la sensibilisation des populations pour att\u00e9nuer la propagation de ce virus. Nous sommes aujourd\u2019hui fiers d\u2019avoir fortement contribu\u00e9 \u00e0 ralentir son \u00e9volution au S\u00e9n\u00e9gal.<br \/>\nParadoxalement, nous sommes les seuls, aujourd\u2019hui, \u00e0 ne pas travailler.<\/p>\n<p>Conscient de la sp\u00e9cificit\u00e9 de notre travail nous avons pris l\u2019initiative de<br \/>\ntravailler sur un protocole sanitaire pour encadrer nos activit\u00e9s et garantir les mesures barri\u00e8res n\u00e9cessaires \u00e0 la non-propagation du virus. Ce protocole a \u00e9t\u00e9 valid\u00e9 par le minist\u00e8re de la sant\u00e9 et de l\u2019action sociale depuis le 29 septembre 2020.<br \/>\nMieux, nous avons aussi travaill\u00e9 conform\u00e9ment \u00e0 vos directives sur un plan strat\u00e9gique (2020-2025) de relance du secteur permettant non seulement d\u2019amortir le choc subi par les acteurs mais d\u2019anticiper sur les perspectives de d\u00e9veloppement du secteur. Nous sommes au regret de constater que jusqu\u2019\u00e0 maintenant aucune avanc\u00e9e significative n\u2019a \u00e9t\u00e9 faite quant \u00e0 son application.<\/p>\n<p>Aujourd\u2019hui, apr\u00e8s une premi\u00e8re aide de 3 milliards accord\u00e9e au secteur, une seconde aide de 2,5 milliards nous est allou\u00e9e. Nous vous en remercions mais tenons \u00e0 pr\u00e9ciser que ces aides ne permettent pas de pallier les difficult\u00e9s que le secteur rencontre pour les raisons suivantes :<\/p>\n<p>1. L\u2019aide est insuffisante et ne permet ni d\u2019absorber ni d\u2019anticiper le co\u00fbt de<br \/>\nnos charges.<br \/>\n2. La distribution de la premi\u00e8re aide a montr\u00e9 d\u2019\u00e9normes irr\u00e9gularit\u00e9s qui<br \/>\nappellent \u00e0 un audit afin que les ayants droits r\u00e9els puissent en<br \/>\nb\u00e9n\u00e9ficier de fa\u00e7on \u00e9quitable. Nous sugg\u00e9rons que cette seconde aide<br \/>\nsoit directement g\u00e9r\u00e9e par le Minist\u00e8re de la Culture et de la<br \/>\nCommunication.<\/p>\n<p>Notre d\u00e9sir le plus imm\u00e9diat et l\u00e9gitime est la reprise du travail dans le respect du protocole sanitaire d\u00e9j\u00e0 \u00e9labor\u00e9. Nous sommes convaincus que votre ouverture, votre \u00e9coute sera sensible \u00e0 la lev\u00e9e des mesures actuelles d\u2019interdiction de travail et que, comme nous, vous ne puissiez comprendre pourquoi l\u2019on nous interdit encore de travailler alors que toutes les conditions pour la reprise imm\u00e9diate de nos activit\u00e9s sont r\u00e9unies. Pourquoi en Cote d\u2019Ivoire, Guin\u00e9e, Burundi et bien d\u2019autres pays<br \/>\nd\u2019Afrique les artistes ont repris leurs activit\u00e9s. Le S\u00e9n\u00e9gal n\u2019a-t-il pas toujours pas \u00e9t\u00e9 un pays de culture ?<\/p>\n<p>Aussi, nous sollicitons une rencontre avec vous, le protecteur des arts,<br \/>\ndes lettres et des acteurs culturels pour qu\u2019une solution rapide puisse \u00eatre trouv\u00e9e \u00e0 la situation dramatique que traverse le secteur de la culture et les acteurs culturels au S\u00e9n\u00e9gal.<\/p>\n<p>Nous sommes certains que le d\u00e9logement des artistes, leur incapacit\u00e9 \u00e0 payer leurs charges vous touchent au plus haut point et que notre sollicitation aura une r\u00e9ponse favorable.<\/p>\n<p>Nous r\u00e9affirmons notre ferme volont\u00e9 \u00e0 garder notre dignit\u00e9, nourrir nos<br \/>\nfamilles et cela nous ne le pourrons qu\u2019en reprenant notre travail.<\/p>\n<p>Pour Une Ouverture Imm\u00e9diate Des Salles Et Lieux De Spectacles.<\/p>\n","protected":false},"excerpt":{"rendered":"<p>Monsieur le Pr\u00e9sident, Monsieur le Pr\u00e9sident, protecteur des arts, des lettres et des artistes, nous vous adressons cette lettre qui constitue aujourd\u2019hui pour nous l\u2019unique&#8230;<\/p>\n","protected":false},"author":10,"featured_media":5430,"comment_status":"open","ping_status":"open","sticky":false,"template":"","format":"standard","meta":{"_coblocks_attr":"","_coblocks_dimensions":"","_coblocks_responsive_height":"","_coblocks_accordion_ie_support":"","_monsterinsights_skip_tracking":false,"_monsterinsights_sitenote_active":false,"_monsterinsights_sitenote_note":"","_monsterinsights_sitenote_category":0,"h5ap_radio_sources":[],"footnotes":""},"categories":[19],"tags":[],"class_list":["post-5429","post","type-post","status-publish","format-standard","has-post-thumbnail","hentry","category-culture","wpcat-19-id"],"yoast_head":"<!-- This site is optimized with the Yoast SEO plugin v27.5 - https:\/\/yoast.com\/product\/yoast-seo-wordpress\/ -->\n<title>Lettre Ouverte De La Coalition Des Acteurs De La Musique Et Ses Alli\u00e9s Au Chef De L&#039;\u00c9tat - SUNUPOST<\/title>\n<meta name=\"robots\" content=\"index, follow, max-snippet:-1, max-image-preview:large, max-video-preview:-1\" \/>\n<link rel=\"canonical\" href=\"https:\/\/sunupost.com\/?p=5429\" \/>\n<meta property=\"og:locale\" content=\"fr_FR\" \/>\n<meta property=\"og:type\" content=\"article\" \/>\n<meta property=\"og:title\" content=\"Lettre Ouverte De La Coalition Des Acteurs De La Musique Et Ses Alli\u00e9s Au Chef De L&#039;\u00c9tat - SUNUPOST\" \/>\n<meta property=\"og:description\" content=\"Monsieur le Pr\u00e9sident, Monsieur le Pr\u00e9sident, protecteur des arts, des lettres et des artistes, nous vous adressons cette lettre qui constitue aujourd\u2019hui pour nous l\u2019unique...\" \/>\n<meta property=\"og:url\" content=\"https:\/\/sunupost.com\/?p=5429\" \/>\n<meta property=\"og:site_name\" content=\"SUNUPOST\" \/>\n<meta property=\"article:publisher\" content=\"https:\/\/web.facebook.com\/Sunupost-101026658237468\/\" \/>\n<meta property=\"article:published_time\" content=\"2020-12-27T21:02:40+00:00\" \/>\n<meta property=\"og:image\" content=\"https:\/\/secureservercdn.net\/198.71.233.69\/17w.044.myftpupload.com\/wp-content\/uploads\/2020\/12\/img-20201212-wa0098.jpg?time=1663156497\" \/>\n\t<meta property=\"og:image:width\" content=\"1080\" \/>\n\t<meta property=\"og:image:height\" content=\"614\" \/>\n\t<meta property=\"og:image:type\" content=\"image\/jpeg\" \/>\n<meta name=\"author\" content=\"La R\u00e9daction\" \/>\n<meta name=\"twitter:card\" content=\"summary_large_image\" \/>\n<meta name=\"twitter:creator\" content=\"@sunupost\" \/>\n<meta name=\"twitter:site\" content=\"@sunupost\" \/>\n<meta name=\"twitter:label1\" content=\"\u00c9crit par\" \/>\n\t<meta name=\"twitter:data1\" content=\"La R\u00e9daction\" \/>\n\t<meta name=\"twitter:label2\" content=\"Dur\u00e9e de lecture estim\u00e9e\" \/>\n\t<meta name=\"twitter:data2\" content=\"3 minutes\" \/>\n<script type=\"application\/ld+json\" class=\"yoast-schema-graph\">{\"@context\":\"https:\\\/\\\/schema.org\",\"@graph\":[{\"@type\":\"Article\",\"@id\":\"https:\\\/\\\/sunupost.com\\\/?p=5429#article\",\"isPartOf\":{\"@id\":\"https:\\\/\\\/sunupost.com\\\/?p=5429\"},\"author\":{\"name\":\"La R\u00e9daction\",\"@id\":\"https:\\\/\\\/sunupost.com\\\/#\\\/schema\\\/person\\\/9c04c80a48c29cd2be004cf57947ebb0\"},\"headline\":\"Lettre Ouverte De La Coalition Des Acteurs De La Musique Et Ses Alli\u00e9s Au Chef De L&rsquo;\u00c9tat\",\"datePublished\":\"2020-12-27T21:02:40+00:00\",\"mainEntityOfPage\":{\"@id\":\"https:\\\/\\\/sunupost.com\\\/?p=5429\"},\"wordCount\":629,\"commentCount\":293,\"publisher\":{\"@id\":\"https:\\\/\\\/sunupost.com\\\/#organization\"},\"image\":{\"@id\":\"https:\\\/\\\/sunupost.com\\\/?p=5429#primaryimage\"},\"thumbnailUrl\":\"https:\\\/\\\/sunupost.com\\\/wp-content\\\/uploads\\\/2020\\\/12\\\/img-20201212-wa0098.jpg\",\"articleSection\":[\"CULTURE\"],\"inLanguage\":\"fr-FR\",\"potentialAction\":[{\"@type\":\"CommentAction\",\"name\":\"Comment\",\"target\":[\"https:\\\/\\\/sunupost.com\\\/?p=5429#respond\"]}]},{\"@type\":\"WebPage\",\"@id\":\"https:\\\/\\\/sunupost.com\\\/?p=5429\",\"url\":\"https:\\\/\\\/sunupost.com\\\/?p=5429\",\"name\":\"Lettre Ouverte De La Coalition Des Acteurs De La Musique Et Ses Alli\u00e9s Au Chef De L'\u00c9tat - SUNUPOST\",\"isPartOf\":{\"@id\":\"https:\\\/\\\/sunupost.com\\\/#website\"},\"primaryImageOfPage\":{\"@id\":\"https:\\\/\\\/sunupost.com\\\/?p=5429#primaryimage\"},\"image\":{\"@id\":\"https:\\\/\\\/sunupost.com\\\/?p=5429#primaryimage\"},\"thumbnailUrl\":\"https:\\\/\\\/sunupost.com\\\/wp-content\\\/uploads\\\/2020\\\/12\\\/img-20201212-wa0098.jpg\",\"datePublished\":\"2020-12-27T21:02:40+00:00\",\"breadcrumb\":{\"@id\":\"https:\\\/\\\/sunupost.com\\\/?p=5429#breadcrumb\"},\"inLanguage\":\"fr-FR\",\"potentialAction\":[{\"@type\":\"ReadAction\",\"target\":[\"https:\\\/\\\/sunupost.com\\\/?p=5429\"]}]},{\"@type\":\"ImageObject\",\"inLanguage\":\"fr-FR\",\"@id\":\"https:\\\/\\\/sunupost.com\\\/?p=5429#primaryimage\",\"url\":\"https:\\\/\\\/sunupost.com\\\/wp-content\\\/uploads\\\/2020\\\/12\\\/img-20201212-wa0098.jpg\",\"contentUrl\":\"https:\\\/\\\/sunupost.com\\\/wp-content\\\/uploads\\\/2020\\\/12\\\/img-20201212-wa0098.jpg\",\"width\":1080,\"height\":614},{\"@type\":\"BreadcrumbList\",\"@id\":\"https:\\\/\\\/sunupost.com\\\/?p=5429#breadcrumb\",\"itemListElement\":[{\"@type\":\"ListItem\",\"position\":1,\"name\":\"Home\",\"item\":\"https:\\\/\\\/sunupost.com\\\/\"},{\"@type\":\"ListItem\",\"position\":2,\"name\":\"Lettre Ouverte De La Coalition Des Acteurs De La Musique Et Ses Alli\u00e9s Au Chef De L&rsquo;\u00c9tat\"}]},{\"@type\":\"WebSite\",\"@id\":\"https:\\\/\\\/sunupost.com\\\/#website\",\"url\":\"https:\\\/\\\/sunupost.com\\\/\",\"name\":\"SUNUPOST\",\"description\":\"Pens\u00e9e libre\",\"publisher\":{\"@id\":\"https:\\\/\\\/sunupost.com\\\/#organization\"},\"potentialAction\":[{\"@type\":\"SearchAction\",\"target\":{\"@type\":\"EntryPoint\",\"urlTemplate\":\"https:\\\/\\\/sunupost.com\\\/?s={search_term_string}\"},\"query-input\":{\"@type\":\"PropertyValueSpecification\",\"valueRequired\":true,\"valueName\":\"search_term_string\"}}],\"inLanguage\":\"fr-FR\"},{\"@type\":\"Organization\",\"@id\":\"https:\\\/\\\/sunupost.com\\\/#organization\",\"name\":\"SUNUPOST\",\"url\":\"https:\\\/\\\/sunupost.com\\\/\",\"logo\":{\"@type\":\"ImageObject\",\"inLanguage\":\"fr-FR\",\"@id\":\"https:\\\/\\\/sunupost.com\\\/#\\\/schema\\\/logo\\\/image\\\/\",\"url\":\"https:\\\/\\\/secureservercdn.net\\\/198.71.233.206\\\/17w.044.myftpupload.com\\\/wp-content\\\/uploads\\\/2020\\\/05\\\/Lancement.jpg?time=1639052812\",\"contentUrl\":\"https:\\\/\\\/secureservercdn.net\\\/198.71.233.206\\\/17w.044.myftpupload.com\\\/wp-content\\\/uploads\\\/2020\\\/05\\\/Lancement.jpg?time=1639052812\",\"width\":300,\"height\":100,\"caption\":\"SUNUPOST\"},\"image\":{\"@id\":\"https:\\\/\\\/sunupost.com\\\/#\\\/schema\\\/logo\\\/image\\\/\"},\"sameAs\":[\"https:\\\/\\\/web.facebook.com\\\/Sunupost-101026658237468\\\/\",\"https:\\\/\\\/x.com\\\/sunupost\",\"https:\\\/\\\/www.instagram.com\\\/sunupost\\\/\",\"https:\\\/\\\/www.youtube.com\\\/channel\\\/UCd7V7bCkLDOee8yr7CW4Dpw\"]},{\"@type\":\"Person\",\"@id\":\"https:\\\/\\\/sunupost.com\\\/#\\\/schema\\\/person\\\/9c04c80a48c29cd2be004cf57947ebb0\",\"name\":\"La R\u00e9daction\",\"image\":{\"@type\":\"ImageObject\",\"inLanguage\":\"fr-FR\",\"@id\":\"https:\\\/\\\/secure.gravatar.com\\\/avatar\\\/1dc7c1ffd136391c1a6d8806c3431e1a2dd9445015e3f66472e3c63e9c80807e?s=96&d=mm&r=g\",\"url\":\"https:\\\/\\\/secure.gravatar.com\\\/avatar\\\/1dc7c1ffd136391c1a6d8806c3431e1a2dd9445015e3f66472e3c63e9c80807e?s=96&d=mm&r=g\",\"contentUrl\":\"https:\\\/\\\/secure.gravatar.com\\\/avatar\\\/1dc7c1ffd136391c1a6d8806c3431e1a2dd9445015e3f66472e3c63e9c80807e?s=96&d=mm&r=g\",\"caption\":\"La R\u00e9daction\"},\"url\":\"https:\\\/\\\/sunupost.com\\\/?author=10\"}]}<\/script>\n<!-- \/ Yoast SEO plugin. -->","yoast_head_json":{"title":"Lettre Ouverte De La Coalition Des Acteurs De La Musique Et Ses Alli\u00e9s Au Chef De L'\u00c9tat - SUNUPOST","robots":{"index":"index","follow":"follow","max-snippet":"max-snippet:-1","max-image-preview":"max-image-preview:large","max-video-preview":"max-video-preview:-1"},"canonical":"https:\/\/sunupost.com\/?p=5429","og_locale":"fr_FR","og_type":"article","og_title":"Lettre Ouverte De La Coalition Des Acteurs De La Musique Et Ses Alli\u00e9s Au Chef De L'\u00c9tat - SUNUPOST","og_description":"Monsieur le Pr\u00e9sident, Monsieur le Pr\u00e9sident, protecteur des arts, des lettres et des artistes, nous vous adressons cette lettre qui constitue aujourd\u2019hui pour nous l\u2019unique...","og_url":"https:\/\/sunupost.com\/?p=5429","og_site_name":"SUNUPOST","article_publisher":"https:\/\/web.facebook.com\/Sunupost-101026658237468\/","article_published_time":"2020-12-27T21:02:40+00:00","og_image":[{"width":1080,"height":614,"url":"https:\/\/secureservercdn.net\/198.71.233.69\/17w.044.myftpupload.com\/wp-content\/uploads\/2020\/12\/img-20201212-wa0098.jpg?time=1663156497","type":"image\/jpeg"}],"author":"La R\u00e9daction","twitter_card":"summary_large_image","twitter_creator":"@sunupost","twitter_site":"@sunupost","twitter_misc":{"\u00c9crit par":"La R\u00e9daction","Dur\u00e9e de lecture estim\u00e9e":"3 minutes"},"schema":{"@context":"https:\/\/schema.org","@graph":[{"@type":"Article","@id":"https:\/\/sunupost.com\/?p=5429#article","isPartOf":{"@id":"https:\/\/sunupost.com\/?p=5429"},"author":{"name":"La R\u00e9daction","@id":"https:\/\/sunupost.com\/#\/schema\/person\/9c04c80a48c29cd2be004cf57947ebb0"},"headline":"Lettre Ouverte De La Coalition Des Acteurs De La Musique Et Ses Alli\u00e9s Au Chef De L&rsquo;\u00c9tat","datePublished":"2020-12-27T21:02:40+00:00","mainEntityOfPage":{"@id":"https:\/\/sunupost.com\/?p=5429"},"wordCount":629,"commentCount":293,"publisher":{"@id":"https:\/\/sunupost.com\/#organization"},"image":{"@id":"https:\/\/sunupost.com\/?p=5429#primaryimage"},"thumbnailUrl":"https:\/\/sunupost.com\/wp-content\/uploads\/2020\/12\/img-20201212-wa0098.jpg","articleSection":["CULTURE"],"inLanguage":"fr-FR","potentialAction":[{"@type":"CommentAction","name":"Comment","target":["https:\/\/sunupost.com\/?p=5429#respond"]}]},{"@type":"WebPage","@id":"https:\/\/sunupost.com\/?p=5429","url":"https:\/\/sunupost.com\/?p=5429","name":"Lettre Ouverte De La Coalition Des Acteurs De La Musique Et Ses Alli\u00e9s Au Chef De L'\u00c9tat - SUNUPOST","isPartOf":{"@id":"https:\/\/sunupost.com\/#website"},"primaryImageOfPage":{"@id":"https:\/\/sunupost.com\/?p=5429#primaryimage"},"image":{"@id":"https:\/\/sunupost.com\/?p=5429#primaryimage"},"thumbnailUrl":"https:\/\/sunupost.com\/wp-content\/uploads\/2020\/12\/img-20201212-wa0098.jpg","datePublished":"2020-12-27T21:02:40+00:00","breadcrumb":{"@id":"https:\/\/sunupost.com\/?p=5429#breadcrumb"},"inLanguage":"fr-FR","potentialAction":[{"@type":"ReadAction","target":["https:\/\/sunupost.com\/?p=5429"]}]},{"@type":"ImageObject","inLanguage":"fr-FR","@id":"https:\/\/sunupost.com\/?p=5429#primaryimage","url":"https:\/\/sunupost.com\/wp-content\/uploads\/2020\/12\/img-20201212-wa0098.jpg","contentUrl":"https:\/\/sunupost.com\/wp-content\/uploads\/2020\/12\/img-20201212-wa0098.jpg","width":1080,"height":614},{"@type":"BreadcrumbList","@id":"https:\/\/sunupost.com\/?p=5429#breadcrumb","itemListElement":[{"@type":"ListItem","position":1,"name":"Home","item":"https:\/\/sunupost.com\/"},{"@type":"ListItem","position":2,"name":"Lettre Ouverte De La Coalition Des Acteurs De La Musique Et Ses Alli\u00e9s Au Chef De L&rsquo;\u00c9tat"}]},{"@type":"WebSite","@id":"https:\/\/sunupost.com\/#website","url":"https:\/\/sunupost.com\/","name":"SUNUPOST","description":"Pens\u00e9e libre","publisher":{"@id":"https:\/\/sunupost.com\/#organization"},"potentialAction":[{"@type":"SearchAction","target":{"@type":"EntryPoint","urlTemplate":"https:\/\/sunupost.com\/?s={search_term_string}"},"query-input":{"@type":"PropertyValueSpecification","valueRequired":true,"valueName":"search_term_string"}}],"inLanguage":"fr-FR"},{"@type":"Organization","@id":"https:\/\/sunupost.com\/#organization","name":"SUNUPOST","url":"https:\/\/sunupost.com\/","logo":{"@type":"ImageObject","inLanguage":"fr-FR","@id":"https:\/\/sunupost.com\/#\/schema\/logo\/image\/","url":"https:\/\/secureservercdn.net\/198.71.233.206\/17w.044.myftpupload.com\/wp-content\/uploads\/2020\/05\/Lancement.jpg?time=1639052812","contentUrl":"https:\/\/secureservercdn.net\/198.71.233.206\/17w.044.myftpupload.com\/wp-content\/uploads\/2020\/05\/Lancement.jpg?time=1639052812","width":300,"height":100,"caption":"SUNUPOST"},"image":{"@id":"https:\/\/sunupost.com\/#\/schema\/logo\/image\/"},"sameAs":["https:\/\/web.facebook.com\/Sunupost-101026658237468\/","https:\/\/x.com\/sunupost","https:\/\/www.instagram.com\/sunupost\/","https:\/\/www.youtube.com\/channel\/UCd7V7bCkLDOee8yr7CW4Dpw"]},{"@type":"Person","@id":"https:\/\/sunupost.com\/#\/schema\/person\/9c04c80a48c29cd2be004cf57947ebb0","name":"La R\u00e9daction","image":{"@type":"ImageObject","inLanguage":"fr-FR","@id":"https:\/\/secure.gravatar.com\/avatar\/1dc7c1ffd136391c1a6d8806c3431e1a2dd9445015e3f66472e3c63e9c80807e?s=96&d=mm&r=g","url":"https:\/\/secure.gravatar.com\/avatar\/1dc7c1ffd136391c1a6d8806c3431e1a2dd9445015e3f66472e3c63e9c80807e?s=96&d=mm&r=g","contentUrl":"https:\/\/secure.gravatar.com\/avatar\/1dc7c1ffd136391c1a6d8806c3431e1a2dd9445015e3f66472e3c63e9c80807e?s=96&d=mm&r=g","caption":"La R\u00e9daction"},"url":"https:\/\/sunupost.com\/?author=10"}]}},"_links":{"self":[{"href":"https:\/\/sunupost.com\/index.php?rest_route=\/wp\/v2\/posts\/5429","targetHints":{"allow":["GET"]}}],"collection":[{"href":"https:\/\/sunupost.com\/index.php?rest_route=\/wp\/v2\/posts"}],"about":[{"href":"https:\/\/sunupost.com\/index.php?rest_route=\/wp\/v2\/types\/post"}],"author":[{"embeddable":true,"href":"https:\/\/sunupost.com\/index.php?rest_route=\/wp\/v2\/users\/10"}],"replies":[{"embeddable":true,"href":"https:\/\/sunupost.com\/index.php?rest_route=%2Fwp%2Fv2%2Fcomments&post=5429"}],"version-history":[{"count":0,"href":"https:\/\/sunupost.com\/index.php?rest_route=\/wp\/v2\/posts\/5429\/revisions"}],"wp:featuredmedia":[{"embeddable":true,"href":"https:\/\/sunupost.com\/index.php?rest_route=\/wp\/v2\/media\/5430"}],"wp:attachment":[{"href":"https:\/\/sunupost.com\/index.php?rest_route=%2Fwp%2Fv2%2Fmedia&parent=5429"}],"wp:term":[{"taxonomy":"category","embeddable":true,"href":"https:\/\/sunupost.com\/index.php?rest_route=%2Fwp%2Fv2%2Fcategories&post=5429"},{"taxonomy":"post_tag","embeddable":true,"href":"https:\/\/sunupost.com\/index.php?rest_route=%2Fwp%2Fv2%2Ftags&post=5429"}],"curies":[{"name":"wp","href":"https:\/\/api.w.org\/{rel}","templated":true}]}}