{"id":5633,"date":"2021-01-14T14:59:58","date_gmt":"2021-01-14T14:59:58","guid":{"rendered":"https:\/\/sunupost.com\/?p=5633"},"modified":"2021-01-14T14:59:58","modified_gmt":"2021-01-14T14:59:58","slug":"entre-perte-de-souverainete-et-alienation-du-patrimoine","status":"publish","type":"post","link":"https:\/\/sunupost.com\/?p=5633","title":{"rendered":"ENTRE PERTE DE SOUVERAINET\u00c9 ET ALI\u00c9NATION DU PATRIMOINE"},"content":{"rendered":"<p style=\"text-align: justify;\"><strong>Cheikh FAYE offre des lignes de son livre intitul\u00e9 TUTELLE POSTCOLONIALE, Le S\u00e9n\u00e9gal, 13e territoire d&rsquo;Outre-Mer de la France et r\u00e9v\u00e8le \u00e0 travers cet ouvrage la forte implication fran\u00e7aise dans l&rsquo;\u00e9conomie du pays. Ce qui, de surcro\u00eet, plonge le lecteur dans un champ de remises en question sur l&rsquo;ind\u00e9pendance, la souverainet\u00e9 \u00e9conomique du pays.<\/strong><\/p>\n<p style=\"text-align: justify;\"><strong>SUNUPOST partage ci dessous, un extrait titr\u00e9<\/strong> : <em><b>Entre perte de souverainet\u00e9 et ali\u00e9nation du patrimoine<\/b><\/em><\/p>\n<p style=\"text-align: justify;\">\n<p style=\"text-align: justify;\"><span style=\"font-weight: 400;\">Port\u00e9 \u00e0 la t\u00eate de l\u2019\u00c9tat s\u00e9n\u00e9galais le 28 mars 2012, le Pr\u00e9sident Macky Sall s\u2019est pr\u00e9cit\u00e9 \u00e0 Paris, moins de trois semaines apr\u00e8s son investiture, pour y rencontrer son homologue fran\u00e7ais, candidat \u00e0 sa propre succession et qui \u00e9tait en pleine campagne du second tour de la pr\u00e9sidentielle. Deux r\u00e9sultats \u00e9taient sortis de cette rencontre in\u00e9dite\u00a0: d\u2019une part, l\u2019octroi, par la France, d\u2019un pr\u00eat de 130 millions d\u2019euros (86 milliards de francs CFA) au titre d\u2019appui budg\u00e9taire avec lib\u00e9ration d\u2019une premi\u00e8re tranche de 50 millions d\u2019euros (pr\u00e8s de 33 milliards de francs CFA) pr\u00e9vue \u00e0 la fin du mois de juin et, d\u2019autre part, la signature d\u2019un Trait\u00e9 instituant un partenariat en mati\u00e8re de coop\u00e9ration militaire entre la R\u00e9publique fran\u00e7aise et la R\u00e9publique du S\u00e9n\u00e9gal. \u00c0 son retour au pays, le Pr\u00e9sident Macky Sall s\u2019est gard\u00e9 de r\u00e9v\u00e9ler la teneur de ce Trait\u00e9. Il a fallu attendre janvier 2014, soit pr\u00e8s de deux ann\u00e9es apr\u00e8s sa signature, pour que ce Trait\u00e9 soit soumis \u00e0 l\u2019Assembl\u00e9e nationale s\u00e9n\u00e9galaise afin d\u2019autoriser le Pr\u00e9sident de la R\u00e9publique \u00e0 le ratifier. Ce que les parlementaires ont fait, sans se poser de questions et \u00e0 l\u2019unanimit\u00e9\u2009!<\/span><\/p>\n<p style=\"text-align: justify;\"><span style=\"font-weight: 400;\">Le Trait\u00e9 instituant un partenariat en mati\u00e8re de coop\u00e9ration militaire entre la R\u00e9publique fran\u00e7aise et la R\u00e9publique du S\u00e9n\u00e9gal sign\u00e9 \u00e0 Paris le 18 avril 2012 \u00e9tait voulu et d\u00e9cid\u00e9 par la France. Il s\u2019inscrivait dans la r\u00e9forme de la pr\u00e9sence militaire fran\u00e7aise \u00e0 travers le monde que le Pr\u00e9sident Nicolas Sarkozy a entreprise. Il concr\u00e9tisait la volont\u00e9 de la France de faire passer la pointe de Dakar, de base op\u00e9rationnelle avanc\u00e9e (avec plus de 1 200 militaires des trois armes) \u00e0 un p\u00f4le op\u00e9rationnel de coop\u00e9ration \u00e0 vocation r\u00e9gionale qui n\u2019aura besoin que de la pr\u00e9sence permanente de 300 militaires. Concr\u00e8tement, cela signifie que Dakar devient un point d\u2019appui, qui vise \u00e0 faciliter les interventions militaires fran\u00e7aises dans la r\u00e9gion ouest-africaine notamment \u00e0 servir de base aux diff\u00e9rents soutiens qu\u2019elle offre aux forces africaines de paix de la r\u00e9gion. Au regard de cet objectif, le Trait\u00e9 sign\u00e9 rompt avec les pr\u00e9c\u00e9dents accords militaires franco-s\u00e9n\u00e9galais en excluant toute possibilit\u00e9 d\u2019intervention directe des militaires fran\u00e7ais dans les affaires int\u00e9rieures s\u00e9n\u00e9galaises. Pour autant, la plume qui a servi \u00e0 sa r\u00e9daction est tremp\u00e9e dans l\u2019encre de la domination coloniale. Ce qui en fait un Trait\u00e9 l\u00e9onin, qui l\u00e8se tr\u00e8s gravement les int\u00e9r\u00eats s\u00e9n\u00e9galais, que le Pr\u00e9sident Macky Sall a sign\u00e9 et que les parlementaires s\u00e9n\u00e9galais ont approuv\u00e9 comme lettre \u00e0 la poste.<\/span><\/p>\n<p style=\"text-align: justify;\"><span style=\"font-weight: 400;\">Aucune des dispositions dans le corps du Trait\u00e9 ne pose de probl\u00e8mes sp\u00e9cifiques. Les probl\u00e8mes, d\u2019une ampleur insoup\u00e7onn\u00e9e, sont enfouis dans les Annexes (au nombre de 3), lesquelles font partie int\u00e9grante du Trait\u00e9. En effet, l\u2019Annexe n<\/span><span style=\"font-weight: 400;\">o<\/span><span style=\"font-weight: 400;\">1 du Trait\u00e9 relative aux facilit\u00e9s accord\u00e9es aux forces fran\u00e7aises stationn\u00e9es ou en en transit du p\u00f4le op\u00e9rationnel de coop\u00e9ration \u00e0 vocation r\u00e9gionale, ressemble davantage \u00e0 un cahier des charges auquel est tenu le S\u00e9n\u00e9gal qu\u2019\u00e0 un Trait\u00e9. C\u2019est une liste d\u2019obligations auxquelles le S\u00e9n\u00e9gal doit se soumettre, seul, sans aucune contrepartie de la France lorsque l\u2019alin\u00e9a 2 de l\u2019article 1 de l\u2019Annexe n<\/span><span style=\"font-weight: 400;\">o<\/span><span style=\"font-weight: 400;\">1 stipule que <\/span><i><span style=\"font-weight: 400;\">\u00ab\u2009les dispositions de la pr\u00e9sente annexe ne s\u2019appliquent que sur le territoire de la R\u00e9publique du S\u00e9n\u00e9gal\u2009\u00bb<\/span><\/i><span style=\"font-weight: 400;\">.\u00a0<\/span><\/p>\n<p style=\"text-align: justify;\"><span style=\"font-weight: 400;\">Les dispositions de l\u2019alin\u00e9a 1 de l\u2019article 7 de l\u2019Annexe n<\/span><span style=\"font-weight: 400;\">o<\/span><span style=\"font-weight: 400;\">1 intitul\u00e9 <\/span><i><span style=\"font-weight: 400;\">\u00ab\u2009Installations et logements mis \u00e0 disposition des forces fran\u00e7aises stationn\u00e9es ou en transit\u2009\u00bb<\/span><\/i><span style=\"font-weight: 400;\"> stipulent que <\/span><i><span style=\"font-weight: 400;\">\u00ab\u2009la Partie s\u00e9n\u00e9galaise met gracieusement \u00e0 la disposition des forces fran\u00e7aises stationn\u00e9es ou en transit les installations suivantes, \u00e0 titre exclusif\u00a0:\u00a0<\/span><\/i><\/p>\n<ul style=\"text-align: justify;\">\n<li style=\"font-weight: 400;\"><i><span style=\"font-weight: 400;\">le camp de Ouakam\u2009;\u00a0<\/span><\/i><\/li>\n<\/ul>\n<ul style=\"text-align: justify;\">\n<li style=\"font-weight: 400;\"><i><span style=\"font-weight: 400;\">la station d\u2019\u00e9mission interarm\u00e9es de Rufisque\u2009;\u00a0<\/span><\/i><\/li>\n<\/ul>\n<ul style=\"text-align: justify;\">\n<li style=\"font-weight: 400;\"><i><span style=\"font-weight: 400;\">le parc de Hann\u2009\u00bb<\/span><\/i><span style=\"font-weight: 400;\">.<\/span><\/li>\n<\/ul>\n<p style=\"text-align: justify;\"><span style=\"font-weight: 400;\">Cela est tout simplement scandaleux, car consacrant une renonciation, de fait, d\u2019une partie du territoire national au profit de la France. C\u2019est une grave atteinte \u00e0 l\u2019int\u00e9grit\u00e9 territoriale du pays lorsque le S\u00e9n\u00e9gal accepte de conc\u00e9der \u00e0 la France, \u00e0 titre exclusif, c\u2019est-\u00e0-dire \u00e0 la seule et unique jouissance de la France, certaines parties de son territoire national.\u00a0<\/span><\/p>\n<p style=\"text-align: justify;\"><span style=\"font-weight: 400;\">En plus de l\u2019atteinte \u00e0 l\u2019int\u00e9grit\u00e9 territoriale, les dispositions de l\u2019alin\u00e9a 3 du m\u00eame article consacrent l\u2019ali\u00e9nation d\u2019une partie du patrimoine s\u00e9n\u00e9galais au profit exclusif de la France lorsqu\u2019elles sont libell\u00e9es en ces termes\u00a0: <\/span><i><span style=\"font-weight: 400;\">\u00ab\u2009la Partie s\u00e9n\u00e9galaise met gracieusement \u00e0 la disposition de la Partie fran\u00e7aise les logements suivants, \u00e0 titre exclusif\u00a0:\u00a0<\/span><\/i><\/p>\n<ul style=\"text-align: justify;\">\n<li style=\"font-weight: 400;\"><i><span style=\"font-weight: 400;\">les villas d\u2019autorit\u00e9s de la Pointe de la Rade\u2009;\u00a0<\/span><\/i><\/li>\n<\/ul>\n<ul style=\"text-align: justify;\">\n<li style=\"font-weight: 400;\"><i><span style=\"font-weight: 400;\">les logements de la cit\u00e9 Saint-Exup\u00e9ry\u2009;\u00a0<\/span><\/i><\/li>\n<\/ul>\n<ul style=\"text-align: justify;\">\n<li style=\"font-weight: 400;\"><i><span style=\"font-weight: 400;\">les logements de l\u2019unit\u00e9 marine\u2009;\u00a0<\/span><\/i><\/li>\n<\/ul>\n<ul style=\"text-align: justify;\">\n<li style=\"font-weight: 400;\"><i><span style=\"font-weight: 400;\">les logements du camp de Ouakam\u2009;\u00a0<\/span><\/i><\/li>\n<\/ul>\n<ul style=\"text-align: justify;\">\n<li style=\"font-weight: 400;\"><i><span style=\"font-weight: 400;\">les logements du parc de Hann\u2009;\u00a0<\/span><\/i><\/li>\n<\/ul>\n<ul style=\"text-align: justify;\">\n<li style=\"font-weight: 400;\"><i><span style=\"font-weight: 400;\">les logements de la station d\u2019\u00e9mission interarm\u00e9es de Rufisque.\u2009\u00bb\u00a0<\/span><\/i><\/li>\n<\/ul>\n<p style=\"text-align: justify;\"><span style=\"font-weight: 400;\">Comme si les autorit\u00e9s s\u00e9n\u00e9galaises n\u2019\u00e9taient pas contentes de leur travail de d\u00e9construction nationale et voulaient donner plus de gages de fid\u00e9lit\u00e9 \u00e0 la France, elles y ont ajout\u00e9, \u00e0 l\u2019article 7, un alin\u00e9a 2 qui stipule que <\/span><i><span style=\"font-weight: 400;\">\u00ab\u2009la Partie s\u00e9n\u00e9galaise met gracieusement \u00e0 la disposition des forces fran\u00e7aises stationn\u00e9es ou en transit les emprises suivantes, \u00e0 titre non exclusif\u00a0:\u00a0<\/span><\/i><\/p>\n<ul style=\"text-align: justify;\">\n<li style=\"font-weight: 400;\"><i><span style=\"font-weight: 400;\">a\u00e9roport L.\u2014 S. Senghor, partie militaire\u2009;\u00a0<\/span><\/i><\/li>\n<\/ul>\n<ul style=\"text-align: justify;\">\n<li style=\"font-weight: 400;\"><i><span style=\"font-weight: 400;\">celles des emprises de la base navale des forces arm\u00e9es s\u00e9n\u00e9galaises occup\u00e9es par les forces fran\u00e7aises (unit\u00e9 marine, direction des travaux, direction interarm\u00e9es du service de sant\u00e9 des arm\u00e9es, centre m\u00e9dical interarm\u00e9es et Poste Protection S\u00e9curit\u00e9 D\u00e9fense)\u2009\u00bb<\/span><\/i><span style=\"font-weight: 400;\">.<\/span><\/li>\n<\/ul>\n<p style=\"text-align: justify;\"><span style=\"font-weight: 400;\">Qui peut faire mieux, en termes de soumission \u00e0 la France\u2009? En tout cas, aucun responsable politique conscient de ses responsabilit\u00e9s dot\u00e9 d\u2019un minimum de patriotisme n\u2019aurait accept\u00e9 cela. Aucune explication, aucune justification ne serait recevable pour asseoir la d\u00e9cision de renoncer \u00e0 l\u2019exercice de la souverainet\u00e9 du S\u00e9n\u00e9gal sur une partie du pays. M\u00eame s\u2019il s\u2019agit de quelques hectares. Avoir sign\u00e9 ce Trait rel\u00e8verait, tout simplement, de la forfaiture. D\u2019une haute trahison.<\/span><\/p>\n<p style=\"text-align: justify;\"><span style=\"font-weight: 400;\">Cerise sur le g\u00e2teau, dans l\u2019annexe n<\/span><span style=\"font-weight: 400;\">o<\/span><span style=\"font-weight: 400;\">1 du Trait\u00e9, l\u2019article 3 relatif \u00e0 l\u2019importation et au d\u00e9placement des mat\u00e9riels et approvisionnements pr\u00e9voit que <\/span><i><span style=\"font-weight: 400;\">\u00ab\u2009la Partie s\u00e9n\u00e9galaise autorise l\u2019entr\u00e9e du mat\u00e9riel et des approvisionnements n\u00e9cessaires aux activit\u00e9s et au fonctionnement courant des forces fran\u00e7aises stationn\u00e9es ou en transit, en franchise de droits et taxes d\u2019entr\u00e9e ainsi que des pr\u00e9l\u00e8vements communautaires, \u00e0 l\u2019exception de ceux figurant dans l\u2019annexe II au pr\u00e9sent trait\u00e9\u2009\u00bb<\/span><\/i><span style=\"font-weight: 400;\">. Autrement dit, le S\u00e9n\u00e9gal renonce \u00e0 la perception de toute taxe sur tout ce qu\u2019importeront les forces militaires fran\u00e7aises en dehors des exceptions suivantes\u00a0: des carburants\u2009; des denr\u00e9es alimentaires \u00e0 l\u2019exclusion des rations de combat individuelles\u2009; des peintures et produits de peinture (vernis, diluant) \u00e0 l\u2019exception des peintures et produits \u00e0 usage strictement militaire (notamment les peintures de coque de b\u00e2timents de guerre, d\u2019avions militaires ou de v\u00e9hicules blind\u00e9s)\u2009; des machines-outils, outillages \u00e0 main et petites fournitures consommables pour les ateliers\u2009; des mat\u00e9riels d\u2019ameublement destin\u00e9s aux membres du personnel, \u00e0 l\u2019exclusion du mobilier de casernement destin\u00e9 \u00e0 un usage militaire\u2009; de l\u2019\u00e9lectrom\u00e9nager destin\u00e9 aux membres du personnel \u00e0 l\u2019exclusion des gros mat\u00e9riels destin\u00e9s aux installations militaires ;\u00a0 du mat\u00e9riel de sport, y compris les embarcations et voiliers de plaisance\u2009; des ordinateurs \u00e0 l\u2019exclusion des ordinateurs durcis \u00e0 usage strictement militaire\u2009; des produits pharmaceutiques.\u00a0<\/span><\/p>\n<p style=\"text-align: justify;\"><span style=\"font-weight: 400;\">Toutefois, si ces mat\u00e9riels, \u00e9quipements et approvisionnements achet\u00e9s dans le commerce local ou fabriqu\u00e9s dans l\u2019industrie locale et r\u00e9serv\u00e9s aux m\u00eames usages, ils sont alors <\/span><i><span style=\"font-weight: 400;\">\u00ab\u2009exon\u00e9r\u00e9s de taxes\u2009\u00bb<\/span><\/i><span style=\"font-weight: 400;\">. Non seulement, la France dispose des ilots de souverainet\u00e9 dans le pays et ne paie pas de location pour le patrimoine immobilier s\u00e9n\u00e9galais mis \u00e0 sa disposition, elle est exon\u00e9r\u00e9e du paiement de plusieurs taxes fiscales et douani\u00e8res dont le S\u00e9n\u00e9gal a grandement besoin pour assurer son d\u00e9veloppement. Il aurait \u00e9t\u00e9 mieux qu\u2019elle commen\u00e7a par s\u2019acquitter de ce qu\u2019elle doit au S\u00e9n\u00e9gal avant de lui verser une obole sous le nom pompeux d\u2019aide publique au d\u00e9veloppement.\u00a0<\/span><\/p>\n<p style=\"text-align: justify;\"><span style=\"font-weight: 400;\">Les relations militaires franco-s\u00e9n\u00e9galaises ont aussi un versant \u00e9conomique, moins connu, moins expos\u00e9. En effet, d\u2019apr\u00e8s le rapport annuel que le minist\u00e8re des Arm\u00e9es fait annuellement au Parlement sur les exportations d\u2019armement de la France, de 2010 \u00e0 2018, le S\u00e9n\u00e9gal a pass\u00e9 commande aupr\u00e8s de la France des mat\u00e9riels militaires d\u2019une valeur totale de 146,2 millions d\u2019euros, soit 96 milliards de francs. Cela repr\u00e9sente pr\u00e8s de 11% des commandes effectu\u00e9es durant la m\u00eame p\u00e9riode par les pays africains au sud du Sahara.<\/span><\/p>\n<p style=\"text-align: justify;\"><span style=\"font-weight: 400;\">De lucratifs contrats d\u2019armement militaire sont conclus au profit d\u2019entreprises fran\u00e7aises. C\u2019est ainsi qu\u2019en marge de la quatri\u00e8me \u00e9dition du s\u00e9minaire intergouvernemental franco-s\u00e9n\u00e9galais tenu \u00e0 Dakar le 17 novembre 2017, plusieurs accords ont \u00e9t\u00e9 sign\u00e9s entre les deux pays notamment celui relatif \u00e0 l\u2019acquisition, par le S\u00e9n\u00e9gal, de trois nouveaux patrouilleurs aupr\u00e8s du groupe fran\u00e7ais Kership ainsi que des missiles aupr\u00e8s du groupe europ\u00e9en MBDA bas\u00e9 en France. Les trois patrouilleurs hauturiers OPV 58 co\u00fbteraient plusieurs centaines de millions d\u2019euros. Le groupe Arquus, anciennement Renault Trucks Defense, a remport\u00e9, en 2017, la fourniture, \u00e0 l\u2019arm\u00e9e s\u00e9n\u00e9galaise, de 13 blind\u00e9s PVP et 9 Bastion selon l\u2019\u00e9dition 2020 du <\/span><i><span style=\"font-weight: 400;\">\u00ab\u2009Calepin des entreprises internationales de d\u00e9fense\u2009\u00bb<\/span><\/i><span style=\"font-weight: 400;\"> qui rassemble les principales donn\u00e9es de certaines entreprises internationales de l\u2019industrie de D\u00e9fense.<\/span><\/p>\n<p style=\"text-align: justify;\"><span style=\"font-weight: 400;\">En retour que re\u00e7oit le S\u00e9n\u00e9gal\u2009? Des broutilles compar\u00e9es aux centaines de milliards de francs CFA engrang\u00e9es par la France dans cette relation trop d\u00e9s\u00e9quilibr\u00e9e. Un rapide examen de la d\u00e9claration conjointe publi\u00e9e au terme du 4<\/span><span style=\"font-weight: 400;\">e<\/span><span style=\"font-weight: 400;\"> s\u00e9minaire intergouvernemental franco-s\u00e9n\u00e9galais donne une id\u00e9e plus pr\u00e9cise des gains du S\u00e9n\u00e9gal. Ils consistent notamment \u00e0 la mise \u00e0 disposition de 26 coop\u00e9rants militaires, la formation des officiers s\u00e9n\u00e9galais au sein de l\u2019\u00e9cole d\u2019application de l\u2019infanterie \u00e0 Thi\u00e8s, l\u2019appui aux cours d\u2019application des officiers de la gendarmerie \u00e0 Ouakam, l\u2019admission (sur concours) de stagiaires au sein des grandes \u00e9coles militaires fran\u00e7aises et une place pour un officier sup\u00e9rieur s\u00e9n\u00e9galais \u00e0 la Session 2020-2021 de l\u2019\u00c9cole de Guerre. Il ne faut pas surtout omettre, au titre des acquis (il faut en rire ou en pleurer\u2009?), la restitution du sabre attribu\u00e9 \u00e0 El Hadj Omar Tall, rapport\u00e9 en France par le g\u00e9n\u00e9ral Louis Archinard apr\u00e8s la campagne militaire de Bandiagara, en avril 1893. Cette restitution a \u00e9t\u00e9 faite, en marge du 4<\/span><span style=\"font-weight: 400;\">e<\/span><span style=\"font-weight: 400;\"> s\u00e9minaire intergouvernemental franco-s\u00e9n\u00e9galais, par le Premier ministre fran\u00e7ais \u00c9douard Philippe au Pr\u00e9sident Macky Sall au cours d\u2019une c\u00e9r\u00e9monie solennelle. Une fa\u00e7on de jouer sur l\u2019affective des S\u00e9n\u00e9galais et de faciliter l\u2019ouverture du portefeuille national. Ce qui fut une op\u00e9ration r\u00e9ussie pour la France\u2009!<\/span><\/p>\n<p style=\"text-align: justify;\">\n<p style=\"text-align: justify;\"><b>**<\/b><span style=\"font-weight: 400;\"> Tutelle postcoloniale. Le S\u00e9n\u00e9gal, 13<\/span><span style=\"font-weight: 400;\">e<\/span><span style=\"font-weight: 400;\"> territoire d&rsquo;Outre-Mer de la France. \u00c9dition Harmattan, Paris (d\u00e9cembre 2020)<\/span><\/p>\n","protected":false},"excerpt":{"rendered":"<p>Cheikh FAYE offre des lignes de son livre intitul\u00e9 TUTELLE POSTCOLONIALE, Le S\u00e9n\u00e9gal, 13e territoire d&rsquo;Outre-Mer de la France et r\u00e9v\u00e8le \u00e0 travers cet ouvrage&#8230;<\/p>\n","protected":false},"author":10,"featured_media":0,"comment_status":"open","ping_status":"open","sticky":false,"template":"","format":"standard","meta":{"_coblocks_attr":"","_coblocks_dimensions":"","_coblocks_responsive_height":"","_coblocks_accordion_ie_support":"","_monsterinsights_skip_tracking":false,"_monsterinsights_sitenote_active":false,"_monsterinsights_sitenote_note":"","_monsterinsights_sitenote_category":0,"h5ap_radio_sources":[],"footnotes":""},"categories":[15,16],"tags":[],"class_list":["post-5633","post","type-post","status-publish","format-standard","hentry","category-a-la-une","category-dossier-enquete","wpcat-15-id","wpcat-16-id"],"yoast_head":"<!-- This site is optimized with the Yoast SEO plugin v27.5 - https:\/\/yoast.com\/product\/yoast-seo-wordpress\/ -->\n<title>ENTRE PERTE DE SOUVERAINET\u00c9 ET ALI\u00c9NATION DU PATRIMOINE - SUNUPOST<\/title>\n<meta name=\"robots\" content=\"index, follow, max-snippet:-1, max-image-preview:large, max-video-preview:-1\" \/>\n<link rel=\"canonical\" href=\"https:\/\/sunupost.com\/?p=5633\" \/>\n<meta property=\"og:locale\" content=\"fr_FR\" \/>\n<meta property=\"og:type\" content=\"article\" \/>\n<meta property=\"og:title\" content=\"ENTRE PERTE DE SOUVERAINET\u00c9 ET ALI\u00c9NATION DU PATRIMOINE - SUNUPOST\" \/>\n<meta property=\"og:description\" content=\"Cheikh FAYE offre des lignes de son livre intitul\u00e9 TUTELLE POSTCOLONIALE, Le S\u00e9n\u00e9gal, 13e territoire d&rsquo;Outre-Mer de la France et r\u00e9v\u00e8le \u00e0 travers cet ouvrage...\" \/>\n<meta property=\"og:url\" content=\"https:\/\/sunupost.com\/?p=5633\" \/>\n<meta property=\"og:site_name\" content=\"SUNUPOST\" \/>\n<meta property=\"article:publisher\" content=\"https:\/\/web.facebook.com\/Sunupost-101026658237468\/\" \/>\n<meta property=\"article:published_time\" content=\"2021-01-14T14:59:58+00:00\" \/>\n<meta name=\"author\" content=\"La R\u00e9daction\" \/>\n<meta name=\"twitter:card\" content=\"summary_large_image\" \/>\n<meta name=\"twitter:creator\" content=\"@sunupost\" \/>\n<meta name=\"twitter:site\" content=\"@sunupost\" \/>\n<meta name=\"twitter:label1\" content=\"\u00c9crit par\" \/>\n\t<meta name=\"twitter:data1\" content=\"La R\u00e9daction\" \/>\n\t<meta name=\"twitter:label2\" content=\"Dur\u00e9e de lecture estim\u00e9e\" \/>\n\t<meta name=\"twitter:data2\" content=\"10 minutes\" \/>\n<script type=\"application\/ld+json\" class=\"yoast-schema-graph\">{\"@context\":\"https:\\\/\\\/schema.org\",\"@graph\":[{\"@type\":\"Article\",\"@id\":\"https:\\\/\\\/sunupost.com\\\/?p=5633#article\",\"isPartOf\":{\"@id\":\"https:\\\/\\\/sunupost.com\\\/?p=5633\"},\"author\":{\"name\":\"La R\u00e9daction\",\"@id\":\"https:\\\/\\\/sunupost.com\\\/#\\\/schema\\\/person\\\/9c04c80a48c29cd2be004cf57947ebb0\"},\"headline\":\"ENTRE PERTE DE SOUVERAINET\u00c9 ET ALI\u00c9NATION DU PATRIMOINE\",\"datePublished\":\"2021-01-14T14:59:58+00:00\",\"mainEntityOfPage\":{\"@id\":\"https:\\\/\\\/sunupost.com\\\/?p=5633\"},\"wordCount\":2050,\"commentCount\":320,\"publisher\":{\"@id\":\"https:\\\/\\\/sunupost.com\\\/#organization\"},\"articleSection\":[\"A LA UNE\",\"DOSSIER\\\/ENQU\u00caTE\"],\"inLanguage\":\"fr-FR\",\"potentialAction\":[{\"@type\":\"CommentAction\",\"name\":\"Comment\",\"target\":[\"https:\\\/\\\/sunupost.com\\\/?p=5633#respond\"]}]},{\"@type\":\"WebPage\",\"@id\":\"https:\\\/\\\/sunupost.com\\\/?p=5633\",\"url\":\"https:\\\/\\\/sunupost.com\\\/?p=5633\",\"name\":\"ENTRE PERTE DE SOUVERAINET\u00c9 ET ALI\u00c9NATION DU PATRIMOINE - SUNUPOST\",\"isPartOf\":{\"@id\":\"https:\\\/\\\/sunupost.com\\\/#website\"},\"datePublished\":\"2021-01-14T14:59:58+00:00\",\"breadcrumb\":{\"@id\":\"https:\\\/\\\/sunupost.com\\\/?p=5633#breadcrumb\"},\"inLanguage\":\"fr-FR\",\"potentialAction\":[{\"@type\":\"ReadAction\",\"target\":[\"https:\\\/\\\/sunupost.com\\\/?p=5633\"]}]},{\"@type\":\"BreadcrumbList\",\"@id\":\"https:\\\/\\\/sunupost.com\\\/?p=5633#breadcrumb\",\"itemListElement\":[{\"@type\":\"ListItem\",\"position\":1,\"name\":\"Home\",\"item\":\"https:\\\/\\\/sunupost.com\\\/\"},{\"@type\":\"ListItem\",\"position\":2,\"name\":\"ENTRE PERTE DE SOUVERAINET\u00c9 ET ALI\u00c9NATION DU PATRIMOINE\"}]},{\"@type\":\"WebSite\",\"@id\":\"https:\\\/\\\/sunupost.com\\\/#website\",\"url\":\"https:\\\/\\\/sunupost.com\\\/\",\"name\":\"SUNUPOST\",\"description\":\"Pens\u00e9e libre\",\"publisher\":{\"@id\":\"https:\\\/\\\/sunupost.com\\\/#organization\"},\"potentialAction\":[{\"@type\":\"SearchAction\",\"target\":{\"@type\":\"EntryPoint\",\"urlTemplate\":\"https:\\\/\\\/sunupost.com\\\/?s={search_term_string}\"},\"query-input\":{\"@type\":\"PropertyValueSpecification\",\"valueRequired\":true,\"valueName\":\"search_term_string\"}}],\"inLanguage\":\"fr-FR\"},{\"@type\":\"Organization\",\"@id\":\"https:\\\/\\\/sunupost.com\\\/#organization\",\"name\":\"SUNUPOST\",\"url\":\"https:\\\/\\\/sunupost.com\\\/\",\"logo\":{\"@type\":\"ImageObject\",\"inLanguage\":\"fr-FR\",\"@id\":\"https:\\\/\\\/sunupost.com\\\/#\\\/schema\\\/logo\\\/image\\\/\",\"url\":\"https:\\\/\\\/secureservercdn.net\\\/198.71.233.206\\\/17w.044.myftpupload.com\\\/wp-content\\\/uploads\\\/2020\\\/05\\\/Lancement.jpg?time=1639052812\",\"contentUrl\":\"https:\\\/\\\/secureservercdn.net\\\/198.71.233.206\\\/17w.044.myftpupload.com\\\/wp-content\\\/uploads\\\/2020\\\/05\\\/Lancement.jpg?time=1639052812\",\"width\":300,\"height\":100,\"caption\":\"SUNUPOST\"},\"image\":{\"@id\":\"https:\\\/\\\/sunupost.com\\\/#\\\/schema\\\/logo\\\/image\\\/\"},\"sameAs\":[\"https:\\\/\\\/web.facebook.com\\\/Sunupost-101026658237468\\\/\",\"https:\\\/\\\/x.com\\\/sunupost\",\"https:\\\/\\\/www.instagram.com\\\/sunupost\\\/\",\"https:\\\/\\\/www.youtube.com\\\/channel\\\/UCd7V7bCkLDOee8yr7CW4Dpw\"]},{\"@type\":\"Person\",\"@id\":\"https:\\\/\\\/sunupost.com\\\/#\\\/schema\\\/person\\\/9c04c80a48c29cd2be004cf57947ebb0\",\"name\":\"La R\u00e9daction\",\"image\":{\"@type\":\"ImageObject\",\"inLanguage\":\"fr-FR\",\"@id\":\"https:\\\/\\\/secure.gravatar.com\\\/avatar\\\/1dc7c1ffd136391c1a6d8806c3431e1a2dd9445015e3f66472e3c63e9c80807e?s=96&d=mm&r=g\",\"url\":\"https:\\\/\\\/secure.gravatar.com\\\/avatar\\\/1dc7c1ffd136391c1a6d8806c3431e1a2dd9445015e3f66472e3c63e9c80807e?s=96&d=mm&r=g\",\"contentUrl\":\"https:\\\/\\\/secure.gravatar.com\\\/avatar\\\/1dc7c1ffd136391c1a6d8806c3431e1a2dd9445015e3f66472e3c63e9c80807e?s=96&d=mm&r=g\",\"caption\":\"La R\u00e9daction\"},\"url\":\"https:\\\/\\\/sunupost.com\\\/?author=10\"}]}<\/script>\n<!-- \/ Yoast SEO plugin. -->","yoast_head_json":{"title":"ENTRE PERTE DE SOUVERAINET\u00c9 ET ALI\u00c9NATION DU PATRIMOINE - SUNUPOST","robots":{"index":"index","follow":"follow","max-snippet":"max-snippet:-1","max-image-preview":"max-image-preview:large","max-video-preview":"max-video-preview:-1"},"canonical":"https:\/\/sunupost.com\/?p=5633","og_locale":"fr_FR","og_type":"article","og_title":"ENTRE PERTE DE SOUVERAINET\u00c9 ET ALI\u00c9NATION DU PATRIMOINE - SUNUPOST","og_description":"Cheikh FAYE offre des lignes de son livre intitul\u00e9 TUTELLE POSTCOLONIALE, Le S\u00e9n\u00e9gal, 13e territoire d&rsquo;Outre-Mer de la France et r\u00e9v\u00e8le \u00e0 travers cet ouvrage...","og_url":"https:\/\/sunupost.com\/?p=5633","og_site_name":"SUNUPOST","article_publisher":"https:\/\/web.facebook.com\/Sunupost-101026658237468\/","article_published_time":"2021-01-14T14:59:58+00:00","author":"La R\u00e9daction","twitter_card":"summary_large_image","twitter_creator":"@sunupost","twitter_site":"@sunupost","twitter_misc":{"\u00c9crit par":"La R\u00e9daction","Dur\u00e9e de lecture estim\u00e9e":"10 minutes"},"schema":{"@context":"https:\/\/schema.org","@graph":[{"@type":"Article","@id":"https:\/\/sunupost.com\/?p=5633#article","isPartOf":{"@id":"https:\/\/sunupost.com\/?p=5633"},"author":{"name":"La R\u00e9daction","@id":"https:\/\/sunupost.com\/#\/schema\/person\/9c04c80a48c29cd2be004cf57947ebb0"},"headline":"ENTRE PERTE DE SOUVERAINET\u00c9 ET ALI\u00c9NATION DU PATRIMOINE","datePublished":"2021-01-14T14:59:58+00:00","mainEntityOfPage":{"@id":"https:\/\/sunupost.com\/?p=5633"},"wordCount":2050,"commentCount":320,"publisher":{"@id":"https:\/\/sunupost.com\/#organization"},"articleSection":["A LA UNE","DOSSIER\/ENQU\u00caTE"],"inLanguage":"fr-FR","potentialAction":[{"@type":"CommentAction","name":"Comment","target":["https:\/\/sunupost.com\/?p=5633#respond"]}]},{"@type":"WebPage","@id":"https:\/\/sunupost.com\/?p=5633","url":"https:\/\/sunupost.com\/?p=5633","name":"ENTRE PERTE DE SOUVERAINET\u00c9 ET ALI\u00c9NATION DU PATRIMOINE - SUNUPOST","isPartOf":{"@id":"https:\/\/sunupost.com\/#website"},"datePublished":"2021-01-14T14:59:58+00:00","breadcrumb":{"@id":"https:\/\/sunupost.com\/?p=5633#breadcrumb"},"inLanguage":"fr-FR","potentialAction":[{"@type":"ReadAction","target":["https:\/\/sunupost.com\/?p=5633"]}]},{"@type":"BreadcrumbList","@id":"https:\/\/sunupost.com\/?p=5633#breadcrumb","itemListElement":[{"@type":"ListItem","position":1,"name":"Home","item":"https:\/\/sunupost.com\/"},{"@type":"ListItem","position":2,"name":"ENTRE PERTE DE SOUVERAINET\u00c9 ET ALI\u00c9NATION DU PATRIMOINE"}]},{"@type":"WebSite","@id":"https:\/\/sunupost.com\/#website","url":"https:\/\/sunupost.com\/","name":"SUNUPOST","description":"Pens\u00e9e libre","publisher":{"@id":"https:\/\/sunupost.com\/#organization"},"potentialAction":[{"@type":"SearchAction","target":{"@type":"EntryPoint","urlTemplate":"https:\/\/sunupost.com\/?s={search_term_string}"},"query-input":{"@type":"PropertyValueSpecification","valueRequired":true,"valueName":"search_term_string"}}],"inLanguage":"fr-FR"},{"@type":"Organization","@id":"https:\/\/sunupost.com\/#organization","name":"SUNUPOST","url":"https:\/\/sunupost.com\/","logo":{"@type":"ImageObject","inLanguage":"fr-FR","@id":"https:\/\/sunupost.com\/#\/schema\/logo\/image\/","url":"https:\/\/secureservercdn.net\/198.71.233.206\/17w.044.myftpupload.com\/wp-content\/uploads\/2020\/05\/Lancement.jpg?time=1639052812","contentUrl":"https:\/\/secureservercdn.net\/198.71.233.206\/17w.044.myftpupload.com\/wp-content\/uploads\/2020\/05\/Lancement.jpg?time=1639052812","width":300,"height":100,"caption":"SUNUPOST"},"image":{"@id":"https:\/\/sunupost.com\/#\/schema\/logo\/image\/"},"sameAs":["https:\/\/web.facebook.com\/Sunupost-101026658237468\/","https:\/\/x.com\/sunupost","https:\/\/www.instagram.com\/sunupost\/","https:\/\/www.youtube.com\/channel\/UCd7V7bCkLDOee8yr7CW4Dpw"]},{"@type":"Person","@id":"https:\/\/sunupost.com\/#\/schema\/person\/9c04c80a48c29cd2be004cf57947ebb0","name":"La R\u00e9daction","image":{"@type":"ImageObject","inLanguage":"fr-FR","@id":"https:\/\/secure.gravatar.com\/avatar\/1dc7c1ffd136391c1a6d8806c3431e1a2dd9445015e3f66472e3c63e9c80807e?s=96&d=mm&r=g","url":"https:\/\/secure.gravatar.com\/avatar\/1dc7c1ffd136391c1a6d8806c3431e1a2dd9445015e3f66472e3c63e9c80807e?s=96&d=mm&r=g","contentUrl":"https:\/\/secure.gravatar.com\/avatar\/1dc7c1ffd136391c1a6d8806c3431e1a2dd9445015e3f66472e3c63e9c80807e?s=96&d=mm&r=g","caption":"La R\u00e9daction"},"url":"https:\/\/sunupost.com\/?author=10"}]}},"_links":{"self":[{"href":"https:\/\/sunupost.com\/index.php?rest_route=\/wp\/v2\/posts\/5633","targetHints":{"allow":["GET"]}}],"collection":[{"href":"https:\/\/sunupost.com\/index.php?rest_route=\/wp\/v2\/posts"}],"about":[{"href":"https:\/\/sunupost.com\/index.php?rest_route=\/wp\/v2\/types\/post"}],"author":[{"embeddable":true,"href":"https:\/\/sunupost.com\/index.php?rest_route=\/wp\/v2\/users\/10"}],"replies":[{"embeddable":true,"href":"https:\/\/sunupost.com\/index.php?rest_route=%2Fwp%2Fv2%2Fcomments&post=5633"}],"version-history":[{"count":0,"href":"https:\/\/sunupost.com\/index.php?rest_route=\/wp\/v2\/posts\/5633\/revisions"}],"wp:attachment":[{"href":"https:\/\/sunupost.com\/index.php?rest_route=%2Fwp%2Fv2%2Fmedia&parent=5633"}],"wp:term":[{"taxonomy":"category","embeddable":true,"href":"https:\/\/sunupost.com\/index.php?rest_route=%2Fwp%2Fv2%2Fcategories&post=5633"},{"taxonomy":"post_tag","embeddable":true,"href":"https:\/\/sunupost.com\/index.php?rest_route=%2Fwp%2Fv2%2Ftags&post=5633"}],"curies":[{"name":"wp","href":"https:\/\/api.w.org\/{rel}","templated":true}]}}