{"id":5637,"date":"2021-01-14T18:43:39","date_gmt":"2021-01-14T18:43:39","guid":{"rendered":"https:\/\/sunupost.com\/?p=5637"},"modified":"2021-01-14T18:43:39","modified_gmt":"2021-01-14T18:43:39","slug":"couvre-feu-a-18h-generalise-pour-la-france-metropolitaine-a-partir-de-samedi","status":"publish","type":"post","link":"https:\/\/sunupost.com\/?p=5637","title":{"rendered":"Couvre-Feu \u00c0 18H G\u00e9n\u00e9ralis\u00e9 Pour La France M\u00e9tropolitaine \u00c0 Partir De Samedi"},"content":{"rendered":"<p>Le Premier ministre fran\u00e7ais Jean Castex a annonc\u00e9 ce jeudi 14 janvier l\u2019instauration d\u2019un\u00a0couvre-feu\u00a0sur tout le territoire \u00e0 18h \u00e0 partir de samedi et pour au moins 15 jours. Les autorit\u00e9s esp\u00e8rent ainsi mieux ma\u00eetriser l\u2019\u00e9pid\u00e9mie de Covid-19 et \u00e9viter une diffusion rapide des variants anglais et sud-africains.<\/p>\n<p>Un couvre-feu \u00e0 18h sera mis en place \u00e0 partir de samedi \u00ab\u00a0pour au moins 15 jours\u00a0\u00bb\u00a0sur l\u2019ensemble du territoire m\u00e9tropolitain fran\u00e7ais, a indiqu\u00e9 jeudi le Premier ministre, Jean Castex, pour faire face \u00e0 l\u2019\u00e9pid\u00e9mie de Covid-19. \u00ab\u00a0Sauf les exceptions li\u00e9es aux missions de service public, tous les lieux, commerces ou services recevant du public seront ferm\u00e9s \u00e0 18h\u00a0\u00bb, a pr\u00e9cis\u00e9 le chef du gouvernement lors d\u2019une conf\u00e9rence de presse.<\/p>\n<p>Seuls 25 d\u00e9partements \u00e9taient jusqu\u2019alors astreints \u00e0 un couvre-feu \u00e0 18h. \u00ab\u00a0Il appara\u00eet selon les donn\u00e9es disponibles \u00e0 ce jour que cette mesure a une efficacit\u00e9 sanitaire\u00a0: dans les 15 premiers d\u00e9partements o\u00f9 le couvre-feu a \u00e9t\u00e9 mis en \u0153uvre \u00e0 18h\u00a0d\u00e8s le 2 janvier dernier, la hausse du nombre de nouveaux cas y est 2, voire 3 fois plus faible que dans les autres d\u00e9partements m\u00e9tropolitains\u00a0\u00bb, a fait valoir Jean Castex.<\/p>\n<p>Le Premier ministre a estim\u00e9 que la situation \u00e9pid\u00e9mique \u00e9tait \u00ab\u00a0ma\u00eetris\u00e9e\u00a0\u00bb\u00a0mais \u00ab\u00a0fragile\u00a0\u00bb\u00a0en France, en s\u2019inqui\u00e9tant de \u00ab\u00a0l\u2019\u00e9mergence de nouvelles souches plus contagieuses\u00a0\u00bb\u00a0du coronavirus. Aucun d\u00e9partement ne pr\u00e9sente un taux d\u2019incidence inf\u00e9rieur \u00e0 50 pour 100\u00a0000 habitants, correspondant au seuil d\u2019alerte, a-t-il notamment fait valoir. En cas d\u2019une \u00ab\u00a0d\u00e9gradation \u00e9pid\u00e9mique forte\u00a0\u00bb\u00a0dans les prochains jours, le Premier ministre a pr\u00e9venu qu\u2019un nouveau confinement serait appliqu\u00e9 \u00ab\u00a0sans d\u00e9lai\u00a0\u00bb.<\/p>\n<p>Parmi les nouvelles mesures annonc\u00e9es, tous les voyageurs souhaitant venir en France en provenance d\u2019un pays ext\u00e9rieur \u00e0 l\u2019Union europ\u00e9enne (UE) devront dor\u00e9navant pr\u00e9senter un test n\u00e9gatif au Covid-19 avant de partir.\u00a0Ces personnes devront \u00e9galement \u00ab\u00a0s\u2019engager sur l\u2019honneur \u00e0 s\u2019isoler pendant sept jours une fois arriv\u00e9es en France, puis \u00e0 refaire un deuxi\u00e8me test PCR \u00e0 l\u2019issue\u00a0\u00bb, a ajout\u00e9 Jean Castex.<\/p>\n<p>Des mesures de restrictions d\u2019urgence vont par ailleurs \u00eatre mises en place en Guyane ainsi qu\u2019\u00e0 Mayotte et \u00e0 la R\u00e9union pour les prot\u00e9ger des variants qui circulent dans ces r\u00e9gions.\u00a0En Guyane, \u00ab\u00a0le contr\u00f4le des fronti\u00e8res sera renforc\u00e9 et des tests n\u00e9gatifs seront exig\u00e9s\u00a0\u00bb\u00a0pour rejoindre les Antilles et la m\u00e9tropole. De la m\u00eame mani\u00e8re, des \u00ab\u00a0tests n\u00e9gatifs seront exig\u00e9s pour les vols en provenance de Mayotte ou de la R\u00e9union\u00a0\u00bb.<\/p>\n<p>L\u2019ex\u00e9cutif a en revanche \u00ab\u00a0souhait\u00e9 maintenir ouverts les \u00e9tablissements scolaires et c\u2019est pour nous un objectif fondamental\u00a0\u00bb, a affirm\u00e9 Jean\u00a0Castex.\u00a0\u00c0 l\u2019universit\u00e9, les \u00e9tudiants de premi\u00e8re ann\u00e9e pourront reprendre par demi-groupes les travaux dirig\u00e9s en pr\u00e9sentiel \u00e0 partir du 25 janvier. Cette mesure s\u2019\u00e9tendra ensuite, \u00ab\u00a0si la situation sanitaire le permet, aux \u00e9tudiants des autres niveaux\u00a0\u00bb, a ajout\u00e9 le Premier ministre, en exprimant la \u00ab\u00a0pr\u00e9occupation\u00a0\u00bb\u00a0du gouvernement face au \u00ab\u00a0profond sentiment d\u2019isolement, mais aussi les vraies difficult\u00e9s p\u00e9dagogiques\u00a0\u00bb\u00a0des \u00e9tudiants<\/p>\n","protected":false},"excerpt":{"rendered":"<p>Le Premier ministre fran\u00e7ais Jean Castex a annonc\u00e9 ce jeudi 14 janvier l\u2019instauration d\u2019un\u00a0couvre-feu\u00a0sur tout le territoire \u00e0 18h \u00e0 partir de samedi et pour&#8230;<\/p>\n","protected":false},"author":10,"featured_media":5638,"comment_status":"open","ping_status":"open","sticky":false,"template":"","format":"standard","meta":{"_coblocks_attr":"","_coblocks_dimensions":"","_coblocks_responsive_height":"","_coblocks_accordion_ie_support":"","_monsterinsights_skip_tracking":false,"_monsterinsights_sitenote_active":false,"_monsterinsights_sitenote_note":"","_monsterinsights_sitenote_category":0,"h5ap_radio_sources":[],"footnotes":""},"categories":[2],"tags":[],"class_list":["post-5637","post","type-post","status-publish","format-standard","has-post-thumbnail","hentry","category-international","wpcat-2-id"],"yoast_head":"<!-- This site is optimized with the Yoast SEO plugin v27.4 - https:\/\/yoast.com\/product\/yoast-seo-wordpress\/ -->\n<title>Couvre-Feu \u00c0 18H G\u00e9n\u00e9ralis\u00e9 Pour La France M\u00e9tropolitaine \u00c0 Partir De Samedi - SUNUPOST<\/title>\n<meta name=\"robots\" content=\"index, follow, max-snippet:-1, max-image-preview:large, max-video-preview:-1\" \/>\n<link rel=\"canonical\" href=\"https:\/\/sunupost.com\/?p=5637\" \/>\n<meta property=\"og:locale\" content=\"fr_FR\" \/>\n<meta property=\"og:type\" content=\"article\" \/>\n<meta property=\"og:title\" content=\"Couvre-Feu \u00c0 18H G\u00e9n\u00e9ralis\u00e9 Pour La France M\u00e9tropolitaine \u00c0 Partir De Samedi - SUNUPOST\" \/>\n<meta property=\"og:description\" content=\"Le Premier ministre fran\u00e7ais Jean Castex a annonc\u00e9 ce jeudi 14 janvier l\u2019instauration d\u2019un\u00a0couvre-feu\u00a0sur tout le territoire \u00e0 18h \u00e0 partir de samedi et pour...\" \/>\n<meta property=\"og:url\" content=\"https:\/\/sunupost.com\/?p=5637\" \/>\n<meta property=\"og:site_name\" content=\"SUNUPOST\" \/>\n<meta property=\"article:publisher\" content=\"https:\/\/web.facebook.com\/Sunupost-101026658237468\/\" \/>\n<meta property=\"article:published_time\" content=\"2021-01-14T18:43:39+00:00\" \/>\n<meta property=\"og:image\" content=\"https:\/\/secureservercdn.net\/198.71.233.69\/17w.044.myftpupload.com\/wp-content\/uploads\/2021\/01\/Screenshot_20210114-183920.jpg?time=1663114152\" \/>\n\t<meta property=\"og:image:width\" content=\"703\" \/>\n\t<meta property=\"og:image:height\" content=\"363\" \/>\n\t<meta property=\"og:image:type\" content=\"image\/jpeg\" \/>\n<meta name=\"author\" content=\"La R\u00e9daction\" \/>\n<meta name=\"twitter:card\" content=\"summary_large_image\" \/>\n<meta name=\"twitter:creator\" content=\"@sunupost\" \/>\n<meta name=\"twitter:site\" content=\"@sunupost\" \/>\n<meta name=\"twitter:label1\" content=\"\u00c9crit par\" \/>\n\t<meta name=\"twitter:data1\" content=\"La R\u00e9daction\" \/>\n\t<meta name=\"twitter:label2\" content=\"Dur\u00e9e de lecture estim\u00e9e\" \/>\n\t<meta name=\"twitter:data2\" content=\"3 minutes\" \/>\n<script type=\"application\/ld+json\" class=\"yoast-schema-graph\">{\"@context\":\"https:\\\/\\\/schema.org\",\"@graph\":[{\"@type\":\"Article\",\"@id\":\"https:\\\/\\\/sunupost.com\\\/?p=5637#article\",\"isPartOf\":{\"@id\":\"https:\\\/\\\/sunupost.com\\\/?p=5637\"},\"author\":{\"name\":\"La R\u00e9daction\",\"@id\":\"https:\\\/\\\/sunupost.com\\\/#\\\/schema\\\/person\\\/9c04c80a48c29cd2be004cf57947ebb0\"},\"headline\":\"Couvre-Feu \u00c0 18H G\u00e9n\u00e9ralis\u00e9 Pour La France M\u00e9tropolitaine \u00c0 Partir De Samedi\",\"datePublished\":\"2021-01-14T18:43:39+00:00\",\"mainEntityOfPage\":{\"@id\":\"https:\\\/\\\/sunupost.com\\\/?p=5637\"},\"wordCount\":546,\"commentCount\":620,\"publisher\":{\"@id\":\"https:\\\/\\\/sunupost.com\\\/#organization\"},\"image\":{\"@id\":\"https:\\\/\\\/sunupost.com\\\/?p=5637#primaryimage\"},\"thumbnailUrl\":\"https:\\\/\\\/sunupost.com\\\/wp-content\\\/uploads\\\/2021\\\/01\\\/Screenshot_20210114-183920.jpg\",\"articleSection\":[\"INTERNATIONAL\"],\"inLanguage\":\"fr-FR\",\"potentialAction\":[{\"@type\":\"CommentAction\",\"name\":\"Comment\",\"target\":[\"https:\\\/\\\/sunupost.com\\\/?p=5637#respond\"]}]},{\"@type\":\"WebPage\",\"@id\":\"https:\\\/\\\/sunupost.com\\\/?p=5637\",\"url\":\"https:\\\/\\\/sunupost.com\\\/?p=5637\",\"name\":\"Couvre-Feu \u00c0 18H G\u00e9n\u00e9ralis\u00e9 Pour La France M\u00e9tropolitaine \u00c0 Partir De Samedi - SUNUPOST\",\"isPartOf\":{\"@id\":\"https:\\\/\\\/sunupost.com\\\/#website\"},\"primaryImageOfPage\":{\"@id\":\"https:\\\/\\\/sunupost.com\\\/?p=5637#primaryimage\"},\"image\":{\"@id\":\"https:\\\/\\\/sunupost.com\\\/?p=5637#primaryimage\"},\"thumbnailUrl\":\"https:\\\/\\\/sunupost.com\\\/wp-content\\\/uploads\\\/2021\\\/01\\\/Screenshot_20210114-183920.jpg\",\"datePublished\":\"2021-01-14T18:43:39+00:00\",\"breadcrumb\":{\"@id\":\"https:\\\/\\\/sunupost.com\\\/?p=5637#breadcrumb\"},\"inLanguage\":\"fr-FR\",\"potentialAction\":[{\"@type\":\"ReadAction\",\"target\":[\"https:\\\/\\\/sunupost.com\\\/?p=5637\"]}]},{\"@type\":\"ImageObject\",\"inLanguage\":\"fr-FR\",\"@id\":\"https:\\\/\\\/sunupost.com\\\/?p=5637#primaryimage\",\"url\":\"https:\\\/\\\/sunupost.com\\\/wp-content\\\/uploads\\\/2021\\\/01\\\/Screenshot_20210114-183920.jpg\",\"contentUrl\":\"https:\\\/\\\/sunupost.com\\\/wp-content\\\/uploads\\\/2021\\\/01\\\/Screenshot_20210114-183920.jpg\",\"width\":703,\"height\":363},{\"@type\":\"BreadcrumbList\",\"@id\":\"https:\\\/\\\/sunupost.com\\\/?p=5637#breadcrumb\",\"itemListElement\":[{\"@type\":\"ListItem\",\"position\":1,\"name\":\"Home\",\"item\":\"https:\\\/\\\/sunupost.com\\\/\"},{\"@type\":\"ListItem\",\"position\":2,\"name\":\"Couvre-Feu \u00c0 18H G\u00e9n\u00e9ralis\u00e9 Pour La France M\u00e9tropolitaine \u00c0 Partir De Samedi\"}]},{\"@type\":\"WebSite\",\"@id\":\"https:\\\/\\\/sunupost.com\\\/#website\",\"url\":\"https:\\\/\\\/sunupost.com\\\/\",\"name\":\"SUNUPOST\",\"description\":\"Pens\u00e9e libre\",\"publisher\":{\"@id\":\"https:\\\/\\\/sunupost.com\\\/#organization\"},\"potentialAction\":[{\"@type\":\"SearchAction\",\"target\":{\"@type\":\"EntryPoint\",\"urlTemplate\":\"https:\\\/\\\/sunupost.com\\\/?s={search_term_string}\"},\"query-input\":{\"@type\":\"PropertyValueSpecification\",\"valueRequired\":true,\"valueName\":\"search_term_string\"}}],\"inLanguage\":\"fr-FR\"},{\"@type\":\"Organization\",\"@id\":\"https:\\\/\\\/sunupost.com\\\/#organization\",\"name\":\"SUNUPOST\",\"url\":\"https:\\\/\\\/sunupost.com\\\/\",\"logo\":{\"@type\":\"ImageObject\",\"inLanguage\":\"fr-FR\",\"@id\":\"https:\\\/\\\/sunupost.com\\\/#\\\/schema\\\/logo\\\/image\\\/\",\"url\":\"https:\\\/\\\/secureservercdn.net\\\/198.71.233.206\\\/17w.044.myftpupload.com\\\/wp-content\\\/uploads\\\/2020\\\/05\\\/Lancement.jpg?time=1639052812\",\"contentUrl\":\"https:\\\/\\\/secureservercdn.net\\\/198.71.233.206\\\/17w.044.myftpupload.com\\\/wp-content\\\/uploads\\\/2020\\\/05\\\/Lancement.jpg?time=1639052812\",\"width\":300,\"height\":100,\"caption\":\"SUNUPOST\"},\"image\":{\"@id\":\"https:\\\/\\\/sunupost.com\\\/#\\\/schema\\\/logo\\\/image\\\/\"},\"sameAs\":[\"https:\\\/\\\/web.facebook.com\\\/Sunupost-101026658237468\\\/\",\"https:\\\/\\\/x.com\\\/sunupost\",\"https:\\\/\\\/www.instagram.com\\\/sunupost\\\/\",\"https:\\\/\\\/www.youtube.com\\\/channel\\\/UCd7V7bCkLDOee8yr7CW4Dpw\"]},{\"@type\":\"Person\",\"@id\":\"https:\\\/\\\/sunupost.com\\\/#\\\/schema\\\/person\\\/9c04c80a48c29cd2be004cf57947ebb0\",\"name\":\"La R\u00e9daction\",\"image\":{\"@type\":\"ImageObject\",\"inLanguage\":\"fr-FR\",\"@id\":\"https:\\\/\\\/secure.gravatar.com\\\/avatar\\\/1dc7c1ffd136391c1a6d8806c3431e1a2dd9445015e3f66472e3c63e9c80807e?s=96&d=mm&r=g\",\"url\":\"https:\\\/\\\/secure.gravatar.com\\\/avatar\\\/1dc7c1ffd136391c1a6d8806c3431e1a2dd9445015e3f66472e3c63e9c80807e?s=96&d=mm&r=g\",\"contentUrl\":\"https:\\\/\\\/secure.gravatar.com\\\/avatar\\\/1dc7c1ffd136391c1a6d8806c3431e1a2dd9445015e3f66472e3c63e9c80807e?s=96&d=mm&r=g\",\"caption\":\"La R\u00e9daction\"},\"url\":\"https:\\\/\\\/sunupost.com\\\/?author=10\"}]}<\/script>\n<!-- \/ Yoast SEO plugin. -->","yoast_head_json":{"title":"Couvre-Feu \u00c0 18H G\u00e9n\u00e9ralis\u00e9 Pour La France M\u00e9tropolitaine \u00c0 Partir De Samedi - SUNUPOST","robots":{"index":"index","follow":"follow","max-snippet":"max-snippet:-1","max-image-preview":"max-image-preview:large","max-video-preview":"max-video-preview:-1"},"canonical":"https:\/\/sunupost.com\/?p=5637","og_locale":"fr_FR","og_type":"article","og_title":"Couvre-Feu \u00c0 18H G\u00e9n\u00e9ralis\u00e9 Pour La France M\u00e9tropolitaine \u00c0 Partir De Samedi - SUNUPOST","og_description":"Le Premier ministre fran\u00e7ais Jean Castex a annonc\u00e9 ce jeudi 14 janvier l\u2019instauration d\u2019un\u00a0couvre-feu\u00a0sur tout le territoire \u00e0 18h \u00e0 partir de samedi et pour...","og_url":"https:\/\/sunupost.com\/?p=5637","og_site_name":"SUNUPOST","article_publisher":"https:\/\/web.facebook.com\/Sunupost-101026658237468\/","article_published_time":"2021-01-14T18:43:39+00:00","og_image":[{"width":703,"height":363,"url":"https:\/\/secureservercdn.net\/198.71.233.69\/17w.044.myftpupload.com\/wp-content\/uploads\/2021\/01\/Screenshot_20210114-183920.jpg?time=1663114152","type":"image\/jpeg"}],"author":"La R\u00e9daction","twitter_card":"summary_large_image","twitter_creator":"@sunupost","twitter_site":"@sunupost","twitter_misc":{"\u00c9crit par":"La R\u00e9daction","Dur\u00e9e de lecture estim\u00e9e":"3 minutes"},"schema":{"@context":"https:\/\/schema.org","@graph":[{"@type":"Article","@id":"https:\/\/sunupost.com\/?p=5637#article","isPartOf":{"@id":"https:\/\/sunupost.com\/?p=5637"},"author":{"name":"La R\u00e9daction","@id":"https:\/\/sunupost.com\/#\/schema\/person\/9c04c80a48c29cd2be004cf57947ebb0"},"headline":"Couvre-Feu \u00c0 18H G\u00e9n\u00e9ralis\u00e9 Pour La France M\u00e9tropolitaine \u00c0 Partir De Samedi","datePublished":"2021-01-14T18:43:39+00:00","mainEntityOfPage":{"@id":"https:\/\/sunupost.com\/?p=5637"},"wordCount":546,"commentCount":620,"publisher":{"@id":"https:\/\/sunupost.com\/#organization"},"image":{"@id":"https:\/\/sunupost.com\/?p=5637#primaryimage"},"thumbnailUrl":"https:\/\/sunupost.com\/wp-content\/uploads\/2021\/01\/Screenshot_20210114-183920.jpg","articleSection":["INTERNATIONAL"],"inLanguage":"fr-FR","potentialAction":[{"@type":"CommentAction","name":"Comment","target":["https:\/\/sunupost.com\/?p=5637#respond"]}]},{"@type":"WebPage","@id":"https:\/\/sunupost.com\/?p=5637","url":"https:\/\/sunupost.com\/?p=5637","name":"Couvre-Feu \u00c0 18H G\u00e9n\u00e9ralis\u00e9 Pour La France M\u00e9tropolitaine \u00c0 Partir De Samedi - SUNUPOST","isPartOf":{"@id":"https:\/\/sunupost.com\/#website"},"primaryImageOfPage":{"@id":"https:\/\/sunupost.com\/?p=5637#primaryimage"},"image":{"@id":"https:\/\/sunupost.com\/?p=5637#primaryimage"},"thumbnailUrl":"https:\/\/sunupost.com\/wp-content\/uploads\/2021\/01\/Screenshot_20210114-183920.jpg","datePublished":"2021-01-14T18:43:39+00:00","breadcrumb":{"@id":"https:\/\/sunupost.com\/?p=5637#breadcrumb"},"inLanguage":"fr-FR","potentialAction":[{"@type":"ReadAction","target":["https:\/\/sunupost.com\/?p=5637"]}]},{"@type":"ImageObject","inLanguage":"fr-FR","@id":"https:\/\/sunupost.com\/?p=5637#primaryimage","url":"https:\/\/sunupost.com\/wp-content\/uploads\/2021\/01\/Screenshot_20210114-183920.jpg","contentUrl":"https:\/\/sunupost.com\/wp-content\/uploads\/2021\/01\/Screenshot_20210114-183920.jpg","width":703,"height":363},{"@type":"BreadcrumbList","@id":"https:\/\/sunupost.com\/?p=5637#breadcrumb","itemListElement":[{"@type":"ListItem","position":1,"name":"Home","item":"https:\/\/sunupost.com\/"},{"@type":"ListItem","position":2,"name":"Couvre-Feu \u00c0 18H G\u00e9n\u00e9ralis\u00e9 Pour La France M\u00e9tropolitaine \u00c0 Partir De Samedi"}]},{"@type":"WebSite","@id":"https:\/\/sunupost.com\/#website","url":"https:\/\/sunupost.com\/","name":"SUNUPOST","description":"Pens\u00e9e libre","publisher":{"@id":"https:\/\/sunupost.com\/#organization"},"potentialAction":[{"@type":"SearchAction","target":{"@type":"EntryPoint","urlTemplate":"https:\/\/sunupost.com\/?s={search_term_string}"},"query-input":{"@type":"PropertyValueSpecification","valueRequired":true,"valueName":"search_term_string"}}],"inLanguage":"fr-FR"},{"@type":"Organization","@id":"https:\/\/sunupost.com\/#organization","name":"SUNUPOST","url":"https:\/\/sunupost.com\/","logo":{"@type":"ImageObject","inLanguage":"fr-FR","@id":"https:\/\/sunupost.com\/#\/schema\/logo\/image\/","url":"https:\/\/secureservercdn.net\/198.71.233.206\/17w.044.myftpupload.com\/wp-content\/uploads\/2020\/05\/Lancement.jpg?time=1639052812","contentUrl":"https:\/\/secureservercdn.net\/198.71.233.206\/17w.044.myftpupload.com\/wp-content\/uploads\/2020\/05\/Lancement.jpg?time=1639052812","width":300,"height":100,"caption":"SUNUPOST"},"image":{"@id":"https:\/\/sunupost.com\/#\/schema\/logo\/image\/"},"sameAs":["https:\/\/web.facebook.com\/Sunupost-101026658237468\/","https:\/\/x.com\/sunupost","https:\/\/www.instagram.com\/sunupost\/","https:\/\/www.youtube.com\/channel\/UCd7V7bCkLDOee8yr7CW4Dpw"]},{"@type":"Person","@id":"https:\/\/sunupost.com\/#\/schema\/person\/9c04c80a48c29cd2be004cf57947ebb0","name":"La R\u00e9daction","image":{"@type":"ImageObject","inLanguage":"fr-FR","@id":"https:\/\/secure.gravatar.com\/avatar\/1dc7c1ffd136391c1a6d8806c3431e1a2dd9445015e3f66472e3c63e9c80807e?s=96&d=mm&r=g","url":"https:\/\/secure.gravatar.com\/avatar\/1dc7c1ffd136391c1a6d8806c3431e1a2dd9445015e3f66472e3c63e9c80807e?s=96&d=mm&r=g","contentUrl":"https:\/\/secure.gravatar.com\/avatar\/1dc7c1ffd136391c1a6d8806c3431e1a2dd9445015e3f66472e3c63e9c80807e?s=96&d=mm&r=g","caption":"La R\u00e9daction"},"url":"https:\/\/sunupost.com\/?author=10"}]}},"_links":{"self":[{"href":"https:\/\/sunupost.com\/index.php?rest_route=\/wp\/v2\/posts\/5637","targetHints":{"allow":["GET"]}}],"collection":[{"href":"https:\/\/sunupost.com\/index.php?rest_route=\/wp\/v2\/posts"}],"about":[{"href":"https:\/\/sunupost.com\/index.php?rest_route=\/wp\/v2\/types\/post"}],"author":[{"embeddable":true,"href":"https:\/\/sunupost.com\/index.php?rest_route=\/wp\/v2\/users\/10"}],"replies":[{"embeddable":true,"href":"https:\/\/sunupost.com\/index.php?rest_route=%2Fwp%2Fv2%2Fcomments&post=5637"}],"version-history":[{"count":0,"href":"https:\/\/sunupost.com\/index.php?rest_route=\/wp\/v2\/posts\/5637\/revisions"}],"wp:featuredmedia":[{"embeddable":true,"href":"https:\/\/sunupost.com\/index.php?rest_route=\/wp\/v2\/media\/5638"}],"wp:attachment":[{"href":"https:\/\/sunupost.com\/index.php?rest_route=%2Fwp%2Fv2%2Fmedia&parent=5637"}],"wp:term":[{"taxonomy":"category","embeddable":true,"href":"https:\/\/sunupost.com\/index.php?rest_route=%2Fwp%2Fv2%2Fcategories&post=5637"},{"taxonomy":"post_tag","embeddable":true,"href":"https:\/\/sunupost.com\/index.php?rest_route=%2Fwp%2Fv2%2Ftags&post=5637"}],"curies":[{"name":"wp","href":"https:\/\/api.w.org\/{rel}","templated":true}]}}