{"id":5829,"date":"2021-01-30T23:43:53","date_gmt":"2021-01-30T23:43:53","guid":{"rendered":"https:\/\/sunupost.com\/?p=5829"},"modified":"2021-01-30T23:43:53","modified_gmt":"2021-01-30T23:43:53","slug":"points-sur-lactualite-aly-bathily-disseque","status":"publish","type":"post","link":"https:\/\/sunupost.com\/?p=5829","title":{"rendered":"POINTS SUR L&rsquo;ACTUALIT\u00c9 : Aly Bathily Diss\u00e8que !"},"content":{"rendered":"<div style=\"text-align: justify;\"><\/div>\n<div style=\"text-align: justify;\"><em><strong>Membre de la cellule des cadres de La R\u00e9publique des Valeurs,\u00a0Aly Bathily a \u00e9t\u00e9 l&rsquo;Invit\u00e9 Sp\u00e9cial du Live de LERAL.NET<\/strong><\/em><\/div>\n<div style=\"text-align: justify;\">Ce camarade de Thierno Alassane Sall n&rsquo;a pas mis les gants pour, d&rsquo;abord, fustiger les diff\u00e9rents manquements constat\u00e9s dans la gestion du Covid19 par le r\u00e9gime de Macky, ensuite analyser la nouvelle configuration politique, entre autres, les projets de r\u00e9forme sur l&rsquo;\u00e9ducation contenus dans le programme de La R\u00e9publique des Valeurs, le choix fait sur Thierno Alassane Sall et l&rsquo;int\u00e9r\u00eat pour le s\u00e9n\u00e9galais de lire et comprendre l&rsquo;ouvrage de ce dernier, intitul\u00e9 \u2039\u2039 Le Protocole de l&rsquo;Elys\u00e9e \u203a\u203a, les confidences d&rsquo;un ancien ministre s\u00e9n\u00e9galais du p\u00e9trole..<\/div>\n<div style=\"text-align: justify;\">Autant de th\u00e8mes abord\u00e9s, et pertinemment d\u00e9battus dont la deuxi\u00e8me vague de Covid19 qui fait ses ravages actuellement au S\u00e9n\u00e9gal. Pour M Bathily, l&rsquo;\u00c9tat est fautif dans la mesure o\u00f9 ce sont eux m\u00eames les dirigeants qui ont \u00e9t\u00e9 les premiers \u00e0 n\u00e9gliger les communications pr\u00e9ventives de lutte contre le virus. Il est m\u00eame all\u00e9 plus loin en pointant du doigt l&rsquo;attitude de la premi\u00e8re dame, h\u00f4te de marque, dans une c\u00e9r\u00e9monie de bapt\u00eame, apparue sans masque, d\u00e9fiant les mesures barri\u00e8res \u00e9dict\u00e9es par les autorit\u00e9s sanitaires, mais aussi dans une ignorance absolue de la gravit\u00e9 de la pand\u00e9mie. Voici une des causes du rel\u00e2chement constat\u00e9, un peu partout dans le pays, o\u00f9 les c\u00e9r\u00e9monies, les festivit\u00e9s religieuses, l&rsquo;affluence dans les march\u00e9s, les transports en commun et autres places publiques sont r\u00e9els, bien apparents, sans pour autant inqui\u00e9ter nos autorit\u00e9s.<\/div>\n<div style=\"text-align: justify;\">Pour le cas de Diary Sow, le cadre de la R\u00e9publique des Valeurs, s&rsquo;est plaint du comportement de certains s\u00e9n\u00e9galais, et de la tournure politique que l&rsquo;affaire a prise.<\/div>\n<div style=\"text-align: justify;\">Aly BATHILY a d\u00e9nonc\u00e9 la publication des messages de la jeune fille par son tuteur, ministre Serigne Mbaye Thiam, ce qui, selon lui, a fini par constituer un lourd fardeau de pression psychologique sur D. Sow.<\/div>\n<div style=\"text-align: justify;\">Toutefois Aly s&rsquo;est r\u00e9joui du fait qu&rsquo;elle soit trouv\u00e9e saine et sauve.<\/div>\n<div style=\"text-align: justify;\">Revenant sur le compagnonnage de Thierno Alassane Sall avec son ancien camarade de parti, en l&rsquo;occurrence le pr\u00e9sident Macky Sall, Aly Bathily a rappel\u00e9 les positions de principe du repr\u00e9sentant de l&rsquo;ASECNA, que f\u00fbt \u00e0 l&rsquo;\u00e9poque TAS, et sur son combat pour la protection de la bande verte et des int\u00e9r\u00eats de l&rsquo;Agence pour la s\u00e9curit\u00e9 de la navigation a\u00e9rienne en Afrique et au Madagascar. Pour lui, Thierno Alassane Sall a toujours d\u00e9fendu les principes de valeurs m\u00eame \u00e9tant dans le gouvernement, allant jusqu&rsquo;\u00e0 diminuer son salaire, gage de sa participation \u00e0 l&rsquo;effort d&rsquo;inspirer une gouvernance sobre et vertueuse.<\/div>\n<div style=\"text-align: justify;\">Le camarade de Thierno Sall dit \u00eatre solidaire aux victimes de Mbour4, et rappelle \u00e0 Macky Sall, sa promesse d&rsquo;alors, de garantir la long\u00e9vit\u00e9 des habitations de cette partie de Thi\u00e8s. Des propos que le locataire du palais n&rsquo;a pas respect\u00e9, selon M Bathily, puisque les maisons de ces pauvres contribuables ont \u00e9t\u00e9 r\u00e9cemment d\u00e9molies par la DSCOS. Plus loin, cette institution de surveillance du sol, pour Aly, ne devrait \u00eatre log\u00e9e dans le minist\u00e8re des forces arm\u00e9es, ce qui sonne comme une \u2039\u2039 violence \u203a\u203a dans la t\u00eate des s\u00e9n\u00e9galais, puisqu&rsquo;on parle de questions d&rsquo;urbanisme.<\/div>\n<div style=\"text-align: justify;\">Pour Aly Bathily, la nouvelle recomposition politique n&rsquo;est autre qu&rsquo;une \u2039\u2039 clarification \u203a\u203a dans le landerneau politique, avec les vrais opposants dont O. Sonko et Thierno Alassane Sall.<\/div>\n<div style=\"text-align: justify;\">Sur le plan de l&rsquo;Education, Aly Bathily, membre de la cellule des cadres de La R\u00e9publique des Valeurs, appelle les compatriotes \u00e0 visiter le site du parti et lire le programme, qui traite de tout et constitue la solution pour changer les destin\u00e9es de notre ch\u00e8re nation.<\/div>\n","protected":false},"excerpt":{"rendered":"<p>Membre de la cellule des cadres de La R\u00e9publique des Valeurs,\u00a0Aly Bathily a \u00e9t\u00e9 l&rsquo;Invit\u00e9 Sp\u00e9cial du Live de LERAL.NET Ce camarade de Thierno Alassane&#8230;<\/p>\n","protected":false},"author":10,"featured_media":0,"comment_status":"open","ping_status":"open","sticky":false,"template":"","format":"standard","meta":{"_coblocks_attr":"","_coblocks_dimensions":"","_coblocks_responsive_height":"","_coblocks_accordion_ie_support":"","_monsterinsights_skip_tracking":false,"_monsterinsights_sitenote_active":false,"_monsterinsights_sitenote_note":"","_monsterinsights_sitenote_category":0,"h5ap_radio_sources":[],"footnotes":""},"categories":[15,6],"tags":[],"class_list":["post-5829","post","type-post","status-publish","format-standard","hentry","category-a-la-une","category-politique","wpcat-15-id","wpcat-6-id"],"yoast_head":"<!-- This site is optimized with the Yoast SEO plugin v27.5 - https:\/\/yoast.com\/product\/yoast-seo-wordpress\/ -->\n<title>POINTS SUR L&#039;ACTUALIT\u00c9 : Aly Bathily Diss\u00e8que ! - SUNUPOST<\/title>\n<meta name=\"robots\" content=\"index, follow, max-snippet:-1, max-image-preview:large, max-video-preview:-1\" \/>\n<link rel=\"canonical\" href=\"https:\/\/sunupost.com\/?p=5829\" \/>\n<meta property=\"og:locale\" content=\"fr_FR\" \/>\n<meta property=\"og:type\" content=\"article\" \/>\n<meta property=\"og:title\" content=\"POINTS SUR L&#039;ACTUALIT\u00c9 : Aly Bathily Diss\u00e8que ! - SUNUPOST\" \/>\n<meta property=\"og:description\" content=\"Membre de la cellule des cadres de La R\u00e9publique des Valeurs,\u00a0Aly Bathily a \u00e9t\u00e9 l&rsquo;Invit\u00e9 Sp\u00e9cial du Live de LERAL.NET Ce camarade de Thierno Alassane...\" \/>\n<meta property=\"og:url\" content=\"https:\/\/sunupost.com\/?p=5829\" \/>\n<meta property=\"og:site_name\" content=\"SUNUPOST\" \/>\n<meta property=\"article:publisher\" content=\"https:\/\/web.facebook.com\/Sunupost-101026658237468\/\" \/>\n<meta property=\"article:published_time\" content=\"2021-01-30T23:43:53+00:00\" \/>\n<meta name=\"author\" content=\"La R\u00e9daction\" \/>\n<meta name=\"twitter:card\" content=\"summary_large_image\" \/>\n<meta name=\"twitter:creator\" content=\"@sunupost\" \/>\n<meta name=\"twitter:site\" content=\"@sunupost\" \/>\n<meta name=\"twitter:label1\" content=\"\u00c9crit par\" \/>\n\t<meta name=\"twitter:data1\" content=\"La R\u00e9daction\" \/>\n\t<meta name=\"twitter:label2\" content=\"Dur\u00e9e de lecture estim\u00e9e\" \/>\n\t<meta name=\"twitter:data2\" content=\"3 minutes\" \/>\n<script type=\"application\/ld+json\" class=\"yoast-schema-graph\">{\"@context\":\"https:\\\/\\\/schema.org\",\"@graph\":[{\"@type\":\"Article\",\"@id\":\"https:\\\/\\\/sunupost.com\\\/?p=5829#article\",\"isPartOf\":{\"@id\":\"https:\\\/\\\/sunupost.com\\\/?p=5829\"},\"author\":{\"name\":\"La R\u00e9daction\",\"@id\":\"https:\\\/\\\/sunupost.com\\\/#\\\/schema\\\/person\\\/9c04c80a48c29cd2be004cf57947ebb0\"},\"headline\":\"POINTS SUR L&rsquo;ACTUALIT\u00c9 : Aly Bathily Diss\u00e8que !\",\"datePublished\":\"2021-01-30T23:43:53+00:00\",\"mainEntityOfPage\":{\"@id\":\"https:\\\/\\\/sunupost.com\\\/?p=5829\"},\"wordCount\":690,\"commentCount\":369,\"publisher\":{\"@id\":\"https:\\\/\\\/sunupost.com\\\/#organization\"},\"articleSection\":[\"A LA UNE\",\"POLITIQUE\"],\"inLanguage\":\"fr-FR\",\"potentialAction\":[{\"@type\":\"CommentAction\",\"name\":\"Comment\",\"target\":[\"https:\\\/\\\/sunupost.com\\\/?p=5829#respond\"]}]},{\"@type\":\"WebPage\",\"@id\":\"https:\\\/\\\/sunupost.com\\\/?p=5829\",\"url\":\"https:\\\/\\\/sunupost.com\\\/?p=5829\",\"name\":\"POINTS SUR L'ACTUALIT\u00c9 : Aly Bathily Diss\u00e8que ! - SUNUPOST\",\"isPartOf\":{\"@id\":\"https:\\\/\\\/sunupost.com\\\/#website\"},\"datePublished\":\"2021-01-30T23:43:53+00:00\",\"breadcrumb\":{\"@id\":\"https:\\\/\\\/sunupost.com\\\/?p=5829#breadcrumb\"},\"inLanguage\":\"fr-FR\",\"potentialAction\":[{\"@type\":\"ReadAction\",\"target\":[\"https:\\\/\\\/sunupost.com\\\/?p=5829\"]}]},{\"@type\":\"BreadcrumbList\",\"@id\":\"https:\\\/\\\/sunupost.com\\\/?p=5829#breadcrumb\",\"itemListElement\":[{\"@type\":\"ListItem\",\"position\":1,\"name\":\"Home\",\"item\":\"https:\\\/\\\/sunupost.com\\\/\"},{\"@type\":\"ListItem\",\"position\":2,\"name\":\"POINTS SUR L&rsquo;ACTUALIT\u00c9 : Aly Bathily Diss\u00e8que !\"}]},{\"@type\":\"WebSite\",\"@id\":\"https:\\\/\\\/sunupost.com\\\/#website\",\"url\":\"https:\\\/\\\/sunupost.com\\\/\",\"name\":\"SUNUPOST\",\"description\":\"Pens\u00e9e libre\",\"publisher\":{\"@id\":\"https:\\\/\\\/sunupost.com\\\/#organization\"},\"potentialAction\":[{\"@type\":\"SearchAction\",\"target\":{\"@type\":\"EntryPoint\",\"urlTemplate\":\"https:\\\/\\\/sunupost.com\\\/?s={search_term_string}\"},\"query-input\":{\"@type\":\"PropertyValueSpecification\",\"valueRequired\":true,\"valueName\":\"search_term_string\"}}],\"inLanguage\":\"fr-FR\"},{\"@type\":\"Organization\",\"@id\":\"https:\\\/\\\/sunupost.com\\\/#organization\",\"name\":\"SUNUPOST\",\"url\":\"https:\\\/\\\/sunupost.com\\\/\",\"logo\":{\"@type\":\"ImageObject\",\"inLanguage\":\"fr-FR\",\"@id\":\"https:\\\/\\\/sunupost.com\\\/#\\\/schema\\\/logo\\\/image\\\/\",\"url\":\"https:\\\/\\\/secureservercdn.net\\\/198.71.233.206\\\/17w.044.myftpupload.com\\\/wp-content\\\/uploads\\\/2020\\\/05\\\/Lancement.jpg?time=1639052812\",\"contentUrl\":\"https:\\\/\\\/secureservercdn.net\\\/198.71.233.206\\\/17w.044.myftpupload.com\\\/wp-content\\\/uploads\\\/2020\\\/05\\\/Lancement.jpg?time=1639052812\",\"width\":300,\"height\":100,\"caption\":\"SUNUPOST\"},\"image\":{\"@id\":\"https:\\\/\\\/sunupost.com\\\/#\\\/schema\\\/logo\\\/image\\\/\"},\"sameAs\":[\"https:\\\/\\\/web.facebook.com\\\/Sunupost-101026658237468\\\/\",\"https:\\\/\\\/x.com\\\/sunupost\",\"https:\\\/\\\/www.instagram.com\\\/sunupost\\\/\",\"https:\\\/\\\/www.youtube.com\\\/channel\\\/UCd7V7bCkLDOee8yr7CW4Dpw\"]},{\"@type\":\"Person\",\"@id\":\"https:\\\/\\\/sunupost.com\\\/#\\\/schema\\\/person\\\/9c04c80a48c29cd2be004cf57947ebb0\",\"name\":\"La R\u00e9daction\",\"image\":{\"@type\":\"ImageObject\",\"inLanguage\":\"fr-FR\",\"@id\":\"https:\\\/\\\/secure.gravatar.com\\\/avatar\\\/1dc7c1ffd136391c1a6d8806c3431e1a2dd9445015e3f66472e3c63e9c80807e?s=96&d=mm&r=g\",\"url\":\"https:\\\/\\\/secure.gravatar.com\\\/avatar\\\/1dc7c1ffd136391c1a6d8806c3431e1a2dd9445015e3f66472e3c63e9c80807e?s=96&d=mm&r=g\",\"contentUrl\":\"https:\\\/\\\/secure.gravatar.com\\\/avatar\\\/1dc7c1ffd136391c1a6d8806c3431e1a2dd9445015e3f66472e3c63e9c80807e?s=96&d=mm&r=g\",\"caption\":\"La R\u00e9daction\"},\"url\":\"https:\\\/\\\/sunupost.com\\\/?author=10\"}]}<\/script>\n<!-- \/ Yoast SEO plugin. -->","yoast_head_json":{"title":"POINTS SUR L'ACTUALIT\u00c9 : Aly Bathily Diss\u00e8que ! - SUNUPOST","robots":{"index":"index","follow":"follow","max-snippet":"max-snippet:-1","max-image-preview":"max-image-preview:large","max-video-preview":"max-video-preview:-1"},"canonical":"https:\/\/sunupost.com\/?p=5829","og_locale":"fr_FR","og_type":"article","og_title":"POINTS SUR L'ACTUALIT\u00c9 : Aly Bathily Diss\u00e8que ! - SUNUPOST","og_description":"Membre de la cellule des cadres de La R\u00e9publique des Valeurs,\u00a0Aly Bathily a \u00e9t\u00e9 l&rsquo;Invit\u00e9 Sp\u00e9cial du Live de LERAL.NET Ce camarade de Thierno Alassane...","og_url":"https:\/\/sunupost.com\/?p=5829","og_site_name":"SUNUPOST","article_publisher":"https:\/\/web.facebook.com\/Sunupost-101026658237468\/","article_published_time":"2021-01-30T23:43:53+00:00","author":"La R\u00e9daction","twitter_card":"summary_large_image","twitter_creator":"@sunupost","twitter_site":"@sunupost","twitter_misc":{"\u00c9crit par":"La R\u00e9daction","Dur\u00e9e de lecture estim\u00e9e":"3 minutes"},"schema":{"@context":"https:\/\/schema.org","@graph":[{"@type":"Article","@id":"https:\/\/sunupost.com\/?p=5829#article","isPartOf":{"@id":"https:\/\/sunupost.com\/?p=5829"},"author":{"name":"La R\u00e9daction","@id":"https:\/\/sunupost.com\/#\/schema\/person\/9c04c80a48c29cd2be004cf57947ebb0"},"headline":"POINTS SUR L&rsquo;ACTUALIT\u00c9 : Aly Bathily Diss\u00e8que !","datePublished":"2021-01-30T23:43:53+00:00","mainEntityOfPage":{"@id":"https:\/\/sunupost.com\/?p=5829"},"wordCount":690,"commentCount":369,"publisher":{"@id":"https:\/\/sunupost.com\/#organization"},"articleSection":["A LA UNE","POLITIQUE"],"inLanguage":"fr-FR","potentialAction":[{"@type":"CommentAction","name":"Comment","target":["https:\/\/sunupost.com\/?p=5829#respond"]}]},{"@type":"WebPage","@id":"https:\/\/sunupost.com\/?p=5829","url":"https:\/\/sunupost.com\/?p=5829","name":"POINTS SUR L'ACTUALIT\u00c9 : Aly Bathily Diss\u00e8que ! - SUNUPOST","isPartOf":{"@id":"https:\/\/sunupost.com\/#website"},"datePublished":"2021-01-30T23:43:53+00:00","breadcrumb":{"@id":"https:\/\/sunupost.com\/?p=5829#breadcrumb"},"inLanguage":"fr-FR","potentialAction":[{"@type":"ReadAction","target":["https:\/\/sunupost.com\/?p=5829"]}]},{"@type":"BreadcrumbList","@id":"https:\/\/sunupost.com\/?p=5829#breadcrumb","itemListElement":[{"@type":"ListItem","position":1,"name":"Home","item":"https:\/\/sunupost.com\/"},{"@type":"ListItem","position":2,"name":"POINTS SUR L&rsquo;ACTUALIT\u00c9 : Aly Bathily Diss\u00e8que !"}]},{"@type":"WebSite","@id":"https:\/\/sunupost.com\/#website","url":"https:\/\/sunupost.com\/","name":"SUNUPOST","description":"Pens\u00e9e libre","publisher":{"@id":"https:\/\/sunupost.com\/#organization"},"potentialAction":[{"@type":"SearchAction","target":{"@type":"EntryPoint","urlTemplate":"https:\/\/sunupost.com\/?s={search_term_string}"},"query-input":{"@type":"PropertyValueSpecification","valueRequired":true,"valueName":"search_term_string"}}],"inLanguage":"fr-FR"},{"@type":"Organization","@id":"https:\/\/sunupost.com\/#organization","name":"SUNUPOST","url":"https:\/\/sunupost.com\/","logo":{"@type":"ImageObject","inLanguage":"fr-FR","@id":"https:\/\/sunupost.com\/#\/schema\/logo\/image\/","url":"https:\/\/secureservercdn.net\/198.71.233.206\/17w.044.myftpupload.com\/wp-content\/uploads\/2020\/05\/Lancement.jpg?time=1639052812","contentUrl":"https:\/\/secureservercdn.net\/198.71.233.206\/17w.044.myftpupload.com\/wp-content\/uploads\/2020\/05\/Lancement.jpg?time=1639052812","width":300,"height":100,"caption":"SUNUPOST"},"image":{"@id":"https:\/\/sunupost.com\/#\/schema\/logo\/image\/"},"sameAs":["https:\/\/web.facebook.com\/Sunupost-101026658237468\/","https:\/\/x.com\/sunupost","https:\/\/www.instagram.com\/sunupost\/","https:\/\/www.youtube.com\/channel\/UCd7V7bCkLDOee8yr7CW4Dpw"]},{"@type":"Person","@id":"https:\/\/sunupost.com\/#\/schema\/person\/9c04c80a48c29cd2be004cf57947ebb0","name":"La R\u00e9daction","image":{"@type":"ImageObject","inLanguage":"fr-FR","@id":"https:\/\/secure.gravatar.com\/avatar\/1dc7c1ffd136391c1a6d8806c3431e1a2dd9445015e3f66472e3c63e9c80807e?s=96&d=mm&r=g","url":"https:\/\/secure.gravatar.com\/avatar\/1dc7c1ffd136391c1a6d8806c3431e1a2dd9445015e3f66472e3c63e9c80807e?s=96&d=mm&r=g","contentUrl":"https:\/\/secure.gravatar.com\/avatar\/1dc7c1ffd136391c1a6d8806c3431e1a2dd9445015e3f66472e3c63e9c80807e?s=96&d=mm&r=g","caption":"La R\u00e9daction"},"url":"https:\/\/sunupost.com\/?author=10"}]}},"_links":{"self":[{"href":"https:\/\/sunupost.com\/index.php?rest_route=\/wp\/v2\/posts\/5829","targetHints":{"allow":["GET"]}}],"collection":[{"href":"https:\/\/sunupost.com\/index.php?rest_route=\/wp\/v2\/posts"}],"about":[{"href":"https:\/\/sunupost.com\/index.php?rest_route=\/wp\/v2\/types\/post"}],"author":[{"embeddable":true,"href":"https:\/\/sunupost.com\/index.php?rest_route=\/wp\/v2\/users\/10"}],"replies":[{"embeddable":true,"href":"https:\/\/sunupost.com\/index.php?rest_route=%2Fwp%2Fv2%2Fcomments&post=5829"}],"version-history":[{"count":0,"href":"https:\/\/sunupost.com\/index.php?rest_route=\/wp\/v2\/posts\/5829\/revisions"}],"wp:attachment":[{"href":"https:\/\/sunupost.com\/index.php?rest_route=%2Fwp%2Fv2%2Fmedia&parent=5829"}],"wp:term":[{"taxonomy":"category","embeddable":true,"href":"https:\/\/sunupost.com\/index.php?rest_route=%2Fwp%2Fv2%2Fcategories&post=5829"},{"taxonomy":"post_tag","embeddable":true,"href":"https:\/\/sunupost.com\/index.php?rest_route=%2Fwp%2Fv2%2Ftags&post=5829"}],"curies":[{"name":"wp","href":"https:\/\/api.w.org\/{rel}","templated":true}]}}