{"id":5882,"date":"2021-02-03T10:32:17","date_gmt":"2021-02-03T10:32:17","guid":{"rendered":"https:\/\/sunupost.com\/?p=5882"},"modified":"2021-02-03T10:32:17","modified_gmt":"2021-02-03T10:32:17","slug":"mort-de-la-famille-diol-a-denver-lidentite-de-deux-suspects-rendus-publics","status":"publish","type":"post","link":"https:\/\/sunupost.com\/?p=5882","title":{"rendered":"Mort De La famille Diol \u00c0 Denver: L\u2019Identit\u00e9 De Deux Suspects Rendus Publics"},"content":{"rendered":"<p>Annon\u00e7ait hier mardi, que la justice am\u00e9ricaine avait d\u00e9cid\u00e9 de juger comme adultes deux des trois pr\u00e9sum\u00e9s auteurs de l\u2019incendie criminel de Denver, qui a cout\u00e9 la vie \u00e0 5 membres de la famille Diol et que leur identit\u00e9 sera d\u00e9voil\u00e9e. Cela vient d\u2019\u00eatre fait.<\/p>\n<p>Ils s\u2019appellent Kevin Bui et Gavin Seymour. Tous \u00e2g\u00e9s de 16 ans. Ils sont d\u00e9sormais inculp\u00e9s et seront jug\u00e9s comme des adultes dans l\u2019affaire de l\u2019incendie criminel qui a co\u00fbt\u00e9 la vie \u00e0 Djiby Diol, sa fille, son \u00e9pouse et deux autres proches \u00e0 Denver en ao\u00fbt dernier. Ils ne b\u00e9n\u00e9ficient plus des faveurs accord\u00e9es aux d\u00e9tenus mineurs. Et le parquet a mat\u00e9rialis\u00e9 ce fait en rendant public leur identit\u00e9.<\/p>\n<p>Le nombre de charges \u00e0 leur encontre a grimp\u00e9. Il est pass\u00e9 de 28 \u00e0 60 chefs d\u2019accusation dont 5 chefs de meurtre au premier degr\u00e9, plusieurs chefs de tentative de meurtre, agression au premier degr\u00e9 avec une arme mortelle, incendie criminel, cambriolage, complot au premier degr\u00e9 etc. Les dossiers ont \u00e9t\u00e9 d\u00e9pos\u00e9s au Tribunal du District de Denver. Le date de l\u2019audience n\u2019a pas, pour l\u2019instant, \u00e9t\u00e9 divulgu\u00e9e.<\/p>\n<p>Pour le troisi\u00e8me suspect arr\u00eat\u00e9 dans cette affaire, il est \u00e2g\u00e9e de 15 ans. Carolyn Tyler, porte-parole du bureau du procureur du district, a d\u00e9clar\u00e9, face \u00e0 la presse am\u00e9ricaine, que le parquet a demand\u00e9 que son dossier soit transf\u00e9r\u00e9 au tribunal pour mineurs du district de Denver. Il faut souligner qu&rsquo;une quatri\u00e8me personne, Tanya Bui, a, aussi \u00e9t\u00e9 arr\u00eat\u00e9e dans l&rsquo;affaire.<\/p>\n<p>L&rsquo;incendie s&rsquo;\u00e9tait d\u00e9clar\u00e9e juste vers 3 heures du matin (heure de Denver), le 5 ao\u00fbt dernier. Un b\u00e9b\u00e9, un enfant de bas \u00e2ge et trois adultes \u00a0ont \u00e9t\u00e9 tu\u00e9s. Les victimes: Djiby Diol (29 ans) Adja Diol son \u00e9pouse \u00a0(23 ans), leur fille Khadija Diol (1 an), Hassan Diol membre de la famille (25 ans) et sa Fille de 7 mois Hawa Baye<\/p>\n<p>Au lendemain de la barbarie, le Patron de la police de Denver avait d\u00e9clar\u00e9, apr\u00e8s les premiers \u00e9l\u00e9ments de l&rsquo;enqu\u00eate, que le feu a \u00e9t\u00e9 d\u00e9lib\u00e9r\u00e9ment allum\u00e9 par des individus qui avaient fui la r\u00e9gion. Puis, une r\u00e9compense de \u00a0plusieurs milliers de dollars avait \u00e9t\u00e9 propos\u00e9e pour ceux qui auront donn\u00e9 des informations sur les auteurs de l\u2019incendie.<\/p>\n","protected":false},"excerpt":{"rendered":"<p>Annon\u00e7ait hier mardi, que la justice am\u00e9ricaine avait d\u00e9cid\u00e9 de juger comme adultes deux des trois pr\u00e9sum\u00e9s auteurs de l\u2019incendie criminel de Denver, qui a&#8230;<\/p>\n","protected":false},"author":10,"featured_media":5883,"comment_status":"open","ping_status":"open","sticky":false,"template":"","format":"standard","meta":{"_coblocks_attr":"","_coblocks_dimensions":"","_coblocks_responsive_height":"","_coblocks_accordion_ie_support":"","_monsterinsights_skip_tracking":false,"_monsterinsights_sitenote_active":false,"_monsterinsights_sitenote_note":"","_monsterinsights_sitenote_category":0,"h5ap_radio_sources":[],"footnotes":""},"categories":[18],"tags":[],"class_list":["post-5882","post","type-post","status-publish","format-standard","has-post-thumbnail","hentry","category-justice","wpcat-18-id"],"yoast_head":"<!-- This site is optimized with the Yoast SEO plugin v27.4 - https:\/\/yoast.com\/product\/yoast-seo-wordpress\/ -->\n<title>Mort De La famille Diol \u00c0 Denver: L\u2019Identit\u00e9 De Deux Suspects Rendus Publics - SUNUPOST<\/title>\n<meta name=\"robots\" content=\"index, follow, max-snippet:-1, max-image-preview:large, max-video-preview:-1\" \/>\n<link rel=\"canonical\" href=\"https:\/\/sunupost.com\/?p=5882\" \/>\n<meta property=\"og:locale\" content=\"fr_FR\" \/>\n<meta property=\"og:type\" content=\"article\" \/>\n<meta property=\"og:title\" content=\"Mort De La famille Diol \u00c0 Denver: L\u2019Identit\u00e9 De Deux Suspects Rendus Publics - SUNUPOST\" \/>\n<meta property=\"og:description\" content=\"Annon\u00e7ait hier mardi, que la justice am\u00e9ricaine avait d\u00e9cid\u00e9 de juger comme adultes deux des trois pr\u00e9sum\u00e9s auteurs de l\u2019incendie criminel de Denver, qui a...\" \/>\n<meta property=\"og:url\" content=\"https:\/\/sunupost.com\/?p=5882\" \/>\n<meta property=\"og:site_name\" content=\"SUNUPOST\" \/>\n<meta property=\"article:publisher\" content=\"https:\/\/web.facebook.com\/Sunupost-101026658237468\/\" \/>\n<meta property=\"article:published_time\" content=\"2021-02-03T10:32:17+00:00\" \/>\n<meta property=\"og:image\" content=\"https:\/\/secureservercdn.net\/198.71.233.69\/17w.044.myftpupload.com\/wp-content\/uploads\/2021\/02\/Screenshot_20210203-102826_PhotoGrid.jpg?time=1663113113\" \/>\n\t<meta property=\"og:image:width\" content=\"700\" \/>\n\t<meta property=\"og:image:height\" content=\"505\" \/>\n\t<meta property=\"og:image:type\" content=\"image\/jpeg\" \/>\n<meta name=\"author\" content=\"La R\u00e9daction\" \/>\n<meta name=\"twitter:card\" content=\"summary_large_image\" \/>\n<meta name=\"twitter:creator\" content=\"@sunupost\" \/>\n<meta name=\"twitter:site\" content=\"@sunupost\" \/>\n<meta name=\"twitter:label1\" content=\"\u00c9crit par\" \/>\n\t<meta name=\"twitter:data1\" content=\"La R\u00e9daction\" \/>\n\t<meta name=\"twitter:label2\" content=\"Dur\u00e9e de lecture estim\u00e9e\" \/>\n\t<meta name=\"twitter:data2\" content=\"2 minutes\" \/>\n<script type=\"application\/ld+json\" class=\"yoast-schema-graph\">{\"@context\":\"https:\\\/\\\/schema.org\",\"@graph\":[{\"@type\":\"Article\",\"@id\":\"https:\\\/\\\/sunupost.com\\\/?p=5882#article\",\"isPartOf\":{\"@id\":\"https:\\\/\\\/sunupost.com\\\/?p=5882\"},\"author\":{\"name\":\"La R\u00e9daction\",\"@id\":\"https:\\\/\\\/sunupost.com\\\/#\\\/schema\\\/person\\\/9c04c80a48c29cd2be004cf57947ebb0\"},\"headline\":\"Mort De La famille Diol \u00c0 Denver: L\u2019Identit\u00e9 De Deux Suspects Rendus Publics\",\"datePublished\":\"2021-02-03T10:32:17+00:00\",\"mainEntityOfPage\":{\"@id\":\"https:\\\/\\\/sunupost.com\\\/?p=5882\"},\"wordCount\":421,\"commentCount\":446,\"publisher\":{\"@id\":\"https:\\\/\\\/sunupost.com\\\/#organization\"},\"image\":{\"@id\":\"https:\\\/\\\/sunupost.com\\\/?p=5882#primaryimage\"},\"thumbnailUrl\":\"https:\\\/\\\/sunupost.com\\\/wp-content\\\/uploads\\\/2021\\\/02\\\/Screenshot_20210203-102826_PhotoGrid.jpg\",\"articleSection\":[\"JUSTICE\"],\"inLanguage\":\"fr-FR\",\"potentialAction\":[{\"@type\":\"CommentAction\",\"name\":\"Comment\",\"target\":[\"https:\\\/\\\/sunupost.com\\\/?p=5882#respond\"]}]},{\"@type\":\"WebPage\",\"@id\":\"https:\\\/\\\/sunupost.com\\\/?p=5882\",\"url\":\"https:\\\/\\\/sunupost.com\\\/?p=5882\",\"name\":\"Mort De La famille Diol \u00c0 Denver: L\u2019Identit\u00e9 De Deux Suspects Rendus Publics - SUNUPOST\",\"isPartOf\":{\"@id\":\"https:\\\/\\\/sunupost.com\\\/#website\"},\"primaryImageOfPage\":{\"@id\":\"https:\\\/\\\/sunupost.com\\\/?p=5882#primaryimage\"},\"image\":{\"@id\":\"https:\\\/\\\/sunupost.com\\\/?p=5882#primaryimage\"},\"thumbnailUrl\":\"https:\\\/\\\/sunupost.com\\\/wp-content\\\/uploads\\\/2021\\\/02\\\/Screenshot_20210203-102826_PhotoGrid.jpg\",\"datePublished\":\"2021-02-03T10:32:17+00:00\",\"breadcrumb\":{\"@id\":\"https:\\\/\\\/sunupost.com\\\/?p=5882#breadcrumb\"},\"inLanguage\":\"fr-FR\",\"potentialAction\":[{\"@type\":\"ReadAction\",\"target\":[\"https:\\\/\\\/sunupost.com\\\/?p=5882\"]}]},{\"@type\":\"ImageObject\",\"inLanguage\":\"fr-FR\",\"@id\":\"https:\\\/\\\/sunupost.com\\\/?p=5882#primaryimage\",\"url\":\"https:\\\/\\\/sunupost.com\\\/wp-content\\\/uploads\\\/2021\\\/02\\\/Screenshot_20210203-102826_PhotoGrid.jpg\",\"contentUrl\":\"https:\\\/\\\/sunupost.com\\\/wp-content\\\/uploads\\\/2021\\\/02\\\/Screenshot_20210203-102826_PhotoGrid.jpg\",\"width\":700,\"height\":505},{\"@type\":\"BreadcrumbList\",\"@id\":\"https:\\\/\\\/sunupost.com\\\/?p=5882#breadcrumb\",\"itemListElement\":[{\"@type\":\"ListItem\",\"position\":1,\"name\":\"Home\",\"item\":\"https:\\\/\\\/sunupost.com\\\/\"},{\"@type\":\"ListItem\",\"position\":2,\"name\":\"Mort De La famille Diol \u00c0 Denver: L\u2019Identit\u00e9 De Deux Suspects Rendus Publics\"}]},{\"@type\":\"WebSite\",\"@id\":\"https:\\\/\\\/sunupost.com\\\/#website\",\"url\":\"https:\\\/\\\/sunupost.com\\\/\",\"name\":\"SUNUPOST\",\"description\":\"Pens\u00e9e libre\",\"publisher\":{\"@id\":\"https:\\\/\\\/sunupost.com\\\/#organization\"},\"potentialAction\":[{\"@type\":\"SearchAction\",\"target\":{\"@type\":\"EntryPoint\",\"urlTemplate\":\"https:\\\/\\\/sunupost.com\\\/?s={search_term_string}\"},\"query-input\":{\"@type\":\"PropertyValueSpecification\",\"valueRequired\":true,\"valueName\":\"search_term_string\"}}],\"inLanguage\":\"fr-FR\"},{\"@type\":\"Organization\",\"@id\":\"https:\\\/\\\/sunupost.com\\\/#organization\",\"name\":\"SUNUPOST\",\"url\":\"https:\\\/\\\/sunupost.com\\\/\",\"logo\":{\"@type\":\"ImageObject\",\"inLanguage\":\"fr-FR\",\"@id\":\"https:\\\/\\\/sunupost.com\\\/#\\\/schema\\\/logo\\\/image\\\/\",\"url\":\"https:\\\/\\\/secureservercdn.net\\\/198.71.233.206\\\/17w.044.myftpupload.com\\\/wp-content\\\/uploads\\\/2020\\\/05\\\/Lancement.jpg?time=1639052812\",\"contentUrl\":\"https:\\\/\\\/secureservercdn.net\\\/198.71.233.206\\\/17w.044.myftpupload.com\\\/wp-content\\\/uploads\\\/2020\\\/05\\\/Lancement.jpg?time=1639052812\",\"width\":300,\"height\":100,\"caption\":\"SUNUPOST\"},\"image\":{\"@id\":\"https:\\\/\\\/sunupost.com\\\/#\\\/schema\\\/logo\\\/image\\\/\"},\"sameAs\":[\"https:\\\/\\\/web.facebook.com\\\/Sunupost-101026658237468\\\/\",\"https:\\\/\\\/x.com\\\/sunupost\",\"https:\\\/\\\/www.instagram.com\\\/sunupost\\\/\",\"https:\\\/\\\/www.youtube.com\\\/channel\\\/UCd7V7bCkLDOee8yr7CW4Dpw\"]},{\"@type\":\"Person\",\"@id\":\"https:\\\/\\\/sunupost.com\\\/#\\\/schema\\\/person\\\/9c04c80a48c29cd2be004cf57947ebb0\",\"name\":\"La R\u00e9daction\",\"image\":{\"@type\":\"ImageObject\",\"inLanguage\":\"fr-FR\",\"@id\":\"https:\\\/\\\/secure.gravatar.com\\\/avatar\\\/1dc7c1ffd136391c1a6d8806c3431e1a2dd9445015e3f66472e3c63e9c80807e?s=96&d=mm&r=g\",\"url\":\"https:\\\/\\\/secure.gravatar.com\\\/avatar\\\/1dc7c1ffd136391c1a6d8806c3431e1a2dd9445015e3f66472e3c63e9c80807e?s=96&d=mm&r=g\",\"contentUrl\":\"https:\\\/\\\/secure.gravatar.com\\\/avatar\\\/1dc7c1ffd136391c1a6d8806c3431e1a2dd9445015e3f66472e3c63e9c80807e?s=96&d=mm&r=g\",\"caption\":\"La R\u00e9daction\"},\"url\":\"https:\\\/\\\/sunupost.com\\\/?author=10\"}]}<\/script>\n<!-- \/ Yoast SEO plugin. -->","yoast_head_json":{"title":"Mort De La famille Diol \u00c0 Denver: L\u2019Identit\u00e9 De Deux Suspects Rendus Publics - SUNUPOST","robots":{"index":"index","follow":"follow","max-snippet":"max-snippet:-1","max-image-preview":"max-image-preview:large","max-video-preview":"max-video-preview:-1"},"canonical":"https:\/\/sunupost.com\/?p=5882","og_locale":"fr_FR","og_type":"article","og_title":"Mort De La famille Diol \u00c0 Denver: L\u2019Identit\u00e9 De Deux Suspects Rendus Publics - SUNUPOST","og_description":"Annon\u00e7ait hier mardi, que la justice am\u00e9ricaine avait d\u00e9cid\u00e9 de juger comme adultes deux des trois pr\u00e9sum\u00e9s auteurs de l\u2019incendie criminel de Denver, qui a...","og_url":"https:\/\/sunupost.com\/?p=5882","og_site_name":"SUNUPOST","article_publisher":"https:\/\/web.facebook.com\/Sunupost-101026658237468\/","article_published_time":"2021-02-03T10:32:17+00:00","og_image":[{"width":700,"height":505,"url":"https:\/\/secureservercdn.net\/198.71.233.69\/17w.044.myftpupload.com\/wp-content\/uploads\/2021\/02\/Screenshot_20210203-102826_PhotoGrid.jpg?time=1663113113","type":"image\/jpeg"}],"author":"La R\u00e9daction","twitter_card":"summary_large_image","twitter_creator":"@sunupost","twitter_site":"@sunupost","twitter_misc":{"\u00c9crit par":"La R\u00e9daction","Dur\u00e9e de lecture estim\u00e9e":"2 minutes"},"schema":{"@context":"https:\/\/schema.org","@graph":[{"@type":"Article","@id":"https:\/\/sunupost.com\/?p=5882#article","isPartOf":{"@id":"https:\/\/sunupost.com\/?p=5882"},"author":{"name":"La R\u00e9daction","@id":"https:\/\/sunupost.com\/#\/schema\/person\/9c04c80a48c29cd2be004cf57947ebb0"},"headline":"Mort De La famille Diol \u00c0 Denver: L\u2019Identit\u00e9 De Deux Suspects Rendus Publics","datePublished":"2021-02-03T10:32:17+00:00","mainEntityOfPage":{"@id":"https:\/\/sunupost.com\/?p=5882"},"wordCount":421,"commentCount":446,"publisher":{"@id":"https:\/\/sunupost.com\/#organization"},"image":{"@id":"https:\/\/sunupost.com\/?p=5882#primaryimage"},"thumbnailUrl":"https:\/\/sunupost.com\/wp-content\/uploads\/2021\/02\/Screenshot_20210203-102826_PhotoGrid.jpg","articleSection":["JUSTICE"],"inLanguage":"fr-FR","potentialAction":[{"@type":"CommentAction","name":"Comment","target":["https:\/\/sunupost.com\/?p=5882#respond"]}]},{"@type":"WebPage","@id":"https:\/\/sunupost.com\/?p=5882","url":"https:\/\/sunupost.com\/?p=5882","name":"Mort De La famille Diol \u00c0 Denver: L\u2019Identit\u00e9 De Deux Suspects Rendus Publics - SUNUPOST","isPartOf":{"@id":"https:\/\/sunupost.com\/#website"},"primaryImageOfPage":{"@id":"https:\/\/sunupost.com\/?p=5882#primaryimage"},"image":{"@id":"https:\/\/sunupost.com\/?p=5882#primaryimage"},"thumbnailUrl":"https:\/\/sunupost.com\/wp-content\/uploads\/2021\/02\/Screenshot_20210203-102826_PhotoGrid.jpg","datePublished":"2021-02-03T10:32:17+00:00","breadcrumb":{"@id":"https:\/\/sunupost.com\/?p=5882#breadcrumb"},"inLanguage":"fr-FR","potentialAction":[{"@type":"ReadAction","target":["https:\/\/sunupost.com\/?p=5882"]}]},{"@type":"ImageObject","inLanguage":"fr-FR","@id":"https:\/\/sunupost.com\/?p=5882#primaryimage","url":"https:\/\/sunupost.com\/wp-content\/uploads\/2021\/02\/Screenshot_20210203-102826_PhotoGrid.jpg","contentUrl":"https:\/\/sunupost.com\/wp-content\/uploads\/2021\/02\/Screenshot_20210203-102826_PhotoGrid.jpg","width":700,"height":505},{"@type":"BreadcrumbList","@id":"https:\/\/sunupost.com\/?p=5882#breadcrumb","itemListElement":[{"@type":"ListItem","position":1,"name":"Home","item":"https:\/\/sunupost.com\/"},{"@type":"ListItem","position":2,"name":"Mort De La famille Diol \u00c0 Denver: L\u2019Identit\u00e9 De Deux Suspects Rendus Publics"}]},{"@type":"WebSite","@id":"https:\/\/sunupost.com\/#website","url":"https:\/\/sunupost.com\/","name":"SUNUPOST","description":"Pens\u00e9e libre","publisher":{"@id":"https:\/\/sunupost.com\/#organization"},"potentialAction":[{"@type":"SearchAction","target":{"@type":"EntryPoint","urlTemplate":"https:\/\/sunupost.com\/?s={search_term_string}"},"query-input":{"@type":"PropertyValueSpecification","valueRequired":true,"valueName":"search_term_string"}}],"inLanguage":"fr-FR"},{"@type":"Organization","@id":"https:\/\/sunupost.com\/#organization","name":"SUNUPOST","url":"https:\/\/sunupost.com\/","logo":{"@type":"ImageObject","inLanguage":"fr-FR","@id":"https:\/\/sunupost.com\/#\/schema\/logo\/image\/","url":"https:\/\/secureservercdn.net\/198.71.233.206\/17w.044.myftpupload.com\/wp-content\/uploads\/2020\/05\/Lancement.jpg?time=1639052812","contentUrl":"https:\/\/secureservercdn.net\/198.71.233.206\/17w.044.myftpupload.com\/wp-content\/uploads\/2020\/05\/Lancement.jpg?time=1639052812","width":300,"height":100,"caption":"SUNUPOST"},"image":{"@id":"https:\/\/sunupost.com\/#\/schema\/logo\/image\/"},"sameAs":["https:\/\/web.facebook.com\/Sunupost-101026658237468\/","https:\/\/x.com\/sunupost","https:\/\/www.instagram.com\/sunupost\/","https:\/\/www.youtube.com\/channel\/UCd7V7bCkLDOee8yr7CW4Dpw"]},{"@type":"Person","@id":"https:\/\/sunupost.com\/#\/schema\/person\/9c04c80a48c29cd2be004cf57947ebb0","name":"La R\u00e9daction","image":{"@type":"ImageObject","inLanguage":"fr-FR","@id":"https:\/\/secure.gravatar.com\/avatar\/1dc7c1ffd136391c1a6d8806c3431e1a2dd9445015e3f66472e3c63e9c80807e?s=96&d=mm&r=g","url":"https:\/\/secure.gravatar.com\/avatar\/1dc7c1ffd136391c1a6d8806c3431e1a2dd9445015e3f66472e3c63e9c80807e?s=96&d=mm&r=g","contentUrl":"https:\/\/secure.gravatar.com\/avatar\/1dc7c1ffd136391c1a6d8806c3431e1a2dd9445015e3f66472e3c63e9c80807e?s=96&d=mm&r=g","caption":"La R\u00e9daction"},"url":"https:\/\/sunupost.com\/?author=10"}]}},"_links":{"self":[{"href":"https:\/\/sunupost.com\/index.php?rest_route=\/wp\/v2\/posts\/5882","targetHints":{"allow":["GET"]}}],"collection":[{"href":"https:\/\/sunupost.com\/index.php?rest_route=\/wp\/v2\/posts"}],"about":[{"href":"https:\/\/sunupost.com\/index.php?rest_route=\/wp\/v2\/types\/post"}],"author":[{"embeddable":true,"href":"https:\/\/sunupost.com\/index.php?rest_route=\/wp\/v2\/users\/10"}],"replies":[{"embeddable":true,"href":"https:\/\/sunupost.com\/index.php?rest_route=%2Fwp%2Fv2%2Fcomments&post=5882"}],"version-history":[{"count":0,"href":"https:\/\/sunupost.com\/index.php?rest_route=\/wp\/v2\/posts\/5882\/revisions"}],"wp:featuredmedia":[{"embeddable":true,"href":"https:\/\/sunupost.com\/index.php?rest_route=\/wp\/v2\/media\/5883"}],"wp:attachment":[{"href":"https:\/\/sunupost.com\/index.php?rest_route=%2Fwp%2Fv2%2Fmedia&parent=5882"}],"wp:term":[{"taxonomy":"category","embeddable":true,"href":"https:\/\/sunupost.com\/index.php?rest_route=%2Fwp%2Fv2%2Fcategories&post=5882"},{"taxonomy":"post_tag","embeddable":true,"href":"https:\/\/sunupost.com\/index.php?rest_route=%2Fwp%2Fv2%2Ftags&post=5882"}],"curies":[{"name":"wp","href":"https:\/\/api.w.org\/{rel}","templated":true}]}}