{"id":5951,"date":"2021-02-09T21:31:07","date_gmt":"2021-02-09T21:31:07","guid":{"rendered":"https:\/\/sunupost.com\/?p=5951"},"modified":"2021-02-09T21:31:07","modified_gmt":"2021-02-09T21:31:07","slug":"affaire-sonko-un-collectif-appelle-au-respect-dadji-sarr","status":"publish","type":"post","link":"https:\/\/sunupost.com\/?p=5951","title":{"rendered":"Affaire Sonko: Un Collectif Appelle Au Respect D&rsquo;Adji Sarr"},"content":{"rendered":"<p>Suite aux accusations d&rsquo;Adji Sarr contre Ousmane Sonko pour des faits de viols r\u00e9p\u00e9t\u00e9s et de menaces de mort, le Collectif pour la promotion et la protection des droits des femmes et des filles s\u2019indigne, \u201cdu traitement partisan qui est fait de cette affaire, compte tenu des charges lourdes qui p\u00e8sent sur le pr\u00e9sum\u00e9 auteur. Le collectif condamne fermement le d\u00e9s\u00e9quilibre et le parti pris flagrant\u00bb.<\/p>\n<p>\u201cLe collectif condamne fermement le d\u00e9s\u00e9quilibre et le parti pris flagrant. En effet, tout comme l\u2019accus\u00e9 est pr\u00e9sum\u00e9 innocent, conform\u00e9ment aux principes g\u00e9n\u00e9raux qui guident toute proc\u00e9dure p\u00e9nale, la plaignante m\u00e9rite des \u00e9gards et protection de par la loi. Adja Sarr doit donc dans cette affaire jouir de tous ses droits notamment l\u2019acc\u00e8s \u00e0 une justice \u00e9quitable. Nous avons malheureusement constat\u00e9 que l\u2019attention est plus tourn\u00e9e vers le pr\u00e9sum\u00e9 auteur que vers la pr\u00e9sum\u00e9e victime, et que des tentatives de d\u00e9cr\u00e9dibilisations de sa parole vont m\u00eame jusqu\u2019\u00e0 porter atteinte \u00e0 sa dignit\u00e9\u201c, lit-on dans un communiqu\u00e9 rendu public.<\/p>\n<p>En soutien \u00e0 Ousmane Sonko, Adji Sarr est alors victime de lynchage par \u00ab\u00a0les partisans\u00a0\u00bb de ce dernier sur les r\u00e9seaux sociaux. Cela a attis\u00e9 l\u2019envie du collectif de rappeler que la victime a des droits comme tout le monde. \u00ab\u00a0Nous rappelons que nous sommes dans un \u00e9tat de droit et qu\u2019aucun statut, social, \u00e9conomique, professionnel ou politique ne doit \u00eatre au-dessus de la loi. Il est inconcevable que Mme. Sarr subisse ce lynchage m\u00e9diatique qui nuit \u00e0 sa s\u00e9curit\u00e9 physique et \u00e0 sa sant\u00e9 mentale. La parole des plaignantes doit \u00eatre \u00e9cout\u00e9e et entendue quel que soit le m\u00e9tier qu\u2019elles exercent ou le milieu d\u2019o\u00f9 elles viennent\u00a0\u00bb.<\/p>\n<p>Selon ces femmes, les \u00abcrimes sexuels sont les principales atteintes \u00e0 la dignit\u00e9 des femmes et les auteurs sont le plus souvent dans une grande impunit\u00e9, \u00e0 cause de la persistance d\u2019une \u2018culture du viol\u00bb.<\/p>\n<p>En leur qualit\u00e9 de militantes, en contact permanent avec les victimes de violences sexuelles, elles demandent \u00abque l\u2019affaire soit \u00e9lucid\u00e9e en toute transparence, conform\u00e9ment aux lois et r\u00e8glements en vigueur\u00bb.<\/p>\n","protected":false},"excerpt":{"rendered":"<p>Suite aux accusations d&rsquo;Adji Sarr contre Ousmane Sonko pour des faits de viols r\u00e9p\u00e9t\u00e9s et de menaces de mort, le Collectif pour la promotion et&#8230;<\/p>\n","protected":false},"author":10,"featured_media":5953,"comment_status":"open","ping_status":"open","sticky":false,"template":"","format":"standard","meta":{"_coblocks_attr":"","_coblocks_dimensions":"","_coblocks_responsive_height":"","_coblocks_accordion_ie_support":"","_monsterinsights_skip_tracking":false,"_monsterinsights_sitenote_active":false,"_monsterinsights_sitenote_note":"","_monsterinsights_sitenote_category":0,"h5ap_radio_sources":[],"footnotes":""},"categories":[11],"tags":[],"class_list":["post-5951","post","type-post","status-publish","format-standard","has-post-thumbnail","hentry","category-societe","wpcat-11-id"],"yoast_head":"<!-- This site is optimized with the Yoast SEO plugin v27.5 - https:\/\/yoast.com\/product\/yoast-seo-wordpress\/ -->\n<title>Affaire Sonko: Un Collectif Appelle Au Respect D&#039;Adji Sarr - SUNUPOST<\/title>\n<meta name=\"robots\" content=\"index, follow, max-snippet:-1, max-image-preview:large, max-video-preview:-1\" \/>\n<link rel=\"canonical\" href=\"https:\/\/sunupost.com\/?p=5951\" \/>\n<meta property=\"og:locale\" content=\"fr_FR\" \/>\n<meta property=\"og:type\" content=\"article\" \/>\n<meta property=\"og:title\" content=\"Affaire Sonko: Un Collectif Appelle Au Respect D&#039;Adji Sarr - SUNUPOST\" \/>\n<meta property=\"og:description\" content=\"Suite aux accusations d&rsquo;Adji Sarr contre Ousmane Sonko pour des faits de viols r\u00e9p\u00e9t\u00e9s et de menaces de mort, le Collectif pour la promotion et...\" \/>\n<meta property=\"og:url\" content=\"https:\/\/sunupost.com\/?p=5951\" \/>\n<meta property=\"og:site_name\" content=\"SUNUPOST\" \/>\n<meta property=\"article:publisher\" content=\"https:\/\/web.facebook.com\/Sunupost-101026658237468\/\" \/>\n<meta property=\"article:published_time\" content=\"2021-02-09T21:31:07+00:00\" \/>\n<meta property=\"og:image\" content=\"https:\/\/secureservercdn.net\/198.71.233.69\/17w.044.myftpupload.com\/wp-content\/uploads\/2021\/02\/602f905ed0eec193c0b2a407ac50bf3e1346aac3.jpeg?time=1663115677\" \/>\n\t<meta property=\"og:image:width\" content=\"612\" \/>\n\t<meta property=\"og:image:height\" content=\"298\" \/>\n\t<meta property=\"og:image:type\" content=\"image\/jpeg\" \/>\n<meta name=\"author\" content=\"La R\u00e9daction\" \/>\n<meta name=\"twitter:card\" content=\"summary_large_image\" \/>\n<meta name=\"twitter:creator\" content=\"@sunupost\" \/>\n<meta name=\"twitter:site\" content=\"@sunupost\" \/>\n<meta name=\"twitter:label1\" content=\"\u00c9crit par\" \/>\n\t<meta name=\"twitter:data1\" content=\"La R\u00e9daction\" \/>\n\t<meta name=\"twitter:label2\" content=\"Dur\u00e9e de lecture estim\u00e9e\" \/>\n\t<meta name=\"twitter:data2\" content=\"2 minutes\" \/>\n<script type=\"application\/ld+json\" class=\"yoast-schema-graph\">{\"@context\":\"https:\\\/\\\/schema.org\",\"@graph\":[{\"@type\":\"Article\",\"@id\":\"https:\\\/\\\/sunupost.com\\\/?p=5951#article\",\"isPartOf\":{\"@id\":\"https:\\\/\\\/sunupost.com\\\/?p=5951\"},\"author\":{\"name\":\"La R\u00e9daction\",\"@id\":\"https:\\\/\\\/sunupost.com\\\/#\\\/schema\\\/person\\\/9c04c80a48c29cd2be004cf57947ebb0\"},\"headline\":\"Affaire Sonko: Un Collectif Appelle Au Respect D&rsquo;Adji Sarr\",\"datePublished\":\"2021-02-09T21:31:07+00:00\",\"mainEntityOfPage\":{\"@id\":\"https:\\\/\\\/sunupost.com\\\/?p=5951\"},\"wordCount\":383,\"commentCount\":335,\"publisher\":{\"@id\":\"https:\\\/\\\/sunupost.com\\\/#organization\"},\"image\":{\"@id\":\"https:\\\/\\\/sunupost.com\\\/?p=5951#primaryimage\"},\"thumbnailUrl\":\"https:\\\/\\\/sunupost.com\\\/wp-content\\\/uploads\\\/2021\\\/02\\\/602f905ed0eec193c0b2a407ac50bf3e1346aac3.jpeg\",\"articleSection\":[\"SOCIETE\"],\"inLanguage\":\"fr-FR\",\"potentialAction\":[{\"@type\":\"CommentAction\",\"name\":\"Comment\",\"target\":[\"https:\\\/\\\/sunupost.com\\\/?p=5951#respond\"]}]},{\"@type\":\"WebPage\",\"@id\":\"https:\\\/\\\/sunupost.com\\\/?p=5951\",\"url\":\"https:\\\/\\\/sunupost.com\\\/?p=5951\",\"name\":\"Affaire Sonko: Un Collectif Appelle Au Respect D'Adji Sarr - SUNUPOST\",\"isPartOf\":{\"@id\":\"https:\\\/\\\/sunupost.com\\\/#website\"},\"primaryImageOfPage\":{\"@id\":\"https:\\\/\\\/sunupost.com\\\/?p=5951#primaryimage\"},\"image\":{\"@id\":\"https:\\\/\\\/sunupost.com\\\/?p=5951#primaryimage\"},\"thumbnailUrl\":\"https:\\\/\\\/sunupost.com\\\/wp-content\\\/uploads\\\/2021\\\/02\\\/602f905ed0eec193c0b2a407ac50bf3e1346aac3.jpeg\",\"datePublished\":\"2021-02-09T21:31:07+00:00\",\"breadcrumb\":{\"@id\":\"https:\\\/\\\/sunupost.com\\\/?p=5951#breadcrumb\"},\"inLanguage\":\"fr-FR\",\"potentialAction\":[{\"@type\":\"ReadAction\",\"target\":[\"https:\\\/\\\/sunupost.com\\\/?p=5951\"]}]},{\"@type\":\"ImageObject\",\"inLanguage\":\"fr-FR\",\"@id\":\"https:\\\/\\\/sunupost.com\\\/?p=5951#primaryimage\",\"url\":\"https:\\\/\\\/sunupost.com\\\/wp-content\\\/uploads\\\/2021\\\/02\\\/602f905ed0eec193c0b2a407ac50bf3e1346aac3.jpeg\",\"contentUrl\":\"https:\\\/\\\/sunupost.com\\\/wp-content\\\/uploads\\\/2021\\\/02\\\/602f905ed0eec193c0b2a407ac50bf3e1346aac3.jpeg\",\"width\":612,\"height\":298},{\"@type\":\"BreadcrumbList\",\"@id\":\"https:\\\/\\\/sunupost.com\\\/?p=5951#breadcrumb\",\"itemListElement\":[{\"@type\":\"ListItem\",\"position\":1,\"name\":\"Home\",\"item\":\"https:\\\/\\\/sunupost.com\\\/\"},{\"@type\":\"ListItem\",\"position\":2,\"name\":\"Affaire Sonko: Un Collectif Appelle Au Respect D&rsquo;Adji Sarr\"}]},{\"@type\":\"WebSite\",\"@id\":\"https:\\\/\\\/sunupost.com\\\/#website\",\"url\":\"https:\\\/\\\/sunupost.com\\\/\",\"name\":\"SUNUPOST\",\"description\":\"Pens\u00e9e libre\",\"publisher\":{\"@id\":\"https:\\\/\\\/sunupost.com\\\/#organization\"},\"potentialAction\":[{\"@type\":\"SearchAction\",\"target\":{\"@type\":\"EntryPoint\",\"urlTemplate\":\"https:\\\/\\\/sunupost.com\\\/?s={search_term_string}\"},\"query-input\":{\"@type\":\"PropertyValueSpecification\",\"valueRequired\":true,\"valueName\":\"search_term_string\"}}],\"inLanguage\":\"fr-FR\"},{\"@type\":\"Organization\",\"@id\":\"https:\\\/\\\/sunupost.com\\\/#organization\",\"name\":\"SUNUPOST\",\"url\":\"https:\\\/\\\/sunupost.com\\\/\",\"logo\":{\"@type\":\"ImageObject\",\"inLanguage\":\"fr-FR\",\"@id\":\"https:\\\/\\\/sunupost.com\\\/#\\\/schema\\\/logo\\\/image\\\/\",\"url\":\"https:\\\/\\\/secureservercdn.net\\\/198.71.233.206\\\/17w.044.myftpupload.com\\\/wp-content\\\/uploads\\\/2020\\\/05\\\/Lancement.jpg?time=1639052812\",\"contentUrl\":\"https:\\\/\\\/secureservercdn.net\\\/198.71.233.206\\\/17w.044.myftpupload.com\\\/wp-content\\\/uploads\\\/2020\\\/05\\\/Lancement.jpg?time=1639052812\",\"width\":300,\"height\":100,\"caption\":\"SUNUPOST\"},\"image\":{\"@id\":\"https:\\\/\\\/sunupost.com\\\/#\\\/schema\\\/logo\\\/image\\\/\"},\"sameAs\":[\"https:\\\/\\\/web.facebook.com\\\/Sunupost-101026658237468\\\/\",\"https:\\\/\\\/x.com\\\/sunupost\",\"https:\\\/\\\/www.instagram.com\\\/sunupost\\\/\",\"https:\\\/\\\/www.youtube.com\\\/channel\\\/UCd7V7bCkLDOee8yr7CW4Dpw\"]},{\"@type\":\"Person\",\"@id\":\"https:\\\/\\\/sunupost.com\\\/#\\\/schema\\\/person\\\/9c04c80a48c29cd2be004cf57947ebb0\",\"name\":\"La R\u00e9daction\",\"image\":{\"@type\":\"ImageObject\",\"inLanguage\":\"fr-FR\",\"@id\":\"https:\\\/\\\/secure.gravatar.com\\\/avatar\\\/1dc7c1ffd136391c1a6d8806c3431e1a2dd9445015e3f66472e3c63e9c80807e?s=96&d=mm&r=g\",\"url\":\"https:\\\/\\\/secure.gravatar.com\\\/avatar\\\/1dc7c1ffd136391c1a6d8806c3431e1a2dd9445015e3f66472e3c63e9c80807e?s=96&d=mm&r=g\",\"contentUrl\":\"https:\\\/\\\/secure.gravatar.com\\\/avatar\\\/1dc7c1ffd136391c1a6d8806c3431e1a2dd9445015e3f66472e3c63e9c80807e?s=96&d=mm&r=g\",\"caption\":\"La R\u00e9daction\"},\"url\":\"https:\\\/\\\/sunupost.com\\\/?author=10\"}]}<\/script>\n<!-- \/ Yoast SEO plugin. -->","yoast_head_json":{"title":"Affaire Sonko: Un Collectif Appelle Au Respect D'Adji Sarr - SUNUPOST","robots":{"index":"index","follow":"follow","max-snippet":"max-snippet:-1","max-image-preview":"max-image-preview:large","max-video-preview":"max-video-preview:-1"},"canonical":"https:\/\/sunupost.com\/?p=5951","og_locale":"fr_FR","og_type":"article","og_title":"Affaire Sonko: Un Collectif Appelle Au Respect D'Adji Sarr - SUNUPOST","og_description":"Suite aux accusations d&rsquo;Adji Sarr contre Ousmane Sonko pour des faits de viols r\u00e9p\u00e9t\u00e9s et de menaces de mort, le Collectif pour la promotion et...","og_url":"https:\/\/sunupost.com\/?p=5951","og_site_name":"SUNUPOST","article_publisher":"https:\/\/web.facebook.com\/Sunupost-101026658237468\/","article_published_time":"2021-02-09T21:31:07+00:00","og_image":[{"width":612,"height":298,"url":"https:\/\/secureservercdn.net\/198.71.233.69\/17w.044.myftpupload.com\/wp-content\/uploads\/2021\/02\/602f905ed0eec193c0b2a407ac50bf3e1346aac3.jpeg?time=1663115677","type":"image\/jpeg"}],"author":"La R\u00e9daction","twitter_card":"summary_large_image","twitter_creator":"@sunupost","twitter_site":"@sunupost","twitter_misc":{"\u00c9crit par":"La R\u00e9daction","Dur\u00e9e de lecture estim\u00e9e":"2 minutes"},"schema":{"@context":"https:\/\/schema.org","@graph":[{"@type":"Article","@id":"https:\/\/sunupost.com\/?p=5951#article","isPartOf":{"@id":"https:\/\/sunupost.com\/?p=5951"},"author":{"name":"La R\u00e9daction","@id":"https:\/\/sunupost.com\/#\/schema\/person\/9c04c80a48c29cd2be004cf57947ebb0"},"headline":"Affaire Sonko: Un Collectif Appelle Au Respect D&rsquo;Adji Sarr","datePublished":"2021-02-09T21:31:07+00:00","mainEntityOfPage":{"@id":"https:\/\/sunupost.com\/?p=5951"},"wordCount":383,"commentCount":335,"publisher":{"@id":"https:\/\/sunupost.com\/#organization"},"image":{"@id":"https:\/\/sunupost.com\/?p=5951#primaryimage"},"thumbnailUrl":"https:\/\/sunupost.com\/wp-content\/uploads\/2021\/02\/602f905ed0eec193c0b2a407ac50bf3e1346aac3.jpeg","articleSection":["SOCIETE"],"inLanguage":"fr-FR","potentialAction":[{"@type":"CommentAction","name":"Comment","target":["https:\/\/sunupost.com\/?p=5951#respond"]}]},{"@type":"WebPage","@id":"https:\/\/sunupost.com\/?p=5951","url":"https:\/\/sunupost.com\/?p=5951","name":"Affaire Sonko: Un Collectif Appelle Au Respect D'Adji Sarr - SUNUPOST","isPartOf":{"@id":"https:\/\/sunupost.com\/#website"},"primaryImageOfPage":{"@id":"https:\/\/sunupost.com\/?p=5951#primaryimage"},"image":{"@id":"https:\/\/sunupost.com\/?p=5951#primaryimage"},"thumbnailUrl":"https:\/\/sunupost.com\/wp-content\/uploads\/2021\/02\/602f905ed0eec193c0b2a407ac50bf3e1346aac3.jpeg","datePublished":"2021-02-09T21:31:07+00:00","breadcrumb":{"@id":"https:\/\/sunupost.com\/?p=5951#breadcrumb"},"inLanguage":"fr-FR","potentialAction":[{"@type":"ReadAction","target":["https:\/\/sunupost.com\/?p=5951"]}]},{"@type":"ImageObject","inLanguage":"fr-FR","@id":"https:\/\/sunupost.com\/?p=5951#primaryimage","url":"https:\/\/sunupost.com\/wp-content\/uploads\/2021\/02\/602f905ed0eec193c0b2a407ac50bf3e1346aac3.jpeg","contentUrl":"https:\/\/sunupost.com\/wp-content\/uploads\/2021\/02\/602f905ed0eec193c0b2a407ac50bf3e1346aac3.jpeg","width":612,"height":298},{"@type":"BreadcrumbList","@id":"https:\/\/sunupost.com\/?p=5951#breadcrumb","itemListElement":[{"@type":"ListItem","position":1,"name":"Home","item":"https:\/\/sunupost.com\/"},{"@type":"ListItem","position":2,"name":"Affaire Sonko: Un Collectif Appelle Au Respect D&rsquo;Adji Sarr"}]},{"@type":"WebSite","@id":"https:\/\/sunupost.com\/#website","url":"https:\/\/sunupost.com\/","name":"SUNUPOST","description":"Pens\u00e9e libre","publisher":{"@id":"https:\/\/sunupost.com\/#organization"},"potentialAction":[{"@type":"SearchAction","target":{"@type":"EntryPoint","urlTemplate":"https:\/\/sunupost.com\/?s={search_term_string}"},"query-input":{"@type":"PropertyValueSpecification","valueRequired":true,"valueName":"search_term_string"}}],"inLanguage":"fr-FR"},{"@type":"Organization","@id":"https:\/\/sunupost.com\/#organization","name":"SUNUPOST","url":"https:\/\/sunupost.com\/","logo":{"@type":"ImageObject","inLanguage":"fr-FR","@id":"https:\/\/sunupost.com\/#\/schema\/logo\/image\/","url":"https:\/\/secureservercdn.net\/198.71.233.206\/17w.044.myftpupload.com\/wp-content\/uploads\/2020\/05\/Lancement.jpg?time=1639052812","contentUrl":"https:\/\/secureservercdn.net\/198.71.233.206\/17w.044.myftpupload.com\/wp-content\/uploads\/2020\/05\/Lancement.jpg?time=1639052812","width":300,"height":100,"caption":"SUNUPOST"},"image":{"@id":"https:\/\/sunupost.com\/#\/schema\/logo\/image\/"},"sameAs":["https:\/\/web.facebook.com\/Sunupost-101026658237468\/","https:\/\/x.com\/sunupost","https:\/\/www.instagram.com\/sunupost\/","https:\/\/www.youtube.com\/channel\/UCd7V7bCkLDOee8yr7CW4Dpw"]},{"@type":"Person","@id":"https:\/\/sunupost.com\/#\/schema\/person\/9c04c80a48c29cd2be004cf57947ebb0","name":"La R\u00e9daction","image":{"@type":"ImageObject","inLanguage":"fr-FR","@id":"https:\/\/secure.gravatar.com\/avatar\/1dc7c1ffd136391c1a6d8806c3431e1a2dd9445015e3f66472e3c63e9c80807e?s=96&d=mm&r=g","url":"https:\/\/secure.gravatar.com\/avatar\/1dc7c1ffd136391c1a6d8806c3431e1a2dd9445015e3f66472e3c63e9c80807e?s=96&d=mm&r=g","contentUrl":"https:\/\/secure.gravatar.com\/avatar\/1dc7c1ffd136391c1a6d8806c3431e1a2dd9445015e3f66472e3c63e9c80807e?s=96&d=mm&r=g","caption":"La R\u00e9daction"},"url":"https:\/\/sunupost.com\/?author=10"}]}},"_links":{"self":[{"href":"https:\/\/sunupost.com\/index.php?rest_route=\/wp\/v2\/posts\/5951","targetHints":{"allow":["GET"]}}],"collection":[{"href":"https:\/\/sunupost.com\/index.php?rest_route=\/wp\/v2\/posts"}],"about":[{"href":"https:\/\/sunupost.com\/index.php?rest_route=\/wp\/v2\/types\/post"}],"author":[{"embeddable":true,"href":"https:\/\/sunupost.com\/index.php?rest_route=\/wp\/v2\/users\/10"}],"replies":[{"embeddable":true,"href":"https:\/\/sunupost.com\/index.php?rest_route=%2Fwp%2Fv2%2Fcomments&post=5951"}],"version-history":[{"count":0,"href":"https:\/\/sunupost.com\/index.php?rest_route=\/wp\/v2\/posts\/5951\/revisions"}],"wp:featuredmedia":[{"embeddable":true,"href":"https:\/\/sunupost.com\/index.php?rest_route=\/wp\/v2\/media\/5953"}],"wp:attachment":[{"href":"https:\/\/sunupost.com\/index.php?rest_route=%2Fwp%2Fv2%2Fmedia&parent=5951"}],"wp:term":[{"taxonomy":"category","embeddable":true,"href":"https:\/\/sunupost.com\/index.php?rest_route=%2Fwp%2Fv2%2Fcategories&post=5951"},{"taxonomy":"post_tag","embeddable":true,"href":"https:\/\/sunupost.com\/index.php?rest_route=%2Fwp%2Fv2%2Ftags&post=5951"}],"curies":[{"name":"wp","href":"https:\/\/api.w.org\/{rel}","templated":true}]}}