{"id":6086,"date":"2021-02-21T13:14:49","date_gmt":"2021-02-21T13:14:49","guid":{"rendered":"https:\/\/sunupost.com\/?p=6086"},"modified":"2021-02-21T13:14:49","modified_gmt":"2021-02-21T13:14:49","slug":"commission-ad-hoc-de-lassemblee-nationale-guirassy-et-cheikh-bamba-dieye-claquent-la-porte","status":"publish","type":"post","link":"https:\/\/sunupost.com\/?p=6086","title":{"rendered":"Commission Ad Hoc De L&rsquo;Assembl\u00e9e Nationale Guirassy Et Cheikh Bamba Di\u00e8ye Claquent La Porte"},"content":{"rendered":"<p>Rebondissement \u00e0 l\u2019Assembl\u00e9e nationale, dans le dossier pour la lev\u00e9e de l\u2019immunit\u00e9 parlementaire de Ousmane Sonko. Repr\u00e9sentants de l\u2019opposition dans la commission ad hoc mise en place pour lever l\u2019immunit\u00e9 parlementaire du leader de Pastef, accus\u00e9 de viols, Moustapha Guirassy et Cheikh Bamba Dieye ont d\u00e9cid\u00e9 de d\u00e9missionner. Ils disent ne pas vouloir \u00eatre li\u00e9s \u00e0 une forfaiture contre Sonko.<\/p>\n<p>\u00ab<em>\u00a0La Commission ad hoc pour l\u2019examen de la lev\u00e9e de l\u2019immunit\u00e9 parlementaire de l\u2019honorable d\u00e9put\u00e9 Ousmane Sonko, que vous dirigez et dont nous sommes vice-pr\u00e9sident et membre a commenc\u00e9 ses travaux le 19 f\u00e9vrier 2021. S\u00e9ance \u00e0 laquelle nous avons particip\u00e9.<\/em><br \/>\n<em>Lors des travaux, nous avons remarqu\u00e9 M. le Pr\u00e9sident des options qui, \u00e0 coup s\u00fbr, vont remettre en cause un des piliers fondamentaux de l\u2019Etat de droit : la s\u00e9paration de pouvoirs et l\u2019ind\u00e9pendance de l\u2019Assembl\u00e9e nationale.<\/em><\/p>\n<p><em>En effet le fonctionnement de la commission montre \u00e0 suffisance que l\u2019Assembl\u00e9e nationale est entrain de renforcer et de consacrer son inf\u00e9odation au pouvoir ex\u00e9cutif par le biais du parquet qui lui dicte la conduite \u00e0 tenir. Ainsi, vous avez refus\u00e9 \u00e0 la commission de jouer son r\u00f4le de \u00ab juge d\u2019instruction du Parlement pour mieux l\u2019\u00e9clairer dans la grave d\u00e9cision qu\u2019elle est amen\u00e9e \u00e0 prendre.<\/em><\/p>\n<p><em>Monsieur le Pr\u00e9sident, la d\u00e9cision de lev\u00e9e de l\u2019immunit\u00e9 parlementaire n\u2019est pas banale et c\u2019est pour cette raison que le r\u00e8glement int\u00e9rieur de l\u2019assembl\u00e9e nationale a donn\u00e9 des pouvoirs importants \u00e0 la commission ad hoc pour mettre \u00e0 sa disposition toutes les informations n\u00e9cessaires pour lui permettre de prendre sa d\u00e9cision avec s\u00e9r\u00e9nit\u00e9 et en toute connaissance de cause. Vous avez d\u00e9cid\u00e9 de ne pas mettre en \u0153uvre les pouvoirs dont disposent la commission, remettant ainsi en cause fondamentalement sa souverainet\u00e9.<\/em><\/p>\n<p><em>Monsieur le Pr\u00e9sident, l\u2019immunit\u00e9 parlementaire est le verrou ultime dont dispose le d\u00e9put\u00e9 pour se prot\u00e9ger contre les complots, les proc\u00e8s d\u2019intention et la calomnie. Il est devenu \u00e9vident que la d\u00e9marche unilat\u00e9rale et la pr\u00e9cipitation avec laquelle la Commission ad hoc veut statuer ne sont porteuses d\u2019aucune garantie de respect de la pr\u00e9somption d\u2019innocence et du droit de tout citoyen (serait-il d\u00e9put\u00e9, surtout s\u2019il est d\u00e9put\u00e9) \u00e0 \u00eatre jug\u00e9 dans le respect des droits de la d\u00e9fense. L\u2019instruction doit se faire \u00e0 charge et \u00e0 d\u00e9charge et l\u2019Assembl\u00e9e nationale doit \u00eatre inform\u00e9e de la r\u00e9alit\u00e9 des faits. L\u2019immunit\u00e9 parlementaire est la garantie essentielle de la libert\u00e9 d\u2019expression et des responsabilit\u00e9s du parlementaire en tant qu\u2019\u00e9lu du peuple et repr\u00e9sentant de la nation.<\/em><\/p>\n<p><em>Ousmane Sonko est un \u00e9lu du peuple et un repr\u00e9sentant de la nation ; et nous ne pouvons accepter d\u2019\u00eatre complices d\u2019une mise \u00e0 mort d\u2019un d\u00e9put\u00e9 l\u00e9galement et l\u00e9gitimement \u00e9lu ; laquelle mise \u00e0 mort ne reposant sur aucun \u00e9l\u00e9ment probant.<\/em><\/p>\n<p><em>Monsieur le Pr\u00e9sident, pour toutes ces raisons, nous avons d\u00e9cid\u00e9, nous d\u00e9put\u00e9s soussign\u00e9s membres de comit\u00e9 ad hoc de pr\u00e9senter notre d\u00e9mission de ce dit comit\u00e9 avec effet imm\u00e9diat.<\/em><br \/>\n<em>Nous vous permettons ainsi d\u2019\u00eatre seuls \u00e0 prendre l\u2019enti\u00e8re responsabilit\u00e9 de la forfaiture que vous vous pr\u00e9parez \u00e0 perp\u00e9trer. Au nom de l\u2019Etat de droit et de l\u2019\u00e9thique, nous ne pouvons y participer.<\/em><\/p>\n<p><em>Cheikh Bamba Dieye et Moustapha Guirassy\u00a0\u00bb<\/em><\/p>\n","protected":false},"excerpt":{"rendered":"<p>Rebondissement \u00e0 l\u2019Assembl\u00e9e nationale, dans le dossier pour la lev\u00e9e de l\u2019immunit\u00e9 parlementaire de Ousmane Sonko. Repr\u00e9sentants de l\u2019opposition dans la commission ad hoc mise&#8230;<\/p>\n","protected":false},"author":10,"featured_media":6087,"comment_status":"open","ping_status":"open","sticky":false,"template":"","format":"standard","meta":{"_coblocks_attr":"","_coblocks_dimensions":"","_coblocks_responsive_height":"","_coblocks_accordion_ie_support":"","_monsterinsights_skip_tracking":false,"_monsterinsights_sitenote_active":false,"_monsterinsights_sitenote_note":"","_monsterinsights_sitenote_category":0,"h5ap_radio_sources":[],"footnotes":""},"categories":[6],"tags":[],"class_list":["post-6086","post","type-post","status-publish","format-standard","has-post-thumbnail","hentry","category-politique","wpcat-6-id"],"yoast_head":"<!-- This site is optimized with the Yoast SEO plugin v27.5 - https:\/\/yoast.com\/product\/yoast-seo-wordpress\/ -->\n<title>Commission Ad Hoc De L&#039;Assembl\u00e9e Nationale Guirassy Et Cheikh Bamba Di\u00e8ye Claquent La Porte - SUNUPOST<\/title>\n<meta name=\"robots\" content=\"index, follow, max-snippet:-1, max-image-preview:large, max-video-preview:-1\" \/>\n<link rel=\"canonical\" href=\"https:\/\/sunupost.com\/?p=6086\" \/>\n<meta property=\"og:locale\" content=\"fr_FR\" \/>\n<meta property=\"og:type\" content=\"article\" \/>\n<meta property=\"og:title\" content=\"Commission Ad Hoc De L&#039;Assembl\u00e9e Nationale Guirassy Et Cheikh Bamba Di\u00e8ye Claquent La Porte - SUNUPOST\" \/>\n<meta property=\"og:description\" content=\"Rebondissement \u00e0 l\u2019Assembl\u00e9e nationale, dans le dossier pour la lev\u00e9e de l\u2019immunit\u00e9 parlementaire de Ousmane Sonko. Repr\u00e9sentants de l\u2019opposition dans la commission ad hoc mise...\" \/>\n<meta property=\"og:url\" content=\"https:\/\/sunupost.com\/?p=6086\" \/>\n<meta property=\"og:site_name\" content=\"SUNUPOST\" \/>\n<meta property=\"article:publisher\" content=\"https:\/\/web.facebook.com\/Sunupost-101026658237468\/\" \/>\n<meta property=\"article:published_time\" content=\"2021-02-21T13:14:49+00:00\" \/>\n<meta property=\"og:image\" content=\"https:\/\/secureservercdn.net\/198.71.233.69\/17w.044.myftpupload.com\/wp-content\/uploads\/2021\/02\/Screenshot_20210221-130843_Chrome.jpg?time=1663116071\" \/>\n\t<meta property=\"og:image:width\" content=\"720\" \/>\n\t<meta property=\"og:image:height\" content=\"412\" \/>\n\t<meta property=\"og:image:type\" content=\"image\/jpeg\" \/>\n<meta name=\"author\" content=\"La R\u00e9daction\" \/>\n<meta name=\"twitter:card\" content=\"summary_large_image\" \/>\n<meta name=\"twitter:creator\" content=\"@sunupost\" \/>\n<meta name=\"twitter:site\" content=\"@sunupost\" \/>\n<meta name=\"twitter:label1\" content=\"\u00c9crit par\" \/>\n\t<meta name=\"twitter:data1\" content=\"La R\u00e9daction\" \/>\n\t<meta name=\"twitter:label2\" content=\"Dur\u00e9e de lecture estim\u00e9e\" \/>\n\t<meta name=\"twitter:data2\" content=\"3 minutes\" \/>\n<script type=\"application\/ld+json\" class=\"yoast-schema-graph\">{\"@context\":\"https:\\\/\\\/schema.org\",\"@graph\":[{\"@type\":\"Article\",\"@id\":\"https:\\\/\\\/sunupost.com\\\/?p=6086#article\",\"isPartOf\":{\"@id\":\"https:\\\/\\\/sunupost.com\\\/?p=6086\"},\"author\":{\"name\":\"La R\u00e9daction\",\"@id\":\"https:\\\/\\\/sunupost.com\\\/#\\\/schema\\\/person\\\/9c04c80a48c29cd2be004cf57947ebb0\"},\"headline\":\"Commission Ad Hoc De L&rsquo;Assembl\u00e9e Nationale Guirassy Et Cheikh Bamba Di\u00e8ye Claquent La Porte\",\"datePublished\":\"2021-02-21T13:14:49+00:00\",\"mainEntityOfPage\":{\"@id\":\"https:\\\/\\\/sunupost.com\\\/?p=6086\"},\"wordCount\":613,\"commentCount\":586,\"publisher\":{\"@id\":\"https:\\\/\\\/sunupost.com\\\/#organization\"},\"image\":{\"@id\":\"https:\\\/\\\/sunupost.com\\\/?p=6086#primaryimage\"},\"thumbnailUrl\":\"https:\\\/\\\/sunupost.com\\\/wp-content\\\/uploads\\\/2021\\\/02\\\/Screenshot_20210221-130843_Chrome.jpg\",\"articleSection\":[\"POLITIQUE\"],\"inLanguage\":\"fr-FR\",\"potentialAction\":[{\"@type\":\"CommentAction\",\"name\":\"Comment\",\"target\":[\"https:\\\/\\\/sunupost.com\\\/?p=6086#respond\"]}]},{\"@type\":\"WebPage\",\"@id\":\"https:\\\/\\\/sunupost.com\\\/?p=6086\",\"url\":\"https:\\\/\\\/sunupost.com\\\/?p=6086\",\"name\":\"Commission Ad Hoc De L'Assembl\u00e9e Nationale Guirassy Et Cheikh Bamba Di\u00e8ye Claquent La Porte - SUNUPOST\",\"isPartOf\":{\"@id\":\"https:\\\/\\\/sunupost.com\\\/#website\"},\"primaryImageOfPage\":{\"@id\":\"https:\\\/\\\/sunupost.com\\\/?p=6086#primaryimage\"},\"image\":{\"@id\":\"https:\\\/\\\/sunupost.com\\\/?p=6086#primaryimage\"},\"thumbnailUrl\":\"https:\\\/\\\/sunupost.com\\\/wp-content\\\/uploads\\\/2021\\\/02\\\/Screenshot_20210221-130843_Chrome.jpg\",\"datePublished\":\"2021-02-21T13:14:49+00:00\",\"breadcrumb\":{\"@id\":\"https:\\\/\\\/sunupost.com\\\/?p=6086#breadcrumb\"},\"inLanguage\":\"fr-FR\",\"potentialAction\":[{\"@type\":\"ReadAction\",\"target\":[\"https:\\\/\\\/sunupost.com\\\/?p=6086\"]}]},{\"@type\":\"ImageObject\",\"inLanguage\":\"fr-FR\",\"@id\":\"https:\\\/\\\/sunupost.com\\\/?p=6086#primaryimage\",\"url\":\"https:\\\/\\\/sunupost.com\\\/wp-content\\\/uploads\\\/2021\\\/02\\\/Screenshot_20210221-130843_Chrome.jpg\",\"contentUrl\":\"https:\\\/\\\/sunupost.com\\\/wp-content\\\/uploads\\\/2021\\\/02\\\/Screenshot_20210221-130843_Chrome.jpg\",\"width\":720,\"height\":412},{\"@type\":\"BreadcrumbList\",\"@id\":\"https:\\\/\\\/sunupost.com\\\/?p=6086#breadcrumb\",\"itemListElement\":[{\"@type\":\"ListItem\",\"position\":1,\"name\":\"Home\",\"item\":\"https:\\\/\\\/sunupost.com\\\/\"},{\"@type\":\"ListItem\",\"position\":2,\"name\":\"Commission Ad Hoc De L&rsquo;Assembl\u00e9e Nationale Guirassy Et Cheikh Bamba Di\u00e8ye Claquent La Porte\"}]},{\"@type\":\"WebSite\",\"@id\":\"https:\\\/\\\/sunupost.com\\\/#website\",\"url\":\"https:\\\/\\\/sunupost.com\\\/\",\"name\":\"SUNUPOST\",\"description\":\"Pens\u00e9e libre\",\"publisher\":{\"@id\":\"https:\\\/\\\/sunupost.com\\\/#organization\"},\"potentialAction\":[{\"@type\":\"SearchAction\",\"target\":{\"@type\":\"EntryPoint\",\"urlTemplate\":\"https:\\\/\\\/sunupost.com\\\/?s={search_term_string}\"},\"query-input\":{\"@type\":\"PropertyValueSpecification\",\"valueRequired\":true,\"valueName\":\"search_term_string\"}}],\"inLanguage\":\"fr-FR\"},{\"@type\":\"Organization\",\"@id\":\"https:\\\/\\\/sunupost.com\\\/#organization\",\"name\":\"SUNUPOST\",\"url\":\"https:\\\/\\\/sunupost.com\\\/\",\"logo\":{\"@type\":\"ImageObject\",\"inLanguage\":\"fr-FR\",\"@id\":\"https:\\\/\\\/sunupost.com\\\/#\\\/schema\\\/logo\\\/image\\\/\",\"url\":\"https:\\\/\\\/secureservercdn.net\\\/198.71.233.206\\\/17w.044.myftpupload.com\\\/wp-content\\\/uploads\\\/2020\\\/05\\\/Lancement.jpg?time=1639052812\",\"contentUrl\":\"https:\\\/\\\/secureservercdn.net\\\/198.71.233.206\\\/17w.044.myftpupload.com\\\/wp-content\\\/uploads\\\/2020\\\/05\\\/Lancement.jpg?time=1639052812\",\"width\":300,\"height\":100,\"caption\":\"SUNUPOST\"},\"image\":{\"@id\":\"https:\\\/\\\/sunupost.com\\\/#\\\/schema\\\/logo\\\/image\\\/\"},\"sameAs\":[\"https:\\\/\\\/web.facebook.com\\\/Sunupost-101026658237468\\\/\",\"https:\\\/\\\/x.com\\\/sunupost\",\"https:\\\/\\\/www.instagram.com\\\/sunupost\\\/\",\"https:\\\/\\\/www.youtube.com\\\/channel\\\/UCd7V7bCkLDOee8yr7CW4Dpw\"]},{\"@type\":\"Person\",\"@id\":\"https:\\\/\\\/sunupost.com\\\/#\\\/schema\\\/person\\\/9c04c80a48c29cd2be004cf57947ebb0\",\"name\":\"La R\u00e9daction\",\"image\":{\"@type\":\"ImageObject\",\"inLanguage\":\"fr-FR\",\"@id\":\"https:\\\/\\\/secure.gravatar.com\\\/avatar\\\/1dc7c1ffd136391c1a6d8806c3431e1a2dd9445015e3f66472e3c63e9c80807e?s=96&d=mm&r=g\",\"url\":\"https:\\\/\\\/secure.gravatar.com\\\/avatar\\\/1dc7c1ffd136391c1a6d8806c3431e1a2dd9445015e3f66472e3c63e9c80807e?s=96&d=mm&r=g\",\"contentUrl\":\"https:\\\/\\\/secure.gravatar.com\\\/avatar\\\/1dc7c1ffd136391c1a6d8806c3431e1a2dd9445015e3f66472e3c63e9c80807e?s=96&d=mm&r=g\",\"caption\":\"La R\u00e9daction\"},\"url\":\"https:\\\/\\\/sunupost.com\\\/?author=10\"}]}<\/script>\n<!-- \/ Yoast SEO plugin. -->","yoast_head_json":{"title":"Commission Ad Hoc De L'Assembl\u00e9e Nationale Guirassy Et Cheikh Bamba Di\u00e8ye Claquent La Porte - SUNUPOST","robots":{"index":"index","follow":"follow","max-snippet":"max-snippet:-1","max-image-preview":"max-image-preview:large","max-video-preview":"max-video-preview:-1"},"canonical":"https:\/\/sunupost.com\/?p=6086","og_locale":"fr_FR","og_type":"article","og_title":"Commission Ad Hoc De L'Assembl\u00e9e Nationale Guirassy Et Cheikh Bamba Di\u00e8ye Claquent La Porte - SUNUPOST","og_description":"Rebondissement \u00e0 l\u2019Assembl\u00e9e nationale, dans le dossier pour la lev\u00e9e de l\u2019immunit\u00e9 parlementaire de Ousmane Sonko. Repr\u00e9sentants de l\u2019opposition dans la commission ad hoc mise...","og_url":"https:\/\/sunupost.com\/?p=6086","og_site_name":"SUNUPOST","article_publisher":"https:\/\/web.facebook.com\/Sunupost-101026658237468\/","article_published_time":"2021-02-21T13:14:49+00:00","og_image":[{"width":720,"height":412,"url":"https:\/\/secureservercdn.net\/198.71.233.69\/17w.044.myftpupload.com\/wp-content\/uploads\/2021\/02\/Screenshot_20210221-130843_Chrome.jpg?time=1663116071","type":"image\/jpeg"}],"author":"La R\u00e9daction","twitter_card":"summary_large_image","twitter_creator":"@sunupost","twitter_site":"@sunupost","twitter_misc":{"\u00c9crit par":"La R\u00e9daction","Dur\u00e9e de lecture estim\u00e9e":"3 minutes"},"schema":{"@context":"https:\/\/schema.org","@graph":[{"@type":"Article","@id":"https:\/\/sunupost.com\/?p=6086#article","isPartOf":{"@id":"https:\/\/sunupost.com\/?p=6086"},"author":{"name":"La R\u00e9daction","@id":"https:\/\/sunupost.com\/#\/schema\/person\/9c04c80a48c29cd2be004cf57947ebb0"},"headline":"Commission Ad Hoc De L&rsquo;Assembl\u00e9e Nationale Guirassy Et Cheikh Bamba Di\u00e8ye Claquent La Porte","datePublished":"2021-02-21T13:14:49+00:00","mainEntityOfPage":{"@id":"https:\/\/sunupost.com\/?p=6086"},"wordCount":613,"commentCount":586,"publisher":{"@id":"https:\/\/sunupost.com\/#organization"},"image":{"@id":"https:\/\/sunupost.com\/?p=6086#primaryimage"},"thumbnailUrl":"https:\/\/sunupost.com\/wp-content\/uploads\/2021\/02\/Screenshot_20210221-130843_Chrome.jpg","articleSection":["POLITIQUE"],"inLanguage":"fr-FR","potentialAction":[{"@type":"CommentAction","name":"Comment","target":["https:\/\/sunupost.com\/?p=6086#respond"]}]},{"@type":"WebPage","@id":"https:\/\/sunupost.com\/?p=6086","url":"https:\/\/sunupost.com\/?p=6086","name":"Commission Ad Hoc De L'Assembl\u00e9e Nationale Guirassy Et Cheikh Bamba Di\u00e8ye Claquent La Porte - SUNUPOST","isPartOf":{"@id":"https:\/\/sunupost.com\/#website"},"primaryImageOfPage":{"@id":"https:\/\/sunupost.com\/?p=6086#primaryimage"},"image":{"@id":"https:\/\/sunupost.com\/?p=6086#primaryimage"},"thumbnailUrl":"https:\/\/sunupost.com\/wp-content\/uploads\/2021\/02\/Screenshot_20210221-130843_Chrome.jpg","datePublished":"2021-02-21T13:14:49+00:00","breadcrumb":{"@id":"https:\/\/sunupost.com\/?p=6086#breadcrumb"},"inLanguage":"fr-FR","potentialAction":[{"@type":"ReadAction","target":["https:\/\/sunupost.com\/?p=6086"]}]},{"@type":"ImageObject","inLanguage":"fr-FR","@id":"https:\/\/sunupost.com\/?p=6086#primaryimage","url":"https:\/\/sunupost.com\/wp-content\/uploads\/2021\/02\/Screenshot_20210221-130843_Chrome.jpg","contentUrl":"https:\/\/sunupost.com\/wp-content\/uploads\/2021\/02\/Screenshot_20210221-130843_Chrome.jpg","width":720,"height":412},{"@type":"BreadcrumbList","@id":"https:\/\/sunupost.com\/?p=6086#breadcrumb","itemListElement":[{"@type":"ListItem","position":1,"name":"Home","item":"https:\/\/sunupost.com\/"},{"@type":"ListItem","position":2,"name":"Commission Ad Hoc De L&rsquo;Assembl\u00e9e Nationale Guirassy Et Cheikh Bamba Di\u00e8ye Claquent La Porte"}]},{"@type":"WebSite","@id":"https:\/\/sunupost.com\/#website","url":"https:\/\/sunupost.com\/","name":"SUNUPOST","description":"Pens\u00e9e libre","publisher":{"@id":"https:\/\/sunupost.com\/#organization"},"potentialAction":[{"@type":"SearchAction","target":{"@type":"EntryPoint","urlTemplate":"https:\/\/sunupost.com\/?s={search_term_string}"},"query-input":{"@type":"PropertyValueSpecification","valueRequired":true,"valueName":"search_term_string"}}],"inLanguage":"fr-FR"},{"@type":"Organization","@id":"https:\/\/sunupost.com\/#organization","name":"SUNUPOST","url":"https:\/\/sunupost.com\/","logo":{"@type":"ImageObject","inLanguage":"fr-FR","@id":"https:\/\/sunupost.com\/#\/schema\/logo\/image\/","url":"https:\/\/secureservercdn.net\/198.71.233.206\/17w.044.myftpupload.com\/wp-content\/uploads\/2020\/05\/Lancement.jpg?time=1639052812","contentUrl":"https:\/\/secureservercdn.net\/198.71.233.206\/17w.044.myftpupload.com\/wp-content\/uploads\/2020\/05\/Lancement.jpg?time=1639052812","width":300,"height":100,"caption":"SUNUPOST"},"image":{"@id":"https:\/\/sunupost.com\/#\/schema\/logo\/image\/"},"sameAs":["https:\/\/web.facebook.com\/Sunupost-101026658237468\/","https:\/\/x.com\/sunupost","https:\/\/www.instagram.com\/sunupost\/","https:\/\/www.youtube.com\/channel\/UCd7V7bCkLDOee8yr7CW4Dpw"]},{"@type":"Person","@id":"https:\/\/sunupost.com\/#\/schema\/person\/9c04c80a48c29cd2be004cf57947ebb0","name":"La R\u00e9daction","image":{"@type":"ImageObject","inLanguage":"fr-FR","@id":"https:\/\/secure.gravatar.com\/avatar\/1dc7c1ffd136391c1a6d8806c3431e1a2dd9445015e3f66472e3c63e9c80807e?s=96&d=mm&r=g","url":"https:\/\/secure.gravatar.com\/avatar\/1dc7c1ffd136391c1a6d8806c3431e1a2dd9445015e3f66472e3c63e9c80807e?s=96&d=mm&r=g","contentUrl":"https:\/\/secure.gravatar.com\/avatar\/1dc7c1ffd136391c1a6d8806c3431e1a2dd9445015e3f66472e3c63e9c80807e?s=96&d=mm&r=g","caption":"La R\u00e9daction"},"url":"https:\/\/sunupost.com\/?author=10"}]}},"_links":{"self":[{"href":"https:\/\/sunupost.com\/index.php?rest_route=\/wp\/v2\/posts\/6086","targetHints":{"allow":["GET"]}}],"collection":[{"href":"https:\/\/sunupost.com\/index.php?rest_route=\/wp\/v2\/posts"}],"about":[{"href":"https:\/\/sunupost.com\/index.php?rest_route=\/wp\/v2\/types\/post"}],"author":[{"embeddable":true,"href":"https:\/\/sunupost.com\/index.php?rest_route=\/wp\/v2\/users\/10"}],"replies":[{"embeddable":true,"href":"https:\/\/sunupost.com\/index.php?rest_route=%2Fwp%2Fv2%2Fcomments&post=6086"}],"version-history":[{"count":0,"href":"https:\/\/sunupost.com\/index.php?rest_route=\/wp\/v2\/posts\/6086\/revisions"}],"wp:featuredmedia":[{"embeddable":true,"href":"https:\/\/sunupost.com\/index.php?rest_route=\/wp\/v2\/media\/6087"}],"wp:attachment":[{"href":"https:\/\/sunupost.com\/index.php?rest_route=%2Fwp%2Fv2%2Fmedia&parent=6086"}],"wp:term":[{"taxonomy":"category","embeddable":true,"href":"https:\/\/sunupost.com\/index.php?rest_route=%2Fwp%2Fv2%2Fcategories&post=6086"},{"taxonomy":"post_tag","embeddable":true,"href":"https:\/\/sunupost.com\/index.php?rest_route=%2Fwp%2Fv2%2Ftags&post=6086"}],"curies":[{"name":"wp","href":"https:\/\/api.w.org\/{rel}","templated":true}]}}