{"id":6379,"date":"2021-03-13T21:12:10","date_gmt":"2021-03-13T21:12:10","guid":{"rendered":"https:\/\/sunupost.com\/?p=6379"},"modified":"2021-03-13T21:12:10","modified_gmt":"2021-03-13T21:12:10","slug":"parlons-des-attaques-contre-la-pressepar-ndiaga-diouf","status":"publish","type":"post","link":"https:\/\/sunupost.com\/?p=6379","title":{"rendered":"Parlons Des Attaques Contre La Presse\u2026(Par Ndiaga Diouf)"},"content":{"rendered":"<p>Lors des \u00e9meutes cons\u00e9cutives \u00e0 l\u2019arrestation du leader du Pastef Ousmane Sonko, des organes de presse ont fait l\u2019objet d\u2019attaques. Il s\u2019agit notamment des si\u00e8ges du groupe futurs m\u00e9dias \u00e0 la M\u00e9dina (RFM et l\u2019OBS) et aux Almadies (TFM) mais aussi du quotidien national Le Soleil \u00e0 Hann. A cela on peut ajouter des menaces directes contre des journalistes.<\/p>\n<p>Pourquoi les journalistes sont mis sur le banc des accus\u00e9s ? Pourquoi les journalistes sont consid\u00e9r\u00e9s comme membres du camp d\u2019en face, du pouvoir, du syst\u00e8me ?<\/p>\n<p>Comme la conjonction de plusieurs facteurs qui ont eu comme \u00e9l\u00e9ment d\u00e9clencheur l\u2019arrestation d\u2019Ousmane Sonko, le d\u00e9samour entre la presse et un certain public date de tr\u00e8s longtemps. Un sondage sur la confiance du public envers les m\u00e9dias peut \u00eatre \u00e9difiant.<\/p>\n<p>Ils sont certainement tr\u00e8s nombreux ceux qui continuent de penser que la presse priv\u00e9e doit \u00eatre du c\u00f4t\u00e9 de la masse. Une position confort\u00e9e par le r\u00f4le crucial jou\u00e9 par cette presse sur l\u2019av\u00e8nement de la premi\u00e8re alternance d\u00e9mocratique en 2000. Ces gens ne comprennent pas encore les r\u00f4les de toute la presse faisant toujours une opposition entre m\u00e9dias d\u2019Etat et m\u00e9dias priv\u00e9s. S\u2019il est vrai que du c\u00f4t\u00e9 des m\u00e9dias publics, une \u00e9volution disons m\u00eame une r\u00e9volution a \u00e9t\u00e9 faite surtout du c\u00f4t\u00e9 de la radio pour faire face \u00e0 la concurrence et r\u00e9pondre aux pr\u00e9occupations du public, la t\u00e9l\u00e9 (RTS) et le journal officiel, le Soleil ne sont pas encore totalement dans cette dynamique. Les journalistes devenus politiciens \u00e0 la t\u00eate de ces organes est un fait qui rajoute \u00e0 la confusion.<\/p>\n<p>Cette incompr\u00e9hension d\u2019un certain public sur les r\u00f4les de la presse a souvent abouti sur des violences contre les professionnels de l\u2019information et de la communication et cela ne date pas d\u2019aujourd\u2019hui. On se rappelle en 2000 avec la tension politique et les derniers moments du r\u00e8gne d\u2019Abdou Diouf, de la grosse pierre lanc\u00e9e \u00e0 travers une fen\u00eatre du studio de Walf au moment o\u00f9 Mamoudou Ibra Kane pr\u00e9sentait son journal. Pourtant, \u00e0 la fin, les journalistes de la radio sont applaudis par une foule immense qui saluait ainsi l\u2019apport de la radio sur la r\u00e9alisation de l\u2019alternance politique. En 1993, le journaliste de RFI, Nicolas Balique a \u00e9t\u00e9 agress\u00e9 par des \u00ab calots bleus \u00bb, les gros bras du PDS, son v\u00e9hicule incendi\u00e9 au Point E, on accuse la radio de faire le jeu du pouvoir. Durant cette m\u00eame p\u00e9riode, on se rappelle l\u2019agression \u00e0 l\u2019Ucad, du reporter de radio S\u00e9n\u00e9gal et futur patron de Sud FM, Omar Diouf Fall. C\u2019est d\u2019ailleurs l\u2019\u00e9poque d\u2019une des pages les plus sombres de l\u2019histoire politique du S\u00e9n\u00e9gal avec l\u2019assassinat de Me Babacar S\u00e9ye. Entre parenth\u00e8se, la d\u00e9marche de RFI n\u2019a pas trop chang\u00e9, c\u2019est la voix de la France et de ses int\u00e9r\u00eats. Aujourd\u2019hui avec les \u00e9meutes du mois de mars 2021, quand les 11 morts sont \u00e9tablis, la radio continue de nous pomper durant des jours de \u00ab 5 morts selon un bilan officiel \u00bb. Ce n\u2019est pas respectueux et voil\u00e0 une fa\u00e7on de se mettre en danger. Mais c\u2019est r\u00e9volu l\u2019\u00e9poque o\u00f9 on \u00e9coutait des radios ou regardait des t\u00e9l\u00e9s internationales pour savoir ce qui se passe chez-nous.<\/p>\n<p>Un peu comme les politiques \u00e0 la t\u00eate des organes d\u2019Etat, certains vont faire une confusion entre Youssou Ndour, ministre conseiller du pr\u00e9sident et PCA du groupe futurs m\u00e9dias. A cela on rel\u00e8ve, c\u2019est d\u00e9j\u00e0 fait par beaucoup de gens et par la Coordination des associations de presse (CAP) du S\u00e9n\u00e9gal, le fait que le CNRA a ajout\u00e9 une couche \u00e0 la confusion g\u00e9n\u00e9rale en coupant le signal \u00e0 Walftv et Sentv. Une partie des manifestants sera confort\u00e9e sur sa conviction, voil\u00e0 ceux qui travaillent et les autres sont \u00e0 la solde du pouvoir.<\/p>\n<p>Pour le groupe futurs m\u00e9dias, si on ne peut rien reprocher \u00e0 la RFM et \u00e0 la TFM sur le traitement de l\u2019actualit\u00e9 autour de l\u2019affaire \u00ab Adji Sarr-Ousmane Sonko \u00bb, ce sera un peu difficile d\u2019avoir la m\u00eame position relativement au journal L\u2019Obs.<\/p>\n<p>Pr\u00e9sentement la corporation travaille pour le respect de la libert\u00e9 de la presse, l\u2019am\u00e9lioration des conditions de travail des professionnels, plus de solidarit\u00e9\u2026, la seule arme de la presse est et restera, faire son travail en toute honn\u00eatet\u00e9, donner l\u2019information juste et vraie. Sinon quels que soient les textes qui seront adopt\u00e9s pour l\u2019organisation de ce m\u00e9tier, la presse sera toujours le terreau fertile \u00e0 la manipulation et \u00e0 la d\u00e9sinformation ce qui va exposer les acteurs du secteur.<\/p>\n<p>Parall\u00e8lement au d\u00e9veloppement de notre presse, nous devons accorder de l\u2019importance aussi \u00e0 l\u2019\u00e9ducation aux m\u00e9dias du public o\u00f9 l\u2019on compte des milliers d\u2019analphab\u00e8tes.<\/p>\n<p>Un organe de presse parlant surtout de la radio et de la t\u00e9l\u00e9 est un TOUT. Le m\u00e9tier du journaliste ne doit pas \u00eatre privil\u00e9gi\u00e9 \u00e0 c\u00f4t\u00e9 d\u2019un animateur ou d\u2019un pr\u00eacheur qui peut souvent commenter l\u2019actualit\u00e9. Le simple fait qu\u2019un animateur passe tout son temps \u00e0 faire du griotisme avec des d\u00e9dicaces int\u00e9ress\u00e9es \u00e0 ses bienfaiteurs, des directeur g\u00e9n\u00e9raux et autorit\u00e9s du r\u00e9gime peut cr\u00e9er un sentiment de rejet et de frustration.<\/p>\n<p>Donnons-nous la main pour une presse de qualit\u00e9, c\u2019est la voie du salut pour tous les professionnels des m\u00e9dias. Un simple souhait, d\u2019un simple journaliste qui aime bien le m\u00e9tier et ses acteurs et dont la conviction est : le pouvoir n&rsquo;organisera jamais la presse et continuera de tirer les ficelles dans le sens de ses int\u00e9r\u00eats.<\/p>\n<p>Confraternellement les gars, courage et bonne continuation !!!<\/p>\n","protected":false},"excerpt":{"rendered":"<p>Lors des \u00e9meutes cons\u00e9cutives \u00e0 l\u2019arrestation du leader du Pastef Ousmane Sonko, des organes de presse ont fait l\u2019objet d\u2019attaques. Il s\u2019agit notamment des si\u00e8ges&#8230;<\/p>\n","protected":false},"author":10,"featured_media":6380,"comment_status":"open","ping_status":"open","sticky":false,"template":"","format":"standard","meta":{"_coblocks_attr":"","_coblocks_dimensions":"","_coblocks_responsive_height":"","_coblocks_accordion_ie_support":"","_monsterinsights_skip_tracking":false,"_monsterinsights_sitenote_active":false,"_monsterinsights_sitenote_note":"","_monsterinsights_sitenote_category":0,"h5ap_radio_sources":[],"footnotes":""},"categories":[10],"tags":[],"class_list":["post-6379","post","type-post","status-publish","format-standard","has-post-thumbnail","hentry","category-contribution","wpcat-10-id"],"yoast_head":"<!-- This site is optimized with the Yoast SEO plugin v27.5 - https:\/\/yoast.com\/product\/yoast-seo-wordpress\/ -->\n<title>Parlons Des Attaques Contre La Presse\u2026(Par Ndiaga Diouf) - SUNUPOST<\/title>\n<meta name=\"robots\" content=\"index, follow, max-snippet:-1, max-image-preview:large, max-video-preview:-1\" \/>\n<link rel=\"canonical\" href=\"https:\/\/sunupost.com\/?p=6379\" \/>\n<meta property=\"og:locale\" content=\"fr_FR\" \/>\n<meta property=\"og:type\" content=\"article\" \/>\n<meta property=\"og:title\" content=\"Parlons Des Attaques Contre La Presse\u2026(Par Ndiaga Diouf) - SUNUPOST\" \/>\n<meta property=\"og:description\" content=\"Lors des \u00e9meutes cons\u00e9cutives \u00e0 l\u2019arrestation du leader du Pastef Ousmane Sonko, des organes de presse ont fait l\u2019objet d\u2019attaques. Il s\u2019agit notamment des si\u00e8ges...\" \/>\n<meta property=\"og:url\" content=\"https:\/\/sunupost.com\/?p=6379\" \/>\n<meta property=\"og:site_name\" content=\"SUNUPOST\" \/>\n<meta property=\"article:publisher\" content=\"https:\/\/web.facebook.com\/Sunupost-101026658237468\/\" \/>\n<meta property=\"article:published_time\" content=\"2021-03-13T21:12:10+00:00\" \/>\n<meta property=\"og:image\" content=\"https:\/\/secureservercdn.net\/198.71.233.69\/17w.044.myftpupload.com\/wp-content\/uploads\/2021\/03\/Screenshot_20210313-205857_WhatsApp.jpg?time=1663120019\" \/>\n\t<meta property=\"og:image:width\" content=\"720\" \/>\n\t<meta property=\"og:image:height\" content=\"515\" \/>\n\t<meta property=\"og:image:type\" content=\"image\/jpeg\" \/>\n<meta name=\"author\" content=\"La R\u00e9daction\" \/>\n<meta name=\"twitter:card\" content=\"summary_large_image\" \/>\n<meta name=\"twitter:creator\" content=\"@sunupost\" \/>\n<meta name=\"twitter:site\" content=\"@sunupost\" \/>\n<meta name=\"twitter:label1\" content=\"\u00c9crit par\" \/>\n\t<meta name=\"twitter:data1\" content=\"La R\u00e9daction\" \/>\n\t<meta name=\"twitter:label2\" content=\"Dur\u00e9e de lecture estim\u00e9e\" \/>\n\t<meta name=\"twitter:data2\" content=\"5 minutes\" \/>\n<script type=\"application\/ld+json\" class=\"yoast-schema-graph\">{\"@context\":\"https:\\\/\\\/schema.org\",\"@graph\":[{\"@type\":\"Article\",\"@id\":\"https:\\\/\\\/sunupost.com\\\/?p=6379#article\",\"isPartOf\":{\"@id\":\"https:\\\/\\\/sunupost.com\\\/?p=6379\"},\"author\":{\"name\":\"La R\u00e9daction\",\"@id\":\"https:\\\/\\\/sunupost.com\\\/#\\\/schema\\\/person\\\/9c04c80a48c29cd2be004cf57947ebb0\"},\"headline\":\"Parlons Des Attaques Contre La Presse\u2026(Par Ndiaga Diouf)\",\"datePublished\":\"2021-03-13T21:12:10+00:00\",\"mainEntityOfPage\":{\"@id\":\"https:\\\/\\\/sunupost.com\\\/?p=6379\"},\"wordCount\":1028,\"commentCount\":400,\"publisher\":{\"@id\":\"https:\\\/\\\/sunupost.com\\\/#organization\"},\"image\":{\"@id\":\"https:\\\/\\\/sunupost.com\\\/?p=6379#primaryimage\"},\"thumbnailUrl\":\"https:\\\/\\\/sunupost.com\\\/wp-content\\\/uploads\\\/2021\\\/03\\\/Screenshot_20210313-205857_WhatsApp.jpg\",\"articleSection\":[\"CONTRIBUTION\"],\"inLanguage\":\"fr-FR\",\"potentialAction\":[{\"@type\":\"CommentAction\",\"name\":\"Comment\",\"target\":[\"https:\\\/\\\/sunupost.com\\\/?p=6379#respond\"]}]},{\"@type\":\"WebPage\",\"@id\":\"https:\\\/\\\/sunupost.com\\\/?p=6379\",\"url\":\"https:\\\/\\\/sunupost.com\\\/?p=6379\",\"name\":\"Parlons Des Attaques Contre La Presse\u2026(Par Ndiaga Diouf) - SUNUPOST\",\"isPartOf\":{\"@id\":\"https:\\\/\\\/sunupost.com\\\/#website\"},\"primaryImageOfPage\":{\"@id\":\"https:\\\/\\\/sunupost.com\\\/?p=6379#primaryimage\"},\"image\":{\"@id\":\"https:\\\/\\\/sunupost.com\\\/?p=6379#primaryimage\"},\"thumbnailUrl\":\"https:\\\/\\\/sunupost.com\\\/wp-content\\\/uploads\\\/2021\\\/03\\\/Screenshot_20210313-205857_WhatsApp.jpg\",\"datePublished\":\"2021-03-13T21:12:10+00:00\",\"breadcrumb\":{\"@id\":\"https:\\\/\\\/sunupost.com\\\/?p=6379#breadcrumb\"},\"inLanguage\":\"fr-FR\",\"potentialAction\":[{\"@type\":\"ReadAction\",\"target\":[\"https:\\\/\\\/sunupost.com\\\/?p=6379\"]}]},{\"@type\":\"ImageObject\",\"inLanguage\":\"fr-FR\",\"@id\":\"https:\\\/\\\/sunupost.com\\\/?p=6379#primaryimage\",\"url\":\"https:\\\/\\\/sunupost.com\\\/wp-content\\\/uploads\\\/2021\\\/03\\\/Screenshot_20210313-205857_WhatsApp.jpg\",\"contentUrl\":\"https:\\\/\\\/sunupost.com\\\/wp-content\\\/uploads\\\/2021\\\/03\\\/Screenshot_20210313-205857_WhatsApp.jpg\",\"width\":720,\"height\":515},{\"@type\":\"BreadcrumbList\",\"@id\":\"https:\\\/\\\/sunupost.com\\\/?p=6379#breadcrumb\",\"itemListElement\":[{\"@type\":\"ListItem\",\"position\":1,\"name\":\"Home\",\"item\":\"https:\\\/\\\/sunupost.com\\\/\"},{\"@type\":\"ListItem\",\"position\":2,\"name\":\"Parlons Des Attaques Contre La Presse\u2026(Par Ndiaga Diouf)\"}]},{\"@type\":\"WebSite\",\"@id\":\"https:\\\/\\\/sunupost.com\\\/#website\",\"url\":\"https:\\\/\\\/sunupost.com\\\/\",\"name\":\"SUNUPOST\",\"description\":\"Pens\u00e9e libre\",\"publisher\":{\"@id\":\"https:\\\/\\\/sunupost.com\\\/#organization\"},\"potentialAction\":[{\"@type\":\"SearchAction\",\"target\":{\"@type\":\"EntryPoint\",\"urlTemplate\":\"https:\\\/\\\/sunupost.com\\\/?s={search_term_string}\"},\"query-input\":{\"@type\":\"PropertyValueSpecification\",\"valueRequired\":true,\"valueName\":\"search_term_string\"}}],\"inLanguage\":\"fr-FR\"},{\"@type\":\"Organization\",\"@id\":\"https:\\\/\\\/sunupost.com\\\/#organization\",\"name\":\"SUNUPOST\",\"url\":\"https:\\\/\\\/sunupost.com\\\/\",\"logo\":{\"@type\":\"ImageObject\",\"inLanguage\":\"fr-FR\",\"@id\":\"https:\\\/\\\/sunupost.com\\\/#\\\/schema\\\/logo\\\/image\\\/\",\"url\":\"https:\\\/\\\/secureservercdn.net\\\/198.71.233.206\\\/17w.044.myftpupload.com\\\/wp-content\\\/uploads\\\/2020\\\/05\\\/Lancement.jpg?time=1639052812\",\"contentUrl\":\"https:\\\/\\\/secureservercdn.net\\\/198.71.233.206\\\/17w.044.myftpupload.com\\\/wp-content\\\/uploads\\\/2020\\\/05\\\/Lancement.jpg?time=1639052812\",\"width\":300,\"height\":100,\"caption\":\"SUNUPOST\"},\"image\":{\"@id\":\"https:\\\/\\\/sunupost.com\\\/#\\\/schema\\\/logo\\\/image\\\/\"},\"sameAs\":[\"https:\\\/\\\/web.facebook.com\\\/Sunupost-101026658237468\\\/\",\"https:\\\/\\\/x.com\\\/sunupost\",\"https:\\\/\\\/www.instagram.com\\\/sunupost\\\/\",\"https:\\\/\\\/www.youtube.com\\\/channel\\\/UCd7V7bCkLDOee8yr7CW4Dpw\"]},{\"@type\":\"Person\",\"@id\":\"https:\\\/\\\/sunupost.com\\\/#\\\/schema\\\/person\\\/9c04c80a48c29cd2be004cf57947ebb0\",\"name\":\"La R\u00e9daction\",\"image\":{\"@type\":\"ImageObject\",\"inLanguage\":\"fr-FR\",\"@id\":\"https:\\\/\\\/secure.gravatar.com\\\/avatar\\\/1dc7c1ffd136391c1a6d8806c3431e1a2dd9445015e3f66472e3c63e9c80807e?s=96&d=mm&r=g\",\"url\":\"https:\\\/\\\/secure.gravatar.com\\\/avatar\\\/1dc7c1ffd136391c1a6d8806c3431e1a2dd9445015e3f66472e3c63e9c80807e?s=96&d=mm&r=g\",\"contentUrl\":\"https:\\\/\\\/secure.gravatar.com\\\/avatar\\\/1dc7c1ffd136391c1a6d8806c3431e1a2dd9445015e3f66472e3c63e9c80807e?s=96&d=mm&r=g\",\"caption\":\"La R\u00e9daction\"},\"url\":\"https:\\\/\\\/sunupost.com\\\/?author=10\"}]}<\/script>\n<!-- \/ Yoast SEO plugin. -->","yoast_head_json":{"title":"Parlons Des Attaques Contre La Presse\u2026(Par Ndiaga Diouf) - SUNUPOST","robots":{"index":"index","follow":"follow","max-snippet":"max-snippet:-1","max-image-preview":"max-image-preview:large","max-video-preview":"max-video-preview:-1"},"canonical":"https:\/\/sunupost.com\/?p=6379","og_locale":"fr_FR","og_type":"article","og_title":"Parlons Des Attaques Contre La Presse\u2026(Par Ndiaga Diouf) - SUNUPOST","og_description":"Lors des \u00e9meutes cons\u00e9cutives \u00e0 l\u2019arrestation du leader du Pastef Ousmane Sonko, des organes de presse ont fait l\u2019objet d\u2019attaques. Il s\u2019agit notamment des si\u00e8ges...","og_url":"https:\/\/sunupost.com\/?p=6379","og_site_name":"SUNUPOST","article_publisher":"https:\/\/web.facebook.com\/Sunupost-101026658237468\/","article_published_time":"2021-03-13T21:12:10+00:00","og_image":[{"width":720,"height":515,"url":"https:\/\/secureservercdn.net\/198.71.233.69\/17w.044.myftpupload.com\/wp-content\/uploads\/2021\/03\/Screenshot_20210313-205857_WhatsApp.jpg?time=1663120019","type":"image\/jpeg"}],"author":"La R\u00e9daction","twitter_card":"summary_large_image","twitter_creator":"@sunupost","twitter_site":"@sunupost","twitter_misc":{"\u00c9crit par":"La R\u00e9daction","Dur\u00e9e de lecture estim\u00e9e":"5 minutes"},"schema":{"@context":"https:\/\/schema.org","@graph":[{"@type":"Article","@id":"https:\/\/sunupost.com\/?p=6379#article","isPartOf":{"@id":"https:\/\/sunupost.com\/?p=6379"},"author":{"name":"La R\u00e9daction","@id":"https:\/\/sunupost.com\/#\/schema\/person\/9c04c80a48c29cd2be004cf57947ebb0"},"headline":"Parlons Des Attaques Contre La Presse\u2026(Par Ndiaga Diouf)","datePublished":"2021-03-13T21:12:10+00:00","mainEntityOfPage":{"@id":"https:\/\/sunupost.com\/?p=6379"},"wordCount":1028,"commentCount":400,"publisher":{"@id":"https:\/\/sunupost.com\/#organization"},"image":{"@id":"https:\/\/sunupost.com\/?p=6379#primaryimage"},"thumbnailUrl":"https:\/\/sunupost.com\/wp-content\/uploads\/2021\/03\/Screenshot_20210313-205857_WhatsApp.jpg","articleSection":["CONTRIBUTION"],"inLanguage":"fr-FR","potentialAction":[{"@type":"CommentAction","name":"Comment","target":["https:\/\/sunupost.com\/?p=6379#respond"]}]},{"@type":"WebPage","@id":"https:\/\/sunupost.com\/?p=6379","url":"https:\/\/sunupost.com\/?p=6379","name":"Parlons Des Attaques Contre La Presse\u2026(Par Ndiaga Diouf) - SUNUPOST","isPartOf":{"@id":"https:\/\/sunupost.com\/#website"},"primaryImageOfPage":{"@id":"https:\/\/sunupost.com\/?p=6379#primaryimage"},"image":{"@id":"https:\/\/sunupost.com\/?p=6379#primaryimage"},"thumbnailUrl":"https:\/\/sunupost.com\/wp-content\/uploads\/2021\/03\/Screenshot_20210313-205857_WhatsApp.jpg","datePublished":"2021-03-13T21:12:10+00:00","breadcrumb":{"@id":"https:\/\/sunupost.com\/?p=6379#breadcrumb"},"inLanguage":"fr-FR","potentialAction":[{"@type":"ReadAction","target":["https:\/\/sunupost.com\/?p=6379"]}]},{"@type":"ImageObject","inLanguage":"fr-FR","@id":"https:\/\/sunupost.com\/?p=6379#primaryimage","url":"https:\/\/sunupost.com\/wp-content\/uploads\/2021\/03\/Screenshot_20210313-205857_WhatsApp.jpg","contentUrl":"https:\/\/sunupost.com\/wp-content\/uploads\/2021\/03\/Screenshot_20210313-205857_WhatsApp.jpg","width":720,"height":515},{"@type":"BreadcrumbList","@id":"https:\/\/sunupost.com\/?p=6379#breadcrumb","itemListElement":[{"@type":"ListItem","position":1,"name":"Home","item":"https:\/\/sunupost.com\/"},{"@type":"ListItem","position":2,"name":"Parlons Des Attaques Contre La Presse\u2026(Par Ndiaga Diouf)"}]},{"@type":"WebSite","@id":"https:\/\/sunupost.com\/#website","url":"https:\/\/sunupost.com\/","name":"SUNUPOST","description":"Pens\u00e9e libre","publisher":{"@id":"https:\/\/sunupost.com\/#organization"},"potentialAction":[{"@type":"SearchAction","target":{"@type":"EntryPoint","urlTemplate":"https:\/\/sunupost.com\/?s={search_term_string}"},"query-input":{"@type":"PropertyValueSpecification","valueRequired":true,"valueName":"search_term_string"}}],"inLanguage":"fr-FR"},{"@type":"Organization","@id":"https:\/\/sunupost.com\/#organization","name":"SUNUPOST","url":"https:\/\/sunupost.com\/","logo":{"@type":"ImageObject","inLanguage":"fr-FR","@id":"https:\/\/sunupost.com\/#\/schema\/logo\/image\/","url":"https:\/\/secureservercdn.net\/198.71.233.206\/17w.044.myftpupload.com\/wp-content\/uploads\/2020\/05\/Lancement.jpg?time=1639052812","contentUrl":"https:\/\/secureservercdn.net\/198.71.233.206\/17w.044.myftpupload.com\/wp-content\/uploads\/2020\/05\/Lancement.jpg?time=1639052812","width":300,"height":100,"caption":"SUNUPOST"},"image":{"@id":"https:\/\/sunupost.com\/#\/schema\/logo\/image\/"},"sameAs":["https:\/\/web.facebook.com\/Sunupost-101026658237468\/","https:\/\/x.com\/sunupost","https:\/\/www.instagram.com\/sunupost\/","https:\/\/www.youtube.com\/channel\/UCd7V7bCkLDOee8yr7CW4Dpw"]},{"@type":"Person","@id":"https:\/\/sunupost.com\/#\/schema\/person\/9c04c80a48c29cd2be004cf57947ebb0","name":"La R\u00e9daction","image":{"@type":"ImageObject","inLanguage":"fr-FR","@id":"https:\/\/secure.gravatar.com\/avatar\/1dc7c1ffd136391c1a6d8806c3431e1a2dd9445015e3f66472e3c63e9c80807e?s=96&d=mm&r=g","url":"https:\/\/secure.gravatar.com\/avatar\/1dc7c1ffd136391c1a6d8806c3431e1a2dd9445015e3f66472e3c63e9c80807e?s=96&d=mm&r=g","contentUrl":"https:\/\/secure.gravatar.com\/avatar\/1dc7c1ffd136391c1a6d8806c3431e1a2dd9445015e3f66472e3c63e9c80807e?s=96&d=mm&r=g","caption":"La R\u00e9daction"},"url":"https:\/\/sunupost.com\/?author=10"}]}},"_links":{"self":[{"href":"https:\/\/sunupost.com\/index.php?rest_route=\/wp\/v2\/posts\/6379","targetHints":{"allow":["GET"]}}],"collection":[{"href":"https:\/\/sunupost.com\/index.php?rest_route=\/wp\/v2\/posts"}],"about":[{"href":"https:\/\/sunupost.com\/index.php?rest_route=\/wp\/v2\/types\/post"}],"author":[{"embeddable":true,"href":"https:\/\/sunupost.com\/index.php?rest_route=\/wp\/v2\/users\/10"}],"replies":[{"embeddable":true,"href":"https:\/\/sunupost.com\/index.php?rest_route=%2Fwp%2Fv2%2Fcomments&post=6379"}],"version-history":[{"count":0,"href":"https:\/\/sunupost.com\/index.php?rest_route=\/wp\/v2\/posts\/6379\/revisions"}],"wp:featuredmedia":[{"embeddable":true,"href":"https:\/\/sunupost.com\/index.php?rest_route=\/wp\/v2\/media\/6380"}],"wp:attachment":[{"href":"https:\/\/sunupost.com\/index.php?rest_route=%2Fwp%2Fv2%2Fmedia&parent=6379"}],"wp:term":[{"taxonomy":"category","embeddable":true,"href":"https:\/\/sunupost.com\/index.php?rest_route=%2Fwp%2Fv2%2Fcategories&post=6379"},{"taxonomy":"post_tag","embeddable":true,"href":"https:\/\/sunupost.com\/index.php?rest_route=%2Fwp%2Fv2%2Ftags&post=6379"}],"curies":[{"name":"wp","href":"https:\/\/api.w.org\/{rel}","templated":true}]}}