{"id":6571,"date":"2021-04-07T16:44:45","date_gmt":"2021-04-07T16:44:45","guid":{"rendered":"https:\/\/sunupost.com\/?p=6571"},"modified":"2021-04-07T16:44:45","modified_gmt":"2021-04-07T16:44:45","slug":"rapport-2020-sur-les-droits-humains-les-recriminations-damnesty-contre-le-senegal","status":"publish","type":"post","link":"https:\/\/sunupost.com\/?p=6571","title":{"rendered":"Rapport 2020 Sur Les Droits Humains: Les R\u00e9criminations D\u2019Amnesty Contre Le S\u00e9n\u00e9gal"},"content":{"rendered":"<p>\u00ab Les forces de s\u00e9curit\u00e9 ont eu recours \u00e0 une force excessive dans le maintien de l\u2019ordre public. En janvier, un homme est d\u00e9c\u00e9d\u00e9 en garde \u00e0 vue dans la ville de Fatick apr\u00e8s avoir \u00e9t\u00e9, semble-t-il, battu par la police. Les conclusions de son autopsie, selon lesquelles il serait mort de \u00ab causes naturelles \u00bb, ont suscit\u00e9 de violentes manifestations \u00bb, note Amnesty dans son rapport en parlant du S\u00e9n\u00e9gal. \u00ab Les autorit\u00e9s ont alors ouvert une enqu\u00eate sur les trois policiers soup\u00e7onn\u00e9s d\u2019\u00eatre responsables de ce d\u00e9c\u00e8s. En mai, les gendarmes ont utilis\u00e9 du gaz lacrymog\u00e8ne lors d\u2019une conf\u00e9rence de presse tenue par des jeunes de Cap Skirring pour d\u00e9noncer le manque d\u2019eau potable dans leur ville. Au moins deux participants, un homme et une femme, ont \u00e9t\u00e9 gri\u00e8vement bless\u00e9s. En juin, quatre personnes qui manifestaient contre la d\u00e9molition en 2013 de leurs logements, situ\u00e9s \u00e0 Gadaye dans la banlieue de Dakar, la capitale, ont \u00e9t\u00e9 bless\u00e9es lorsque la police a dispers\u00e9 leur rassemblement avec violence \u00bb, poursuit le rapport.<\/p>\n<p>Concernant la libert\u00e9 d\u2019expression et de r\u00e9union, le document signale : \u00ab En juin, la police a arr\u00eat\u00e9 Assane Diouf apr\u00e8s qu\u2019il eut critiqu\u00e9 le gouvernement dans une discussion vid\u00e9o en direct. Cet homme \u00e9tait toujours en d\u00e9tention \u00e0 la fin de l\u2019ann\u00e9e pour les charges d\u2019outrage \u00e0 agent, d\u2019appel \u00e0 un attroupement arm\u00e9 et d\u2019injures publiques \u00e0 travers le net (ndlr, il a \u00e9t\u00e9 lib\u00e9r\u00e9 par la suite en fin janvier). En ao\u00fbt, des membres de Dahiratoul Moustarchidine wal Moustarchidati ont mis \u00e0 sac les locaux du journal \u00ab Les \u00c9chos \u00bb apr\u00e8s la publication d\u2019un article avan\u00e7ant que le chef de cette organisation religieuse avait contract\u00e9 le Covid-19. Six suspects ont \u00e9t\u00e9 arr\u00eat\u00e9s. En septembre, Adja Ndiaye, une journaliste de Dakaractu, a \u00e9t\u00e9 agress\u00e9e verbalement et physiquement par des policiers \u00e0 Dakar, alors qu\u2019elle effectuait un reportage. Elle a \u00e9t\u00e9 bless\u00e9e au cou et au dos, et sa cam\u00e9ra a \u00e9t\u00e9 endommag\u00e9e \u00bb.<\/p>\n<p>A propos du droit \u00e0 la sant\u00e9 du personnel soignant, le rapport poursuit : \u00abEn juin, le Syndicat autonome des m\u00e9decins, pharmaciens et chirurgiens-dentistes du S\u00e9n\u00e9gal (Sames) a menac\u00e9 d\u2019appeler \u00e0 une gr\u00e8ve pour d\u00e9noncer le manque d\u2019\u00e9quipements de protection individuelle et d\u2019autres ressources n\u00e9cessaires \u00e0 la gestion de la pand\u00e9mie de Covid-19 ; des m\u00e9decins travaillant en premi\u00e8re ligne ont \u00e9galement menac\u00e9 de cesser le travail pour protester contre leurs salaires impay\u00e9s et leurs mauvaises conditions de travail \u00bb.<\/p>\n<p>Les conditions de d\u00e9tention dans les prisons ne sont pas en reste. \u00ab Les centres de d\u00e9tention \u00e9taient surpeupl\u00e9s et le coronavirus n\u2019a fait qu\u2019aggraver les risques sanitaires pour les personnes incarc\u00e9r\u00e9es. En octobre, 10.804 personnes \u00e9taient emprisonn\u00e9es au S\u00e9n\u00e9gal, dont 5.052 en d\u00e9tention provisoire. Entre mars et septembre, les autorit\u00e9s ont lib\u00e9r\u00e9 3 731 d\u00e9tenus dans le cadre de la lutte contre la pand\u00e9mie de Covid-19. Deux d\u00e9tenus sont morts de cette maladie \u00e0 la prison de Thi\u00e8s, ce qui a d\u00e9clench\u00e9 des gr\u00e8ves de la faim parmi la population carc\u00e9rale. Les gr\u00e9vistes r\u00e9clamaient des tests \u00e0 grande \u00e9chelle. Au moins six personnes sont d\u00e9c\u00e9d\u00e9es, apparemment en raison de mauvaises conditions de d\u00e9tention, alors qu\u2019elles se trouvaient en garde \u00e0 vue ou qu\u2019elles \u00e9taient d\u00e9tenues dans les prisons de Thi\u00e8s et de Diourbel \u00bb.<\/p>\n<p>Comme chaque ann\u00e9e, Amnesty a aussi plaid\u00e9 la cause des Lgbt. \u00ab Des militants ont fait l\u2019objet de campagnes de diffamation et de menaces de mort. Aux termes du code p\u00e9nal, les relations sexuelles entre personnes du m\u00eame sexe \u00e9taient passibles d\u2019une peine maximale de cinq ans d\u2019emprisonnement. En octobre, 25 hommes et adolescents ont \u00e9t\u00e9 arr\u00eat\u00e9s lors d\u2019une f\u00eate priv\u00e9e \u00e0 Dakar. Inculp\u00e9s d\u2019\u00abactes contre nature\u00bb, ils ont \u00e9t\u00e9 plac\u00e9s en d\u00e9tention. Le 6 novembre, un tribunal de Dakar a condamn\u00e9 deux des adultes \u00e0 six mois d\u2019emprisonnement et cinq autres \u00e0 trois mois. Les autres int\u00e9ress\u00e9s, y compris tous les mineurs, ont \u00e9t\u00e9 lib\u00e9r\u00e9s sans inculpation \u00bb.<\/p>\n<p>Pour les droits des enfants, \u00ab un projet de loi visant \u00e0 r\u00e9glementer les \u00e9coles coraniques n\u2019avait toujours pas \u00e9t\u00e9 approuv\u00e9 par le parlement. Douze \u00e9l\u00e8ves de ces \u00e9tablissements auraient \u00e9t\u00e9 soumis \u00e0 des actes de torture et \u00e0 d\u2019autres mauvais traitements par leurs enseignants. En f\u00e9vrier, un gar\u00e7on de 13 ans a \u00e9t\u00e9 battu \u00e0 mort par son professeur dans la ville de Louga. En mars, la chambre criminelle du tribunal de grande instance de Dakar a condamn\u00e9 un ma\u00eetre d\u2019\u00e9cole coranique \u00e0 10 ans d\u2019emprisonnement pour \u00ab voies de fait et coups et blessures sur une personne de moins de 13 ans \u00bb et un autre membre du personnel \u00e0 cinq ans d\u2019emprisonnement pour non-assistance \u00e0 personne en danger. Dans le contexte de la pand\u00e9mie de Covid-19, les autorit\u00e9s ont annonc\u00e9 avoir extrait 2 015 enfants de la rue : elles en ont rendu 1 424 \u00e0 leur famille et ont plac\u00e9 les autres dans des centres d\u2019accueil publics \u00bb, note le rapport qui d\u00e9nonce aussi des expulsions forc\u00e9es : \u00abLes communaut\u00e9s rurales de la r\u00e9gion de Thi\u00e8s luttaient toujours contre les menaces d\u2019expulsions forc\u00e9es li\u00e9es aux projets d\u2019entreprises agricoles et p\u00e9trochimiques empi\u00e9tant sur leurs terres. La communaut\u00e9 agricole de Ndingler, pr\u00e8s de la ville de Mbour, a perdu 0,75 kilom\u00e8tre carr\u00e9 de terres collectives au profit d\u2019un projet agroindustriel. En juillet, les autorit\u00e9s ont n\u00e9goci\u00e9 une tr\u00eave dans ce diff\u00e9rend, ce qui a permis aux agriculteurs et aux agricultrices d\u2019acc\u00e9der \u00e0 leurs terres mais de fa\u00e7on limit\u00e9e. La population du village de Tob\u00e8ne a accus\u00e9 une entreprise p\u00e9trochimique de polluer ses terres agricoles et a contest\u00e9 la d\u00e9cision de l\u2019\u00c9tat d\u2019allouer six hectares suppl\u00e9mentaires de terres agricoles \u00e0 cette soci\u00e9t\u00e9. Elle a protest\u00e9 contre l\u2019indemnisation de neuf millions de francs de Fcfa (16 110 dollars des \u00c9tats-Unis) propos\u00e9e par l\u2019entreprise \u00bb.<\/p>\n<p>Sur les exactions perp\u00e9tr\u00e9es par les groupes arm\u00e9es, Amnesty r\u00e9v\u00e8le : \u00ab La Casamance a connu une reprise des violences. En ao\u00fbt, Hamidou Di\u00e9m\u00e9, un ancien combattant du groupe arm\u00e9 Mouvement des forces d\u00e9mocratiques de la Casamance, a \u00e9t\u00e9 tu\u00e9 par des hommes arm\u00e9s non identifi\u00e9s \u00e0 Di\u00e9goune, dans la r\u00e9gion de Ziguinchor. \u00c0 la fin de l\u2019ann\u00e9e, personne n\u2019avait \u00e9t\u00e9 traduit en justice pour cet homicide \u00bb.<\/p>\n","protected":false},"excerpt":{"rendered":"<p>\u00ab Les forces de s\u00e9curit\u00e9 ont eu recours \u00e0 une force excessive dans le maintien de l\u2019ordre public. En janvier, un homme est d\u00e9c\u00e9d\u00e9 en&#8230;<\/p>\n","protected":false},"author":10,"featured_media":6572,"comment_status":"open","ping_status":"open","sticky":false,"template":"","format":"standard","meta":{"_coblocks_attr":"","_coblocks_dimensions":"","_coblocks_responsive_height":"","_coblocks_accordion_ie_support":"","_monsterinsights_skip_tracking":false,"_monsterinsights_sitenote_active":false,"_monsterinsights_sitenote_note":"","_monsterinsights_sitenote_category":0,"h5ap_radio_sources":[],"footnotes":""},"categories":[18],"tags":[],"class_list":["post-6571","post","type-post","status-publish","format-standard","has-post-thumbnail","hentry","category-justice","wpcat-18-id"],"yoast_head":"<!-- This site is optimized with the Yoast SEO plugin v27.4 - https:\/\/yoast.com\/product\/yoast-seo-wordpress\/ -->\n<title>Rapport 2020 Sur Les Droits Humains: Les R\u00e9criminations D\u2019Amnesty Contre Le S\u00e9n\u00e9gal - SUNUPOST<\/title>\n<meta name=\"robots\" content=\"index, follow, max-snippet:-1, max-image-preview:large, max-video-preview:-1\" \/>\n<link rel=\"canonical\" href=\"https:\/\/sunupost.com\/?p=6571\" \/>\n<meta property=\"og:locale\" content=\"fr_FR\" \/>\n<meta property=\"og:type\" content=\"article\" \/>\n<meta property=\"og:title\" content=\"Rapport 2020 Sur Les Droits Humains: Les R\u00e9criminations D\u2019Amnesty Contre Le S\u00e9n\u00e9gal - SUNUPOST\" \/>\n<meta property=\"og:description\" content=\"\u00ab Les forces de s\u00e9curit\u00e9 ont eu recours \u00e0 une force excessive dans le maintien de l\u2019ordre public. En janvier, un homme est d\u00e9c\u00e9d\u00e9 en...\" \/>\n<meta property=\"og:url\" content=\"https:\/\/sunupost.com\/?p=6571\" \/>\n<meta property=\"og:site_name\" content=\"SUNUPOST\" \/>\n<meta property=\"article:publisher\" content=\"https:\/\/web.facebook.com\/Sunupost-101026658237468\/\" \/>\n<meta property=\"article:published_time\" content=\"2021-04-07T16:44:45+00:00\" \/>\n<meta property=\"og:image\" content=\"https:\/\/secureservercdn.net\/198.71.233.69\/17w.044.myftpupload.com\/wp-content\/uploads\/2021\/04\/Screenshot_20210407-163857_Chrome.jpg?time=1663111250\" \/>\n\t<meta property=\"og:image:width\" content=\"720\" \/>\n\t<meta property=\"og:image:height\" content=\"362\" \/>\n\t<meta property=\"og:image:type\" content=\"image\/jpeg\" \/>\n<meta name=\"author\" content=\"La R\u00e9daction\" \/>\n<meta name=\"twitter:card\" content=\"summary_large_image\" \/>\n<meta name=\"twitter:creator\" content=\"@sunupost\" \/>\n<meta name=\"twitter:site\" content=\"@sunupost\" \/>\n<meta name=\"twitter:label1\" content=\"\u00c9crit par\" \/>\n\t<meta name=\"twitter:data1\" content=\"La R\u00e9daction\" \/>\n\t<meta name=\"twitter:label2\" content=\"Dur\u00e9e de lecture estim\u00e9e\" \/>\n\t<meta name=\"twitter:data2\" content=\"6 minutes\" \/>\n<script type=\"application\/ld+json\" class=\"yoast-schema-graph\">{\"@context\":\"https:\\\/\\\/schema.org\",\"@graph\":[{\"@type\":\"Article\",\"@id\":\"https:\\\/\\\/sunupost.com\\\/?p=6571#article\",\"isPartOf\":{\"@id\":\"https:\\\/\\\/sunupost.com\\\/?p=6571\"},\"author\":{\"name\":\"La R\u00e9daction\",\"@id\":\"https:\\\/\\\/sunupost.com\\\/#\\\/schema\\\/person\\\/9c04c80a48c29cd2be004cf57947ebb0\"},\"headline\":\"Rapport 2020 Sur Les Droits Humains: Les R\u00e9criminations D\u2019Amnesty Contre Le S\u00e9n\u00e9gal\",\"datePublished\":\"2021-04-07T16:44:45+00:00\",\"mainEntityOfPage\":{\"@id\":\"https:\\\/\\\/sunupost.com\\\/?p=6571\"},\"wordCount\":1134,\"commentCount\":332,\"publisher\":{\"@id\":\"https:\\\/\\\/sunupost.com\\\/#organization\"},\"image\":{\"@id\":\"https:\\\/\\\/sunupost.com\\\/?p=6571#primaryimage\"},\"thumbnailUrl\":\"https:\\\/\\\/sunupost.com\\\/wp-content\\\/uploads\\\/2021\\\/04\\\/Screenshot_20210407-163857_Chrome.jpg\",\"articleSection\":[\"JUSTICE\"],\"inLanguage\":\"fr-FR\",\"potentialAction\":[{\"@type\":\"CommentAction\",\"name\":\"Comment\",\"target\":[\"https:\\\/\\\/sunupost.com\\\/?p=6571#respond\"]}]},{\"@type\":\"WebPage\",\"@id\":\"https:\\\/\\\/sunupost.com\\\/?p=6571\",\"url\":\"https:\\\/\\\/sunupost.com\\\/?p=6571\",\"name\":\"Rapport 2020 Sur Les Droits Humains: Les R\u00e9criminations D\u2019Amnesty Contre Le S\u00e9n\u00e9gal - SUNUPOST\",\"isPartOf\":{\"@id\":\"https:\\\/\\\/sunupost.com\\\/#website\"},\"primaryImageOfPage\":{\"@id\":\"https:\\\/\\\/sunupost.com\\\/?p=6571#primaryimage\"},\"image\":{\"@id\":\"https:\\\/\\\/sunupost.com\\\/?p=6571#primaryimage\"},\"thumbnailUrl\":\"https:\\\/\\\/sunupost.com\\\/wp-content\\\/uploads\\\/2021\\\/04\\\/Screenshot_20210407-163857_Chrome.jpg\",\"datePublished\":\"2021-04-07T16:44:45+00:00\",\"breadcrumb\":{\"@id\":\"https:\\\/\\\/sunupost.com\\\/?p=6571#breadcrumb\"},\"inLanguage\":\"fr-FR\",\"potentialAction\":[{\"@type\":\"ReadAction\",\"target\":[\"https:\\\/\\\/sunupost.com\\\/?p=6571\"]}]},{\"@type\":\"ImageObject\",\"inLanguage\":\"fr-FR\",\"@id\":\"https:\\\/\\\/sunupost.com\\\/?p=6571#primaryimage\",\"url\":\"https:\\\/\\\/sunupost.com\\\/wp-content\\\/uploads\\\/2021\\\/04\\\/Screenshot_20210407-163857_Chrome.jpg\",\"contentUrl\":\"https:\\\/\\\/sunupost.com\\\/wp-content\\\/uploads\\\/2021\\\/04\\\/Screenshot_20210407-163857_Chrome.jpg\",\"width\":720,\"height\":362},{\"@type\":\"BreadcrumbList\",\"@id\":\"https:\\\/\\\/sunupost.com\\\/?p=6571#breadcrumb\",\"itemListElement\":[{\"@type\":\"ListItem\",\"position\":1,\"name\":\"Home\",\"item\":\"https:\\\/\\\/sunupost.com\\\/\"},{\"@type\":\"ListItem\",\"position\":2,\"name\":\"Rapport 2020 Sur Les Droits Humains: Les R\u00e9criminations D\u2019Amnesty Contre Le S\u00e9n\u00e9gal\"}]},{\"@type\":\"WebSite\",\"@id\":\"https:\\\/\\\/sunupost.com\\\/#website\",\"url\":\"https:\\\/\\\/sunupost.com\\\/\",\"name\":\"SUNUPOST\",\"description\":\"Pens\u00e9e libre\",\"publisher\":{\"@id\":\"https:\\\/\\\/sunupost.com\\\/#organization\"},\"potentialAction\":[{\"@type\":\"SearchAction\",\"target\":{\"@type\":\"EntryPoint\",\"urlTemplate\":\"https:\\\/\\\/sunupost.com\\\/?s={search_term_string}\"},\"query-input\":{\"@type\":\"PropertyValueSpecification\",\"valueRequired\":true,\"valueName\":\"search_term_string\"}}],\"inLanguage\":\"fr-FR\"},{\"@type\":\"Organization\",\"@id\":\"https:\\\/\\\/sunupost.com\\\/#organization\",\"name\":\"SUNUPOST\",\"url\":\"https:\\\/\\\/sunupost.com\\\/\",\"logo\":{\"@type\":\"ImageObject\",\"inLanguage\":\"fr-FR\",\"@id\":\"https:\\\/\\\/sunupost.com\\\/#\\\/schema\\\/logo\\\/image\\\/\",\"url\":\"https:\\\/\\\/secureservercdn.net\\\/198.71.233.206\\\/17w.044.myftpupload.com\\\/wp-content\\\/uploads\\\/2020\\\/05\\\/Lancement.jpg?time=1639052812\",\"contentUrl\":\"https:\\\/\\\/secureservercdn.net\\\/198.71.233.206\\\/17w.044.myftpupload.com\\\/wp-content\\\/uploads\\\/2020\\\/05\\\/Lancement.jpg?time=1639052812\",\"width\":300,\"height\":100,\"caption\":\"SUNUPOST\"},\"image\":{\"@id\":\"https:\\\/\\\/sunupost.com\\\/#\\\/schema\\\/logo\\\/image\\\/\"},\"sameAs\":[\"https:\\\/\\\/web.facebook.com\\\/Sunupost-101026658237468\\\/\",\"https:\\\/\\\/x.com\\\/sunupost\",\"https:\\\/\\\/www.instagram.com\\\/sunupost\\\/\",\"https:\\\/\\\/www.youtube.com\\\/channel\\\/UCd7V7bCkLDOee8yr7CW4Dpw\"]},{\"@type\":\"Person\",\"@id\":\"https:\\\/\\\/sunupost.com\\\/#\\\/schema\\\/person\\\/9c04c80a48c29cd2be004cf57947ebb0\",\"name\":\"La R\u00e9daction\",\"image\":{\"@type\":\"ImageObject\",\"inLanguage\":\"fr-FR\",\"@id\":\"https:\\\/\\\/secure.gravatar.com\\\/avatar\\\/1dc7c1ffd136391c1a6d8806c3431e1a2dd9445015e3f66472e3c63e9c80807e?s=96&d=mm&r=g\",\"url\":\"https:\\\/\\\/secure.gravatar.com\\\/avatar\\\/1dc7c1ffd136391c1a6d8806c3431e1a2dd9445015e3f66472e3c63e9c80807e?s=96&d=mm&r=g\",\"contentUrl\":\"https:\\\/\\\/secure.gravatar.com\\\/avatar\\\/1dc7c1ffd136391c1a6d8806c3431e1a2dd9445015e3f66472e3c63e9c80807e?s=96&d=mm&r=g\",\"caption\":\"La R\u00e9daction\"},\"url\":\"https:\\\/\\\/sunupost.com\\\/?author=10\"}]}<\/script>\n<!-- \/ Yoast SEO plugin. -->","yoast_head_json":{"title":"Rapport 2020 Sur Les Droits Humains: Les R\u00e9criminations D\u2019Amnesty Contre Le S\u00e9n\u00e9gal - SUNUPOST","robots":{"index":"index","follow":"follow","max-snippet":"max-snippet:-1","max-image-preview":"max-image-preview:large","max-video-preview":"max-video-preview:-1"},"canonical":"https:\/\/sunupost.com\/?p=6571","og_locale":"fr_FR","og_type":"article","og_title":"Rapport 2020 Sur Les Droits Humains: Les R\u00e9criminations D\u2019Amnesty Contre Le S\u00e9n\u00e9gal - SUNUPOST","og_description":"\u00ab Les forces de s\u00e9curit\u00e9 ont eu recours \u00e0 une force excessive dans le maintien de l\u2019ordre public. En janvier, un homme est d\u00e9c\u00e9d\u00e9 en...","og_url":"https:\/\/sunupost.com\/?p=6571","og_site_name":"SUNUPOST","article_publisher":"https:\/\/web.facebook.com\/Sunupost-101026658237468\/","article_published_time":"2021-04-07T16:44:45+00:00","og_image":[{"width":720,"height":362,"url":"https:\/\/secureservercdn.net\/198.71.233.69\/17w.044.myftpupload.com\/wp-content\/uploads\/2021\/04\/Screenshot_20210407-163857_Chrome.jpg?time=1663111250","type":"image\/jpeg"}],"author":"La R\u00e9daction","twitter_card":"summary_large_image","twitter_creator":"@sunupost","twitter_site":"@sunupost","twitter_misc":{"\u00c9crit par":"La R\u00e9daction","Dur\u00e9e de lecture estim\u00e9e":"6 minutes"},"schema":{"@context":"https:\/\/schema.org","@graph":[{"@type":"Article","@id":"https:\/\/sunupost.com\/?p=6571#article","isPartOf":{"@id":"https:\/\/sunupost.com\/?p=6571"},"author":{"name":"La R\u00e9daction","@id":"https:\/\/sunupost.com\/#\/schema\/person\/9c04c80a48c29cd2be004cf57947ebb0"},"headline":"Rapport 2020 Sur Les Droits Humains: Les R\u00e9criminations D\u2019Amnesty Contre Le S\u00e9n\u00e9gal","datePublished":"2021-04-07T16:44:45+00:00","mainEntityOfPage":{"@id":"https:\/\/sunupost.com\/?p=6571"},"wordCount":1134,"commentCount":332,"publisher":{"@id":"https:\/\/sunupost.com\/#organization"},"image":{"@id":"https:\/\/sunupost.com\/?p=6571#primaryimage"},"thumbnailUrl":"https:\/\/sunupost.com\/wp-content\/uploads\/2021\/04\/Screenshot_20210407-163857_Chrome.jpg","articleSection":["JUSTICE"],"inLanguage":"fr-FR","potentialAction":[{"@type":"CommentAction","name":"Comment","target":["https:\/\/sunupost.com\/?p=6571#respond"]}]},{"@type":"WebPage","@id":"https:\/\/sunupost.com\/?p=6571","url":"https:\/\/sunupost.com\/?p=6571","name":"Rapport 2020 Sur Les Droits Humains: Les R\u00e9criminations D\u2019Amnesty Contre Le S\u00e9n\u00e9gal - SUNUPOST","isPartOf":{"@id":"https:\/\/sunupost.com\/#website"},"primaryImageOfPage":{"@id":"https:\/\/sunupost.com\/?p=6571#primaryimage"},"image":{"@id":"https:\/\/sunupost.com\/?p=6571#primaryimage"},"thumbnailUrl":"https:\/\/sunupost.com\/wp-content\/uploads\/2021\/04\/Screenshot_20210407-163857_Chrome.jpg","datePublished":"2021-04-07T16:44:45+00:00","breadcrumb":{"@id":"https:\/\/sunupost.com\/?p=6571#breadcrumb"},"inLanguage":"fr-FR","potentialAction":[{"@type":"ReadAction","target":["https:\/\/sunupost.com\/?p=6571"]}]},{"@type":"ImageObject","inLanguage":"fr-FR","@id":"https:\/\/sunupost.com\/?p=6571#primaryimage","url":"https:\/\/sunupost.com\/wp-content\/uploads\/2021\/04\/Screenshot_20210407-163857_Chrome.jpg","contentUrl":"https:\/\/sunupost.com\/wp-content\/uploads\/2021\/04\/Screenshot_20210407-163857_Chrome.jpg","width":720,"height":362},{"@type":"BreadcrumbList","@id":"https:\/\/sunupost.com\/?p=6571#breadcrumb","itemListElement":[{"@type":"ListItem","position":1,"name":"Home","item":"https:\/\/sunupost.com\/"},{"@type":"ListItem","position":2,"name":"Rapport 2020 Sur Les Droits Humains: Les R\u00e9criminations D\u2019Amnesty Contre Le S\u00e9n\u00e9gal"}]},{"@type":"WebSite","@id":"https:\/\/sunupost.com\/#website","url":"https:\/\/sunupost.com\/","name":"SUNUPOST","description":"Pens\u00e9e libre","publisher":{"@id":"https:\/\/sunupost.com\/#organization"},"potentialAction":[{"@type":"SearchAction","target":{"@type":"EntryPoint","urlTemplate":"https:\/\/sunupost.com\/?s={search_term_string}"},"query-input":{"@type":"PropertyValueSpecification","valueRequired":true,"valueName":"search_term_string"}}],"inLanguage":"fr-FR"},{"@type":"Organization","@id":"https:\/\/sunupost.com\/#organization","name":"SUNUPOST","url":"https:\/\/sunupost.com\/","logo":{"@type":"ImageObject","inLanguage":"fr-FR","@id":"https:\/\/sunupost.com\/#\/schema\/logo\/image\/","url":"https:\/\/secureservercdn.net\/198.71.233.206\/17w.044.myftpupload.com\/wp-content\/uploads\/2020\/05\/Lancement.jpg?time=1639052812","contentUrl":"https:\/\/secureservercdn.net\/198.71.233.206\/17w.044.myftpupload.com\/wp-content\/uploads\/2020\/05\/Lancement.jpg?time=1639052812","width":300,"height":100,"caption":"SUNUPOST"},"image":{"@id":"https:\/\/sunupost.com\/#\/schema\/logo\/image\/"},"sameAs":["https:\/\/web.facebook.com\/Sunupost-101026658237468\/","https:\/\/x.com\/sunupost","https:\/\/www.instagram.com\/sunupost\/","https:\/\/www.youtube.com\/channel\/UCd7V7bCkLDOee8yr7CW4Dpw"]},{"@type":"Person","@id":"https:\/\/sunupost.com\/#\/schema\/person\/9c04c80a48c29cd2be004cf57947ebb0","name":"La R\u00e9daction","image":{"@type":"ImageObject","inLanguage":"fr-FR","@id":"https:\/\/secure.gravatar.com\/avatar\/1dc7c1ffd136391c1a6d8806c3431e1a2dd9445015e3f66472e3c63e9c80807e?s=96&d=mm&r=g","url":"https:\/\/secure.gravatar.com\/avatar\/1dc7c1ffd136391c1a6d8806c3431e1a2dd9445015e3f66472e3c63e9c80807e?s=96&d=mm&r=g","contentUrl":"https:\/\/secure.gravatar.com\/avatar\/1dc7c1ffd136391c1a6d8806c3431e1a2dd9445015e3f66472e3c63e9c80807e?s=96&d=mm&r=g","caption":"La R\u00e9daction"},"url":"https:\/\/sunupost.com\/?author=10"}]}},"_links":{"self":[{"href":"https:\/\/sunupost.com\/index.php?rest_route=\/wp\/v2\/posts\/6571","targetHints":{"allow":["GET"]}}],"collection":[{"href":"https:\/\/sunupost.com\/index.php?rest_route=\/wp\/v2\/posts"}],"about":[{"href":"https:\/\/sunupost.com\/index.php?rest_route=\/wp\/v2\/types\/post"}],"author":[{"embeddable":true,"href":"https:\/\/sunupost.com\/index.php?rest_route=\/wp\/v2\/users\/10"}],"replies":[{"embeddable":true,"href":"https:\/\/sunupost.com\/index.php?rest_route=%2Fwp%2Fv2%2Fcomments&post=6571"}],"version-history":[{"count":0,"href":"https:\/\/sunupost.com\/index.php?rest_route=\/wp\/v2\/posts\/6571\/revisions"}],"wp:featuredmedia":[{"embeddable":true,"href":"https:\/\/sunupost.com\/index.php?rest_route=\/wp\/v2\/media\/6572"}],"wp:attachment":[{"href":"https:\/\/sunupost.com\/index.php?rest_route=%2Fwp%2Fv2%2Fmedia&parent=6571"}],"wp:term":[{"taxonomy":"category","embeddable":true,"href":"https:\/\/sunupost.com\/index.php?rest_route=%2Fwp%2Fv2%2Fcategories&post=6571"},{"taxonomy":"post_tag","embeddable":true,"href":"https:\/\/sunupost.com\/index.php?rest_route=%2Fwp%2Fv2%2Ftags&post=6571"}],"curies":[{"name":"wp","href":"https:\/\/api.w.org\/{rel}","templated":true}]}}