{"id":6865,"date":"2021-04-29T14:38:27","date_gmt":"2021-04-29T14:38:27","guid":{"rendered":"https:\/\/sunupost.com\/?p=6865"},"modified":"2021-04-29T14:38:27","modified_gmt":"2021-04-29T14:38:27","slug":"proces-pour-terrorisme-le-verdict-est-tombe-pour-les-7-personnes-jugees","status":"publish","type":"post","link":"https:\/\/sunupost.com\/?p=6865","title":{"rendered":"Proc\u00e8s Pour Terrorisme : Le Verdict Est Tomb\u00e9 Pour Les 7 personnes Jug\u00e9es"},"content":{"rendered":"<p>Ce jeudi, la Chambre criminelle sp\u00e9ciale du Tribunal de grande instance de Dakar a vid\u00e9 jeudi 7 dossiers relatifs \u00e0 des affaires d\u2019acte de terrorisme. Finalement, 4 personnes seront condamn\u00e9es et 3 autres acquitt\u00e9es.<\/p>\n<p>Mamadou Diaou, Fran\u00e7ais d\u2019origine malienne, est condamn\u00e9 \u00e0 5 ans ferme pour recel d\u2019apologie du terrorisme, comme l\u2019avait requis le parquet. Les autres Maliens, \u00e0 savoir Boubacar Niangadou et Sina Ould Sidy Ahmed (ce dernier \u00e9tait soup\u00e7onn\u00e9 d\u2019avoir des liens avec l\u2019un des planificateurs de l\u2019attentat de Grand Bassam en C\u00f4te d\u2019Ivoire) ont, eux aussi, \u00e9t\u00e9 condamn\u00e9s \u00e0 5 ans ferme pour association de malfaiteurs et de blanchiment de capitaux avec amende 9 milliards de FCfa en plus de la confiscation de leurs biens \u00e0 hauteur de 3 milliards de FCfa, l\u2019interdiction de s\u00e9jour au S\u00e9n\u00e9gal pour 5 ans et d\u2019\u00e9mission de ch\u00e8que pour 5 ans. Le juge n\u2019a pas suivi le parquet qui avait requis 7 ans de r\u00e9clusion criminelle contre eux, rapporte Le Soleil.<\/p>\n<p>L\u2019autre accus\u00e9e condamn\u00e9e, par la Chambre criminelle : A\u00efda Sagna, \u00e9pouse du djihadiste Lamine Ndiaye. Elle a \u00e9cop\u00e9 de 5 ans de r\u00e9clusion criminelle pour acte de terrorisme par association de malfaiteurs. Le parquet avait requis 15 ans contre elle.<\/p>\n<p>Les Mauritaniens El Atigh Ahmed Mahmoud, Moustapha El B\u00e9chir et Erthil Arahim Adebe dit \u00ab Ahmed Lemdessem \u00bb (Ahmed le Gros en fran\u00e7ais), suspect\u00e9s d\u2019avoir jou\u00e9 un r\u00f4le dans ses attentats de Grand Bassam (C\u00f4te d\u2019Ivoire) et de Ouagadougou ayant occasionn\u00e9 une cinquantaine de morts, ont tous \u00e9t\u00e9 acquitt\u00e9s par le juge. Pourtant, le Parquet avait requis la perp\u00e9tuit\u00e9.<\/p>\n<p>C\u2019est \u00e9galement le cas du malien Boukhary B\u00e2, incarc\u00e9r\u00e9 depuis ao\u00fbt 2017, suite \u00e0 son arrestation li\u00e9e \u00e0 l\u2019oubli de son t\u00e9l\u00e9phone portable dans une banque de Dakar Il a b\u00e9n\u00e9fici\u00e9 d\u2019un acquittement comme l\u2019avait d\u2019ailleurs requis le parquet. Il \u00e9tait poursuivi pour association de malfaiteurs en relation avec une relation avec une entreprise terroriste, apologie du terrorisme et financement du terrorisme.<\/p>\n","protected":false},"excerpt":{"rendered":"<p>Ce jeudi, la Chambre criminelle sp\u00e9ciale du Tribunal de grande instance de Dakar a vid\u00e9 jeudi 7 dossiers relatifs \u00e0 des affaires d\u2019acte de terrorisme&#8230;.<\/p>\n","protected":false},"author":10,"featured_media":6866,"comment_status":"open","ping_status":"open","sticky":false,"template":"","format":"standard","meta":{"_coblocks_attr":"","_coblocks_dimensions":"","_coblocks_responsive_height":"","_coblocks_accordion_ie_support":"","_monsterinsights_skip_tracking":false,"_monsterinsights_sitenote_active":false,"_monsterinsights_sitenote_note":"","_monsterinsights_sitenote_category":0,"h5ap_radio_sources":[],"footnotes":""},"categories":[18],"tags":[],"class_list":["post-6865","post","type-post","status-publish","format-standard","has-post-thumbnail","hentry","category-justice","wpcat-18-id"],"yoast_head":"<!-- This site is optimized with the Yoast SEO plugin v27.5 - https:\/\/yoast.com\/product\/yoast-seo-wordpress\/ -->\n<title>Proc\u00e8s Pour Terrorisme : Le Verdict Est Tomb\u00e9 Pour Les 7 personnes Jug\u00e9es - SUNUPOST<\/title>\n<meta name=\"robots\" content=\"index, follow, max-snippet:-1, max-image-preview:large, max-video-preview:-1\" \/>\n<link rel=\"canonical\" href=\"https:\/\/sunupost.com\/?p=6865\" \/>\n<meta property=\"og:locale\" content=\"fr_FR\" \/>\n<meta property=\"og:type\" content=\"article\" \/>\n<meta property=\"og:title\" content=\"Proc\u00e8s Pour Terrorisme : Le Verdict Est Tomb\u00e9 Pour Les 7 personnes Jug\u00e9es - SUNUPOST\" \/>\n<meta property=\"og:description\" content=\"Ce jeudi, la Chambre criminelle sp\u00e9ciale du Tribunal de grande instance de Dakar a vid\u00e9 jeudi 7 dossiers relatifs \u00e0 des affaires d\u2019acte de terrorisme....\" \/>\n<meta property=\"og:url\" content=\"https:\/\/sunupost.com\/?p=6865\" \/>\n<meta property=\"og:site_name\" content=\"SUNUPOST\" \/>\n<meta property=\"article:publisher\" content=\"https:\/\/web.facebook.com\/Sunupost-101026658237468\/\" \/>\n<meta property=\"article:published_time\" content=\"2021-04-29T14:38:27+00:00\" \/>\n<meta property=\"og:image\" content=\"https:\/\/secureservercdn.net\/198.71.233.69\/17w.044.myftpupload.com\/wp-content\/uploads\/2021\/04\/Screenshot_20210429-143022_Chrome.jpg?time=1663108084\" \/>\n\t<meta property=\"og:image:width\" content=\"716\" \/>\n\t<meta property=\"og:image:height\" content=\"352\" \/>\n\t<meta property=\"og:image:type\" content=\"image\/jpeg\" \/>\n<meta name=\"author\" content=\"La R\u00e9daction\" \/>\n<meta name=\"twitter:card\" content=\"summary_large_image\" \/>\n<meta name=\"twitter:creator\" content=\"@sunupost\" \/>\n<meta name=\"twitter:site\" content=\"@sunupost\" \/>\n<meta name=\"twitter:label1\" content=\"\u00c9crit par\" \/>\n\t<meta name=\"twitter:data1\" content=\"La R\u00e9daction\" \/>\n\t<meta name=\"twitter:label2\" content=\"Dur\u00e9e de lecture estim\u00e9e\" \/>\n\t<meta name=\"twitter:data2\" content=\"2 minutes\" \/>\n<script type=\"application\/ld+json\" class=\"yoast-schema-graph\">{\"@context\":\"https:\\\/\\\/schema.org\",\"@graph\":[{\"@type\":\"Article\",\"@id\":\"https:\\\/\\\/sunupost.com\\\/?p=6865#article\",\"isPartOf\":{\"@id\":\"https:\\\/\\\/sunupost.com\\\/?p=6865\"},\"author\":{\"name\":\"La R\u00e9daction\",\"@id\":\"https:\\\/\\\/sunupost.com\\\/#\\\/schema\\\/person\\\/9c04c80a48c29cd2be004cf57947ebb0\"},\"headline\":\"Proc\u00e8s Pour Terrorisme : Le Verdict Est Tomb\u00e9 Pour Les 7 personnes Jug\u00e9es\",\"datePublished\":\"2021-04-29T14:38:27+00:00\",\"mainEntityOfPage\":{\"@id\":\"https:\\\/\\\/sunupost.com\\\/?p=6865\"},\"wordCount\":360,\"commentCount\":333,\"publisher\":{\"@id\":\"https:\\\/\\\/sunupost.com\\\/#organization\"},\"image\":{\"@id\":\"https:\\\/\\\/sunupost.com\\\/?p=6865#primaryimage\"},\"thumbnailUrl\":\"https:\\\/\\\/sunupost.com\\\/wp-content\\\/uploads\\\/2021\\\/04\\\/Screenshot_20210429-143022_Chrome.jpg\",\"articleSection\":[\"JUSTICE\"],\"inLanguage\":\"fr-FR\",\"potentialAction\":[{\"@type\":\"CommentAction\",\"name\":\"Comment\",\"target\":[\"https:\\\/\\\/sunupost.com\\\/?p=6865#respond\"]}]},{\"@type\":\"WebPage\",\"@id\":\"https:\\\/\\\/sunupost.com\\\/?p=6865\",\"url\":\"https:\\\/\\\/sunupost.com\\\/?p=6865\",\"name\":\"Proc\u00e8s Pour Terrorisme : Le Verdict Est Tomb\u00e9 Pour Les 7 personnes Jug\u00e9es - SUNUPOST\",\"isPartOf\":{\"@id\":\"https:\\\/\\\/sunupost.com\\\/#website\"},\"primaryImageOfPage\":{\"@id\":\"https:\\\/\\\/sunupost.com\\\/?p=6865#primaryimage\"},\"image\":{\"@id\":\"https:\\\/\\\/sunupost.com\\\/?p=6865#primaryimage\"},\"thumbnailUrl\":\"https:\\\/\\\/sunupost.com\\\/wp-content\\\/uploads\\\/2021\\\/04\\\/Screenshot_20210429-143022_Chrome.jpg\",\"datePublished\":\"2021-04-29T14:38:27+00:00\",\"breadcrumb\":{\"@id\":\"https:\\\/\\\/sunupost.com\\\/?p=6865#breadcrumb\"},\"inLanguage\":\"fr-FR\",\"potentialAction\":[{\"@type\":\"ReadAction\",\"target\":[\"https:\\\/\\\/sunupost.com\\\/?p=6865\"]}]},{\"@type\":\"ImageObject\",\"inLanguage\":\"fr-FR\",\"@id\":\"https:\\\/\\\/sunupost.com\\\/?p=6865#primaryimage\",\"url\":\"https:\\\/\\\/sunupost.com\\\/wp-content\\\/uploads\\\/2021\\\/04\\\/Screenshot_20210429-143022_Chrome.jpg\",\"contentUrl\":\"https:\\\/\\\/sunupost.com\\\/wp-content\\\/uploads\\\/2021\\\/04\\\/Screenshot_20210429-143022_Chrome.jpg\",\"width\":716,\"height\":352},{\"@type\":\"BreadcrumbList\",\"@id\":\"https:\\\/\\\/sunupost.com\\\/?p=6865#breadcrumb\",\"itemListElement\":[{\"@type\":\"ListItem\",\"position\":1,\"name\":\"Home\",\"item\":\"https:\\\/\\\/sunupost.com\\\/\"},{\"@type\":\"ListItem\",\"position\":2,\"name\":\"Proc\u00e8s Pour Terrorisme : Le Verdict Est Tomb\u00e9 Pour Les 7 personnes Jug\u00e9es\"}]},{\"@type\":\"WebSite\",\"@id\":\"https:\\\/\\\/sunupost.com\\\/#website\",\"url\":\"https:\\\/\\\/sunupost.com\\\/\",\"name\":\"SUNUPOST\",\"description\":\"Pens\u00e9e libre\",\"publisher\":{\"@id\":\"https:\\\/\\\/sunupost.com\\\/#organization\"},\"potentialAction\":[{\"@type\":\"SearchAction\",\"target\":{\"@type\":\"EntryPoint\",\"urlTemplate\":\"https:\\\/\\\/sunupost.com\\\/?s={search_term_string}\"},\"query-input\":{\"@type\":\"PropertyValueSpecification\",\"valueRequired\":true,\"valueName\":\"search_term_string\"}}],\"inLanguage\":\"fr-FR\"},{\"@type\":\"Organization\",\"@id\":\"https:\\\/\\\/sunupost.com\\\/#organization\",\"name\":\"SUNUPOST\",\"url\":\"https:\\\/\\\/sunupost.com\\\/\",\"logo\":{\"@type\":\"ImageObject\",\"inLanguage\":\"fr-FR\",\"@id\":\"https:\\\/\\\/sunupost.com\\\/#\\\/schema\\\/logo\\\/image\\\/\",\"url\":\"https:\\\/\\\/secureservercdn.net\\\/198.71.233.206\\\/17w.044.myftpupload.com\\\/wp-content\\\/uploads\\\/2020\\\/05\\\/Lancement.jpg?time=1639052812\",\"contentUrl\":\"https:\\\/\\\/secureservercdn.net\\\/198.71.233.206\\\/17w.044.myftpupload.com\\\/wp-content\\\/uploads\\\/2020\\\/05\\\/Lancement.jpg?time=1639052812\",\"width\":300,\"height\":100,\"caption\":\"SUNUPOST\"},\"image\":{\"@id\":\"https:\\\/\\\/sunupost.com\\\/#\\\/schema\\\/logo\\\/image\\\/\"},\"sameAs\":[\"https:\\\/\\\/web.facebook.com\\\/Sunupost-101026658237468\\\/\",\"https:\\\/\\\/x.com\\\/sunupost\",\"https:\\\/\\\/www.instagram.com\\\/sunupost\\\/\",\"https:\\\/\\\/www.youtube.com\\\/channel\\\/UCd7V7bCkLDOee8yr7CW4Dpw\"]},{\"@type\":\"Person\",\"@id\":\"https:\\\/\\\/sunupost.com\\\/#\\\/schema\\\/person\\\/9c04c80a48c29cd2be004cf57947ebb0\",\"name\":\"La R\u00e9daction\",\"image\":{\"@type\":\"ImageObject\",\"inLanguage\":\"fr-FR\",\"@id\":\"https:\\\/\\\/secure.gravatar.com\\\/avatar\\\/1dc7c1ffd136391c1a6d8806c3431e1a2dd9445015e3f66472e3c63e9c80807e?s=96&d=mm&r=g\",\"url\":\"https:\\\/\\\/secure.gravatar.com\\\/avatar\\\/1dc7c1ffd136391c1a6d8806c3431e1a2dd9445015e3f66472e3c63e9c80807e?s=96&d=mm&r=g\",\"contentUrl\":\"https:\\\/\\\/secure.gravatar.com\\\/avatar\\\/1dc7c1ffd136391c1a6d8806c3431e1a2dd9445015e3f66472e3c63e9c80807e?s=96&d=mm&r=g\",\"caption\":\"La R\u00e9daction\"},\"url\":\"https:\\\/\\\/sunupost.com\\\/?author=10\"}]}<\/script>\n<!-- \/ Yoast SEO plugin. -->","yoast_head_json":{"title":"Proc\u00e8s Pour Terrorisme : Le Verdict Est Tomb\u00e9 Pour Les 7 personnes Jug\u00e9es - SUNUPOST","robots":{"index":"index","follow":"follow","max-snippet":"max-snippet:-1","max-image-preview":"max-image-preview:large","max-video-preview":"max-video-preview:-1"},"canonical":"https:\/\/sunupost.com\/?p=6865","og_locale":"fr_FR","og_type":"article","og_title":"Proc\u00e8s Pour Terrorisme : Le Verdict Est Tomb\u00e9 Pour Les 7 personnes Jug\u00e9es - SUNUPOST","og_description":"Ce jeudi, la Chambre criminelle sp\u00e9ciale du Tribunal de grande instance de Dakar a vid\u00e9 jeudi 7 dossiers relatifs \u00e0 des affaires d\u2019acte de terrorisme....","og_url":"https:\/\/sunupost.com\/?p=6865","og_site_name":"SUNUPOST","article_publisher":"https:\/\/web.facebook.com\/Sunupost-101026658237468\/","article_published_time":"2021-04-29T14:38:27+00:00","og_image":[{"width":716,"height":352,"url":"https:\/\/secureservercdn.net\/198.71.233.69\/17w.044.myftpupload.com\/wp-content\/uploads\/2021\/04\/Screenshot_20210429-143022_Chrome.jpg?time=1663108084","type":"image\/jpeg"}],"author":"La R\u00e9daction","twitter_card":"summary_large_image","twitter_creator":"@sunupost","twitter_site":"@sunupost","twitter_misc":{"\u00c9crit par":"La R\u00e9daction","Dur\u00e9e de lecture estim\u00e9e":"2 minutes"},"schema":{"@context":"https:\/\/schema.org","@graph":[{"@type":"Article","@id":"https:\/\/sunupost.com\/?p=6865#article","isPartOf":{"@id":"https:\/\/sunupost.com\/?p=6865"},"author":{"name":"La R\u00e9daction","@id":"https:\/\/sunupost.com\/#\/schema\/person\/9c04c80a48c29cd2be004cf57947ebb0"},"headline":"Proc\u00e8s Pour Terrorisme : Le Verdict Est Tomb\u00e9 Pour Les 7 personnes Jug\u00e9es","datePublished":"2021-04-29T14:38:27+00:00","mainEntityOfPage":{"@id":"https:\/\/sunupost.com\/?p=6865"},"wordCount":360,"commentCount":333,"publisher":{"@id":"https:\/\/sunupost.com\/#organization"},"image":{"@id":"https:\/\/sunupost.com\/?p=6865#primaryimage"},"thumbnailUrl":"https:\/\/sunupost.com\/wp-content\/uploads\/2021\/04\/Screenshot_20210429-143022_Chrome.jpg","articleSection":["JUSTICE"],"inLanguage":"fr-FR","potentialAction":[{"@type":"CommentAction","name":"Comment","target":["https:\/\/sunupost.com\/?p=6865#respond"]}]},{"@type":"WebPage","@id":"https:\/\/sunupost.com\/?p=6865","url":"https:\/\/sunupost.com\/?p=6865","name":"Proc\u00e8s Pour Terrorisme : Le Verdict Est Tomb\u00e9 Pour Les 7 personnes Jug\u00e9es - SUNUPOST","isPartOf":{"@id":"https:\/\/sunupost.com\/#website"},"primaryImageOfPage":{"@id":"https:\/\/sunupost.com\/?p=6865#primaryimage"},"image":{"@id":"https:\/\/sunupost.com\/?p=6865#primaryimage"},"thumbnailUrl":"https:\/\/sunupost.com\/wp-content\/uploads\/2021\/04\/Screenshot_20210429-143022_Chrome.jpg","datePublished":"2021-04-29T14:38:27+00:00","breadcrumb":{"@id":"https:\/\/sunupost.com\/?p=6865#breadcrumb"},"inLanguage":"fr-FR","potentialAction":[{"@type":"ReadAction","target":["https:\/\/sunupost.com\/?p=6865"]}]},{"@type":"ImageObject","inLanguage":"fr-FR","@id":"https:\/\/sunupost.com\/?p=6865#primaryimage","url":"https:\/\/sunupost.com\/wp-content\/uploads\/2021\/04\/Screenshot_20210429-143022_Chrome.jpg","contentUrl":"https:\/\/sunupost.com\/wp-content\/uploads\/2021\/04\/Screenshot_20210429-143022_Chrome.jpg","width":716,"height":352},{"@type":"BreadcrumbList","@id":"https:\/\/sunupost.com\/?p=6865#breadcrumb","itemListElement":[{"@type":"ListItem","position":1,"name":"Home","item":"https:\/\/sunupost.com\/"},{"@type":"ListItem","position":2,"name":"Proc\u00e8s Pour Terrorisme : Le Verdict Est Tomb\u00e9 Pour Les 7 personnes Jug\u00e9es"}]},{"@type":"WebSite","@id":"https:\/\/sunupost.com\/#website","url":"https:\/\/sunupost.com\/","name":"SUNUPOST","description":"Pens\u00e9e libre","publisher":{"@id":"https:\/\/sunupost.com\/#organization"},"potentialAction":[{"@type":"SearchAction","target":{"@type":"EntryPoint","urlTemplate":"https:\/\/sunupost.com\/?s={search_term_string}"},"query-input":{"@type":"PropertyValueSpecification","valueRequired":true,"valueName":"search_term_string"}}],"inLanguage":"fr-FR"},{"@type":"Organization","@id":"https:\/\/sunupost.com\/#organization","name":"SUNUPOST","url":"https:\/\/sunupost.com\/","logo":{"@type":"ImageObject","inLanguage":"fr-FR","@id":"https:\/\/sunupost.com\/#\/schema\/logo\/image\/","url":"https:\/\/secureservercdn.net\/198.71.233.206\/17w.044.myftpupload.com\/wp-content\/uploads\/2020\/05\/Lancement.jpg?time=1639052812","contentUrl":"https:\/\/secureservercdn.net\/198.71.233.206\/17w.044.myftpupload.com\/wp-content\/uploads\/2020\/05\/Lancement.jpg?time=1639052812","width":300,"height":100,"caption":"SUNUPOST"},"image":{"@id":"https:\/\/sunupost.com\/#\/schema\/logo\/image\/"},"sameAs":["https:\/\/web.facebook.com\/Sunupost-101026658237468\/","https:\/\/x.com\/sunupost","https:\/\/www.instagram.com\/sunupost\/","https:\/\/www.youtube.com\/channel\/UCd7V7bCkLDOee8yr7CW4Dpw"]},{"@type":"Person","@id":"https:\/\/sunupost.com\/#\/schema\/person\/9c04c80a48c29cd2be004cf57947ebb0","name":"La R\u00e9daction","image":{"@type":"ImageObject","inLanguage":"fr-FR","@id":"https:\/\/secure.gravatar.com\/avatar\/1dc7c1ffd136391c1a6d8806c3431e1a2dd9445015e3f66472e3c63e9c80807e?s=96&d=mm&r=g","url":"https:\/\/secure.gravatar.com\/avatar\/1dc7c1ffd136391c1a6d8806c3431e1a2dd9445015e3f66472e3c63e9c80807e?s=96&d=mm&r=g","contentUrl":"https:\/\/secure.gravatar.com\/avatar\/1dc7c1ffd136391c1a6d8806c3431e1a2dd9445015e3f66472e3c63e9c80807e?s=96&d=mm&r=g","caption":"La R\u00e9daction"},"url":"https:\/\/sunupost.com\/?author=10"}]}},"_links":{"self":[{"href":"https:\/\/sunupost.com\/index.php?rest_route=\/wp\/v2\/posts\/6865","targetHints":{"allow":["GET"]}}],"collection":[{"href":"https:\/\/sunupost.com\/index.php?rest_route=\/wp\/v2\/posts"}],"about":[{"href":"https:\/\/sunupost.com\/index.php?rest_route=\/wp\/v2\/types\/post"}],"author":[{"embeddable":true,"href":"https:\/\/sunupost.com\/index.php?rest_route=\/wp\/v2\/users\/10"}],"replies":[{"embeddable":true,"href":"https:\/\/sunupost.com\/index.php?rest_route=%2Fwp%2Fv2%2Fcomments&post=6865"}],"version-history":[{"count":0,"href":"https:\/\/sunupost.com\/index.php?rest_route=\/wp\/v2\/posts\/6865\/revisions"}],"wp:featuredmedia":[{"embeddable":true,"href":"https:\/\/sunupost.com\/index.php?rest_route=\/wp\/v2\/media\/6866"}],"wp:attachment":[{"href":"https:\/\/sunupost.com\/index.php?rest_route=%2Fwp%2Fv2%2Fmedia&parent=6865"}],"wp:term":[{"taxonomy":"category","embeddable":true,"href":"https:\/\/sunupost.com\/index.php?rest_route=%2Fwp%2Fv2%2Fcategories&post=6865"},{"taxonomy":"post_tag","embeddable":true,"href":"https:\/\/sunupost.com\/index.php?rest_route=%2Fwp%2Fv2%2Ftags&post=6865"}],"curies":[{"name":"wp","href":"https:\/\/api.w.org\/{rel}","templated":true}]}}