{"id":7047,"date":"2021-05-08T15:17:28","date_gmt":"2021-05-08T15:17:28","guid":{"rendered":"https:\/\/sunupost.com\/?p=7047"},"modified":"2021-05-08T15:17:28","modified_gmt":"2021-05-08T15:17:28","slug":"incendie-a-lhopital-magatte-lo-lancien-ministre-habib-sy-annonce-une-plainte-contre-letat-du-senegal","status":"publish","type":"post","link":"https:\/\/sunupost.com\/?p=7047","title":{"rendered":"Incendie \u00e0 l&rsquo;H\u00f4pital Magatte Lo : L&rsquo;ancien Ministre, Habib Sy Annonce Une Plainte contre l&rsquo;Etat Du S\u00e9n\u00e9gal"},"content":{"rendered":"<p>L&rsquo;ancien ministre originaire de Lingu\u00e8re, Habib Sy, a annonc\u00e9 une plainte contre l&rsquo;\u00c9tat du S\u00e9n\u00e9gal. Pour lui,\u00a0 l&rsquo;\u00c9tat\u00a0 est responsable de l&rsquo;incendie criminel qui a caus\u00e9 la mort de 6 b\u00e9b\u00e9s au centre n\u00e9onatal de l&rsquo;h\u00f4pital Magatte L\u00f4 de ladite localit\u00e9.<\/p>\n<p>\u00ab\u00a0J\u2019accuse l\u2019\u00c9tat du S\u00e9n\u00e9gal, parce que c\u2019est l\u2019\u00c9tat qui n\u2019a pas respect\u00e9 ses obligations. Les tables chauffantes aux normes n\u2019ont pas \u00e9t\u00e9 livr\u00e9es \u00e0 l\u2019h\u00f4pital Lingu\u00e8re pour les b\u00e9b\u00e9s de cette nature, de telle sorte que c\u2019\u00e9taient des tables artisanales qui sont utilis\u00e9es. Les lampes chauffantes ne sont pas des lampes qui r\u00e9pondent aux normes. Ce sont des lampes achet\u00e9es au march\u00e9 \u00e0 trois cent francs, alors qu\u2019il y a des lampes norm\u00e9es qui co\u00fbtent vingt-cinq mille francs qui n\u2019ont pas \u00e9t\u00e9 livr\u00e9es\u00a0\u00bb, a d\u00e9nonc\u00e9 l&rsquo;ancien ministre.<\/p>\n<p>Poursuivant, il ajoute que le nombre du personnel soignant est insuffisant. \u00ab\u00a0Donc c\u2019est de la responsabilit\u00e9 de l\u2019\u00c9tat. Je sais qu\u2019une information judiciaire est ouverte, et je suis en train de faire construire un collectif qui va s&rsquo;immiscer dans la proc\u00e9dure \u00e0 travers le collectif des ressortissants de Lingu\u00e8re, pour \u00e9voquer la responsabilit\u00e9 de l\u2019\u00c9tat en m\u00eame temps. Nous sommes en train de travailler avec les familles des victimes pour qu&rsquo;elles puissent porter plainte contre l\u2019\u00c9tat du S\u00e9n\u00e9gal. Car il n\u2019y a pas de faute d\u00e9tachable en la mati\u00e8re. C\u2019est l\u2019\u00c9tat qui est pleinement responsable et il faut que l\u2019\u00c9tat soit sanctionn\u00e9\u00a0\u00bb, a soulign\u00e9 l&rsquo;ancien ministre d&rsquo;\u00c9tat.<\/p>\n<p>D\u00e9j\u00e0, informe toujours Habib Sy, le collectif a pris contact avec les associations de d\u00e9fense des droits de l&rsquo;homme et la proc\u00e9dure judiciaire sera enclench\u00e9e tr\u00e8s prochainement avec l&rsquo;avocat Me Assane Dioma Ndiaye. Il invite \u00e9galement tous les avocats de bonne volont\u00e9 \u00e0 venir se joindre au combat.<\/p>\n<p>\u00ab\u00a0Un collectif des ressortissants de Lingu\u00e8re va se constituer pour porter plainte contre l\u2019\u00c9tat du S\u00e9n\u00e9gal. J\u2019ai d\u00e9j\u00e0 pris contact avec les organisations des droits de l\u2019homme et nous sommes en contact avec Maitre Assane Dioma Ndiaye. Nous allons lancer la proc\u00e9dure tr\u00e8s prochainement. C\u2019est pourquoi, je lance un appel \u00e0 tous les avocats de bonne volont\u00e9\u00a0 qui voudraient bien rejoindre Maitre Assane Dioma Ndiaye dans cette proc\u00e9dure. J\u2019appelle \u00e9galement les organisations des droits de l\u2019homme \u00e0 venir soutenir cette proc\u00e9dure. Nous allons aussi demander \u00e0 l\u2019Assembl\u00e9e nationale,\u00a0 non pas pour envoyer la commission charg\u00e9e de la sant\u00e9 d&rsquo;aller constater et revenir, mais pour qu\u2019il y ait une commission d\u2019enqu\u00eate parlementaire pour aller enqu\u00eater sur ce qui s\u2019est pass\u00e9 \u00e0 Lingu\u00e8re mais aussi sur la situation des autres centres similaires dans les autres h\u00f4pitaux de niveau r\u00e9gional et\u00a0 d\u00e9partemental. Parce qu\u2019il semblerait que c&rsquo;est la m\u00eame situation qui existe un peu partout dans les structures sanitaires\u00a0\u00bb, a pr\u00e9cis\u00e9 l&rsquo;ancien maire de Lingu\u00e8re, dans un entretien avec Dakaractu.<\/p>\n","protected":false},"excerpt":{"rendered":"<p>L&rsquo;ancien ministre originaire de Lingu\u00e8re, Habib Sy, a annonc\u00e9 une plainte contre l&rsquo;\u00c9tat du S\u00e9n\u00e9gal. Pour lui,\u00a0 l&rsquo;\u00c9tat\u00a0 est responsable de l&rsquo;incendie criminel qui a&#8230;<\/p>\n","protected":false},"author":19,"featured_media":7048,"comment_status":"open","ping_status":"open","sticky":false,"template":"","format":"standard","meta":{"_coblocks_attr":"","_coblocks_dimensions":"","_coblocks_responsive_height":"","_coblocks_accordion_ie_support":"","_monsterinsights_skip_tracking":false,"_monsterinsights_sitenote_active":false,"_monsterinsights_sitenote_note":"","_monsterinsights_sitenote_category":0,"h5ap_radio_sources":[],"footnotes":""},"categories":[18],"tags":[],"class_list":["post-7047","post","type-post","status-publish","format-standard","has-post-thumbnail","hentry","category-justice","wpcat-18-id"],"yoast_head":"<!-- This site is optimized with the Yoast SEO plugin v27.5 - https:\/\/yoast.com\/product\/yoast-seo-wordpress\/ -->\n<title>Incendie \u00e0 l&#039;H\u00f4pital Magatte Lo : L&#039;ancien Ministre, Habib Sy Annonce Une Plainte contre l&#039;Etat Du S\u00e9n\u00e9gal - SUNUPOST<\/title>\n<meta name=\"robots\" content=\"index, follow, max-snippet:-1, max-image-preview:large, max-video-preview:-1\" \/>\n<link rel=\"canonical\" href=\"https:\/\/sunupost.com\/?p=7047\" \/>\n<meta property=\"og:locale\" content=\"fr_FR\" \/>\n<meta property=\"og:type\" content=\"article\" \/>\n<meta property=\"og:title\" content=\"Incendie \u00e0 l&#039;H\u00f4pital Magatte Lo : L&#039;ancien Ministre, Habib Sy Annonce Une Plainte contre l&#039;Etat Du S\u00e9n\u00e9gal - SUNUPOST\" \/>\n<meta property=\"og:description\" content=\"L&rsquo;ancien ministre originaire de Lingu\u00e8re, Habib Sy, a annonc\u00e9 une plainte contre l&rsquo;\u00c9tat du S\u00e9n\u00e9gal. Pour lui,\u00a0 l&rsquo;\u00c9tat\u00a0 est responsable de l&rsquo;incendie criminel qui a...\" \/>\n<meta property=\"og:url\" content=\"https:\/\/sunupost.com\/?p=7047\" \/>\n<meta property=\"og:site_name\" content=\"SUNUPOST\" \/>\n<meta property=\"article:publisher\" content=\"https:\/\/web.facebook.com\/Sunupost-101026658237468\/\" \/>\n<meta property=\"article:published_time\" content=\"2021-05-08T15:17:28+00:00\" \/>\n<meta property=\"og:image\" content=\"https:\/\/secureservercdn.net\/198.71.233.69\/17w.044.myftpupload.com\/wp-content\/uploads\/2021\/05\/incendie-hopital.jpg?time=1663107203\" \/>\n\t<meta property=\"og:image:width\" content=\"607\" \/>\n\t<meta property=\"og:image:height\" content=\"415\" \/>\n\t<meta property=\"og:image:type\" content=\"image\/jpeg\" \/>\n<meta name=\"author\" content=\"Binta Ciss\u00e9\" \/>\n<meta name=\"twitter:card\" content=\"summary_large_image\" \/>\n<meta name=\"twitter:creator\" content=\"@sunupost\" \/>\n<meta name=\"twitter:site\" content=\"@sunupost\" \/>\n<meta name=\"twitter:label1\" content=\"\u00c9crit par\" \/>\n\t<meta name=\"twitter:data1\" content=\"Binta Ciss\u00e9\" \/>\n\t<meta name=\"twitter:label2\" content=\"Dur\u00e9e de lecture estim\u00e9e\" \/>\n\t<meta name=\"twitter:data2\" content=\"2 minutes\" \/>\n<script type=\"application\/ld+json\" class=\"yoast-schema-graph\">{\"@context\":\"https:\\\/\\\/schema.org\",\"@graph\":[{\"@type\":\"Article\",\"@id\":\"https:\\\/\\\/sunupost.com\\\/?p=7047#article\",\"isPartOf\":{\"@id\":\"https:\\\/\\\/sunupost.com\\\/?p=7047\"},\"author\":{\"name\":\"Binta Ciss\u00e9\",\"@id\":\"https:\\\/\\\/sunupost.com\\\/#\\\/schema\\\/person\\\/4180ce1fd5a5254dcccf3b93847e92fb\"},\"headline\":\"Incendie \u00e0 l&rsquo;H\u00f4pital Magatte Lo : L&rsquo;ancien Ministre, Habib Sy Annonce Une Plainte contre l&rsquo;Etat Du S\u00e9n\u00e9gal\",\"datePublished\":\"2021-05-08T15:17:28+00:00\",\"mainEntityOfPage\":{\"@id\":\"https:\\\/\\\/sunupost.com\\\/?p=7047\"},\"wordCount\":559,\"commentCount\":230,\"publisher\":{\"@id\":\"https:\\\/\\\/sunupost.com\\\/#organization\"},\"image\":{\"@id\":\"https:\\\/\\\/sunupost.com\\\/?p=7047#primaryimage\"},\"thumbnailUrl\":\"https:\\\/\\\/sunupost.com\\\/wp-content\\\/uploads\\\/2021\\\/05\\\/incendie-hopital.jpg\",\"articleSection\":[\"JUSTICE\"],\"inLanguage\":\"fr-FR\",\"potentialAction\":[{\"@type\":\"CommentAction\",\"name\":\"Comment\",\"target\":[\"https:\\\/\\\/sunupost.com\\\/?p=7047#respond\"]}]},{\"@type\":\"WebPage\",\"@id\":\"https:\\\/\\\/sunupost.com\\\/?p=7047\",\"url\":\"https:\\\/\\\/sunupost.com\\\/?p=7047\",\"name\":\"Incendie \u00e0 l'H\u00f4pital Magatte Lo : L'ancien Ministre, Habib Sy Annonce Une Plainte contre l'Etat Du S\u00e9n\u00e9gal - SUNUPOST\",\"isPartOf\":{\"@id\":\"https:\\\/\\\/sunupost.com\\\/#website\"},\"primaryImageOfPage\":{\"@id\":\"https:\\\/\\\/sunupost.com\\\/?p=7047#primaryimage\"},\"image\":{\"@id\":\"https:\\\/\\\/sunupost.com\\\/?p=7047#primaryimage\"},\"thumbnailUrl\":\"https:\\\/\\\/sunupost.com\\\/wp-content\\\/uploads\\\/2021\\\/05\\\/incendie-hopital.jpg\",\"datePublished\":\"2021-05-08T15:17:28+00:00\",\"breadcrumb\":{\"@id\":\"https:\\\/\\\/sunupost.com\\\/?p=7047#breadcrumb\"},\"inLanguage\":\"fr-FR\",\"potentialAction\":[{\"@type\":\"ReadAction\",\"target\":[\"https:\\\/\\\/sunupost.com\\\/?p=7047\"]}]},{\"@type\":\"ImageObject\",\"inLanguage\":\"fr-FR\",\"@id\":\"https:\\\/\\\/sunupost.com\\\/?p=7047#primaryimage\",\"url\":\"https:\\\/\\\/sunupost.com\\\/wp-content\\\/uploads\\\/2021\\\/05\\\/incendie-hopital.jpg\",\"contentUrl\":\"https:\\\/\\\/sunupost.com\\\/wp-content\\\/uploads\\\/2021\\\/05\\\/incendie-hopital.jpg\",\"width\":607,\"height\":415},{\"@type\":\"BreadcrumbList\",\"@id\":\"https:\\\/\\\/sunupost.com\\\/?p=7047#breadcrumb\",\"itemListElement\":[{\"@type\":\"ListItem\",\"position\":1,\"name\":\"Home\",\"item\":\"https:\\\/\\\/sunupost.com\\\/\"},{\"@type\":\"ListItem\",\"position\":2,\"name\":\"Incendie \u00e0 l&rsquo;H\u00f4pital Magatte Lo : L&rsquo;ancien Ministre, Habib Sy Annonce Une Plainte contre l&rsquo;Etat Du S\u00e9n\u00e9gal\"}]},{\"@type\":\"WebSite\",\"@id\":\"https:\\\/\\\/sunupost.com\\\/#website\",\"url\":\"https:\\\/\\\/sunupost.com\\\/\",\"name\":\"SUNUPOST\",\"description\":\"Pens\u00e9e libre\",\"publisher\":{\"@id\":\"https:\\\/\\\/sunupost.com\\\/#organization\"},\"potentialAction\":[{\"@type\":\"SearchAction\",\"target\":{\"@type\":\"EntryPoint\",\"urlTemplate\":\"https:\\\/\\\/sunupost.com\\\/?s={search_term_string}\"},\"query-input\":{\"@type\":\"PropertyValueSpecification\",\"valueRequired\":true,\"valueName\":\"search_term_string\"}}],\"inLanguage\":\"fr-FR\"},{\"@type\":\"Organization\",\"@id\":\"https:\\\/\\\/sunupost.com\\\/#organization\",\"name\":\"SUNUPOST\",\"url\":\"https:\\\/\\\/sunupost.com\\\/\",\"logo\":{\"@type\":\"ImageObject\",\"inLanguage\":\"fr-FR\",\"@id\":\"https:\\\/\\\/sunupost.com\\\/#\\\/schema\\\/logo\\\/image\\\/\",\"url\":\"https:\\\/\\\/secureservercdn.net\\\/198.71.233.206\\\/17w.044.myftpupload.com\\\/wp-content\\\/uploads\\\/2020\\\/05\\\/Lancement.jpg?time=1639052812\",\"contentUrl\":\"https:\\\/\\\/secureservercdn.net\\\/198.71.233.206\\\/17w.044.myftpupload.com\\\/wp-content\\\/uploads\\\/2020\\\/05\\\/Lancement.jpg?time=1639052812\",\"width\":300,\"height\":100,\"caption\":\"SUNUPOST\"},\"image\":{\"@id\":\"https:\\\/\\\/sunupost.com\\\/#\\\/schema\\\/logo\\\/image\\\/\"},\"sameAs\":[\"https:\\\/\\\/web.facebook.com\\\/Sunupost-101026658237468\\\/\",\"https:\\\/\\\/x.com\\\/sunupost\",\"https:\\\/\\\/www.instagram.com\\\/sunupost\\\/\",\"https:\\\/\\\/www.youtube.com\\\/channel\\\/UCd7V7bCkLDOee8yr7CW4Dpw\"]},{\"@type\":\"Person\",\"@id\":\"https:\\\/\\\/sunupost.com\\\/#\\\/schema\\\/person\\\/4180ce1fd5a5254dcccf3b93847e92fb\",\"name\":\"Binta Ciss\u00e9\",\"image\":{\"@type\":\"ImageObject\",\"inLanguage\":\"fr-FR\",\"@id\":\"https:\\\/\\\/secure.gravatar.com\\\/avatar\\\/d7ec4285e9eacdc893e9d8cea0ea6a1ff0a32ecab53f42d0bbe410001c3be0be?s=96&d=mm&r=g\",\"url\":\"https:\\\/\\\/secure.gravatar.com\\\/avatar\\\/d7ec4285e9eacdc893e9d8cea0ea6a1ff0a32ecab53f42d0bbe410001c3be0be?s=96&d=mm&r=g\",\"contentUrl\":\"https:\\\/\\\/secure.gravatar.com\\\/avatar\\\/d7ec4285e9eacdc893e9d8cea0ea6a1ff0a32ecab53f42d0bbe410001c3be0be?s=96&d=mm&r=g\",\"caption\":\"Binta Ciss\u00e9\"},\"url\":\"https:\\\/\\\/sunupost.com\\\/?author=19\"}]}<\/script>\n<!-- \/ Yoast SEO plugin. -->","yoast_head_json":{"title":"Incendie \u00e0 l'H\u00f4pital Magatte Lo : L'ancien Ministre, Habib Sy Annonce Une Plainte contre l'Etat Du S\u00e9n\u00e9gal - SUNUPOST","robots":{"index":"index","follow":"follow","max-snippet":"max-snippet:-1","max-image-preview":"max-image-preview:large","max-video-preview":"max-video-preview:-1"},"canonical":"https:\/\/sunupost.com\/?p=7047","og_locale":"fr_FR","og_type":"article","og_title":"Incendie \u00e0 l'H\u00f4pital Magatte Lo : L'ancien Ministre, Habib Sy Annonce Une Plainte contre l'Etat Du S\u00e9n\u00e9gal - SUNUPOST","og_description":"L&rsquo;ancien ministre originaire de Lingu\u00e8re, Habib Sy, a annonc\u00e9 une plainte contre l&rsquo;\u00c9tat du S\u00e9n\u00e9gal. Pour lui,\u00a0 l&rsquo;\u00c9tat\u00a0 est responsable de l&rsquo;incendie criminel qui a...","og_url":"https:\/\/sunupost.com\/?p=7047","og_site_name":"SUNUPOST","article_publisher":"https:\/\/web.facebook.com\/Sunupost-101026658237468\/","article_published_time":"2021-05-08T15:17:28+00:00","og_image":[{"width":607,"height":415,"url":"https:\/\/secureservercdn.net\/198.71.233.69\/17w.044.myftpupload.com\/wp-content\/uploads\/2021\/05\/incendie-hopital.jpg?time=1663107203","type":"image\/jpeg"}],"author":"Binta Ciss\u00e9","twitter_card":"summary_large_image","twitter_creator":"@sunupost","twitter_site":"@sunupost","twitter_misc":{"\u00c9crit par":"Binta Ciss\u00e9","Dur\u00e9e de lecture estim\u00e9e":"2 minutes"},"schema":{"@context":"https:\/\/schema.org","@graph":[{"@type":"Article","@id":"https:\/\/sunupost.com\/?p=7047#article","isPartOf":{"@id":"https:\/\/sunupost.com\/?p=7047"},"author":{"name":"Binta Ciss\u00e9","@id":"https:\/\/sunupost.com\/#\/schema\/person\/4180ce1fd5a5254dcccf3b93847e92fb"},"headline":"Incendie \u00e0 l&rsquo;H\u00f4pital Magatte Lo : L&rsquo;ancien Ministre, Habib Sy Annonce Une Plainte contre l&rsquo;Etat Du S\u00e9n\u00e9gal","datePublished":"2021-05-08T15:17:28+00:00","mainEntityOfPage":{"@id":"https:\/\/sunupost.com\/?p=7047"},"wordCount":559,"commentCount":230,"publisher":{"@id":"https:\/\/sunupost.com\/#organization"},"image":{"@id":"https:\/\/sunupost.com\/?p=7047#primaryimage"},"thumbnailUrl":"https:\/\/sunupost.com\/wp-content\/uploads\/2021\/05\/incendie-hopital.jpg","articleSection":["JUSTICE"],"inLanguage":"fr-FR","potentialAction":[{"@type":"CommentAction","name":"Comment","target":["https:\/\/sunupost.com\/?p=7047#respond"]}]},{"@type":"WebPage","@id":"https:\/\/sunupost.com\/?p=7047","url":"https:\/\/sunupost.com\/?p=7047","name":"Incendie \u00e0 l'H\u00f4pital Magatte Lo : L'ancien Ministre, Habib Sy Annonce Une Plainte contre l'Etat Du S\u00e9n\u00e9gal - SUNUPOST","isPartOf":{"@id":"https:\/\/sunupost.com\/#website"},"primaryImageOfPage":{"@id":"https:\/\/sunupost.com\/?p=7047#primaryimage"},"image":{"@id":"https:\/\/sunupost.com\/?p=7047#primaryimage"},"thumbnailUrl":"https:\/\/sunupost.com\/wp-content\/uploads\/2021\/05\/incendie-hopital.jpg","datePublished":"2021-05-08T15:17:28+00:00","breadcrumb":{"@id":"https:\/\/sunupost.com\/?p=7047#breadcrumb"},"inLanguage":"fr-FR","potentialAction":[{"@type":"ReadAction","target":["https:\/\/sunupost.com\/?p=7047"]}]},{"@type":"ImageObject","inLanguage":"fr-FR","@id":"https:\/\/sunupost.com\/?p=7047#primaryimage","url":"https:\/\/sunupost.com\/wp-content\/uploads\/2021\/05\/incendie-hopital.jpg","contentUrl":"https:\/\/sunupost.com\/wp-content\/uploads\/2021\/05\/incendie-hopital.jpg","width":607,"height":415},{"@type":"BreadcrumbList","@id":"https:\/\/sunupost.com\/?p=7047#breadcrumb","itemListElement":[{"@type":"ListItem","position":1,"name":"Home","item":"https:\/\/sunupost.com\/"},{"@type":"ListItem","position":2,"name":"Incendie \u00e0 l&rsquo;H\u00f4pital Magatte Lo : L&rsquo;ancien Ministre, Habib Sy Annonce Une Plainte contre l&rsquo;Etat Du S\u00e9n\u00e9gal"}]},{"@type":"WebSite","@id":"https:\/\/sunupost.com\/#website","url":"https:\/\/sunupost.com\/","name":"SUNUPOST","description":"Pens\u00e9e libre","publisher":{"@id":"https:\/\/sunupost.com\/#organization"},"potentialAction":[{"@type":"SearchAction","target":{"@type":"EntryPoint","urlTemplate":"https:\/\/sunupost.com\/?s={search_term_string}"},"query-input":{"@type":"PropertyValueSpecification","valueRequired":true,"valueName":"search_term_string"}}],"inLanguage":"fr-FR"},{"@type":"Organization","@id":"https:\/\/sunupost.com\/#organization","name":"SUNUPOST","url":"https:\/\/sunupost.com\/","logo":{"@type":"ImageObject","inLanguage":"fr-FR","@id":"https:\/\/sunupost.com\/#\/schema\/logo\/image\/","url":"https:\/\/secureservercdn.net\/198.71.233.206\/17w.044.myftpupload.com\/wp-content\/uploads\/2020\/05\/Lancement.jpg?time=1639052812","contentUrl":"https:\/\/secureservercdn.net\/198.71.233.206\/17w.044.myftpupload.com\/wp-content\/uploads\/2020\/05\/Lancement.jpg?time=1639052812","width":300,"height":100,"caption":"SUNUPOST"},"image":{"@id":"https:\/\/sunupost.com\/#\/schema\/logo\/image\/"},"sameAs":["https:\/\/web.facebook.com\/Sunupost-101026658237468\/","https:\/\/x.com\/sunupost","https:\/\/www.instagram.com\/sunupost\/","https:\/\/www.youtube.com\/channel\/UCd7V7bCkLDOee8yr7CW4Dpw"]},{"@type":"Person","@id":"https:\/\/sunupost.com\/#\/schema\/person\/4180ce1fd5a5254dcccf3b93847e92fb","name":"Binta Ciss\u00e9","image":{"@type":"ImageObject","inLanguage":"fr-FR","@id":"https:\/\/secure.gravatar.com\/avatar\/d7ec4285e9eacdc893e9d8cea0ea6a1ff0a32ecab53f42d0bbe410001c3be0be?s=96&d=mm&r=g","url":"https:\/\/secure.gravatar.com\/avatar\/d7ec4285e9eacdc893e9d8cea0ea6a1ff0a32ecab53f42d0bbe410001c3be0be?s=96&d=mm&r=g","contentUrl":"https:\/\/secure.gravatar.com\/avatar\/d7ec4285e9eacdc893e9d8cea0ea6a1ff0a32ecab53f42d0bbe410001c3be0be?s=96&d=mm&r=g","caption":"Binta Ciss\u00e9"},"url":"https:\/\/sunupost.com\/?author=19"}]}},"_links":{"self":[{"href":"https:\/\/sunupost.com\/index.php?rest_route=\/wp\/v2\/posts\/7047","targetHints":{"allow":["GET"]}}],"collection":[{"href":"https:\/\/sunupost.com\/index.php?rest_route=\/wp\/v2\/posts"}],"about":[{"href":"https:\/\/sunupost.com\/index.php?rest_route=\/wp\/v2\/types\/post"}],"author":[{"embeddable":true,"href":"https:\/\/sunupost.com\/index.php?rest_route=\/wp\/v2\/users\/19"}],"replies":[{"embeddable":true,"href":"https:\/\/sunupost.com\/index.php?rest_route=%2Fwp%2Fv2%2Fcomments&post=7047"}],"version-history":[{"count":0,"href":"https:\/\/sunupost.com\/index.php?rest_route=\/wp\/v2\/posts\/7047\/revisions"}],"wp:featuredmedia":[{"embeddable":true,"href":"https:\/\/sunupost.com\/index.php?rest_route=\/wp\/v2\/media\/7048"}],"wp:attachment":[{"href":"https:\/\/sunupost.com\/index.php?rest_route=%2Fwp%2Fv2%2Fmedia&parent=7047"}],"wp:term":[{"taxonomy":"category","embeddable":true,"href":"https:\/\/sunupost.com\/index.php?rest_route=%2Fwp%2Fv2%2Fcategories&post=7047"},{"taxonomy":"post_tag","embeddable":true,"href":"https:\/\/sunupost.com\/index.php?rest_route=%2Fwp%2Fv2%2Ftags&post=7047"}],"curies":[{"name":"wp","href":"https:\/\/api.w.org\/{rel}","templated":true}]}}