{"id":7310,"date":"2021-05-24T20:03:44","date_gmt":"2021-05-24T20:03:44","guid":{"rendered":"https:\/\/sunupost.com\/?p=7310"},"modified":"2021-05-24T20:03:44","modified_gmt":"2021-05-24T20:03:44","slug":"mali-le-president-bah-ndaw-et-son-premier-ministre-moctar-ouane-arretes","status":"publish","type":"post","link":"https:\/\/sunupost.com\/?p=7310","title":{"rendered":"Mali : Le Pr\u00e9sident Bah N\u2019Daw Et Son Premier Ministre Moctar Ouane Arr\u00eat\u00e9s"},"content":{"rendered":"<p>Le pr\u00e9sident de la transition\u00a0Bah N\u2019Daw\u00a0et son Premier ministre\u00a0Moctar Ouane\u00a0ont \u00e9t\u00e9 interpell\u00e9s par des militaires et conduits au camp de Kati, d\u2019o\u00f9 le putsch contre Ibrahim Boubacar Ke\u00efta \u00e9tait parti, en ao\u00fbt dernier.<\/p>\n<p>La composition du nouveau gouvernement venait \u00e0 peine d\u2019\u00eatre annonc\u00e9e sur les antennes de l\u2019ORTM que la situation \u00e0 Bamako s\u2019est subitement tendue. Des mouvements de troupes ont \u00e9t\u00e9 observ\u00e9s au camp militaire de Kati, \u00e0 une quinzaine de kilom\u00e8tres de Bamako, ainsi que dans plusieurs points de la capitale.<\/p>\n<p>Selon les informations de Jeune Afrique, le pr\u00e9sident de la transition, Bah N\u2019Daw, ainsi que le Premier ministre, Moctar Ouane, ont \u00e9t\u00e9 conduits sous escorte militaire \u00e0 Kati. Des sources au sein du Conseil national de la transition (CNT), de la Minusma ainsi qu\u2019un diplomate ouest-africain l\u2019ont confirm\u00e9 ainsi \u00e0 Jeune Afrique<\/p>\n","protected":false},"excerpt":{"rendered":"<p>Le pr\u00e9sident de la transition\u00a0Bah N\u2019Daw\u00a0et son Premier ministre\u00a0Moctar Ouane\u00a0ont \u00e9t\u00e9 interpell\u00e9s par des militaires et conduits au camp de Kati, d\u2019o\u00f9 le putsch contre&#8230;<\/p>\n","protected":false},"author":10,"featured_media":7311,"comment_status":"open","ping_status":"open","sticky":false,"template":"","format":"standard","meta":{"_coblocks_attr":"","_coblocks_dimensions":"","_coblocks_responsive_height":"","_coblocks_accordion_ie_support":"","_monsterinsights_skip_tracking":false,"_monsterinsights_sitenote_active":false,"_monsterinsights_sitenote_note":"","_monsterinsights_sitenote_category":0,"h5ap_radio_sources":[],"footnotes":""},"categories":[2],"tags":[],"class_list":["post-7310","post","type-post","status-publish","format-standard","has-post-thumbnail","hentry","category-international","wpcat-2-id"],"yoast_head":"<!-- This site is optimized with the Yoast SEO plugin v27.5 - https:\/\/yoast.com\/product\/yoast-seo-wordpress\/ -->\n<title>Mali : Le Pr\u00e9sident Bah N\u2019Daw Et Son Premier Ministre Moctar Ouane Arr\u00eat\u00e9s - SUNUPOST<\/title>\n<meta name=\"robots\" content=\"index, follow, max-snippet:-1, max-image-preview:large, max-video-preview:-1\" \/>\n<link rel=\"canonical\" href=\"https:\/\/sunupost.com\/?p=7310\" \/>\n<meta property=\"og:locale\" content=\"fr_FR\" \/>\n<meta property=\"og:type\" content=\"article\" \/>\n<meta property=\"og:title\" content=\"Mali : Le Pr\u00e9sident Bah N\u2019Daw Et Son Premier Ministre Moctar Ouane Arr\u00eat\u00e9s - SUNUPOST\" \/>\n<meta property=\"og:description\" content=\"Le pr\u00e9sident de la transition\u00a0Bah N\u2019Daw\u00a0et son Premier ministre\u00a0Moctar Ouane\u00a0ont \u00e9t\u00e9 interpell\u00e9s par des militaires et conduits au camp de Kati, d\u2019o\u00f9 le putsch contre...\" \/>\n<meta property=\"og:url\" content=\"https:\/\/sunupost.com\/?p=7310\" \/>\n<meta property=\"og:site_name\" content=\"SUNUPOST\" \/>\n<meta property=\"article:publisher\" content=\"https:\/\/web.facebook.com\/Sunupost-101026658237468\/\" \/>\n<meta property=\"article:published_time\" content=\"2021-05-24T20:03:44+00:00\" \/>\n<meta property=\"og:image\" content=\"https:\/\/secureservercdn.net\/198.71.233.69\/17w.044.myftpupload.com\/wp-content\/uploads\/2021\/05\/Screenshot_20210524-195723_SeneNews.jpg?time=1663110972\" \/>\n\t<meta property=\"og:image:width\" content=\"719\" \/>\n\t<meta property=\"og:image:height\" content=\"408\" \/>\n\t<meta property=\"og:image:type\" content=\"image\/jpeg\" \/>\n<meta name=\"author\" content=\"La R\u00e9daction\" \/>\n<meta name=\"twitter:card\" content=\"summary_large_image\" \/>\n<meta name=\"twitter:creator\" content=\"@sunupost\" \/>\n<meta name=\"twitter:site\" content=\"@sunupost\" \/>\n<meta name=\"twitter:label1\" content=\"\u00c9crit par\" \/>\n\t<meta name=\"twitter:data1\" content=\"La R\u00e9daction\" \/>\n\t<meta name=\"twitter:label2\" content=\"Dur\u00e9e de lecture estim\u00e9e\" \/>\n\t<meta name=\"twitter:data2\" content=\"1 minute\" \/>\n<script type=\"application\/ld+json\" class=\"yoast-schema-graph\">{\"@context\":\"https:\\\/\\\/schema.org\",\"@graph\":[{\"@type\":\"Article\",\"@id\":\"https:\\\/\\\/sunupost.com\\\/?p=7310#article\",\"isPartOf\":{\"@id\":\"https:\\\/\\\/sunupost.com\\\/?p=7310\"},\"author\":{\"name\":\"La R\u00e9daction\",\"@id\":\"https:\\\/\\\/sunupost.com\\\/#\\\/schema\\\/person\\\/9c04c80a48c29cd2be004cf57947ebb0\"},\"headline\":\"Mali : Le Pr\u00e9sident Bah N\u2019Daw Et Son Premier Ministre Moctar Ouane Arr\u00eat\u00e9s\",\"datePublished\":\"2021-05-24T20:03:44+00:00\",\"mainEntityOfPage\":{\"@id\":\"https:\\\/\\\/sunupost.com\\\/?p=7310\"},\"wordCount\":166,\"commentCount\":273,\"publisher\":{\"@id\":\"https:\\\/\\\/sunupost.com\\\/#organization\"},\"image\":{\"@id\":\"https:\\\/\\\/sunupost.com\\\/?p=7310#primaryimage\"},\"thumbnailUrl\":\"https:\\\/\\\/sunupost.com\\\/wp-content\\\/uploads\\\/2021\\\/05\\\/Screenshot_20210524-195723_SeneNews.jpg\",\"articleSection\":[\"INTERNATIONAL\"],\"inLanguage\":\"fr-FR\",\"potentialAction\":[{\"@type\":\"CommentAction\",\"name\":\"Comment\",\"target\":[\"https:\\\/\\\/sunupost.com\\\/?p=7310#respond\"]}]},{\"@type\":\"WebPage\",\"@id\":\"https:\\\/\\\/sunupost.com\\\/?p=7310\",\"url\":\"https:\\\/\\\/sunupost.com\\\/?p=7310\",\"name\":\"Mali : Le Pr\u00e9sident Bah N\u2019Daw Et Son Premier Ministre Moctar Ouane Arr\u00eat\u00e9s - SUNUPOST\",\"isPartOf\":{\"@id\":\"https:\\\/\\\/sunupost.com\\\/#website\"},\"primaryImageOfPage\":{\"@id\":\"https:\\\/\\\/sunupost.com\\\/?p=7310#primaryimage\"},\"image\":{\"@id\":\"https:\\\/\\\/sunupost.com\\\/?p=7310#primaryimage\"},\"thumbnailUrl\":\"https:\\\/\\\/sunupost.com\\\/wp-content\\\/uploads\\\/2021\\\/05\\\/Screenshot_20210524-195723_SeneNews.jpg\",\"datePublished\":\"2021-05-24T20:03:44+00:00\",\"breadcrumb\":{\"@id\":\"https:\\\/\\\/sunupost.com\\\/?p=7310#breadcrumb\"},\"inLanguage\":\"fr-FR\",\"potentialAction\":[{\"@type\":\"ReadAction\",\"target\":[\"https:\\\/\\\/sunupost.com\\\/?p=7310\"]}]},{\"@type\":\"ImageObject\",\"inLanguage\":\"fr-FR\",\"@id\":\"https:\\\/\\\/sunupost.com\\\/?p=7310#primaryimage\",\"url\":\"https:\\\/\\\/sunupost.com\\\/wp-content\\\/uploads\\\/2021\\\/05\\\/Screenshot_20210524-195723_SeneNews.jpg\",\"contentUrl\":\"https:\\\/\\\/sunupost.com\\\/wp-content\\\/uploads\\\/2021\\\/05\\\/Screenshot_20210524-195723_SeneNews.jpg\",\"width\":719,\"height\":408},{\"@type\":\"BreadcrumbList\",\"@id\":\"https:\\\/\\\/sunupost.com\\\/?p=7310#breadcrumb\",\"itemListElement\":[{\"@type\":\"ListItem\",\"position\":1,\"name\":\"Home\",\"item\":\"https:\\\/\\\/sunupost.com\\\/\"},{\"@type\":\"ListItem\",\"position\":2,\"name\":\"Mali : Le Pr\u00e9sident Bah N\u2019Daw Et Son Premier Ministre Moctar Ouane Arr\u00eat\u00e9s\"}]},{\"@type\":\"WebSite\",\"@id\":\"https:\\\/\\\/sunupost.com\\\/#website\",\"url\":\"https:\\\/\\\/sunupost.com\\\/\",\"name\":\"SUNUPOST\",\"description\":\"Pens\u00e9e libre\",\"publisher\":{\"@id\":\"https:\\\/\\\/sunupost.com\\\/#organization\"},\"potentialAction\":[{\"@type\":\"SearchAction\",\"target\":{\"@type\":\"EntryPoint\",\"urlTemplate\":\"https:\\\/\\\/sunupost.com\\\/?s={search_term_string}\"},\"query-input\":{\"@type\":\"PropertyValueSpecification\",\"valueRequired\":true,\"valueName\":\"search_term_string\"}}],\"inLanguage\":\"fr-FR\"},{\"@type\":\"Organization\",\"@id\":\"https:\\\/\\\/sunupost.com\\\/#organization\",\"name\":\"SUNUPOST\",\"url\":\"https:\\\/\\\/sunupost.com\\\/\",\"logo\":{\"@type\":\"ImageObject\",\"inLanguage\":\"fr-FR\",\"@id\":\"https:\\\/\\\/sunupost.com\\\/#\\\/schema\\\/logo\\\/image\\\/\",\"url\":\"https:\\\/\\\/secureservercdn.net\\\/198.71.233.206\\\/17w.044.myftpupload.com\\\/wp-content\\\/uploads\\\/2020\\\/05\\\/Lancement.jpg?time=1639052812\",\"contentUrl\":\"https:\\\/\\\/secureservercdn.net\\\/198.71.233.206\\\/17w.044.myftpupload.com\\\/wp-content\\\/uploads\\\/2020\\\/05\\\/Lancement.jpg?time=1639052812\",\"width\":300,\"height\":100,\"caption\":\"SUNUPOST\"},\"image\":{\"@id\":\"https:\\\/\\\/sunupost.com\\\/#\\\/schema\\\/logo\\\/image\\\/\"},\"sameAs\":[\"https:\\\/\\\/web.facebook.com\\\/Sunupost-101026658237468\\\/\",\"https:\\\/\\\/x.com\\\/sunupost\",\"https:\\\/\\\/www.instagram.com\\\/sunupost\\\/\",\"https:\\\/\\\/www.youtube.com\\\/channel\\\/UCd7V7bCkLDOee8yr7CW4Dpw\"]},{\"@type\":\"Person\",\"@id\":\"https:\\\/\\\/sunupost.com\\\/#\\\/schema\\\/person\\\/9c04c80a48c29cd2be004cf57947ebb0\",\"name\":\"La R\u00e9daction\",\"image\":{\"@type\":\"ImageObject\",\"inLanguage\":\"fr-FR\",\"@id\":\"https:\\\/\\\/secure.gravatar.com\\\/avatar\\\/1dc7c1ffd136391c1a6d8806c3431e1a2dd9445015e3f66472e3c63e9c80807e?s=96&d=mm&r=g\",\"url\":\"https:\\\/\\\/secure.gravatar.com\\\/avatar\\\/1dc7c1ffd136391c1a6d8806c3431e1a2dd9445015e3f66472e3c63e9c80807e?s=96&d=mm&r=g\",\"contentUrl\":\"https:\\\/\\\/secure.gravatar.com\\\/avatar\\\/1dc7c1ffd136391c1a6d8806c3431e1a2dd9445015e3f66472e3c63e9c80807e?s=96&d=mm&r=g\",\"caption\":\"La R\u00e9daction\"},\"url\":\"https:\\\/\\\/sunupost.com\\\/?author=10\"}]}<\/script>\n<!-- \/ Yoast SEO plugin. -->","yoast_head_json":{"title":"Mali : Le Pr\u00e9sident Bah N\u2019Daw Et Son Premier Ministre Moctar Ouane Arr\u00eat\u00e9s - SUNUPOST","robots":{"index":"index","follow":"follow","max-snippet":"max-snippet:-1","max-image-preview":"max-image-preview:large","max-video-preview":"max-video-preview:-1"},"canonical":"https:\/\/sunupost.com\/?p=7310","og_locale":"fr_FR","og_type":"article","og_title":"Mali : Le Pr\u00e9sident Bah N\u2019Daw Et Son Premier Ministre Moctar Ouane Arr\u00eat\u00e9s - SUNUPOST","og_description":"Le pr\u00e9sident de la transition\u00a0Bah N\u2019Daw\u00a0et son Premier ministre\u00a0Moctar Ouane\u00a0ont \u00e9t\u00e9 interpell\u00e9s par des militaires et conduits au camp de Kati, d\u2019o\u00f9 le putsch contre...","og_url":"https:\/\/sunupost.com\/?p=7310","og_site_name":"SUNUPOST","article_publisher":"https:\/\/web.facebook.com\/Sunupost-101026658237468\/","article_published_time":"2021-05-24T20:03:44+00:00","og_image":[{"width":719,"height":408,"url":"https:\/\/secureservercdn.net\/198.71.233.69\/17w.044.myftpupload.com\/wp-content\/uploads\/2021\/05\/Screenshot_20210524-195723_SeneNews.jpg?time=1663110972","type":"image\/jpeg"}],"author":"La R\u00e9daction","twitter_card":"summary_large_image","twitter_creator":"@sunupost","twitter_site":"@sunupost","twitter_misc":{"\u00c9crit par":"La R\u00e9daction","Dur\u00e9e de lecture estim\u00e9e":"1 minute"},"schema":{"@context":"https:\/\/schema.org","@graph":[{"@type":"Article","@id":"https:\/\/sunupost.com\/?p=7310#article","isPartOf":{"@id":"https:\/\/sunupost.com\/?p=7310"},"author":{"name":"La R\u00e9daction","@id":"https:\/\/sunupost.com\/#\/schema\/person\/9c04c80a48c29cd2be004cf57947ebb0"},"headline":"Mali : Le Pr\u00e9sident Bah N\u2019Daw Et Son Premier Ministre Moctar Ouane Arr\u00eat\u00e9s","datePublished":"2021-05-24T20:03:44+00:00","mainEntityOfPage":{"@id":"https:\/\/sunupost.com\/?p=7310"},"wordCount":166,"commentCount":273,"publisher":{"@id":"https:\/\/sunupost.com\/#organization"},"image":{"@id":"https:\/\/sunupost.com\/?p=7310#primaryimage"},"thumbnailUrl":"https:\/\/sunupost.com\/wp-content\/uploads\/2021\/05\/Screenshot_20210524-195723_SeneNews.jpg","articleSection":["INTERNATIONAL"],"inLanguage":"fr-FR","potentialAction":[{"@type":"CommentAction","name":"Comment","target":["https:\/\/sunupost.com\/?p=7310#respond"]}]},{"@type":"WebPage","@id":"https:\/\/sunupost.com\/?p=7310","url":"https:\/\/sunupost.com\/?p=7310","name":"Mali : Le Pr\u00e9sident Bah N\u2019Daw Et Son Premier Ministre Moctar Ouane Arr\u00eat\u00e9s - SUNUPOST","isPartOf":{"@id":"https:\/\/sunupost.com\/#website"},"primaryImageOfPage":{"@id":"https:\/\/sunupost.com\/?p=7310#primaryimage"},"image":{"@id":"https:\/\/sunupost.com\/?p=7310#primaryimage"},"thumbnailUrl":"https:\/\/sunupost.com\/wp-content\/uploads\/2021\/05\/Screenshot_20210524-195723_SeneNews.jpg","datePublished":"2021-05-24T20:03:44+00:00","breadcrumb":{"@id":"https:\/\/sunupost.com\/?p=7310#breadcrumb"},"inLanguage":"fr-FR","potentialAction":[{"@type":"ReadAction","target":["https:\/\/sunupost.com\/?p=7310"]}]},{"@type":"ImageObject","inLanguage":"fr-FR","@id":"https:\/\/sunupost.com\/?p=7310#primaryimage","url":"https:\/\/sunupost.com\/wp-content\/uploads\/2021\/05\/Screenshot_20210524-195723_SeneNews.jpg","contentUrl":"https:\/\/sunupost.com\/wp-content\/uploads\/2021\/05\/Screenshot_20210524-195723_SeneNews.jpg","width":719,"height":408},{"@type":"BreadcrumbList","@id":"https:\/\/sunupost.com\/?p=7310#breadcrumb","itemListElement":[{"@type":"ListItem","position":1,"name":"Home","item":"https:\/\/sunupost.com\/"},{"@type":"ListItem","position":2,"name":"Mali : Le Pr\u00e9sident Bah N\u2019Daw Et Son Premier Ministre Moctar Ouane Arr\u00eat\u00e9s"}]},{"@type":"WebSite","@id":"https:\/\/sunupost.com\/#website","url":"https:\/\/sunupost.com\/","name":"SUNUPOST","description":"Pens\u00e9e libre","publisher":{"@id":"https:\/\/sunupost.com\/#organization"},"potentialAction":[{"@type":"SearchAction","target":{"@type":"EntryPoint","urlTemplate":"https:\/\/sunupost.com\/?s={search_term_string}"},"query-input":{"@type":"PropertyValueSpecification","valueRequired":true,"valueName":"search_term_string"}}],"inLanguage":"fr-FR"},{"@type":"Organization","@id":"https:\/\/sunupost.com\/#organization","name":"SUNUPOST","url":"https:\/\/sunupost.com\/","logo":{"@type":"ImageObject","inLanguage":"fr-FR","@id":"https:\/\/sunupost.com\/#\/schema\/logo\/image\/","url":"https:\/\/secureservercdn.net\/198.71.233.206\/17w.044.myftpupload.com\/wp-content\/uploads\/2020\/05\/Lancement.jpg?time=1639052812","contentUrl":"https:\/\/secureservercdn.net\/198.71.233.206\/17w.044.myftpupload.com\/wp-content\/uploads\/2020\/05\/Lancement.jpg?time=1639052812","width":300,"height":100,"caption":"SUNUPOST"},"image":{"@id":"https:\/\/sunupost.com\/#\/schema\/logo\/image\/"},"sameAs":["https:\/\/web.facebook.com\/Sunupost-101026658237468\/","https:\/\/x.com\/sunupost","https:\/\/www.instagram.com\/sunupost\/","https:\/\/www.youtube.com\/channel\/UCd7V7bCkLDOee8yr7CW4Dpw"]},{"@type":"Person","@id":"https:\/\/sunupost.com\/#\/schema\/person\/9c04c80a48c29cd2be004cf57947ebb0","name":"La R\u00e9daction","image":{"@type":"ImageObject","inLanguage":"fr-FR","@id":"https:\/\/secure.gravatar.com\/avatar\/1dc7c1ffd136391c1a6d8806c3431e1a2dd9445015e3f66472e3c63e9c80807e?s=96&d=mm&r=g","url":"https:\/\/secure.gravatar.com\/avatar\/1dc7c1ffd136391c1a6d8806c3431e1a2dd9445015e3f66472e3c63e9c80807e?s=96&d=mm&r=g","contentUrl":"https:\/\/secure.gravatar.com\/avatar\/1dc7c1ffd136391c1a6d8806c3431e1a2dd9445015e3f66472e3c63e9c80807e?s=96&d=mm&r=g","caption":"La R\u00e9daction"},"url":"https:\/\/sunupost.com\/?author=10"}]}},"_links":{"self":[{"href":"https:\/\/sunupost.com\/index.php?rest_route=\/wp\/v2\/posts\/7310","targetHints":{"allow":["GET"]}}],"collection":[{"href":"https:\/\/sunupost.com\/index.php?rest_route=\/wp\/v2\/posts"}],"about":[{"href":"https:\/\/sunupost.com\/index.php?rest_route=\/wp\/v2\/types\/post"}],"author":[{"embeddable":true,"href":"https:\/\/sunupost.com\/index.php?rest_route=\/wp\/v2\/users\/10"}],"replies":[{"embeddable":true,"href":"https:\/\/sunupost.com\/index.php?rest_route=%2Fwp%2Fv2%2Fcomments&post=7310"}],"version-history":[{"count":0,"href":"https:\/\/sunupost.com\/index.php?rest_route=\/wp\/v2\/posts\/7310\/revisions"}],"wp:featuredmedia":[{"embeddable":true,"href":"https:\/\/sunupost.com\/index.php?rest_route=\/wp\/v2\/media\/7311"}],"wp:attachment":[{"href":"https:\/\/sunupost.com\/index.php?rest_route=%2Fwp%2Fv2%2Fmedia&parent=7310"}],"wp:term":[{"taxonomy":"category","embeddable":true,"href":"https:\/\/sunupost.com\/index.php?rest_route=%2Fwp%2Fv2%2Fcategories&post=7310"},{"taxonomy":"post_tag","embeddable":true,"href":"https:\/\/sunupost.com\/index.php?rest_route=%2Fwp%2Fv2%2Ftags&post=7310"}],"curies":[{"name":"wp","href":"https:\/\/api.w.org\/{rel}","templated":true}]}}