{"id":7332,"date":"2021-05-26T16:10:04","date_gmt":"2021-05-26T16:10:04","guid":{"rendered":"https:\/\/sunupost.com\/?p=7332"},"modified":"2021-05-26T16:10:04","modified_gmt":"2021-05-26T16:10:04","slug":"redecoupage-administratif-la-cellule-de-defense-des-interets-de-bambilor-envoie-une-lettre-ouverte-a-macky","status":"publish","type":"post","link":"https:\/\/sunupost.com\/?p=7332","title":{"rendered":"Red\u00e9coupage administratif : La Cellule de d\u00e9fense des int\u00e9r\u00eats de Bambilor envoie une lettre ouverte \u00e0 Macky"},"content":{"rendered":"<div><span style=\"font-size: x-large;\"><b>La pol\u00e9mique ne d\u00e9senfle toujours pas \u00e0 Bambilor depuis l&rsquo;annonce du projet de red\u00e9coupage administratif qui d\u00e9leste la commune d&rsquo;une partie de son territoire au profit de Sangalkam. La cellule de d\u00e9fense des int\u00e9r\u00eats de Bbilor qui rumine toujours sa col\u00e8re, a adress\u00e9 une lettre ouverte au pr\u00e9sident de la R\u00e9publique dans laquelle elle fait part de sa d\u00e9termination \u00e0 \u00ab\u00a0s&rsquo;opposer farouchement \u00e1 tout acte susceptible de remettre en cause des acquis sociaux et \u00e9conomiques, des liens de parent\u00e9 et de solidarit\u00e9 ou tout agissement ou d\u00e9cision de nature \u00e1 mettre en danger notre survie et celle des g\u00e9n\u00e9rations futures\u00a0\u00bb. Voici in extenso la lettre ouverte :<\/b><\/span><\/div>\n<div><\/div>\n<div><b>D\u00e9coupage administratif : Lettre ouverte \u00e0 monsieur le Pr\u00e9sident de la R\u00e9publique<\/b><\/div>\n<div><\/div>\n<div>Monsieur le Pr\u00e9sident,<\/div>\n<div><\/div>\n<div>D\u00e8s l&rsquo;annonce du projet de red\u00e9coupage de la commune de Bambilor, de nombreuses voix se sont \u00e9lev\u00e9es pour dire non \u00e1 une man\u0153uvre politicienne calculatrice et antisociale dont le seul but est de servir les int\u00e9r\u00eats et l&rsquo;ambition malveillante du ministre des collectivit\u00e9s territoriales Monsieur Oumar GUEYE.<\/div>\n<div><\/div>\n<div>En effet, des consultations ont \u00e9t\u00e9 men\u00e9es aupr\u00e8s de l&rsquo;association des chefs de villages de la commune, de celle des imams, des groupements de femmes, des associations de jeunes, des membres de la soci\u00e9t\u00e9 civile ainsi que des nouveaux r\u00e9sidents des diff\u00e9rentes cit\u00e9s. Il en a \u00e9t\u00e9 de m\u00eame aupr\u00e8s des personnes ressources, des ressortissants et des cadres de tous les villages de la commune. Tous ont donn\u00e9 leur accord pour la cr\u00e9ation de cette cellule pour \u00e9viter des lendemains incertains\u00a0 \u00e0 la population de la commune de Bambilor, notamment les jeunes\u00a0 et les femmes.<\/div>\n<div><\/div>\n<div>Ce projet de red\u00e9coupage est une aberration au moment o\u00f9 l&rsquo;on parle de dialogue et de paix sociale, au moment o\u00f9 pour venir \u00e1 bout du ch\u00f4mage end\u00e9mique des jeunes, le Pr\u00e9sident de la r\u00e9publique a pris des mesures fortes soutenues par une enveloppe financi\u00e8re substantielle mais si la commune de\u00a0 Bambilor est priv\u00e9e de ses ressources, cela risque de cr\u00e9er l&rsquo;effet contraire \u00e0 celui recherch\u00e9.<\/div>\n<div><\/div>\n<div>En tant que conseiller municipal \u00e1 la commune de Bambilor, membre de la CCR (convergence des cadres r\u00e9publicains), je me dois d&rsquo;attirer l&rsquo;attention du Pr\u00e9sident de la R\u00e9publique et de livrer \u00e1 l&rsquo;opinion nationale et internationale les premi\u00e8res r\u00e9flexions du CRDIB sur les motivations et les cons\u00e9quences du nouveau projet de red\u00e9coupage de la commune de Bambylor que je juge inopportun.<\/div>\n<div><\/div>\n<div>Notre premi\u00e8re d\u00e9marche a \u00e9t\u00e9 de nous poser des questions sur le Ministre Oumar GUEYE dont les agissements pour nuire \u00e1 Bambilor ne datent pas d&rsquo;aujourd&rsquo;hui m\u00eame quand il \u00e9tait en de bons termes avec l&rsquo;actuel Maire de Bambilor, Monsieur Ndiagne DIOP.<\/div>\n<div><\/div>\n<div>La cellule a trouv\u00e9 que de nombreuses pertes d&#8217;emplois directs et indirects que le manque \u00e0 gagner provenant des recettes fiscales de Kounoune Power, Saudequip, frais d&rsquo;autorisations de construire\u2026\u2026 va occasionner des cons\u00e9quences incalculables sur le plan social pour des centaines d \u2018\u00e9tudiants et d&rsquo;\u00e9l\u00e8ves qui risquent de perdre leurs bourses d&rsquo;\u00e9tudes. De nombreux\u00a0 jeunes travailleurs dans la commune et le personnel sanitaire vont perdre \u00e9galement leur emploi. La gratuit\u00e9 des ambulances et les aides sociales pour les handicap\u00e9s, vont \u00eatre remises en cause.<\/div>\n<div><\/div>\n<div>Que veut Oumar GUEYE ? Pourquoi cherche t-il \u00e1 renforcer sa commune ?<\/div>\n<div><\/div>\n<div>L&rsquo;ambition est l\u00e9gitime en politique mais n&rsquo;est-il pas en train de cacher son jeu pour une \u00e9ventuelle candidature en 2024 Comme il le dit si souvent \u00e0 ses proches cherchant en \u00e9largir sa base politique?<\/div>\n<div><\/div>\n<div>Monsieur le Ministre Oumar GUEYE ne veut-il pas tordre la main au\u00a0 Pr\u00e9sident en organisant un meeting de jubilation dans son village le samedi 15 mai 2021 sur une d\u00e9cision qui n&rsquo;est pas encore officielle. En effet, le rappel de la\u00a0 promesse tenue de l&rsquo;opposant Macky SALL\u00a0 venu pr\u00e9senter\u00a0 ses condol\u00e9ances \u00e1 la famille de feu Malick BA (paix \u00e1 son \u00e2me) en 2011 n&rsquo;est pas gratuit : il cherche manifestement \u00e0 influencer le Pr\u00e9sident de la R\u00e9publique pour renforcer les moyens de sa commune.<\/div>\n<div><\/div>\n<div>Si c&rsquo;est le cas, pourquoi doit-on accepter qu&rsquo;il nous cr\u00e9e des situations intenables de tr\u00e9sorerie voire m\u00eame de coh\u00e9sion sociale ?<\/div>\n<div><\/div>\n<div>Voici les r\u00e9ponses que la Cellule a trouv\u00e9es. Je vous les livre Monsieur le Pr\u00e9sident afin que vous ayez la bonne information sur ce qui se trame autour de ce red\u00e9coupage sur les cons\u00e9quences n\u00e9gatives qu&rsquo;il aura sur les populations. Votre responsabilit\u00e9 pourrait \u00eatre engag\u00e9e si vous laissez faire votre Ministre des collectivit\u00e9s territoriales.<\/div>\n<div><\/div>\n<div>&#8211; Ministre Oumar GUEYE a toujours cherch\u00e9 \u00e1 nuire aux populations de la commune de Bambilor, m\u00eame s&rsquo;il entretient de bonnes relations avec certains groupes d&rsquo;habitants. D&rsquo;ailleurs un quartier du village de Bambilor porte son nom ; ce qui prouve qu&rsquo;il n&rsquo;y a aucune animosit\u00e9 de notre village \u00e0 son \u00e9gard.<\/div>\n<div><\/div>\n<div>\u00a0La cellule rappelle aussi les faits suivants :<\/div>\n<div><\/div>\n<div>&#8211; Monsieur Oumar GUEYE PCR\u00a0 n&rsquo;ayant jamais pu r\u00e9ussir \u00e1 avoir une base politique solide dansle village de Bambilor (pour rappel sa position n&rsquo;\u00e9tait reluisante lors des \u00e9lections pr\u00e9sidentielles de 2007), il y a cr\u00e9e des conflits au sein de l&rsquo;instance dirigeante du foyer des jeunes, une tension sociale qui avait abouti \u00e1 des r\u00e8glements de comptes sur la table du tribunal. Ce conflit a \u00e9t\u00e9 l&rsquo;origine de la suspension du partenariat entre Bambilor et Manresa, une ville espagnole qui avait beaucoup contribu\u00e9 sur la sant\u00e9, l&rsquo;\u00e9ducation, la culture dans le village. (Une coop\u00e9ration qui \u00e9tait bien partie car une rue de cette ville espagnole porte le nom de Bambilor).<\/div>\n<div><\/div>\n<div>&#8211; Dans sa strat\u00e9gie de diviser pour r\u00e9gner, c&rsquo;est le m\u00eame Ministre Oumar GUEYE qui est \u00e1 l&rsquo;origine des clans de l&rsquo;APR au niveau du d\u00e9partement en particulier en armant un groupe de militants de notre commune contre ceux qui sont avec le Maire.<\/div>\n<div><\/div>\n<div>&#8211; C&rsquo;est encore le Ministre qui a fait \u00e9riger, par son influence, le seul poste de sant\u00e9 de son village Sangalkam et de sa commune en\u00a0 centre de sant\u00e9 puis en district au d\u00e9triment de celui de Bambilor qui polarise 07 postes de sant\u00e9.<\/div>\n<div><\/div>\n<div>&#8211; C&rsquo;est ce m\u00eame Ministre Oumar GUEYE qui devait travailler pour l&rsquo;int\u00e9r\u00eat de tout le d\u00e9partement de Rufisque, a choisi, par son influence, de concentrer toutes les infrastructures \u00e9tatiques dans son village natal\u00a0 Sangalkam si\u00e8ge de la commune. Il s&rsquo;agit notamment :<\/div>\n<div><\/div>\n<div>\n<ul>\n<li>du lyc\u00e9e qui aurait pu \u00eatre dans une zone plus accessible \u00e1 tous les \u00e9l\u00e8ves de sa commune et pas seulement \u00e1 ceux du village de Sangalkam,<\/li>\n<li>du stade municipal financ\u00e9 par l&rsquo;Etat du SENEGAL, le seul dans les 4 communes de la zone<\/li>\n<li>du projet\u00a0 PROMOVILLE au niveau du village de Sangalkam o\u00f9 toutes les rues\u00a0 \u00a0sont pav\u00e9es alors qu&rsquo;on ne peut trouver aucun\u00a0 morceau de pav\u00e9 dans un autre village de sa commune.<\/li>\n<li>des lampadaires dont il a fait b\u00e9n\u00e9ficier \u00e0 sa commune, en particulier son village qui, \u00e0 lui seul compte\u00a0 presque le double de tout ce que les autres villages de la commune de Bambilor qu&rsquo;il juge grande a obtenu.<\/li>\n<li>du nouveau si\u00e8ge de sa commune en construction alors qu&rsquo;il a un h\u00f4tel de ville fonctionnel qui ne n\u00e9cessitait que quelques am\u00e9nagements ou r\u00e9fections s&rsquo;il le jugeait utile.\u00a0 En tant que ministre des collectivit\u00e9s territoriales fils du terroir, il aurait d\u00fb penser aux communes de Tivaouane Peulh ou de\u00a0 Jaxaay qui n&rsquo;en disposent pas. (A Jaxaay les r\u00e9unions de conseil municipal se tiennent dans des salles de classes).<\/li>\n<\/ul>\n<\/div>\n<div><\/div>\n<div>O\u00f9 est donc l&rsquo;\u00e9quit\u00e9, la justice, l&rsquo;\u00e9quilibre dans ce partage \u00e0 la \u00ab\u00a0BOUKI NDIOUR\u00a0\u00bb ?<\/div>\n<div><\/div>\n<div>&#8211; C&rsquo;est connu, le ministre Oumar GUEYE a toujours cherch\u00e9 \u00e0 tout avoir pour lui seul et use de son influence pour l&rsquo;imposer et cela depuis son compagnonnage avec Monsieur Idrissa SECK Premier ministre. On se souvient des grappes de convergence (regroupement des projets \u00e9tatiques) lanc\u00e9 en grande pompe \u00e0 Sangalkam. Pourquoi le choix de son village Sangalkam et pas une autre localit\u00e9 du pays<\/div>\n<div><\/div>\n<div>&#8211; La cellule a pens\u00e9 que le Ministre Oumar GUEYE cherche \u00e1 couper le cordon ombilical\u00a0 \u00ab\u00a0l\u00e9bou dior\u00a0\u00bb\u00a0 qui existe entre les villages traditionnels de Bambilor, les Gorom 1, 2,3 , D\u00e9ne, Wayembam, Mbeuth, Keur Ndiaye Lo, Keur Daouda Sarr, Kounoune, Kounoune Ngalap et m\u00eame Ngeundouf (fond\u00e9 par des l\u00e9bous). Nous sommes tous parents unis par des liens tr\u00e8s forts raffermis consolid\u00e9s par nos retrouvailles autour de nos autorit\u00e9s administratives et coutumi\u00e8res ou dans les structures \u00e9tatiques cr\u00e9es pour nous comme l&rsquo;h\u00f4tel de ville, les bureaux d&rsquo;\u00e9tat civils, la maison de justice, le CADL \u2026 Il en est de m\u00eame avec l&rsquo;association des chefs de villages et celle des imams qui nous rapprochent\u00a0 sans compter les multiples occasions de rencontres lors des diff\u00e9rentes c\u00e9r\u00e9monies r\u00e9unions et manifestations sportives et surtout culturelles, un ciment de notre communaut\u00e9.<\/div>\n<div><\/div>\n<div><span style=\"font-size: x-large;\">A propos de l&rsquo;injustice, dont parle tant Monsieur le ministre Oumar GUEYE qu&rsquo;il cherche \u00e1 utiliser pour convaincre le Pr\u00e9sident de la r\u00e9publique sur la suppos\u00e9e disparit\u00e9 entre la commune de Sangalkam et celle de Bambilor, notre commune n&rsquo;est pas une exception sur sa taille et ses limites. En effet, de nombreuses communaut\u00e9s rurales, avec l&rsquo;acte III de la d\u00e9centralisation ont gard\u00e9 leurs limites avec la communalisation int\u00e9grale. C&rsquo;est le cas de Tivaouane Peulh- Niague, de Mbane\u2026\u00a0pour ne citer que celles l\u00e0.<\/span><\/div>\n<div><\/div>\n<div>Quant \u00e0 la taille de la commune de Sangalkam, cela peut ne pas \u00eatre\u00a0 un handicap qui puisse emp\u00eacher son\u00a0 fonctionnement s&rsquo;il on sait que dans le m\u00eame d\u00e9partement de Rufisque les communes de Rufisque Nord, Rufisque Est, Rufisque Ouest, Bargny, Sendou, Jaxaay-Niacourab, S\u00e9bikhotane occupent \u00e0 peu pr\u00e9s\u00a0 la m\u00eame superficie.<\/div>\n<div><\/div>\n<div>Justice pour justice ou r\u00e9paration pour r\u00e9paration, pourquoi le Ministre des collectivit\u00e9s territoriales Monsieur\u00a0 Oumar GUEYE sens\u00e9 travailler pour tout le pays se focalise t&rsquo;il sur Sangalkam\u00a0 alors que les communes de Sendou, S\u00e9bikhotane, Bargny occupent moins du tiers de la superficie allou\u00e9e \u00e0 la seule Commune de Diamniadio ?<\/div>\n<div><\/div>\n<div>Ce n&rsquo;est donc plus un probl\u00e8me de justice ou de r\u00e9paration mais une recherche de positionnement qui ne dit pas son nom, une recherche effr\u00e9n\u00e9e d&rsquo;une base politique \u00e9largie ou simplement une ambition personnelle affich\u00e9e du ministre Oumar GUEYE gris\u00e9 par le pouvoir qui cherche \u00e0 en avoir beaucoup plus.<\/div>\n<div><\/div>\n<div>En plus, Monsieur le Pr\u00e9sident la cellule a manifest\u00e9 le voeu de conserver le chef lieu de l&rsquo;arrondissement conform\u00e9ment au d\u00e9cret num\u00e9ro 2011-1638 du 28 septembre 2011.<\/div>\n<div><\/div>\n<div>Monsieur le Pr\u00e9sident, la cellule de r\u00e9flexion et de d\u00e9fense a d\u00e9cid\u00e9 de s&rsquo;opposer farouchement \u00e1 tout acte susceptible de remettre en cause des acquis sociaux et \u00e9conomiques, des liens de parent\u00e9 et de solidarit\u00e9 ou tout agissement ou d\u00e9cision de nature \u00e1 mettre en danger notre survie et celle des g\u00e9n\u00e9rations futures.<\/div>\n<div><\/div>\n<div>Notre mobilisation sera sans faille avec le soutien de tous m\u00eame des associations de la diaspora et les pri\u00e8res de nos imams et chefs religieux pour dire non \u00e1 tous ceux qui chercheront \u00e1 nous d\u00e9truire.<\/div>\n<div><\/div>\n<div>Une c\u00e9r\u00e9monie de lancement de cette cellule de d\u00e9fense\u00a0 est pr\u00e9vue dans les prochains jours.<\/div>\n<div><span style=\"font-size: x-large;\">\u00a0<\/span><\/div>\n<div><span style=\"font-size: x-large;\"><b>Ousseynou GUEYE<\/b><\/span><\/div>\n<div><span style=\"font-size: x-large;\"><b>Conseiller Municipal<\/b><\/span><\/div>\n<div><span style=\"font-size: x-large;\"><b>Membre CRDIB<\/b><\/span><\/div>\n<div><span style=\"font-size: x-large;\"><b>Membre de la CCR<\/b><\/span><\/div>\n<div><b>\u00a0<\/b><\/div>\n<div><b>Au nom de la Cellule de R\u00e9flexion et de D\u00e9fense des Int\u00e9r\u00eats\u00a0<\/b><\/div>\n<div><span style=\"font-size: x-large;\"><b>de la Commune de Bambilor (CRDIB)<\/b><\/span><\/div>\n","protected":false},"excerpt":{"rendered":"<p>La pol\u00e9mique ne d\u00e9senfle toujours pas \u00e0 Bambilor depuis l&rsquo;annonce du projet de red\u00e9coupage administratif qui d\u00e9leste la commune d&rsquo;une partie de son territoire au&#8230;<\/p>\n","protected":false},"author":19,"featured_media":7333,"comment_status":"open","ping_status":"open","sticky":false,"template":"","format":"standard","meta":{"_coblocks_attr":"","_coblocks_dimensions":"","_coblocks_responsive_height":"","_coblocks_accordion_ie_support":"","_monsterinsights_skip_tracking":false,"_monsterinsights_sitenote_active":false,"_monsterinsights_sitenote_note":"","_monsterinsights_sitenote_category":0,"h5ap_radio_sources":[],"footnotes":""},"categories":[10],"tags":[],"class_list":["post-7332","post","type-post","status-publish","format-standard","has-post-thumbnail","hentry","category-contribution","wpcat-10-id"],"yoast_head":"<!-- This site is optimized with the Yoast SEO plugin v27.4 - https:\/\/yoast.com\/product\/yoast-seo-wordpress\/ -->\n<title>Red\u00e9coupage administratif : La Cellule de d\u00e9fense des int\u00e9r\u00eats de Bambilor envoie une lettre ouverte \u00e0 Macky - SUNUPOST<\/title>\n<meta name=\"robots\" content=\"index, follow, max-snippet:-1, max-image-preview:large, max-video-preview:-1\" \/>\n<link rel=\"canonical\" href=\"https:\/\/sunupost.com\/?p=7332\" \/>\n<meta property=\"og:locale\" content=\"fr_FR\" \/>\n<meta property=\"og:type\" content=\"article\" \/>\n<meta property=\"og:title\" content=\"Red\u00e9coupage administratif : La Cellule de d\u00e9fense des int\u00e9r\u00eats de Bambilor envoie une lettre ouverte \u00e0 Macky - SUNUPOST\" \/>\n<meta property=\"og:description\" content=\"La pol\u00e9mique ne d\u00e9senfle toujours pas \u00e0 Bambilor depuis l&rsquo;annonce du projet de red\u00e9coupage administratif qui d\u00e9leste la commune d&rsquo;une partie de son territoire au...\" \/>\n<meta property=\"og:url\" content=\"https:\/\/sunupost.com\/?p=7332\" \/>\n<meta property=\"og:site_name\" content=\"SUNUPOST\" \/>\n<meta property=\"article:publisher\" content=\"https:\/\/web.facebook.com\/Sunupost-101026658237468\/\" \/>\n<meta property=\"article:published_time\" content=\"2021-05-26T16:10:04+00:00\" \/>\n<meta property=\"og:image\" content=\"https:\/\/secureservercdn.net\/198.71.233.69\/17w.044.myftpupload.com\/wp-content\/uploads\/2021\/05\/redecoupage.png?time=1663111257\" \/>\n\t<meta property=\"og:image:width\" content=\"612\" \/>\n\t<meta property=\"og:image:height\" content=\"298\" \/>\n\t<meta property=\"og:image:type\" content=\"image\/png\" \/>\n<meta name=\"author\" content=\"Binta Ciss\u00e9\" \/>\n<meta name=\"twitter:card\" content=\"summary_large_image\" \/>\n<meta name=\"twitter:creator\" content=\"@sunupost\" \/>\n<meta name=\"twitter:site\" content=\"@sunupost\" \/>\n<meta name=\"twitter:label1\" content=\"\u00c9crit par\" \/>\n\t<meta name=\"twitter:data1\" content=\"Binta Ciss\u00e9\" \/>\n\t<meta name=\"twitter:label2\" content=\"Dur\u00e9e de lecture estim\u00e9e\" \/>\n\t<meta name=\"twitter:data2\" content=\"8 minutes\" \/>\n<script type=\"application\/ld+json\" class=\"yoast-schema-graph\">{\"@context\":\"https:\\\/\\\/schema.org\",\"@graph\":[{\"@type\":\"Article\",\"@id\":\"https:\\\/\\\/sunupost.com\\\/?p=7332#article\",\"isPartOf\":{\"@id\":\"https:\\\/\\\/sunupost.com\\\/?p=7332\"},\"author\":{\"name\":\"Binta Ciss\u00e9\",\"@id\":\"https:\\\/\\\/sunupost.com\\\/#\\\/schema\\\/person\\\/4180ce1fd5a5254dcccf3b93847e92fb\"},\"headline\":\"Red\u00e9coupage administratif : La Cellule de d\u00e9fense des int\u00e9r\u00eats de Bambilor envoie une lettre ouverte \u00e0 Macky\",\"datePublished\":\"2021-05-26T16:10:04+00:00\",\"mainEntityOfPage\":{\"@id\":\"https:\\\/\\\/sunupost.com\\\/?p=7332\"},\"wordCount\":1998,\"commentCount\":1020,\"publisher\":{\"@id\":\"https:\\\/\\\/sunupost.com\\\/#organization\"},\"image\":{\"@id\":\"https:\\\/\\\/sunupost.com\\\/?p=7332#primaryimage\"},\"thumbnailUrl\":\"https:\\\/\\\/sunupost.com\\\/wp-content\\\/uploads\\\/2021\\\/05\\\/redecoupage.png\",\"articleSection\":[\"CONTRIBUTION\"],\"inLanguage\":\"fr-FR\",\"potentialAction\":[{\"@type\":\"CommentAction\",\"name\":\"Comment\",\"target\":[\"https:\\\/\\\/sunupost.com\\\/?p=7332#respond\"]}]},{\"@type\":\"WebPage\",\"@id\":\"https:\\\/\\\/sunupost.com\\\/?p=7332\",\"url\":\"https:\\\/\\\/sunupost.com\\\/?p=7332\",\"name\":\"Red\u00e9coupage administratif : La Cellule de d\u00e9fense des int\u00e9r\u00eats de Bambilor envoie une lettre ouverte \u00e0 Macky - SUNUPOST\",\"isPartOf\":{\"@id\":\"https:\\\/\\\/sunupost.com\\\/#website\"},\"primaryImageOfPage\":{\"@id\":\"https:\\\/\\\/sunupost.com\\\/?p=7332#primaryimage\"},\"image\":{\"@id\":\"https:\\\/\\\/sunupost.com\\\/?p=7332#primaryimage\"},\"thumbnailUrl\":\"https:\\\/\\\/sunupost.com\\\/wp-content\\\/uploads\\\/2021\\\/05\\\/redecoupage.png\",\"datePublished\":\"2021-05-26T16:10:04+00:00\",\"breadcrumb\":{\"@id\":\"https:\\\/\\\/sunupost.com\\\/?p=7332#breadcrumb\"},\"inLanguage\":\"fr-FR\",\"potentialAction\":[{\"@type\":\"ReadAction\",\"target\":[\"https:\\\/\\\/sunupost.com\\\/?p=7332\"]}]},{\"@type\":\"ImageObject\",\"inLanguage\":\"fr-FR\",\"@id\":\"https:\\\/\\\/sunupost.com\\\/?p=7332#primaryimage\",\"url\":\"https:\\\/\\\/sunupost.com\\\/wp-content\\\/uploads\\\/2021\\\/05\\\/redecoupage.png\",\"contentUrl\":\"https:\\\/\\\/sunupost.com\\\/wp-content\\\/uploads\\\/2021\\\/05\\\/redecoupage.png\",\"width\":612,\"height\":298},{\"@type\":\"BreadcrumbList\",\"@id\":\"https:\\\/\\\/sunupost.com\\\/?p=7332#breadcrumb\",\"itemListElement\":[{\"@type\":\"ListItem\",\"position\":1,\"name\":\"Home\",\"item\":\"https:\\\/\\\/sunupost.com\\\/\"},{\"@type\":\"ListItem\",\"position\":2,\"name\":\"Red\u00e9coupage administratif : La Cellule de d\u00e9fense des int\u00e9r\u00eats de Bambilor envoie une lettre ouverte \u00e0 Macky\"}]},{\"@type\":\"WebSite\",\"@id\":\"https:\\\/\\\/sunupost.com\\\/#website\",\"url\":\"https:\\\/\\\/sunupost.com\\\/\",\"name\":\"SUNUPOST\",\"description\":\"Pens\u00e9e libre\",\"publisher\":{\"@id\":\"https:\\\/\\\/sunupost.com\\\/#organization\"},\"potentialAction\":[{\"@type\":\"SearchAction\",\"target\":{\"@type\":\"EntryPoint\",\"urlTemplate\":\"https:\\\/\\\/sunupost.com\\\/?s={search_term_string}\"},\"query-input\":{\"@type\":\"PropertyValueSpecification\",\"valueRequired\":true,\"valueName\":\"search_term_string\"}}],\"inLanguage\":\"fr-FR\"},{\"@type\":\"Organization\",\"@id\":\"https:\\\/\\\/sunupost.com\\\/#organization\",\"name\":\"SUNUPOST\",\"url\":\"https:\\\/\\\/sunupost.com\\\/\",\"logo\":{\"@type\":\"ImageObject\",\"inLanguage\":\"fr-FR\",\"@id\":\"https:\\\/\\\/sunupost.com\\\/#\\\/schema\\\/logo\\\/image\\\/\",\"url\":\"https:\\\/\\\/secureservercdn.net\\\/198.71.233.206\\\/17w.044.myftpupload.com\\\/wp-content\\\/uploads\\\/2020\\\/05\\\/Lancement.jpg?time=1639052812\",\"contentUrl\":\"https:\\\/\\\/secureservercdn.net\\\/198.71.233.206\\\/17w.044.myftpupload.com\\\/wp-content\\\/uploads\\\/2020\\\/05\\\/Lancement.jpg?time=1639052812\",\"width\":300,\"height\":100,\"caption\":\"SUNUPOST\"},\"image\":{\"@id\":\"https:\\\/\\\/sunupost.com\\\/#\\\/schema\\\/logo\\\/image\\\/\"},\"sameAs\":[\"https:\\\/\\\/web.facebook.com\\\/Sunupost-101026658237468\\\/\",\"https:\\\/\\\/x.com\\\/sunupost\",\"https:\\\/\\\/www.instagram.com\\\/sunupost\\\/\",\"https:\\\/\\\/www.youtube.com\\\/channel\\\/UCd7V7bCkLDOee8yr7CW4Dpw\"]},{\"@type\":\"Person\",\"@id\":\"https:\\\/\\\/sunupost.com\\\/#\\\/schema\\\/person\\\/4180ce1fd5a5254dcccf3b93847e92fb\",\"name\":\"Binta Ciss\u00e9\",\"image\":{\"@type\":\"ImageObject\",\"inLanguage\":\"fr-FR\",\"@id\":\"https:\\\/\\\/secure.gravatar.com\\\/avatar\\\/d7ec4285e9eacdc893e9d8cea0ea6a1ff0a32ecab53f42d0bbe410001c3be0be?s=96&d=mm&r=g\",\"url\":\"https:\\\/\\\/secure.gravatar.com\\\/avatar\\\/d7ec4285e9eacdc893e9d8cea0ea6a1ff0a32ecab53f42d0bbe410001c3be0be?s=96&d=mm&r=g\",\"contentUrl\":\"https:\\\/\\\/secure.gravatar.com\\\/avatar\\\/d7ec4285e9eacdc893e9d8cea0ea6a1ff0a32ecab53f42d0bbe410001c3be0be?s=96&d=mm&r=g\",\"caption\":\"Binta Ciss\u00e9\"},\"url\":\"https:\\\/\\\/sunupost.com\\\/?author=19\"}]}<\/script>\n<!-- \/ Yoast SEO plugin. -->","yoast_head_json":{"title":"Red\u00e9coupage administratif : La Cellule de d\u00e9fense des int\u00e9r\u00eats de Bambilor envoie une lettre ouverte \u00e0 Macky - SUNUPOST","robots":{"index":"index","follow":"follow","max-snippet":"max-snippet:-1","max-image-preview":"max-image-preview:large","max-video-preview":"max-video-preview:-1"},"canonical":"https:\/\/sunupost.com\/?p=7332","og_locale":"fr_FR","og_type":"article","og_title":"Red\u00e9coupage administratif : La Cellule de d\u00e9fense des int\u00e9r\u00eats de Bambilor envoie une lettre ouverte \u00e0 Macky - SUNUPOST","og_description":"La pol\u00e9mique ne d\u00e9senfle toujours pas \u00e0 Bambilor depuis l&rsquo;annonce du projet de red\u00e9coupage administratif qui d\u00e9leste la commune d&rsquo;une partie de son territoire au...","og_url":"https:\/\/sunupost.com\/?p=7332","og_site_name":"SUNUPOST","article_publisher":"https:\/\/web.facebook.com\/Sunupost-101026658237468\/","article_published_time":"2021-05-26T16:10:04+00:00","og_image":[{"width":612,"height":298,"url":"https:\/\/secureservercdn.net\/198.71.233.69\/17w.044.myftpupload.com\/wp-content\/uploads\/2021\/05\/redecoupage.png?time=1663111257","type":"image\/png"}],"author":"Binta Ciss\u00e9","twitter_card":"summary_large_image","twitter_creator":"@sunupost","twitter_site":"@sunupost","twitter_misc":{"\u00c9crit par":"Binta Ciss\u00e9","Dur\u00e9e de lecture estim\u00e9e":"8 minutes"},"schema":{"@context":"https:\/\/schema.org","@graph":[{"@type":"Article","@id":"https:\/\/sunupost.com\/?p=7332#article","isPartOf":{"@id":"https:\/\/sunupost.com\/?p=7332"},"author":{"name":"Binta Ciss\u00e9","@id":"https:\/\/sunupost.com\/#\/schema\/person\/4180ce1fd5a5254dcccf3b93847e92fb"},"headline":"Red\u00e9coupage administratif : La Cellule de d\u00e9fense des int\u00e9r\u00eats de Bambilor envoie une lettre ouverte \u00e0 Macky","datePublished":"2021-05-26T16:10:04+00:00","mainEntityOfPage":{"@id":"https:\/\/sunupost.com\/?p=7332"},"wordCount":1998,"commentCount":1020,"publisher":{"@id":"https:\/\/sunupost.com\/#organization"},"image":{"@id":"https:\/\/sunupost.com\/?p=7332#primaryimage"},"thumbnailUrl":"https:\/\/sunupost.com\/wp-content\/uploads\/2021\/05\/redecoupage.png","articleSection":["CONTRIBUTION"],"inLanguage":"fr-FR","potentialAction":[{"@type":"CommentAction","name":"Comment","target":["https:\/\/sunupost.com\/?p=7332#respond"]}]},{"@type":"WebPage","@id":"https:\/\/sunupost.com\/?p=7332","url":"https:\/\/sunupost.com\/?p=7332","name":"Red\u00e9coupage administratif : La Cellule de d\u00e9fense des int\u00e9r\u00eats de Bambilor envoie une lettre ouverte \u00e0 Macky - SUNUPOST","isPartOf":{"@id":"https:\/\/sunupost.com\/#website"},"primaryImageOfPage":{"@id":"https:\/\/sunupost.com\/?p=7332#primaryimage"},"image":{"@id":"https:\/\/sunupost.com\/?p=7332#primaryimage"},"thumbnailUrl":"https:\/\/sunupost.com\/wp-content\/uploads\/2021\/05\/redecoupage.png","datePublished":"2021-05-26T16:10:04+00:00","breadcrumb":{"@id":"https:\/\/sunupost.com\/?p=7332#breadcrumb"},"inLanguage":"fr-FR","potentialAction":[{"@type":"ReadAction","target":["https:\/\/sunupost.com\/?p=7332"]}]},{"@type":"ImageObject","inLanguage":"fr-FR","@id":"https:\/\/sunupost.com\/?p=7332#primaryimage","url":"https:\/\/sunupost.com\/wp-content\/uploads\/2021\/05\/redecoupage.png","contentUrl":"https:\/\/sunupost.com\/wp-content\/uploads\/2021\/05\/redecoupage.png","width":612,"height":298},{"@type":"BreadcrumbList","@id":"https:\/\/sunupost.com\/?p=7332#breadcrumb","itemListElement":[{"@type":"ListItem","position":1,"name":"Home","item":"https:\/\/sunupost.com\/"},{"@type":"ListItem","position":2,"name":"Red\u00e9coupage administratif : La Cellule de d\u00e9fense des int\u00e9r\u00eats de Bambilor envoie une lettre ouverte \u00e0 Macky"}]},{"@type":"WebSite","@id":"https:\/\/sunupost.com\/#website","url":"https:\/\/sunupost.com\/","name":"SUNUPOST","description":"Pens\u00e9e libre","publisher":{"@id":"https:\/\/sunupost.com\/#organization"},"potentialAction":[{"@type":"SearchAction","target":{"@type":"EntryPoint","urlTemplate":"https:\/\/sunupost.com\/?s={search_term_string}"},"query-input":{"@type":"PropertyValueSpecification","valueRequired":true,"valueName":"search_term_string"}}],"inLanguage":"fr-FR"},{"@type":"Organization","@id":"https:\/\/sunupost.com\/#organization","name":"SUNUPOST","url":"https:\/\/sunupost.com\/","logo":{"@type":"ImageObject","inLanguage":"fr-FR","@id":"https:\/\/sunupost.com\/#\/schema\/logo\/image\/","url":"https:\/\/secureservercdn.net\/198.71.233.206\/17w.044.myftpupload.com\/wp-content\/uploads\/2020\/05\/Lancement.jpg?time=1639052812","contentUrl":"https:\/\/secureservercdn.net\/198.71.233.206\/17w.044.myftpupload.com\/wp-content\/uploads\/2020\/05\/Lancement.jpg?time=1639052812","width":300,"height":100,"caption":"SUNUPOST"},"image":{"@id":"https:\/\/sunupost.com\/#\/schema\/logo\/image\/"},"sameAs":["https:\/\/web.facebook.com\/Sunupost-101026658237468\/","https:\/\/x.com\/sunupost","https:\/\/www.instagram.com\/sunupost\/","https:\/\/www.youtube.com\/channel\/UCd7V7bCkLDOee8yr7CW4Dpw"]},{"@type":"Person","@id":"https:\/\/sunupost.com\/#\/schema\/person\/4180ce1fd5a5254dcccf3b93847e92fb","name":"Binta Ciss\u00e9","image":{"@type":"ImageObject","inLanguage":"fr-FR","@id":"https:\/\/secure.gravatar.com\/avatar\/d7ec4285e9eacdc893e9d8cea0ea6a1ff0a32ecab53f42d0bbe410001c3be0be?s=96&d=mm&r=g","url":"https:\/\/secure.gravatar.com\/avatar\/d7ec4285e9eacdc893e9d8cea0ea6a1ff0a32ecab53f42d0bbe410001c3be0be?s=96&d=mm&r=g","contentUrl":"https:\/\/secure.gravatar.com\/avatar\/d7ec4285e9eacdc893e9d8cea0ea6a1ff0a32ecab53f42d0bbe410001c3be0be?s=96&d=mm&r=g","caption":"Binta Ciss\u00e9"},"url":"https:\/\/sunupost.com\/?author=19"}]}},"_links":{"self":[{"href":"https:\/\/sunupost.com\/index.php?rest_route=\/wp\/v2\/posts\/7332","targetHints":{"allow":["GET"]}}],"collection":[{"href":"https:\/\/sunupost.com\/index.php?rest_route=\/wp\/v2\/posts"}],"about":[{"href":"https:\/\/sunupost.com\/index.php?rest_route=\/wp\/v2\/types\/post"}],"author":[{"embeddable":true,"href":"https:\/\/sunupost.com\/index.php?rest_route=\/wp\/v2\/users\/19"}],"replies":[{"embeddable":true,"href":"https:\/\/sunupost.com\/index.php?rest_route=%2Fwp%2Fv2%2Fcomments&post=7332"}],"version-history":[{"count":0,"href":"https:\/\/sunupost.com\/index.php?rest_route=\/wp\/v2\/posts\/7332\/revisions"}],"wp:featuredmedia":[{"embeddable":true,"href":"https:\/\/sunupost.com\/index.php?rest_route=\/wp\/v2\/media\/7333"}],"wp:attachment":[{"href":"https:\/\/sunupost.com\/index.php?rest_route=%2Fwp%2Fv2%2Fmedia&parent=7332"}],"wp:term":[{"taxonomy":"category","embeddable":true,"href":"https:\/\/sunupost.com\/index.php?rest_route=%2Fwp%2Fv2%2Fcategories&post=7332"},{"taxonomy":"post_tag","embeddable":true,"href":"https:\/\/sunupost.com\/index.php?rest_route=%2Fwp%2Fv2%2Ftags&post=7332"}],"curies":[{"name":"wp","href":"https:\/\/api.w.org\/{rel}","templated":true}]}}